{"id":74647,"date":"2025-07-26T12:13:34","date_gmt":"2025-07-26T15:13:34","guid":{"rendered":"https:\/\/noticiasribeiraopreto.com.br\/index.php\/2025\/07\/26\/apos-descontinuacao-da-santa-elisa-raizen-anuncia-venda-de-55-usinas-por-r-600-milhoes\/"},"modified":"2025-07-26T12:13:34","modified_gmt":"2025-07-26T15:13:34","slug":"apos-descontinuacao-da-santa-elisa-raizen-anuncia-venda-de-55-usinas-por-r-600-milhoes","status":"publish","type":"post","link":"https:\/\/noticiasribeiraopreto.com.br\/index.php\/2025\/07\/26\/apos-descontinuacao-da-santa-elisa-raizen-anuncia-venda-de-55-usinas-por-r-600-milhoes\/","title":{"rendered":"Ap\u00f3s descontinua\u00e7\u00e3o da Santa Elisa, Ra\u00edzen anuncia venda de 55 usinas por R$ 600 milh\u00f5es"},"content":{"rendered":"<div class='code-block code-block-1' style='margin: 8px 0 8px auto; text-align: right; display: block; clear: both;'>\n<p><a href=\"https:\/\/wa.link\/vpicfd\"><img data-recalc-dims=\"1\" class=\"wp-image-4922\" style=\"aspect-ratio: 2.0253164556962027; width: 561px; height: auto;\" src=\"https:\/\/i0.wp.com\/ismaelcolosi.com.br\/wp-content\/uploads\/2023\/11\/grupo-de-empregos-whatsapp-e-facebook-ismael-colosi-vagas.jpg?ssl=1\" alt=\"\" \/><\/a><\/p>\n<!-- \/wp:image -->\n<\/div>\n<p> <br \/>\n<\/p>\n<div data-td-block-uid=\"tdi_95\">\n<div class=\"tdb-block-inner td-fix-index\">\n<p>Ap\u00f3s a descontinua\u00e7\u00e3o da<strong> Usina Santa Elisa<\/strong>, em <strong>Sert\u00e3ozinho<\/strong>, a <strong>Ra\u00edzen<\/strong> anunciou na \u00faltima semana a venda de 55 usinas de <strong>gera\u00e7\u00e3o distribu\u00edda<\/strong> por R$ 600 milh\u00f5es. A venda das unidades foi anunciada na \u00faltima quinta-feira (24) em comunicado ao mercado.<\/p>\n<p>De acordo com a empresa, a medida segue a reciclagem do seu portf\u00f3lio de ativos com foco na otimiza\u00e7\u00e3o de sua estrutura de capital. As 55 usinas foram vendidas para <strong>Thopen Energia S.A<\/strong>. e para <strong>Gera Holding Desenvolvedora S.A.<\/strong><\/p>\n<p>A Ra\u00edzen receber\u00e1 os valores correspondentes \u00e0 medida que as usinas forem transferidas da Companhia para os compradores, com conclus\u00e3o prevista at\u00e9 mar\u00e7o de 2026. A conclus\u00e3o das transa\u00e7\u00f5es est\u00e1 sujeita \u00e0 aprova\u00e7\u00e3o pelo <strong>Cade (Conselho Administrativo de Defesa Econ\u00f4mica)<\/strong>.<\/p>\n<p>\u201cCom isso, a companhia conclui a venda de parcela relevante de seus projetos de GD e encerra a joint venture com o Grupo Gera, cumprindo seu objetivo de desenvolver projetos de gera\u00e7\u00e3o distribu\u00edda e solu\u00e7\u00f5es de tecnologia relacionadas a contrata\u00e7\u00e3o, gest\u00e3o e consumo de energia el\u00e9trica\u201d, informa.<\/p>\n<p><!-- AI CONTENT END 1 -->\n<\/div>\n<\/div>\n<p><br \/>\n<br \/><a href=\"https:\/\/www.acidadeon.com\/ribeiraopreto\/economia\/apos-descontinuacao-santa-elisa-raizen-venda-de-55-usinas-por-r-600-milhoes\/\">Source link <\/a><\/p>\n<!-- CONTENT END 1 -->\n","protected":false},"excerpt":{"rendered":"<p>Ap\u00f3s a descontinua\u00e7\u00e3o da Usina Santa Elisa, em Sert\u00e3ozinho, a Ra\u00edzen anunciou na \u00faltima semana a venda de 55 usinas de gera\u00e7\u00e3o distribu\u00edda por R$&#8230;<\/p>\n","protected":false},"author":1,"featured_media":74648,"comment_status":"open","ping_status":"open","sticky":false,"template":"","format":"standard","meta":{"advanced_seo_description":"","jetpack_seo_html_title":"","jetpack_seo_noindex":false,"jetpack_post_was_ever_published":false,"_jetpack_newsletter_access":"","_jetpack_dont_email_post_to_subs":false,"_jetpack_newsletter_tier_id":0,"_jetpack_memberships_contains_paywalled_content":false,"_jetpack_memberships_contains_paid_content":false,"footnotes":"","jetpack_publicize_message":"","jetpack_publicize_feature_enabled":true,"jetpack_social_post_already_shared":true,"jetpack_social_options":{"image_generator_settings":{"template":"highway","default_image_id":0,"font":"","enabled":false},"version":2}},"categories":[11],"tags":[],"class_list":["post-74647","post","type-post","status-publish","format-standard","has-post-thumbnail","hentry","category-noticias-de-ribeirao-preto-sp-e-regiao-ismael-colosi"],"jetpack_publicize_connections":[],"jetpack_featured_media_url":"https:\/\/i0.wp.com\/noticiasribeiraopreto.com.br\/wp-content\/uploads\/2025\/07\/raizen-geracao-distribuida_2025-07-26_14-26-02.webp.webp?fit=1200%2C674&ssl=1","jetpack-related-posts":[{"id":79893,"url":"https:\/\/noticiasribeiraopreto.com.br\/index.php\/2025\/11\/10\/raizen-anuncia-venda-de-usina-continental-por-r-750-milhoes\/","url_meta":{"origin":74647,"position":0},"title":"Ra\u00edzen anuncia venda de usina Continental por R$ 750 milh\u00f5es","author":"noticiasribeiraopreto.com.br","date":"10 de November de 2025","format":false,"excerpt":"A Ra\u00edzen anunciou a venda da usina Continental, localizada em Col\u00f4mbia, a 103 quil\u00f4metros de Ribeir\u00e3o Preto, para o Grupo Colorado. A unidade tem capacidade para moer cerca de dois milh\u00f5es de toneladas por safra. Conforme anuncio feito aos acionistas e ao mercado na manh\u00e3 desta segunda-feira (10), o valor\u2026","rel":"","context":"In &quot;Not\u00edcias de Ribeir\u00e3o Preto-SP e Regi\u00e3o&quot;","block_context":{"text":"Not\u00edcias de Ribeir\u00e3o Preto-SP e Regi\u00e3o","link":"https:\/\/noticiasribeiraopreto.com.br\/index.php\/category\/noticias-de-ribeirao-preto-sp-e-regiao-ismael-colosi\/"},"img":{"alt_text":"","src":"https:\/\/i0.wp.com\/noticiasribeiraopreto.com.br\/wp-content\/uploads\/2025\/07\/canavial_2025-07-15_14-42-17.webp.webp?fit=978%2C548&ssl=1&resize=350%2C200","width":350,"height":200,"srcset":"https:\/\/i0.wp.com\/noticiasribeiraopreto.com.br\/wp-content\/uploads\/2025\/07\/canavial_2025-07-15_14-42-17.webp.webp?fit=978%2C548&ssl=1&resize=350%2C200 1x, https:\/\/i0.wp.com\/noticiasribeiraopreto.com.br\/wp-content\/uploads\/2025\/07\/canavial_2025-07-15_14-42-17.webp.webp?fit=978%2C548&ssl=1&resize=525%2C300 1.5x, https:\/\/i0.wp.com\/noticiasribeiraopreto.com.br\/wp-content\/uploads\/2025\/07\/canavial_2025-07-15_14-42-17.webp.webp?fit=978%2C548&ssl=1&resize=700%2C400 2x"},"classes":[]},{"id":74061,"url":"https:\/\/noticiasribeiraopreto.com.br\/index.php\/2025\/07\/15\/raizen-anuncia-descontinuacao-da-usina-santa-elisa-saiba-o-que-acontece-a-seguir\/","url_meta":{"origin":74647,"position":1},"title":"Ra\u00edzen anuncia descontinua\u00e7\u00e3o da Usina Santa Elisa; saiba o que acontece a seguir","author":"noticiasribeiraopreto.com.br","date":"15 de July de 2025","format":false,"excerpt":"A Ra\u00edzen anunciou nesta ter\u00e7a-feira (15) que vai descontinuar as opera\u00e7\u00f5es da Usina Santa Elisa, em Sert\u00e3ozinho, na regi\u00e3o de Ribeir\u00e3o Preto. O an\u00fancio foi realizado por meio de comunicado ao mercado no qual a companhia fala em \u201creciclagem de portf\u00f3lio\u201d. No comunicado, a Ra\u00edzen afirma que a opera\u00e7\u00e3o da\u2026","rel":"","context":"In &quot;Not\u00edcias de Ribeir\u00e3o Preto-SP e Regi\u00e3o&quot;","block_context":{"text":"Not\u00edcias de Ribeir\u00e3o Preto-SP e Regi\u00e3o","link":"https:\/\/noticiasribeiraopreto.com.br\/index.php\/category\/noticias-de-ribeirao-preto-sp-e-regiao-ismael-colosi\/"},"img":{"alt_text":"","src":"https:\/\/i0.wp.com\/noticiasribeiraopreto.com.br\/wp-content\/uploads\/2025\/07\/usina-santa-elisa_2025-07-15_12-47-16.webp.webp?fit=976%2C545&ssl=1&resize=350%2C200","width":350,"height":200,"srcset":"https:\/\/i0.wp.com\/noticiasribeiraopreto.com.br\/wp-content\/uploads\/2025\/07\/usina-santa-elisa_2025-07-15_12-47-16.webp.webp?fit=976%2C545&ssl=1&resize=350%2C200 1x, https:\/\/i0.wp.com\/noticiasribeiraopreto.com.br\/wp-content\/uploads\/2025\/07\/usina-santa-elisa_2025-07-15_12-47-16.webp.webp?fit=976%2C545&ssl=1&resize=525%2C300 1.5x, https:\/\/i0.wp.com\/noticiasribeiraopreto.com.br\/wp-content\/uploads\/2025\/07\/usina-santa-elisa_2025-07-15_12-47-16.webp.webp?fit=976%2C545&ssl=1&resize=700%2C400 2x"},"classes":[]},{"id":74119,"url":"https:\/\/noticiasribeiraopreto.com.br\/index.php\/2025\/07\/16\/cidade-na-regiao-anuncia-acoes-para-mitigar-impactos-da-descontinuacao-da-usina-santa-elisa\/","url_meta":{"origin":74647,"position":2},"title":"Cidade na regi\u00e3o anuncia a\u00e7\u00f5es para mitigar impactos da descontinua\u00e7\u00e3o da Usina Santa Elisa","author":"noticiasribeiraopreto.com.br","date":"16 de July de 2025","format":false,"excerpt":"A Prefeitura de Sert\u00e3ozinho, na regi\u00e3o de Ribeir\u00e3o Preto, divulgou a\u00e7\u00f5es para minimizar os impactos sobre poss\u00edveis demiss\u00f5es ap\u00f3s o an\u00fancio da descontinua\u00e7\u00e3o da Usina Santa Elisa, pela Ra\u00edzen, na \u00faltima ter\u00e7a-feira (15). Cerca de 1,2 mil pessoas trabalhavam na usina, sendo que 234 eram moradores de Sert\u00e3ozinho. A Ra\u00edzen\u2026","rel":"","context":"In &quot;Not\u00edcias de Ribeir\u00e3o Preto-SP e Regi\u00e3o&quot;","block_context":{"text":"Not\u00edcias de Ribeir\u00e3o Preto-SP e Regi\u00e3o","link":"https:\/\/noticiasribeiraopreto.com.br\/index.php\/category\/noticias-de-ribeirao-preto-sp-e-regiao-ismael-colosi\/"},"img":{"alt_text":"","src":"https:\/\/i0.wp.com\/noticiasribeiraopreto.com.br\/wp-content\/uploads\/2025\/07\/usina-santa-elisa-aerea_2025-07-16_13-36-37.webp.webp?fit=1200%2C654&ssl=1&resize=350%2C200","width":350,"height":200,"srcset":"https:\/\/i0.wp.com\/noticiasribeiraopreto.com.br\/wp-content\/uploads\/2025\/07\/usina-santa-elisa-aerea_2025-07-16_13-36-37.webp.webp?fit=1200%2C654&ssl=1&resize=350%2C200 1x, https:\/\/i0.wp.com\/noticiasribeiraopreto.com.br\/wp-content\/uploads\/2025\/07\/usina-santa-elisa-aerea_2025-07-16_13-36-37.webp.webp?fit=1200%2C654&ssl=1&resize=525%2C300 1.5x, https:\/\/i0.wp.com\/noticiasribeiraopreto.com.br\/wp-content\/uploads\/2025\/07\/usina-santa-elisa-aerea_2025-07-16_13-36-37.webp.webp?fit=1200%2C654&ssl=1&resize=700%2C400 2x, https:\/\/i0.wp.com\/noticiasribeiraopreto.com.br\/wp-content\/uploads\/2025\/07\/usina-santa-elisa-aerea_2025-07-16_13-36-37.webp.webp?fit=1200%2C654&ssl=1&resize=1050%2C600 3x"},"classes":[]},{"id":74055,"url":"https:\/\/noticiasribeiraopreto.com.br\/index.php\/2025\/07\/15\/usina-santa-elisa-tinha-12-mil-funcionarios-setor-sucroenergetico-teme-efeito-cascata\/","url_meta":{"origin":74647,"position":3},"title":"Usina Santa Elisa tinha 1,2 mil funcion\u00e1rios; setor sucroenerg\u00e9tico teme \u2018efeito cascata\u2019","author":"noticiasribeiraopreto.com.br","date":"15 de July de 2025","format":false,"excerpt":"O Ceise BR (Centro Nacional das Ind\u00fastrias do Setor Sucroenerg\u00e9tico e Biocombust\u00edveis) teme o \u201cefeito cascata\u201d sobre as ind\u00fastrias locais ap\u00f3s o an\u00fancio da descontinua\u00e7\u00e3o da Usina Santa Elisa, em Sert\u00e3ozinho, na regi\u00e3o de Ribeir\u00e3o Preto. No local, a Ra\u00edzen conta com 1,2 mil funcion\u00e1rios. As atividades da usina foram\u2026","rel":"","context":"In &quot;Not\u00edcias de Ribeir\u00e3o Preto-SP e Regi\u00e3o&quot;","block_context":{"text":"Not\u00edcias de Ribeir\u00e3o Preto-SP e Regi\u00e3o","link":"https:\/\/noticiasribeiraopreto.com.br\/index.php\/category\/noticias-de-ribeirao-preto-sp-e-regiao-ismael-colosi\/"},"img":{"alt_text":"","src":"https:\/\/i0.wp.com\/noticiasribeiraopreto.com.br\/wp-content\/uploads\/2025\/07\/canavial_2025-07-15_14-42-17.webp.webp?fit=978%2C548&ssl=1&resize=350%2C200","width":350,"height":200,"srcset":"https:\/\/i0.wp.com\/noticiasribeiraopreto.com.br\/wp-content\/uploads\/2025\/07\/canavial_2025-07-15_14-42-17.webp.webp?fit=978%2C548&ssl=1&resize=350%2C200 1x, https:\/\/i0.wp.com\/noticiasribeiraopreto.com.br\/wp-content\/uploads\/2025\/07\/canavial_2025-07-15_14-42-17.webp.webp?fit=978%2C548&ssl=1&resize=525%2C300 1.5x, https:\/\/i0.wp.com\/noticiasribeiraopreto.com.br\/wp-content\/uploads\/2025\/07\/canavial_2025-07-15_14-42-17.webp.webp?fit=978%2C548&ssl=1&resize=700%2C400 2x"},"classes":[]},{"id":74041,"url":"https:\/\/noticiasribeiraopreto.com.br\/index.php\/2025\/07\/15\/fim-de-uma-era-raizen-anuncia-fechamento-da-usina-santa-elisa-em-sertaozinho\/","url_meta":{"origin":74647,"position":4},"title":"Fim de uma era: Ra\u00edzen anuncia fechamento da Usina Santa Elisa, em Sert\u00e3ozinho","author":"noticiasribeiraopreto.com.br","date":"15 de July de 2025","format":false,"excerpt":"15 de julho de 2025 07:3215 de julho de 2025 01:508 Compartilhar0 Empresa \u2018fatia\u2019 canaviais do tradicional bioparque de Sert\u00e3ozinho entre usinas da regi\u00e3o A Ra\u00edzen \u2013 empresa controlada pelo Grupo Cosan \u2013 deve anunciar ainda na manh\u00e3 desta ter\u00e7a-feira (15), o encerramento das atividades da tradicional Usina Santa Elisa,\u2026","rel":"","context":"In &quot;Not\u00edcias de Ribeir\u00e3o Preto-SP e Regi\u00e3o&quot;","block_context":{"text":"Not\u00edcias de Ribeir\u00e3o Preto-SP e Regi\u00e3o","link":"https:\/\/noticiasribeiraopreto.com.br\/index.php\/category\/noticias-de-ribeirao-preto-sp-e-regiao-ismael-colosi\/"},"img":{"alt_text":"","src":"https:\/\/i0.wp.com\/noticiasribeiraopreto.com.br\/wp-content\/uploads\/2025\/07\/santelisa.jpeg?fit=296%2C210&ssl=1&resize=350%2C200","width":350,"height":200},"classes":[]},{"id":74076,"url":"https:\/\/noticiasribeiraopreto.com.br\/index.php\/2025\/07\/15\/tristeza-diz-maurilio-biagi-filho-sobre-descontinuacao-da-usina-santa-elisa\/","url_meta":{"origin":74647,"position":5},"title":"\u2018Tristeza\u2019, diz Maur\u00edlio Biagi Filho sobre descontinua\u00e7\u00e3o da Usina Santa Elisa","author":"noticiasribeiraopreto.com.br","date":"15 de July de 2025","format":false,"excerpt":"O empres\u00e1rio Maur\u00edlio Biagi Filho, que j\u00e1 foi controlador da Usina Santa Elisa, lamentou a descontinua\u00e7\u00e3o da unidade anunciada nesta ter\u00e7a-feira (15) pela Ra\u00edzen. A Usina Santa Elisa, que fica em Sert\u00e3ozinho, na regi\u00e3o de Ribeir\u00e3o Preto, foi adquirida pela fam\u00edlia Biagi em 1936. Em nota, Maur\u00edlio Biagi Filho disse\u2026","rel":"","context":"In &quot;Not\u00edcias de Ribeir\u00e3o Preto-SP e Regi\u00e3o&quot;","block_context":{"text":"Not\u00edcias de Ribeir\u00e3o Preto-SP e Regi\u00e3o","link":"https:\/\/noticiasribeiraopreto.com.br\/index.php\/category\/noticias-de-ribeirao-preto-sp-e-regiao-ismael-colosi\/"},"img":{"alt_text":"","src":"https:\/\/i0.wp.com\/noticiasribeiraopreto.com.br\/wp-content\/uploads\/2025\/07\/maurilio-biafi-filho-santa-elisa_2025-07-15_21-16-09.webp.webp?fit=1200%2C674&ssl=1&resize=350%2C200","width":350,"height":200,"srcset":"https:\/\/i0.wp.com\/noticiasribeiraopreto.com.br\/wp-content\/uploads\/2025\/07\/maurilio-biafi-filho-santa-elisa_2025-07-15_21-16-09.webp.webp?fit=1200%2C674&ssl=1&resize=350%2C200 1x, https:\/\/i0.wp.com\/noticiasribeiraopreto.com.br\/wp-content\/uploads\/2025\/07\/maurilio-biafi-filho-santa-elisa_2025-07-15_21-16-09.webp.webp?fit=1200%2C674&ssl=1&resize=525%2C300 1.5x, https:\/\/i0.wp.com\/noticiasribeiraopreto.com.br\/wp-content\/uploads\/2025\/07\/maurilio-biafi-filho-santa-elisa_2025-07-15_21-16-09.webp.webp?fit=1200%2C674&ssl=1&resize=700%2C400 2x, https:\/\/i0.wp.com\/noticiasribeiraopreto.com.br\/wp-content\/uploads\/2025\/07\/maurilio-biafi-filho-santa-elisa_2025-07-15_21-16-09.webp.webp?fit=1200%2C674&ssl=1&resize=1050%2C600 3x"},"classes":[]}],"jetpack_sharing_enabled":true,"jetpack_shortlink":"https:\/\/wp.me\/peQAOb-jpZ","_links":{"self":[{"href":"https:\/\/noticiasribeiraopreto.com.br\/index.php\/wp-json\/wp\/v2\/posts\/74647","targetHints":{"allow":["GET"]}}],"collection":[{"href":"https:\/\/noticiasribeiraopreto.com.br\/index.php\/wp-json\/wp\/v2\/posts"}],"about":[{"href":"https:\/\/noticiasribeiraopreto.com.br\/index.php\/wp-json\/wp\/v2\/types\/post"}],"author":[{"embeddable":true,"href":"https:\/\/noticiasribeiraopreto.com.br\/index.php\/wp-json\/wp\/v2\/users\/1"}],"replies":[{"embeddable":true,"href":"https:\/\/noticiasribeiraopreto.com.br\/index.php\/wp-json\/wp\/v2\/comments?post=74647"}],"version-history":[{"count":0,"href":"https:\/\/noticiasribeiraopreto.com.br\/index.php\/wp-json\/wp\/v2\/posts\/74647\/revisions"}],"wp:featuredmedia":[{"embeddable":true,"href":"https:\/\/noticiasribeiraopreto.com.br\/index.php\/wp-json\/wp\/v2\/media\/74648"}],"wp:attachment":[{"href":"https:\/\/noticiasribeiraopreto.com.br\/index.php\/wp-json\/wp\/v2\/media?parent=74647"}],"wp:term":[{"taxonomy":"category","embeddable":true,"href":"https:\/\/noticiasribeiraopreto.com.br\/index.php\/wp-json\/wp\/v2\/categories?post=74647"},{"taxonomy":"post_tag","embeddable":true,"href":"https:\/\/noticiasribeiraopreto.com.br\/index.php\/wp-json\/wp\/v2\/tags?post=74647"}],"curies":[{"name":"wp","href":"https:\/\/api.w.org\/{rel}","templated":true}]}}