{"id":74649,"date":"2025-07-26T12:20:19","date_gmt":"2025-07-26T15:20:19","guid":{"rendered":"https:\/\/noticiasribeiraopreto.com.br\/index.php\/2025\/07\/26\/circuito-mais-mulher-ribeirao-preto-recebe-corrida-com-3-mil-atletas\/"},"modified":"2025-07-26T12:20:19","modified_gmt":"2025-07-26T15:20:19","slug":"circuito-mais-mulher-ribeirao-preto-recebe-corrida-com-3-mil-atletas","status":"publish","type":"post","link":"https:\/\/noticiasribeiraopreto.com.br\/index.php\/2025\/07\/26\/circuito-mais-mulher-ribeirao-preto-recebe-corrida-com-3-mil-atletas\/","title":{"rendered":"Circuito Mais Mulher: Ribeir\u00e3o Preto recebe corrida com 3 mil atletas"},"content":{"rendered":"<div class='code-block code-block-1' style='margin: 8px 0 8px auto; text-align: right; display: block; clear: both;'>\n<p><a href=\"https:\/\/wa.link\/vpicfd\"><img data-recalc-dims=\"1\" class=\"wp-image-4922\" style=\"aspect-ratio: 2.0253164556962027; width: 561px; height: auto;\" src=\"https:\/\/i0.wp.com\/ismaelcolosi.com.br\/wp-content\/uploads\/2023\/11\/grupo-de-empregos-whatsapp-e-facebook-ismael-colosi-vagas.jpg?ssl=1\" alt=\"\" \/><\/a><\/p>\n<!-- \/wp:image -->\n<\/div>\n<p> <br \/>\n<\/p>\n<div data-td-block-uid=\"tdi_95\">\n<div class=\"tdb-block-inner td-fix-index\">\n<p><strong>Ribeir\u00e3o Preto <\/strong>recebe neste domingo (27) a terceira etapa de 2025 do <strong>Circuito Mais Mulher<\/strong>, promovido pela Secretaria de Esportes do Estado de S\u00e3o Paulo. Com todas as inscri\u00e7\u00f5es esgotadas em menos de cinco minutos, o evento reunir\u00e1 cerca de 3 mil mulheres, inscritas gratuitamente.<\/p>\n<p><mark style=\"background-color:#fcb900\" class=\"has-inline-color has-black-color\">A largada acontece \u00e0s 7h, na avenida Coronel Edgard Pereira com a Avenida Luiz Eduardo Toledo Prado<\/mark>, no distrito de<strong> Bonfim Paulista<\/strong>. A etapa de Ribeir\u00e3o Preto oferece provas de corrida nas dist\u00e2ncias de 5 km e 10 km, al\u00e9m de uma caminhada de 3 km.<\/p>\n<p>O circuito tem como foco incentivar a pr\u00e1tica esportiva feminina, al\u00e9m de promover sa\u00fade e bem-estar. O evento tamb\u00e9m oferece estrutura com tendas de servi\u00e7os gratuitos, incluindo aferi\u00e7\u00e3o de press\u00e3o arterial e glicemia, massagens e caf\u00e9 da manh\u00e3.<\/p>\n<h2 class=\"wp-block-heading\"><strong>Servi\u00e7o:<\/strong><\/h2>\n<p><strong>Circuito Mais Mulher \u2013 Etapa Ribeir\u00e3o Preto<br \/>Onde:<\/strong> Av. Cel. Edgard Pereira com Av. Luiz Eduardo Toledo Prado \u2013 Bonfim Paulista<br \/><strong>Quando: <\/strong>Domingo, 27 de julho de 2025<br \/><strong>Hor\u00e1rio da largada: <\/strong>7h<br \/><strong>Evento gratuito<\/strong><\/p>\n<p><!-- AI CONTENT END 1 -->\n<\/div>\n<\/div>\n<p><br \/>\n<br \/><a href=\"https:\/\/www.acidadeon.com\/ribeiraopreto\/esportes\/circuito-mais-mulher-ribeirao-preto-recebe-corrida-com-3-mil-atletas\/\">Source link <\/a><\/p>\n<!-- CONTENT END 1 -->\n","protected":false},"excerpt":{"rendered":"<p>Ribeir\u00e3o Preto recebe neste domingo (27) a terceira etapa de 2025 do Circuito Mais Mulher, promovido pela Secretaria de Esportes do Estado de S\u00e3o Paulo&#8230;.<\/p>\n","protected":false},"author":1,"featured_media":74650,"comment_status":"open","ping_status":"open","sticky":false,"template":"","format":"standard","meta":{"advanced_seo_description":"","jetpack_seo_html_title":"","jetpack_seo_noindex":false,"jetpack_post_was_ever_published":false,"_jetpack_newsletter_access":"","_jetpack_dont_email_post_to_subs":false,"_jetpack_newsletter_tier_id":0,"_jetpack_memberships_contains_paywalled_content":false,"_jetpack_memberships_contains_paid_content":false,"footnotes":"","jetpack_publicize_message":"","jetpack_publicize_feature_enabled":true,"jetpack_social_post_already_shared":true,"jetpack_social_options":{"image_generator_settings":{"template":"highway","default_image_id":0,"font":"","enabled":false},"version":2}},"categories":[11],"tags":[],"class_list":["post-74649","post","type-post","status-publish","format-standard","has-post-thumbnail","hentry","category-noticias-de-ribeirao-preto-sp-e-regiao-ismael-colosi"],"jetpack_publicize_connections":[],"jetpack_featured_media_url":"https:\/\/i0.wp.com\/noticiasribeiraopreto.com.br\/wp-content\/uploads\/2025\/07\/circuito-mais-mulher_2025-07-26_13-50-11.webp.webp?fit=1080%2C720&ssl=1","jetpack-related-posts":[{"id":83515,"url":"https:\/\/noticiasribeiraopreto.com.br\/index.php\/2026\/03\/19\/evento-mistura-corrida-chope-e-samba-em-ribeirao-preto\/","url_meta":{"origin":74649,"position":0},"title":"Evento mistura corrida, chope e samba em Ribeir\u00e3o Preto","author":"noticiasribeiraopreto.com.br","date":"19 de March de 2026","format":false,"excerpt":"00:00 A+ A- Ribeir\u00e3o Preto recebe, neste domingo (22), uma etapa do circuito Run Beer Brasil, que combina corrida de rua, degusta\u00e7\u00e3o de cerveja artesanal e apresenta\u00e7\u00f5es musicais. O evento acontece a partir das 9h, no estacionamento do Novo Shopping. Foto: Divulga\u00e7\u00e3o Foto: Divulga\u00e7\u00e3o Como funciona a corrida? A prova\u2026","rel":"","context":"In &quot;Not\u00edcias de Ribeir\u00e3o Preto-SP e Regi\u00e3o&quot;","block_context":{"text":"Not\u00edcias de Ribeir\u00e3o Preto-SP e Regi\u00e3o","link":"https:\/\/noticiasribeiraopreto.com.br\/index.php\/category\/noticias-de-ribeirao-preto-sp-e-regiao-ismael-colosi\/"},"img":{"alt_text":"","src":"https:\/\/i0.wp.com\/noticiasribeiraopreto.com.br\/wp-content\/uploads\/2026\/03\/palace-81_2026-03-19_20-38-13.webp.webp?fit=1200%2C675&ssl=1&resize=350%2C200","width":350,"height":200,"srcset":"https:\/\/i0.wp.com\/noticiasribeiraopreto.com.br\/wp-content\/uploads\/2026\/03\/palace-81_2026-03-19_20-38-13.webp.webp?fit=1200%2C675&ssl=1&resize=350%2C200 1x, https:\/\/i0.wp.com\/noticiasribeiraopreto.com.br\/wp-content\/uploads\/2026\/03\/palace-81_2026-03-19_20-38-13.webp.webp?fit=1200%2C675&ssl=1&resize=525%2C300 1.5x, https:\/\/i0.wp.com\/noticiasribeiraopreto.com.br\/wp-content\/uploads\/2026\/03\/palace-81_2026-03-19_20-38-13.webp.webp?fit=1200%2C675&ssl=1&resize=700%2C400 2x, https:\/\/i0.wp.com\/noticiasribeiraopreto.com.br\/wp-content\/uploads\/2026\/03\/palace-81_2026-03-19_20-38-13.webp.webp?fit=1200%2C675&ssl=1&resize=1050%2C600 3x"},"classes":[]},{"id":83167,"url":"https:\/\/noticiasribeiraopreto.com.br\/index.php\/2026\/03\/11\/entenda-o-circuito-sertanejo-e-saiba-por-que-o-ribeirao-rodeo-music-integra-o-calendario\/","url_meta":{"origin":74649,"position":1},"title":"Entenda o Circuito Sertanejo e saiba por que o Ribeir\u00e3o Rodeo Music integra o calend\u00e1rio","author":"noticiasribeiraopreto.com.br","date":"11 de March de 2026","format":false,"excerpt":"O Circuito Sertanejo est\u00e1 de volta em terras paulistas! E para abrir os trabalhos em 2026, ano em que o estado ter\u00e1 tr\u00eas etapas, o Ribeir\u00e3o Rodeo Music acontece nos dias 30 de abril, 2, 8 e 9 de maio, no Parque Permanente de Exposi\u00e7\u00f5es, em Ribeir\u00e3o Preto, edi\u00e7\u00e3o que\u2026","rel":"","context":"In &quot;Not\u00edcias de Ribeir\u00e3o Preto-SP e Regi\u00e3o&quot;","block_context":{"text":"Not\u00edcias de Ribeir\u00e3o Preto-SP e Regi\u00e3o","link":"https:\/\/noticiasribeiraopreto.com.br\/index.php\/category\/noticias-de-ribeirao-preto-sp-e-regiao-ismael-colosi\/"},"img":{"alt_text":"","src":"https:\/\/i0.wp.com\/noticiasribeiraopreto.com.br\/wp-content\/uploads\/2026\/03\/SaveClip.App_468409978_579979297757819_1640239241941384209_n_2026-03-10_16-23-24.webp.webp?fit=1080%2C720&ssl=1&resize=350%2C200","width":350,"height":200,"srcset":"https:\/\/i0.wp.com\/noticiasribeiraopreto.com.br\/wp-content\/uploads\/2026\/03\/SaveClip.App_468409978_579979297757819_1640239241941384209_n_2026-03-10_16-23-24.webp.webp?fit=1080%2C720&ssl=1&resize=350%2C200 1x, https:\/\/i0.wp.com\/noticiasribeiraopreto.com.br\/wp-content\/uploads\/2026\/03\/SaveClip.App_468409978_579979297757819_1640239241941384209_n_2026-03-10_16-23-24.webp.webp?fit=1080%2C720&ssl=1&resize=525%2C300 1.5x, https:\/\/i0.wp.com\/noticiasribeiraopreto.com.br\/wp-content\/uploads\/2026\/03\/SaveClip.App_468409978_579979297757819_1640239241941384209_n_2026-03-10_16-23-24.webp.webp?fit=1080%2C720&ssl=1&resize=700%2C400 2x, https:\/\/i0.wp.com\/noticiasribeiraopreto.com.br\/wp-content\/uploads\/2026\/03\/SaveClip.App_468409978_579979297757819_1640239241941384209_n_2026-03-10_16-23-24.webp.webp?fit=1080%2C720&ssl=1&resize=1050%2C600 3x"},"classes":[]},{"id":60956,"url":"https:\/\/noticiasribeiraopreto.com.br\/index.php\/2024\/11\/29\/ribeirao-preto-recebe-copa-brasil-de-paraciclismo-neste-fim-de-semana\/","url_meta":{"origin":74649,"position":2},"title":"Ribeir\u00e3o Preto recebe Copa Brasil de Paraciclismo neste fim de semana","author":"noticiasribeiraopreto.com.br","date":"29 de November de 2024","format":false,"excerpt":"Nos dias 30 de novembro e 1\u00ba de dezembro, Ribeir\u00e3o Preto receber\u00e1 a etapa final da Copa Brasil de Paraciclismo 2024, destacando-se como um dos principais eventos da modalidade. As largadas ocorrer\u00e3o a partir das 8h, no circuito montado na avenida Delegado Paulo Pereira de Paula, no residencial Alto do\u2026","rel":"","context":"In &quot;Not\u00edcias de Ribeir\u00e3o Preto-SP e Regi\u00e3o&quot;","block_context":{"text":"Not\u00edcias de Ribeir\u00e3o Preto-SP e Regi\u00e3o","link":"https:\/\/noticiasribeiraopreto.com.br\/index.php\/category\/noticias-de-ribeirao-preto-sp-e-regiao-ismael-colosi\/"},"img":{"alt_text":"","src":"https:\/\/i0.wp.com\/noticiasribeiraopreto.com.br\/wp-content\/uploads\/2024\/11\/Copia-de-Copia-de-Copia-de-TAMANHO-EXATO-PARA-FOTOS-NO-SISTEMA-NOVO-2024-11-29T182958.008_2024-11-29_21-30-18_png_2024-11-29_21-30-18.webp.webp?fit=1200%2C675&ssl=1&resize=350%2C200","width":350,"height":200,"srcset":"https:\/\/i0.wp.com\/noticiasribeiraopreto.com.br\/wp-content\/uploads\/2024\/11\/Copia-de-Copia-de-Copia-de-TAMANHO-EXATO-PARA-FOTOS-NO-SISTEMA-NOVO-2024-11-29T182958.008_2024-11-29_21-30-18_png_2024-11-29_21-30-18.webp.webp?fit=1200%2C675&ssl=1&resize=350%2C200 1x, https:\/\/i0.wp.com\/noticiasribeiraopreto.com.br\/wp-content\/uploads\/2024\/11\/Copia-de-Copia-de-Copia-de-TAMANHO-EXATO-PARA-FOTOS-NO-SISTEMA-NOVO-2024-11-29T182958.008_2024-11-29_21-30-18_png_2024-11-29_21-30-18.webp.webp?fit=1200%2C675&ssl=1&resize=525%2C300 1.5x, https:\/\/i0.wp.com\/noticiasribeiraopreto.com.br\/wp-content\/uploads\/2024\/11\/Copia-de-Copia-de-Copia-de-TAMANHO-EXATO-PARA-FOTOS-NO-SISTEMA-NOVO-2024-11-29T182958.008_2024-11-29_21-30-18_png_2024-11-29_21-30-18.webp.webp?fit=1200%2C675&ssl=1&resize=700%2C400 2x, https:\/\/i0.wp.com\/noticiasribeiraopreto.com.br\/wp-content\/uploads\/2024\/11\/Copia-de-Copia-de-Copia-de-TAMANHO-EXATO-PARA-FOTOS-NO-SISTEMA-NOVO-2024-11-29T182958.008_2024-11-29_21-30-18_png_2024-11-29_21-30-18.webp.webp?fit=1200%2C675&ssl=1&resize=1050%2C600 3x"},"classes":[]},{"id":73277,"url":"https:\/\/noticiasribeiraopreto.com.br\/index.php\/2025\/06\/28\/regiao-de-ribeirao-preto-recebe-evento-gratuito-com-brincadeiras-musica-e-desfile-tematico\/","url_meta":{"origin":74649,"position":3},"title":"Regi\u00e3o de Ribeir\u00e3o Preto recebe evento gratuito com brincadeiras, m\u00fasica e desfile tem\u00e1tico","author":"noticiasribeiraopreto.com.br","date":"28 de June de 2025","format":false,"excerpt":"Pedregulho, cidade na regi\u00e3o de Ribeir\u00e3o Preto recebe o Circuito Credicitrus neste s\u00e1bado (28), das 16h \u00e0s 21h, na pra\u00e7a Oct\u00e1vio Qu\u00e9rcia. O tema deste ano \u00e9 \u201cAventura Safari\u201d e traz uma programa\u00e7\u00e3o especial para toda fam\u00edlia. A entrada \u00e9 gratuita. A programa\u00e7\u00e3o conta com atividades infantis como brincadeiras, pintura\u2026","rel":"","context":"In &quot;Not\u00edcias de Ribeir\u00e3o Preto-SP e Regi\u00e3o&quot;","block_context":{"text":"Not\u00edcias de Ribeir\u00e3o Preto-SP e Regi\u00e3o","link":"https:\/\/noticiasribeiraopreto.com.br\/index.php\/category\/noticias-de-ribeirao-preto-sp-e-regiao-ismael-colosi\/"},"img":{"alt_text":"","src":"https:\/\/i0.wp.com\/noticiasribeiraopreto.com.br\/wp-content\/uploads\/2025\/06\/Capturar_2025-06-28_13-49-11.webp.webp?fit=735%2C476&ssl=1&resize=350%2C200","width":350,"height":200,"srcset":"https:\/\/i0.wp.com\/noticiasribeiraopreto.com.br\/wp-content\/uploads\/2025\/06\/Capturar_2025-06-28_13-49-11.webp.webp?fit=735%2C476&ssl=1&resize=350%2C200 1x, https:\/\/i0.wp.com\/noticiasribeiraopreto.com.br\/wp-content\/uploads\/2025\/06\/Capturar_2025-06-28_13-49-11.webp.webp?fit=735%2C476&ssl=1&resize=525%2C300 1.5x, https:\/\/i0.wp.com\/noticiasribeiraopreto.com.br\/wp-content\/uploads\/2025\/06\/Capturar_2025-06-28_13-49-11.webp.webp?fit=735%2C476&ssl=1&resize=700%2C400 2x"},"classes":[]},{"id":77018,"url":"https:\/\/noticiasribeiraopreto.com.br\/index.php\/2025\/09\/10\/bebedouro-recebe-evento-safari-com-musical-e-desfile-tematico-no-fim-de-semana\/","url_meta":{"origin":74649,"position":4},"title":"Bebedouro recebe evento safari com musical e desfile tem\u00e1tico no fim de semana","author":"noticiasribeiraopreto.com.br","date":"10 de September de 2025","format":false,"excerpt":"Bebedouro, cidade a 80 quil\u00f4metros de Ribeir\u00e3o Preto, recebe neste domingo (14), a partir das 16h, a edi\u00e7\u00e3o do Circuito Credicitrus \u201cAventura Safari\u201d, que proporciona m\u00fasica ao vivo, brincadeiras e desfile tem\u00e1tico para aproveitar com toda fam\u00edlia. A entrada \u00e9 gratuita. Evento conta com uma edi\u00e7\u00e3o especial que comemora os\u2026","rel":"","context":"In &quot;Not\u00edcias de Ribeir\u00e3o Preto-SP e Regi\u00e3o&quot;","block_context":{"text":"Not\u00edcias de Ribeir\u00e3o Preto-SP e Regi\u00e3o","link":"https:\/\/noticiasribeiraopreto.com.br\/index.php\/category\/noticias-de-ribeirao-preto-sp-e-regiao-ismael-colosi\/"},"img":{"alt_text":"","src":"https:\/\/i0.wp.com\/noticiasribeiraopreto.com.br\/wp-content\/uploads\/2025\/09\/safaria-1_2025-07-15_17-39-41-1068x711-1.webp.webp?fit=1068%2C711&ssl=1&resize=350%2C200","width":350,"height":200,"srcset":"https:\/\/i0.wp.com\/noticiasribeiraopreto.com.br\/wp-content\/uploads\/2025\/09\/safaria-1_2025-07-15_17-39-41-1068x711-1.webp.webp?fit=1068%2C711&ssl=1&resize=350%2C200 1x, https:\/\/i0.wp.com\/noticiasribeiraopreto.com.br\/wp-content\/uploads\/2025\/09\/safaria-1_2025-07-15_17-39-41-1068x711-1.webp.webp?fit=1068%2C711&ssl=1&resize=525%2C300 1.5x, https:\/\/i0.wp.com\/noticiasribeiraopreto.com.br\/wp-content\/uploads\/2025\/09\/safaria-1_2025-07-15_17-39-41-1068x711-1.webp.webp?fit=1068%2C711&ssl=1&resize=700%2C400 2x, https:\/\/i0.wp.com\/noticiasribeiraopreto.com.br\/wp-content\/uploads\/2025\/09\/safaria-1_2025-07-15_17-39-41-1068x711-1.webp.webp?fit=1068%2C711&ssl=1&resize=1050%2C600 3x"},"classes":[]},{"id":46569,"url":"https:\/\/noticiasribeiraopreto.com.br\/index.php\/2024\/04\/12\/globo-transmite-primeira-etapa-do-circuito-sertanejo-2024\/","url_meta":{"origin":74649,"position":5},"title":"Globo transmite primeira etapa do &#8220;Circuito Sertanejo 2024&#8221;","author":"noticiasribeiraopreto.com.br","date":"12 de April de 2024","format":false,"excerpt":"Globo transmite primeira etapa do \u201cCircuito Sertanejo 2024\u201dMultishow, Globoplay e TV Globo exibem shows de Fernando & Sorocaba, Luan Pereira e Malifoo, que acontecem no dia 13 de abril O\u00a0Circuito Sertanejo, o maior circuito de shows do pa\u00eds,\u00a0est\u00e1 de volta \u00e0\u00a0Globo! A primeira edi\u00e7\u00e3o de 2024 aterrissa na ExpoLondrina, no\u2026","rel":"","context":"In &quot;Not\u00edcias de Ribeir\u00e3o Preto-SP e Regi\u00e3o&quot;","block_context":{"text":"Not\u00edcias de Ribeir\u00e3o Preto-SP e Regi\u00e3o","link":"https:\/\/noticiasribeiraopreto.com.br\/index.php\/category\/noticias-de-ribeirao-preto-sp-e-regiao-ismael-colosi\/"},"img":{"alt_text":"","src":"https:\/\/i0.wp.com\/noticiasribeiraopreto.com.br\/wp-content\/uploads\/2024\/04\/Untitled-2.jpg?fit=1200%2C800&ssl=1&resize=350%2C200","width":350,"height":200,"srcset":"https:\/\/i0.wp.com\/noticiasribeiraopreto.com.br\/wp-content\/uploads\/2024\/04\/Untitled-2.jpg?fit=1200%2C800&ssl=1&resize=350%2C200 1x, https:\/\/i0.wp.com\/noticiasribeiraopreto.com.br\/wp-content\/uploads\/2024\/04\/Untitled-2.jpg?fit=1200%2C800&ssl=1&resize=525%2C300 1.5x, https:\/\/i0.wp.com\/noticiasribeiraopreto.com.br\/wp-content\/uploads\/2024\/04\/Untitled-2.jpg?fit=1200%2C800&ssl=1&resize=700%2C400 2x, https:\/\/i0.wp.com\/noticiasribeiraopreto.com.br\/wp-content\/uploads\/2024\/04\/Untitled-2.jpg?fit=1200%2C800&ssl=1&resize=1050%2C600 3x"},"classes":[]}],"jetpack_sharing_enabled":true,"jetpack_shortlink":"https:\/\/wp.me\/peQAOb-jq1","_links":{"self":[{"href":"https:\/\/noticiasribeiraopreto.com.br\/index.php\/wp-json\/wp\/v2\/posts\/74649","targetHints":{"allow":["GET"]}}],"collection":[{"href":"https:\/\/noticiasribeiraopreto.com.br\/index.php\/wp-json\/wp\/v2\/posts"}],"about":[{"href":"https:\/\/noticiasribeiraopreto.com.br\/index.php\/wp-json\/wp\/v2\/types\/post"}],"author":[{"embeddable":true,"href":"https:\/\/noticiasribeiraopreto.com.br\/index.php\/wp-json\/wp\/v2\/users\/1"}],"replies":[{"embeddable":true,"href":"https:\/\/noticiasribeiraopreto.com.br\/index.php\/wp-json\/wp\/v2\/comments?post=74649"}],"version-history":[{"count":0,"href":"https:\/\/noticiasribeiraopreto.com.br\/index.php\/wp-json\/wp\/v2\/posts\/74649\/revisions"}],"wp:featuredmedia":[{"embeddable":true,"href":"https:\/\/noticiasribeiraopreto.com.br\/index.php\/wp-json\/wp\/v2\/media\/74650"}],"wp:attachment":[{"href":"https:\/\/noticiasribeiraopreto.com.br\/index.php\/wp-json\/wp\/v2\/media?parent=74649"}],"wp:term":[{"taxonomy":"category","embeddable":true,"href":"https:\/\/noticiasribeiraopreto.com.br\/index.php\/wp-json\/wp\/v2\/categories?post=74649"},{"taxonomy":"post_tag","embeddable":true,"href":"https:\/\/noticiasribeiraopreto.com.br\/index.php\/wp-json\/wp\/v2\/tags?post=74649"}],"curies":[{"name":"wp","href":"https:\/\/api.w.org\/{rel}","templated":true}]}}