{"id":7465,"date":"2023-11-28T09:08:06","date_gmt":"2023-11-28T12:08:06","guid":{"rendered":"https:\/\/noticiasribeiraopreto.com.br\/index.php\/2023\/11\/28\/estrategias-para-renegociar-suas-dividas-e-evitar-a-inadimplencia\/"},"modified":"2023-11-28T09:08:06","modified_gmt":"2023-11-28T12:08:06","slug":"estrategias-para-renegociar-suas-dividas-e-evitar-a-inadimplencia","status":"publish","type":"post","link":"https:\/\/noticiasribeiraopreto.com.br\/index.php\/2023\/11\/28\/estrategias-para-renegociar-suas-dividas-e-evitar-a-inadimplencia\/","title":{"rendered":"Estrat\u00e9gias para renegociar suas d\u00edvidas e evitar a inadimpl\u00eancia"},"content":{"rendered":"<div class='code-block code-block-1' style='margin: 8px 0 8px auto; text-align: right; display: block; clear: both;'>\n<p><a href=\"https:\/\/wa.link\/vpicfd\"><img data-recalc-dims=\"1\" class=\"wp-image-4922\" style=\"aspect-ratio: 2.0253164556962027; width: 561px; height: auto;\" src=\"https:\/\/i0.wp.com\/ismaelcolosi.com.br\/wp-content\/uploads\/2023\/11\/grupo-de-empregos-whatsapp-e-facebook-ismael-colosi-vagas.jpg?ssl=1\" alt=\"\" \/><\/a><\/p>\n<!-- \/wp:image -->\n<\/div>\n<p> <br \/>\n<\/p>\n<div>\n<p>A inadimpl\u00eancia \u00e9 a situa\u00e7\u00e3o em que o devedor n\u00e3o cumpre com suas obriga\u00e7\u00f5es de pagamento, seja por falta de recursos, por esquecimento ou por m\u00e1-f\u00e9. A <a href=\"https:\/\/catracalivre.com.br\/educacao\/como-negociar-suas-dividas-e-sair-do-vermelho\/\">inadimpl\u00eancia<\/a> pode trazer s\u00e9rias consequ\u00eancias para o devedor, como juros, multas, restri\u00e7\u00f5es no cr\u00e9dito, protestos e cobran\u00e7as judiciais.<\/p>\n<div id=\"attachment_2314635\" class=\"wp-caption aligncenter\">\n<div class=\"d-flex justify-content-center\" data-attachment-id=\"2314635\">\n<div class=\"position-relative d-inline-block\"><img data-recalc-dims=\"1\" data-portal-copyright=\"iSTock\" decoding=\"async\" fetchpriority=\"high\" class=\"size-full wp-image-2314635\" src=\"https:\/\/i0.wp.com\/catracalivre.com.br\/wp-content\/uploads\/2023\/11\/dividas-2.jpg?resize=1200%2C800&#038;ssl=1\" alt=\"Estrat\u00e9gias para renegociar suas d\u00edvidas e evitar a inadimpl\u00eancia\" width=\"1200\" height=\"800\" srcset=\"https:\/\/catracalivre.com.br\/wp-content\/uploads\/2023\/11\/dividas-2.jpg 1200w, https:\/\/catracalivre.com.br\/wp-content\/uploads\/2023\/11\/dividas-2-450x300.jpg 450w, https:\/\/catracalivre.com.br\/wp-content\/uploads\/2023\/11\/dividas-2-768x512.jpg 768w\" sizes=\"(max-width: 1200px) 100vw, 1200px\"\/><\/p>\n<p>Cr\u00e9ditos: iSTock<\/p>\n<\/div>\n<\/div>\n<p><span class=\"post-imagem__legenda\">Estrat\u00e9gias para renegociar suas d\u00edvidas e evitar a inadimpl\u00eancia<\/span><\/p>\n<\/div>\n<h2>Estrat\u00e9gias para renegociar suas d\u00edvidas e evitar a inadimpl\u00eancia<\/h2>\n<p>Para evitar a inadimpl\u00eancia, \u00e9 preciso renegociar suas d\u00edvidas, ou seja, buscar um acordo com os credores para quitar ou parcelar os d\u00e9bitos em atraso, de forma que caibam no seu or\u00e7amento e n\u00e3o comprometam sua renda.<\/p>\n<p>Mas como fazer isso de forma eficiente e vantajosa? Confira algumas dicas de estrat\u00e9gias da <a href=\"https:\/\/www.instagram.com\/catracalivre\/\" target=\"_blank\" rel=\"noopener\">Catraca Livre<\/a> que podem ajud\u00e1-lo a renegociar suas d\u00edvidas e evitar a inadimpl\u00eancia:<\/p>\n<p><strong>Fa\u00e7a um levantamento das suas d\u00edvidas:<\/strong> O primeiro passo \u00e9 saber exatamente quanto e para quem voc\u00ea deve, quais s\u00e3o as condi\u00e7\u00f5es, os prazos, os juros e as multas de cada d\u00edvida.<\/p>\n<p>Para isso, voc\u00ea pode consultar seu CPF nos \u00f3rg\u00e3os de prote\u00e7\u00e3o ao cr\u00e9dito, como Serasa, SPC ou Boa Vista, ou entrar em contato diretamente com os credores. O objetivo \u00e9 ter uma vis\u00e3o geral da sua situa\u00e7\u00e3o e priorizar as d\u00edvidas mais caras, mais antigas e mais urgentes.<\/p>\n<p><strong>Fa\u00e7a um planejamento financeiro:<\/strong> O segundo passo \u00e9 fazer um planejamento financeiro, ou seja, organizar suas receitas, despesas, d\u00edvidas e investimentos.<\/p>\n<p>Para isso, voc\u00ea pode usar ferramentas como planilhas, aplicativos ou softwares de gest\u00e3o financeira. O objetivo \u00e9 ter um controle sobre seu fluxo de caixa, seu or\u00e7amento e sua capacidade de pagamento.<\/p>\n<p><strong>Entre em contato com os credores:<\/strong> O terceiro passo \u00e9 entrar em contato com os credores, ou seja, negociar diretamente com as empresas ou pessoas para quem voc\u00ea deve.<\/p>\n<p>Para isso, voc\u00ea pode usar canais como telefone, e-mail, chat, site ou aplicativo. O objetivo \u00e9 demonstrar sua boa vontade, sua disposi\u00e7\u00e3o e sua proposta para quitar ou parcelar sua d\u00edvida.<\/p>\n<p><strong>Busque as melhores condi\u00e7\u00f5es:<\/strong> O quarto passo \u00e9 buscar as melhores condi\u00e7\u00f5es, ou seja, tentar obter descontos, redu\u00e7\u00f5es, isen\u00e7\u00f5es ou alongamentos nas suas d\u00edvidas.<\/p>\n<p>Para isso, voc\u00ea pode usar argumentos como sua fidelidade, sua pontualidade, sua situa\u00e7\u00e3o financeira, sua renda, etc. O objetivo \u00e9 conseguir um acordo que seja justo, vi\u00e1vel e vantajoso para ambas as partes.<\/p>\n<p><strong>Cumpra com o acordado:<\/strong> O quinto e \u00faltimo passo \u00e9 cumprir com o acordado, ou seja, pagar as parcelas ou os valores negociados com os credores, dentro dos prazos estabelecidos.<\/p>\n<p>Para isso, voc\u00ea pode usar meios como boleto, cart\u00e3o, d\u00e9bito autom\u00e1tico, transfer\u00eancia, etc. O objetivo \u00e9 honrar seu compromisso, limpar seu nome, recuperar seu cr\u00e9dito e evitar novas d\u00edvidas.<\/p>\n<p>Essas s\u00e3o algumas estrat\u00e9gias que podem ajud\u00e1-lo a renegociar suas d\u00edvidas e evitar a inadimpl\u00eancia. No entanto, lembre-se de que a renegocia\u00e7\u00e3o \u00e9 um processo que exige paci\u00eancia, persist\u00eancia e disciplina, e que pode variar de acordo com cada caso.<\/p>\n<p>Por isso, \u00e9 importante ter um acompanhamento, uma orienta\u00e7\u00e3o e uma assessoria especializada para auxili\u00e1-lo nessa tarefa.<\/p>\n<\/div>\n<p><script>\n\t\t! function(f, b, e, v, n, t, s) {\n\t\t\tif (f.fbq) return;\n\t\t\tn = f.fbq = function() {\n\t\t\t\tn.callMethod ?\n\t\t\t\t\tn.callMethod.apply(n, arguments) : n.queue.push(arguments)\n\t\t\t};\n\t\t\tif (!f._fbq) f._fbq = n;\n\t\t\tn.push = n;\n\t\t\tn.loaded = !0;\n\t\t\tn.version = '2.0';\n\t\t\tn.queue = [];\n\t\t\tt = b.createElement(e);\n\t\t\tt.async = !0;\n\t\t\tt.src = v;\n\t\t\ts = b.getElementsByTagName(e)[0];\n\t\t\ts.parentNode.insertBefore(t, s)\n\t\t}(window, document, 'script',\n\t\t\t'https:\/\/connect.facebook.net\/en_US\/fbevents.js');\n\t\tfbq('init', '338315473262380');\n\t\tfbq('track', 'PageView');\n\t<\/script><script async src=\"\/\/www.instagram.com\/embed.js\"><\/script><br \/>\n<br \/><br \/>\n<br \/><a href=\"https:\/\/catracalivre.com.br\/educacao\/estrategias-para-renegociar-suas-dividas-e-evitar-a-inadimplencia\/\">Source link <\/a><\/p>\n<!-- CONTENT END 1 -->\n","protected":false},"excerpt":{"rendered":"<p>A inadimpl\u00eancia \u00e9 a situa\u00e7\u00e3o em que o devedor n\u00e3o cumpre com suas obriga\u00e7\u00f5es de pagamento, seja por falta de recursos, por esquecimento ou por&#8230;<\/p>\n","protected":false},"author":1,"featured_media":7466,"comment_status":"open","ping_status":"open","sticky":false,"template":"","format":"standard","meta":{"advanced_seo_description":"","jetpack_seo_html_title":"","jetpack_seo_noindex":false,"jetpack_post_was_ever_published":false,"_jetpack_newsletter_access":"","_jetpack_dont_email_post_to_subs":false,"_jetpack_newsletter_tier_id":0,"_jetpack_memberships_contains_paywalled_content":false,"_jetpack_memberships_contains_paid_content":false,"footnotes":"","jetpack_publicize_message":"","jetpack_publicize_feature_enabled":true,"jetpack_social_post_already_shared":true,"jetpack_social_options":{"image_generator_settings":{"template":"highway","default_image_id":0,"font":"","enabled":false},"version":2}},"categories":[19],"tags":[],"class_list":["post-7465","post","type-post","status-publish","format-standard","has-post-thumbnail","hentry","category-variedades"],"jetpack_publicize_connections":[],"jetpack_featured_media_url":"https:\/\/i0.wp.com\/noticiasribeiraopreto.com.br\/wp-content\/uploads\/2023\/11\/dividas-2.jpg?fit=1200%2C638&ssl=1","jetpack-related-posts":[{"id":33382,"url":"https:\/\/noticiasribeiraopreto.com.br\/index.php\/2024\/01\/29\/fazenda-define-procedimentos-para-casos-de-inadimplencia-e-facilita-acesso-ao-desenrola\/","url_meta":{"origin":7465,"position":0},"title":"Fazenda define procedimentos para casos de inadimpl\u00eancia e facilita acesso ao Desenrola","author":"noticiasribeiraopreto.com.br","date":"29 de January de 2024","format":false,"excerpt":"29 de janeiro de 2024 | 13:0029 de janeiro de 2024 | 10:08 0O Minist\u00e9rio da Fazenda publicou nesta segunda-feira, 29, no Di\u00e1rio Oficial da Uni\u00e3o (DOU)\u00a0nova portaria sobre o Desenrola Brasil, que foi prorrogado at\u00e9 mar\u00e7o deste ano. O ato traz procedimentos a serem adotados pelos agentes financeiros no\u2026","rel":"","context":"In &quot;Not\u00edcias de Ribeir\u00e3o Preto-SP e Regi\u00e3o&quot;","block_context":{"text":"Not\u00edcias de Ribeir\u00e3o Preto-SP e Regi\u00e3o","link":"https:\/\/noticiasribeiraopreto.com.br\/index.php\/category\/noticias-de-ribeirao-preto-sp-e-regiao-ismael-colosi\/"},"img":{"alt_text":"","src":"https:\/\/i0.wp.com\/noticiasribeiraopreto.com.br\/wp-content\/uploads\/2024\/01\/shutterstock_2338507547-scaled.jpg?fit=1000%2C563&ssl=1&resize=350%2C200","width":350,"height":200,"srcset":"https:\/\/i0.wp.com\/noticiasribeiraopreto.com.br\/wp-content\/uploads\/2024\/01\/shutterstock_2338507547-scaled.jpg?fit=1000%2C563&ssl=1&resize=350%2C200 1x, https:\/\/i0.wp.com\/noticiasribeiraopreto.com.br\/wp-content\/uploads\/2024\/01\/shutterstock_2338507547-scaled.jpg?fit=1000%2C563&ssl=1&resize=525%2C300 1.5x, https:\/\/i0.wp.com\/noticiasribeiraopreto.com.br\/wp-content\/uploads\/2024\/01\/shutterstock_2338507547-scaled.jpg?fit=1000%2C563&ssl=1&resize=700%2C400 2x"},"classes":[]},{"id":6563,"url":"https:\/\/noticiasribeiraopreto.com.br\/index.php\/2023\/11\/26\/as-diretrizes-do-novo-marco-legal-das-garantias-2\/","url_meta":{"origin":7465,"position":1},"title":"As diretrizes do novo Marco Legal das Garantias\u00a0","author":"noticiasribeiraopreto.com.br","date":"26 de November de 2023","format":false,"excerpt":"26 de novembro de 2023 | 8:2025 de novembro de 2023 | 15:49 0Giovanna Falcaro*\u00a0Foi sancionada no \u00faltimo dia 31 de outubro a Lei 14.711\/23, tamb\u00e9m conhecida como Marco Legal das Garantias. A medida deve estimular o cr\u00e9dito imobili\u00e1rio, bem como reduzir juros e a inadimpl\u00eancia dos devedores. Uma das\u2026","rel":"","context":"In &quot;Not\u00edcias de Ribeir\u00e3o Preto-SP e Regi\u00e3o&quot;","block_context":{"text":"Not\u00edcias de Ribeir\u00e3o Preto-SP e Regi\u00e3o","link":"https:\/\/noticiasribeiraopreto.com.br\/index.php\/category\/noticias-de-ribeirao-preto-sp-e-regiao-ismael-colosi\/"},"img":{"alt_text":"","src":"https:\/\/i0.wp.com\/noticiasribeiraopreto.com.br\/wp-content\/uploads\/2023\/11\/1700997868_giovana-falcaro.jpg?fit=645%2C645&ssl=1&resize=350%2C200","width":350,"height":200,"srcset":"https:\/\/i0.wp.com\/noticiasribeiraopreto.com.br\/wp-content\/uploads\/2023\/11\/1700997868_giovana-falcaro.jpg?fit=645%2C645&ssl=1&resize=350%2C200 1x, https:\/\/i0.wp.com\/noticiasribeiraopreto.com.br\/wp-content\/uploads\/2023\/11\/1700997868_giovana-falcaro.jpg?fit=645%2C645&ssl=1&resize=525%2C300 1.5x"},"classes":[]},{"id":1359,"url":"https:\/\/noticiasribeiraopreto.com.br\/index.php\/2023\/11\/12\/as-diretrizes-do-novo-marco-legal-das-garantias\/","url_meta":{"origin":7465,"position":2},"title":"As diretrizes do novo Marco Legal das Garantias\u00a0","author":"noticiasribeiraopreto.com.br","date":"12 de November de 2023","format":false,"excerpt":"12 de novembro de 2023 | 8:2011 de novembro de 2023 | 16:35 0Giovanna Falcaro*\u00a0\u00a0Foi sancionada no \u00faltimo dia 31 de outubro a Lei 14.711\/23, tamb\u00e9m conhecida como Marco Legal das Garantias. A medida deve estimular o cr\u00e9dito imobili\u00e1rio, bem como reduzir juros e a inadimpl\u00eancia dos devedores. Uma das\u2026","rel":"","context":"In &quot;Not\u00edcias de Ribeir\u00e3o Preto-SP e Regi\u00e3o&quot;","block_context":{"text":"Not\u00edcias de Ribeir\u00e3o Preto-SP e Regi\u00e3o","link":"https:\/\/noticiasribeiraopreto.com.br\/index.php\/category\/noticias-de-ribeirao-preto-sp-e-regiao-ismael-colosi\/"},"img":{"alt_text":"","src":"https:\/\/i0.wp.com\/noticiasribeiraopreto.com.br\/wp-content\/uploads\/2023\/11\/giovana-falcaro.jpg?fit=645%2C645&ssl=1&resize=350%2C200","width":350,"height":200,"srcset":"https:\/\/i0.wp.com\/noticiasribeiraopreto.com.br\/wp-content\/uploads\/2023\/11\/giovana-falcaro.jpg?fit=645%2C645&ssl=1&resize=350%2C200 1x, https:\/\/i0.wp.com\/noticiasribeiraopreto.com.br\/wp-content\/uploads\/2023\/11\/giovana-falcaro.jpg?fit=645%2C645&ssl=1&resize=525%2C300 1.5x"},"classes":[]},{"id":76826,"url":"https:\/\/noticiasribeiraopreto.com.br\/index.php\/2025\/09\/06\/inadimplencia-atinge-3145-mil-moradores\/","url_meta":{"origin":7465,"position":3},"title":"Inadimpl\u00eancia atinge 314,5 mil moradores","author":"noticiasribeiraopreto.com.br","date":"6 de September de 2025","format":false,"excerpt":"Ribeir\u00e3o Preto fechou o ano passado com 293.604 inadimplentes em dezembro, mas este n\u00famero j\u00e1 subiu para 314.506 em julho, maior patamar da s\u00e9rie hist\u00f3rica. Em rela\u00e7\u00e3o aos 291.415 do mesmo per\u00edodo do ano passado, s\u00e3o 23.091 a mais, alta de 7,92%. Em compara\u00e7\u00e3o com os 313.606, s\u00e3o 900 a\u2026","rel":"","context":"In &quot;Not\u00edcias de Ribeir\u00e3o Preto-SP e Regi\u00e3o&quot;","block_context":{"text":"Not\u00edcias de Ribeir\u00e3o Preto-SP e Regi\u00e3o","link":"https:\/\/noticiasribeiraopreto.com.br\/index.php\/category\/noticias-de-ribeirao-preto-sp-e-regiao-ismael-colosi\/"},"img":{"alt_text":"","src":"https:\/\/i0.wp.com\/noticiasribeiraopreto.com.br\/wp-content\/uploads\/2025\/09\/calculadora-calcular-inadimplencia-scaled.jpg?fit=800%2C400&ssl=1&resize=350%2C200","width":350,"height":200,"srcset":"https:\/\/i0.wp.com\/noticiasribeiraopreto.com.br\/wp-content\/uploads\/2025\/09\/calculadora-calcular-inadimplencia-scaled.jpg?fit=800%2C400&ssl=1&resize=350%2C200 1x, https:\/\/i0.wp.com\/noticiasribeiraopreto.com.br\/wp-content\/uploads\/2025\/09\/calculadora-calcular-inadimplencia-scaled.jpg?fit=800%2C400&ssl=1&resize=525%2C300 1.5x, https:\/\/i0.wp.com\/noticiasribeiraopreto.com.br\/wp-content\/uploads\/2025\/09\/calculadora-calcular-inadimplencia-scaled.jpg?fit=800%2C400&ssl=1&resize=700%2C400 2x"},"classes":[]},{"id":12090,"url":"https:\/\/noticiasribeiraopreto.com.br\/index.php\/2023\/12\/07\/divida-de-cartao-de-credito-caduca-descubra-o-que-acontece\/","url_meta":{"origin":7465,"position":4},"title":"D\u00edvida de Cart\u00e3o de Cr\u00e9dito Caduca? Descubra o que Acontece!","author":"noticiasribeiraopreto.com.br","date":"7 de December de 2023","format":false,"excerpt":"Se voc\u00ea j\u00e1 se questionou sobre o que acontece quando uma d\u00edvida de cart\u00e3o de cr\u00e9dito parece desaparecer, este artigo \u00e9 o guia definitivo que voc\u00ea precisa. Desvendaremos os mist\u00e9rios se a d\u00edvida de cart\u00e3o de cr\u00e9dito caduca, explicando n\u00e3o apenas os prazos legais, mas tamb\u00e9m as consequ\u00eancias reais para\u2026","rel":"","context":"In &quot;Dinheiro e Investimento&quot;","block_context":{"text":"Dinheiro e Investimento","link":"https:\/\/noticiasribeiraopreto.com.br\/index.php\/category\/dinheiro-e-investimento-como-fazer-como-ganhar\/"},"img":{"alt_text":"","src":"https:\/\/i0.wp.com\/noticiasribeiraopreto.com.br\/wp-content\/uploads\/2023\/12\/empresario-olhando-o-cartao-de-credito-no-estresse.jpg?fit=1000%2C667&ssl=1&resize=350%2C200","width":350,"height":200,"srcset":"https:\/\/i0.wp.com\/noticiasribeiraopreto.com.br\/wp-content\/uploads\/2023\/12\/empresario-olhando-o-cartao-de-credito-no-estresse.jpg?fit=1000%2C667&ssl=1&resize=350%2C200 1x, https:\/\/i0.wp.com\/noticiasribeiraopreto.com.br\/wp-content\/uploads\/2023\/12\/empresario-olhando-o-cartao-de-credito-no-estresse.jpg?fit=1000%2C667&ssl=1&resize=525%2C300 1.5x, https:\/\/i0.wp.com\/noticiasribeiraopreto.com.br\/wp-content\/uploads\/2023\/12\/empresario-olhando-o-cartao-de-credito-no-estresse.jpg?fit=1000%2C667&ssl=1&resize=700%2C400 2x"},"classes":[]},{"id":18337,"url":"https:\/\/noticiasribeiraopreto.com.br\/index.php\/2023\/12\/20\/inadimplencia-recua-em-novembro-em-rp\/","url_meta":{"origin":7465,"position":5},"title":"Inadimpl\u00eancia recua\u00a0em novembro\u00a0em RP &#8211; Jornal Tribuna Ribeir\u00e3o","author":"noticiasribeiraopreto.com.br","date":"20 de December de 2023","format":false,"excerpt":"Ribeir\u00e3o Preto fechou novembro com 294.749 inadimplentes, com valor total acima de R$ 2 bilh\u00f5es, apesar da queda em rela\u00e7\u00e3o a outubro: d\u00e9cimo terceiro amortizou pend\u00eancias Ribeir\u00e3o Preto fechou o primeiro semestre com 292.110 inadimplentes, em julho a cidade j\u00e1 contava com 293.497 pessoas nesta situa\u00e7\u00e3o, em agosto avan\u00e7ou para\u2026","rel":"","context":"In &quot;Not\u00edcias de Ribeir\u00e3o Preto-SP e Regi\u00e3o&quot;","block_context":{"text":"Not\u00edcias de Ribeir\u00e3o Preto-SP e Regi\u00e3o","link":"https:\/\/noticiasribeiraopreto.com.br\/index.php\/category\/noticias-de-ribeirao-preto-sp-e-regiao-ismael-colosi\/"},"img":{"alt_text":"","src":"https:\/\/i0.wp.com\/noticiasribeiraopreto.com.br\/wp-content\/uploads\/2023\/12\/1-calote-agencia-brasil-scaled.jpg?fit=967%2C645&ssl=1&resize=350%2C200","width":350,"height":200,"srcset":"https:\/\/i0.wp.com\/noticiasribeiraopreto.com.br\/wp-content\/uploads\/2023\/12\/1-calote-agencia-brasil-scaled.jpg?fit=967%2C645&ssl=1&resize=350%2C200 1x, https:\/\/i0.wp.com\/noticiasribeiraopreto.com.br\/wp-content\/uploads\/2023\/12\/1-calote-agencia-brasil-scaled.jpg?fit=967%2C645&ssl=1&resize=525%2C300 1.5x, https:\/\/i0.wp.com\/noticiasribeiraopreto.com.br\/wp-content\/uploads\/2023\/12\/1-calote-agencia-brasil-scaled.jpg?fit=967%2C645&ssl=1&resize=700%2C400 2x"},"classes":[]}],"jetpack_sharing_enabled":true,"jetpack_shortlink":"https:\/\/wp.me\/peQAOb-1Wp","_links":{"self":[{"href":"https:\/\/noticiasribeiraopreto.com.br\/index.php\/wp-json\/wp\/v2\/posts\/7465","targetHints":{"allow":["GET"]}}],"collection":[{"href":"https:\/\/noticiasribeiraopreto.com.br\/index.php\/wp-json\/wp\/v2\/posts"}],"about":[{"href":"https:\/\/noticiasribeiraopreto.com.br\/index.php\/wp-json\/wp\/v2\/types\/post"}],"author":[{"embeddable":true,"href":"https:\/\/noticiasribeiraopreto.com.br\/index.php\/wp-json\/wp\/v2\/users\/1"}],"replies":[{"embeddable":true,"href":"https:\/\/noticiasribeiraopreto.com.br\/index.php\/wp-json\/wp\/v2\/comments?post=7465"}],"version-history":[{"count":0,"href":"https:\/\/noticiasribeiraopreto.com.br\/index.php\/wp-json\/wp\/v2\/posts\/7465\/revisions"}],"wp:featuredmedia":[{"embeddable":true,"href":"https:\/\/noticiasribeiraopreto.com.br\/index.php\/wp-json\/wp\/v2\/media\/7466"}],"wp:attachment":[{"href":"https:\/\/noticiasribeiraopreto.com.br\/index.php\/wp-json\/wp\/v2\/media?parent=7465"}],"wp:term":[{"taxonomy":"category","embeddable":true,"href":"https:\/\/noticiasribeiraopreto.com.br\/index.php\/wp-json\/wp\/v2\/categories?post=7465"},{"taxonomy":"post_tag","embeddable":true,"href":"https:\/\/noticiasribeiraopreto.com.br\/index.php\/wp-json\/wp\/v2\/tags?post=7465"}],"curies":[{"name":"wp","href":"https:\/\/api.w.org\/{rel}","templated":true}]}}