{"id":74653,"date":"2025-07-26T12:33:56","date_gmt":"2025-07-26T15:33:56","guid":{"rendered":"https:\/\/noticiasribeiraopreto.com.br\/index.php\/2025\/07\/26\/confira-a-previsao-do-tempo-para-ribeirao-preto-neste-sabado-3\/"},"modified":"2025-07-26T12:33:56","modified_gmt":"2025-07-26T15:33:56","slug":"confira-a-previsao-do-tempo-para-ribeirao-preto-neste-sabado-3","status":"publish","type":"post","link":"https:\/\/noticiasribeiraopreto.com.br\/index.php\/2025\/07\/26\/confira-a-previsao-do-tempo-para-ribeirao-preto-neste-sabado-3\/","title":{"rendered":"Confira a previs\u00e3o do tempo para Ribeir\u00e3o Preto neste s\u00e1bado"},"content":{"rendered":"<div class='code-block code-block-1' style='margin: 8px 0 8px auto; text-align: right; display: block; clear: both;'>\n<p><a href=\"https:\/\/wa.link\/vpicfd\"><img data-recalc-dims=\"1\" class=\"wp-image-4922\" style=\"aspect-ratio: 2.0253164556962027; width: 561px; height: auto;\" src=\"https:\/\/i0.wp.com\/ismaelcolosi.com.br\/wp-content\/uploads\/2023\/11\/grupo-de-empregos-whatsapp-e-facebook-ismael-colosi-vagas.jpg?ssl=1\" alt=\"\" \/><\/a><\/p>\n<!-- \/wp:image -->\n<\/div>\n<p> <br \/>\n<\/p>\n<div data-td-block-uid=\"tdi_95\">\n<div class=\"tdb-block-inner td-fix-index\">\n<p>O s\u00e1bado (26) come\u00e7ou com Sol em <strong>Ribeir\u00e3o Preto<\/strong>. De acordo com a<strong><a href=\"https:\/\/www.climatempo.com.br\/previsao-do-tempo\/15-dias\/cidade\/530\/ribeiraopreto-sp\" data-type=\"link\" data-id=\"https:\/\/www.climatempo.com.br\/previsao-do-tempo\/15-dias\/cidade\/530\/ribeiraopreto-sp\" target=\"_blank\" rel=\"noopener\"> Climatempo<\/a><\/strong>, a previs\u00e3o do tempo aponta para um dia com muitas nuvens, com alguns per\u00edodos de c\u00e9u nublado.<\/p>\n<p><mark style=\"background-color:#fcb900\" class=\"has-inline-color has-black-color\">A temperatura m\u00e1xima prevista para Ribeir\u00e3o Preto \u00e9 de 30\u00b0C<\/mark>, com m\u00ednima de 17\u00b0C. A umidade relativa do ar varia entre 32% e 77% e n\u00e3o h\u00e1 previs\u00e3o de chuva.<\/p>\n<h2 class=\"wp-block-heading\"><strong>Alerta do Inmet<\/strong><\/h2>\n<p>Ribeir\u00e3o Preto est\u00e1 em alerta para baixa umidade, segundo o <strong><a href=\"https:\/\/portal.inmet.gov.br\/\" data-type=\"link\" data-id=\"https:\/\/portal.inmet.gov.br\/\" target=\"_blank\" rel=\"noopener\">Inmet (Instituto Nacional de Meteorologia)<\/a><\/strong>. O aviso \u00e9 v\u00e1lido para o per\u00edodo entre 11h e 22h.<\/p>\n<h3 class=\"wp-block-heading\"><strong>Instru\u00e7\u00f5es:<\/strong><\/h3>\n<ul class=\"wp-block-list\">\n<li>Evite desgaste f\u00edsico nas horas mais secas.<\/li>\n<\/ul>\n<ul class=\"wp-block-list\">\n<li>Evite exposi\u00e7\u00e3o ao sol nas horas mais quentes do dia.<\/li>\n<\/ul>\n<ul class=\"wp-block-list\">\n<li>Obtenha mais informa\u00e7\u00f5es junto \u00e0 Defesa Civil (telefone 199) e ao Corpo de Bombeiros (telefone 193).<\/li>\n<\/ul>\n<p>SAIBA MAIS<br \/>Empresa inicia doa\u00e7\u00e3o de \u00e1rea pr\u00f3xima \u00e0 marginal de avenida de Ribeir\u00e3o Preto<\/p>\n<h2 class=\"wp-block-heading\"><strong>FIQUE ON<\/strong><\/h2>\n<p>Fique ligado em tudo que acontece em Ribeir\u00e3o Preto e regi\u00e3o. Siga os perfis do<strong> acidade on <\/strong>no <a href=\"https:\/\/www.instagram.com\/acidadeonribeirao\" data-type=\"link\" data-id=\"https:\/\/www.instagram.com\/acidadeonribeirao\" target=\"_blank\" rel=\"noopener\">Instagram <\/a>e no <a href=\"https:\/\/www.facebook.com\/acidadeonribeirao\/\" data-type=\"link\" data-id=\"https:\/\/www.facebook.com\/acidadeonribeirao\/\" target=\"_blank\" rel=\"noopener\">Facebook<\/a>.<\/p>\n<p>Receba not\u00edcias do <strong>acidade on <\/strong>no WhatsApp. <a href=\"https:\/\/chat.whatsapp.com\/BjKQZ9oJwlz8VVT50NuePq\" data-type=\"link\" data-id=\"https:\/\/chat.whatsapp.com\/BjKQZ9oJwlz8VVT50NuePq\" target=\"_blank\" rel=\"noopener\">Para entrar no grupo, basta clicar aqui.<\/a><\/p>\n<p>Fa\u00e7a uma den\u00fancia ou sugira uma reportagem sobre Ribeir\u00e3o Preto e regi\u00e3o pelo WhatsApp: 16 99117 7802.<\/p>\n<p>VEJA TAMB\u00c9M<br \/>Quanto custa o morango do amor?<\/p>\n<p><!-- AI CONTENT END 1 -->\n<\/div>\n<\/div>\n<p><script async src=\"\/\/www.instagram.com\/embed.js\"><\/script><br \/>\n<br \/><br \/>\n<br \/><a href=\"https:\/\/www.acidadeon.com\/ribeiraopreto\/cotidiano\/confira-a-previsao-do-tempo-para-ribeirao-preto-neste-sabado-4\/\">Source link <\/a><\/p>\n<!-- CONTENT END 1 -->\n","protected":false},"excerpt":{"rendered":"<p>O s\u00e1bado (26) come\u00e7ou com Sol em Ribeir\u00e3o Preto. De acordo com a Climatempo, a previs\u00e3o do tempo aponta para um dia com muitas nuvens,&#8230;<\/p>\n","protected":false},"author":1,"featured_media":74654,"comment_status":"open","ping_status":"open","sticky":false,"template":"","format":"standard","meta":{"advanced_seo_description":"","jetpack_seo_html_title":"","jetpack_seo_noindex":false,"jetpack_post_was_ever_published":false,"_jetpack_newsletter_access":"","_jetpack_dont_email_post_to_subs":false,"_jetpack_newsletter_tier_id":0,"_jetpack_memberships_contains_paywalled_content":false,"_jetpack_memberships_contains_paid_content":false,"footnotes":"","jetpack_publicize_message":"","jetpack_publicize_feature_enabled":true,"jetpack_social_post_already_shared":true,"jetpack_social_options":{"image_generator_settings":{"template":"highway","default_image_id":0,"font":"","enabled":false},"version":2}},"categories":[11],"tags":[],"class_list":["post-74653","post","type-post","status-publish","format-standard","has-post-thumbnail","hentry","category-noticias-de-ribeirao-preto-sp-e-regiao-ismael-colosi"],"jetpack_publicize_connections":[],"jetpack_featured_media_url":"https:\/\/i0.wp.com\/noticiasribeiraopreto.com.br\/wp-content\/uploads\/2025\/07\/tempo-em-ribeirao-preto-3_2025-07-26_12-22-26.webp.webp?fit=1200%2C900&ssl=1","jetpack-related-posts":[{"id":53665,"url":"https:\/\/noticiasribeiraopreto.com.br\/index.php\/2024\/06\/22\/interior-de-sp-tem-alerta-do-inmet-neste-sabado-veja-a-previsao-do-tempo\/","url_meta":{"origin":74653,"position":0},"title":"Interior de SP tem alerta do Inmet neste s\u00e1bado; Veja a previs\u00e3o do tempo","author":"noticiasribeiraopreto.com.br","date":"22 de June de 2024","format":false,"excerpt":"O interior de S\u00e3o Paulo tem um alerta do Inmet (Instituto Nacional de Meteorologia) neste s\u00e1bado (22), por conta da baixa umidade.\u00a0 O aviso \u00e9 v\u00e1lido at\u00e9 as 19h e aponta para possibilidade da umidade relativa do ar entre 20% e 30%. O alerta atinge todas as regi\u00f5es do interior,\u2026","rel":"","context":"In &quot;Not\u00edcias de Ribeir\u00e3o Preto-SP e Regi\u00e3o&quot;","block_context":{"text":"Not\u00edcias de Ribeir\u00e3o Preto-SP e Regi\u00e3o","link":"https:\/\/noticiasribeiraopreto.com.br\/index.php\/category\/noticias-de-ribeirao-preto-sp-e-regiao-ismael-colosi\/"},"img":{"alt_text":"","src":"https:\/\/i0.wp.com\/noticiasribeiraopreto.com.br\/wp-content\/uploads\/2024\/06\/WhatsApp-Image-2023-11-11-at-15.50.55.jpeg?fit=1200%2C675&ssl=1&resize=350%2C200","width":350,"height":200,"srcset":"https:\/\/i0.wp.com\/noticiasribeiraopreto.com.br\/wp-content\/uploads\/2024\/06\/WhatsApp-Image-2023-11-11-at-15.50.55.jpeg?fit=1200%2C675&ssl=1&resize=350%2C200 1x, https:\/\/i0.wp.com\/noticiasribeiraopreto.com.br\/wp-content\/uploads\/2024\/06\/WhatsApp-Image-2023-11-11-at-15.50.55.jpeg?fit=1200%2C675&ssl=1&resize=525%2C300 1.5x, https:\/\/i0.wp.com\/noticiasribeiraopreto.com.br\/wp-content\/uploads\/2024\/06\/WhatsApp-Image-2023-11-11-at-15.50.55.jpeg?fit=1200%2C675&ssl=1&resize=700%2C400 2x, https:\/\/i0.wp.com\/noticiasribeiraopreto.com.br\/wp-content\/uploads\/2024\/06\/WhatsApp-Image-2023-11-11-at-15.50.55.jpeg?fit=1200%2C675&ssl=1&resize=1050%2C600 3x"},"classes":[]},{"id":58739,"url":"https:\/\/noticiasribeiraopreto.com.br\/index.php\/2024\/10\/05\/fim-de-semana-comeca-com-alerta-do-inmet-no-interior-de-sp\/","url_meta":{"origin":74653,"position":1},"title":"Fim de semana come\u00e7a com alerta do Inmet no interior de SP","author":"noticiasribeiraopreto.com.br","date":"5 de October de 2024","format":false,"excerpt":"O fim de semana come\u00e7ou com alerta do Inmet (Instituto Nacional de Meteorologia) no interior de S\u00e3o Paulo. Segundo o \u00f3rg\u00e3o, h\u00e1 um aviso de perigo potencial para baixa umidade neste s\u00e1bado (5), v\u00e1lido para o per\u00edodo entre 10h e 21h. O Inmet informa que a umidade do ar deve\u2026","rel":"","context":"In &quot;Not\u00edcias de Ribeir\u00e3o Preto-SP e Regi\u00e3o&quot;","block_context":{"text":"Not\u00edcias de Ribeir\u00e3o Preto-SP e Regi\u00e3o","link":"https:\/\/noticiasribeiraopreto.com.br\/index.php\/category\/noticias-de-ribeirao-preto-sp-e-regiao-ismael-colosi\/"},"img":{"alt_text":"","src":"https:\/\/i0.wp.com\/noticiasribeiraopreto.com.br\/wp-content\/uploads\/2024\/09\/ribeirao-preto_2024-09-30_10-41-38_jpeg_2024-09-30_10-41-38.webp.webp?fit=1200%2C903&ssl=1&resize=350%2C200","width":350,"height":200,"srcset":"https:\/\/i0.wp.com\/noticiasribeiraopreto.com.br\/wp-content\/uploads\/2024\/09\/ribeirao-preto_2024-09-30_10-41-38_jpeg_2024-09-30_10-41-38.webp.webp?fit=1200%2C903&ssl=1&resize=350%2C200 1x, https:\/\/i0.wp.com\/noticiasribeiraopreto.com.br\/wp-content\/uploads\/2024\/09\/ribeirao-preto_2024-09-30_10-41-38_jpeg_2024-09-30_10-41-38.webp.webp?fit=1200%2C903&ssl=1&resize=525%2C300 1.5x, https:\/\/i0.wp.com\/noticiasribeiraopreto.com.br\/wp-content\/uploads\/2024\/09\/ribeirao-preto_2024-09-30_10-41-38_jpeg_2024-09-30_10-41-38.webp.webp?fit=1200%2C903&ssl=1&resize=700%2C400 2x, https:\/\/i0.wp.com\/noticiasribeiraopreto.com.br\/wp-content\/uploads\/2024\/09\/ribeirao-preto_2024-09-30_10-41-38_jpeg_2024-09-30_10-41-38.webp.webp?fit=1200%2C903&ssl=1&resize=1050%2C600 3x"},"classes":[]},{"id":57642,"url":"https:\/\/noticiasribeiraopreto.com.br\/index.php\/2024\/09\/06\/inmet-emite-alerta-de-perigo-para-o-interior-de-sp-veja-previsao-no-fim-de-semana\/","url_meta":{"origin":74653,"position":2},"title":"Inmet emite alerta de perigo para o interior de SP; Veja previs\u00e3o no fim de semana","author":"noticiasribeiraopreto.com.br","date":"6 de September de 2024","format":false,"excerpt":"O Inmet (Instituto Nacional de Meteorologia) emitou um alerta de \u201cperigo\u201d para onda de calor em parte do interior de S\u00e3o Paulo. O aviso, que e inclui a regi\u00e3o de Ribeir\u00e3o Preto, teve in\u00edcio \u00e0 0h e segue at\u00e9 as 23h59 desta sexta-feira (6). Este alerta \u00e9 na cor laranja\u2026","rel":"","context":"In &quot;Not\u00edcias de Ribeir\u00e3o Preto-SP e Regi\u00e3o&quot;","block_context":{"text":"Not\u00edcias de Ribeir\u00e3o Preto-SP e Regi\u00e3o","link":"https:\/\/noticiasribeiraopreto.com.br\/index.php\/category\/noticias-de-ribeirao-preto-sp-e-regiao-ismael-colosi\/"},"img":{"alt_text":"","src":"https:\/\/i0.wp.com\/noticiasribeiraopreto.com.br\/wp-content\/uploads\/2024\/09\/WhatsApp-Image-2023-11-10-at-08.08.42.jpeg?fit=1200%2C540&ssl=1&resize=350%2C200","width":350,"height":200,"srcset":"https:\/\/i0.wp.com\/noticiasribeiraopreto.com.br\/wp-content\/uploads\/2024\/09\/WhatsApp-Image-2023-11-10-at-08.08.42.jpeg?fit=1200%2C540&ssl=1&resize=350%2C200 1x, https:\/\/i0.wp.com\/noticiasribeiraopreto.com.br\/wp-content\/uploads\/2024\/09\/WhatsApp-Image-2023-11-10-at-08.08.42.jpeg?fit=1200%2C540&ssl=1&resize=525%2C300 1.5x, https:\/\/i0.wp.com\/noticiasribeiraopreto.com.br\/wp-content\/uploads\/2024\/09\/WhatsApp-Image-2023-11-10-at-08.08.42.jpeg?fit=1200%2C540&ssl=1&resize=700%2C400 2x, https:\/\/i0.wp.com\/noticiasribeiraopreto.com.br\/wp-content\/uploads\/2024\/09\/WhatsApp-Image-2023-11-10-at-08.08.42.jpeg?fit=1200%2C540&ssl=1&resize=1050%2C600 3x"},"classes":[]},{"id":52512,"url":"https:\/\/noticiasribeiraopreto.com.br\/index.php\/2024\/06\/08\/veja-como-fica-o-tempo-em-ribeirao-preto-no-fim-de-semana\/","url_meta":{"origin":74653,"position":3},"title":"Veja como fica o tempo em Ribeir\u00e3o Preto no fim de semana","author":"noticiasribeiraopreto.com.br","date":"8 de June de 2024","format":false,"excerpt":"A previs\u00e3o do tempo para este fim de semana em Ribeir\u00e3o Preto \u00e9 de dias de sol e sem nuvens no c\u00e9u. N\u00e3o h\u00e1 previs\u00e3o de chuva. Segundo a Climatempo, como as\u00a0manh\u00e3s\u00a0ficam mais\u00a0frias, a\u00a0diferen\u00e7a\u00a0entre a\u00a0menor\u00a0e a\u00a0maior temperatura\u00a0dos dias, chamada de\u00a0amplitude t\u00e9rmica, pode continuar\u00a0alta\u00a0nos pr\u00f3ximos dias. Ainda, segundo a meteorologia, a\u2026","rel":"","context":"In &quot;Not\u00edcias de Ribeir\u00e3o Preto-SP e Regi\u00e3o&quot;","block_context":{"text":"Not\u00edcias de Ribeir\u00e3o Preto-SP e Regi\u00e3o","link":"https:\/\/noticiasribeiraopreto.com.br\/index.php\/category\/noticias-de-ribeirao-preto-sp-e-regiao-ismael-colosi\/"},"img":{"alt_text":"","src":"https:\/\/i0.wp.com\/noticiasribeiraopreto.com.br\/wp-content\/uploads\/2024\/06\/WhatsApp-Image-2024-06-08-at-09.52.34_2024-06-08_12-52-46_jpeg_2024-06-08_12-52-46.webp.webp?fit=1200%2C900&ssl=1&resize=350%2C200","width":350,"height":200,"srcset":"https:\/\/i0.wp.com\/noticiasribeiraopreto.com.br\/wp-content\/uploads\/2024\/06\/WhatsApp-Image-2024-06-08-at-09.52.34_2024-06-08_12-52-46_jpeg_2024-06-08_12-52-46.webp.webp?fit=1200%2C900&ssl=1&resize=350%2C200 1x, https:\/\/i0.wp.com\/noticiasribeiraopreto.com.br\/wp-content\/uploads\/2024\/06\/WhatsApp-Image-2024-06-08-at-09.52.34_2024-06-08_12-52-46_jpeg_2024-06-08_12-52-46.webp.webp?fit=1200%2C900&ssl=1&resize=525%2C300 1.5x, https:\/\/i0.wp.com\/noticiasribeiraopreto.com.br\/wp-content\/uploads\/2024\/06\/WhatsApp-Image-2024-06-08-at-09.52.34_2024-06-08_12-52-46_jpeg_2024-06-08_12-52-46.webp.webp?fit=1200%2C900&ssl=1&resize=700%2C400 2x, https:\/\/i0.wp.com\/noticiasribeiraopreto.com.br\/wp-content\/uploads\/2024\/06\/WhatsApp-Image-2024-06-08-at-09.52.34_2024-06-08_12-52-46_jpeg_2024-06-08_12-52-46.webp.webp?fit=1200%2C900&ssl=1&resize=1050%2C600 3x"},"classes":[]},{"id":81191,"url":"https:\/\/noticiasribeiraopreto.com.br\/index.php\/2025\/12\/27\/frente-fria-avanca-e-deve-provocar-tempestades-no-interior-de-sp-veja-previsao\/","url_meta":{"origin":74653,"position":4},"title":"Frente fria avan\u00e7a e deve provocar tempestades no interior de SP; Veja previs\u00e3o","author":"noticiasribeiraopreto.com.br","date":"27 de December de 2025","format":false,"excerpt":"Embora o interior de S\u00e3o Paulo esteja enfrentando uma nova onda de calor com temperaturas 5\u00baC acima da m\u00e9dia, uma nova frente fria come\u00e7a a se organizar no pa\u00eds e pode provocar tempestades severas em v\u00e1rias regi\u00f5es. De acordo com o meteorologista Matheus Manente, da Meteored, esse sistema frontal \u201cj\u00e1\u2026","rel":"","context":"In &quot;Not\u00edcias de Ribeir\u00e3o Preto-SP e Regi\u00e3o&quot;","block_context":{"text":"Not\u00edcias de Ribeir\u00e3o Preto-SP e Regi\u00e3o","link":"https:\/\/noticiasribeiraopreto.com.br\/index.php\/category\/noticias-de-ribeirao-preto-sp-e-regiao-ismael-colosi\/"},"img":{"alt_text":"","src":"https:\/\/i0.wp.com\/noticiasribeiraopreto.com.br\/wp-content\/uploads\/2025\/12\/WhatsApp-Image-2025-11-23-at-09.17.43_2025-11-23_12-31-46-e1763901141919.webp.webp?fit=1200%2C722&ssl=1&resize=350%2C200","width":350,"height":200,"srcset":"https:\/\/i0.wp.com\/noticiasribeiraopreto.com.br\/wp-content\/uploads\/2025\/12\/WhatsApp-Image-2025-11-23-at-09.17.43_2025-11-23_12-31-46-e1763901141919.webp.webp?fit=1200%2C722&ssl=1&resize=350%2C200 1x, https:\/\/i0.wp.com\/noticiasribeiraopreto.com.br\/wp-content\/uploads\/2025\/12\/WhatsApp-Image-2025-11-23-at-09.17.43_2025-11-23_12-31-46-e1763901141919.webp.webp?fit=1200%2C722&ssl=1&resize=525%2C300 1.5x, https:\/\/i0.wp.com\/noticiasribeiraopreto.com.br\/wp-content\/uploads\/2025\/12\/WhatsApp-Image-2025-11-23-at-09.17.43_2025-11-23_12-31-46-e1763901141919.webp.webp?fit=1200%2C722&ssl=1&resize=700%2C400 2x, https:\/\/i0.wp.com\/noticiasribeiraopreto.com.br\/wp-content\/uploads\/2025\/12\/WhatsApp-Image-2025-11-23-at-09.17.43_2025-11-23_12-31-46-e1763901141919.webp.webp?fit=1200%2C722&ssl=1&resize=1050%2C600 3x"},"classes":[]},{"id":54525,"url":"https:\/\/noticiasribeiraopreto.com.br\/index.php\/2024\/07\/11\/inmet-emite-aviso-de-perigo-potencial-por-baixa-umidade-do-ar-para-cidades-do-interior-de-sp\/","url_meta":{"origin":74653,"position":5},"title":"Inmet emite aviso de perigo potencial por baixa umidade do ar para cidades do interior de SP","author":"noticiasribeiraopreto.com.br","date":"11 de July de 2024","format":false,"excerpt":"O Inmet (Instituto Nacional de Meteorologia) emitiu um novo aviso de perigo potencial por baixa umidade do ar para cidades do interior de S\u00e3o Paulo, entre elas, Ribeir\u00e3o Preto. O alerta \u00e9 v\u00e1lido das 11 \u00e0s 19h desta sexta-feira (12). Com o estado de aten\u00e7\u00e3o, por conta da umidade do\u2026","rel":"","context":"In &quot;Not\u00edcias de Ribeir\u00e3o Preto-SP e Regi\u00e3o&quot;","block_context":{"text":"Not\u00edcias de Ribeir\u00e3o Preto-SP e Regi\u00e3o","link":"https:\/\/noticiasribeiraopreto.com.br\/index.php\/category\/noticias-de-ribeirao-preto-sp-e-regiao-ismael-colosi\/"},"img":{"alt_text":"","src":"https:\/\/i0.wp.com\/noticiasribeiraopreto.com.br\/wp-content\/uploads\/2024\/07\/Copia-de-Copia-de-TAMANHO-EXATO-PARA-FOTOS-NO-SISTEMA-NOVO-6_2024-07-12_00-24-49_jpg_2024-07-12_00-24-49.webp.webp?fit=1200%2C675&ssl=1&resize=350%2C200","width":350,"height":200,"srcset":"https:\/\/i0.wp.com\/noticiasribeiraopreto.com.br\/wp-content\/uploads\/2024\/07\/Copia-de-Copia-de-TAMANHO-EXATO-PARA-FOTOS-NO-SISTEMA-NOVO-6_2024-07-12_00-24-49_jpg_2024-07-12_00-24-49.webp.webp?fit=1200%2C675&ssl=1&resize=350%2C200 1x, https:\/\/i0.wp.com\/noticiasribeiraopreto.com.br\/wp-content\/uploads\/2024\/07\/Copia-de-Copia-de-TAMANHO-EXATO-PARA-FOTOS-NO-SISTEMA-NOVO-6_2024-07-12_00-24-49_jpg_2024-07-12_00-24-49.webp.webp?fit=1200%2C675&ssl=1&resize=525%2C300 1.5x, https:\/\/i0.wp.com\/noticiasribeiraopreto.com.br\/wp-content\/uploads\/2024\/07\/Copia-de-Copia-de-TAMANHO-EXATO-PARA-FOTOS-NO-SISTEMA-NOVO-6_2024-07-12_00-24-49_jpg_2024-07-12_00-24-49.webp.webp?fit=1200%2C675&ssl=1&resize=700%2C400 2x, https:\/\/i0.wp.com\/noticiasribeiraopreto.com.br\/wp-content\/uploads\/2024\/07\/Copia-de-Copia-de-TAMANHO-EXATO-PARA-FOTOS-NO-SISTEMA-NOVO-6_2024-07-12_00-24-49_jpg_2024-07-12_00-24-49.webp.webp?fit=1200%2C675&ssl=1&resize=1050%2C600 3x"},"classes":[]}],"jetpack_sharing_enabled":true,"jetpack_shortlink":"https:\/\/wp.me\/peQAOb-jq5","_links":{"self":[{"href":"https:\/\/noticiasribeiraopreto.com.br\/index.php\/wp-json\/wp\/v2\/posts\/74653","targetHints":{"allow":["GET"]}}],"collection":[{"href":"https:\/\/noticiasribeiraopreto.com.br\/index.php\/wp-json\/wp\/v2\/posts"}],"about":[{"href":"https:\/\/noticiasribeiraopreto.com.br\/index.php\/wp-json\/wp\/v2\/types\/post"}],"author":[{"embeddable":true,"href":"https:\/\/noticiasribeiraopreto.com.br\/index.php\/wp-json\/wp\/v2\/users\/1"}],"replies":[{"embeddable":true,"href":"https:\/\/noticiasribeiraopreto.com.br\/index.php\/wp-json\/wp\/v2\/comments?post=74653"}],"version-history":[{"count":0,"href":"https:\/\/noticiasribeiraopreto.com.br\/index.php\/wp-json\/wp\/v2\/posts\/74653\/revisions"}],"wp:featuredmedia":[{"embeddable":true,"href":"https:\/\/noticiasribeiraopreto.com.br\/index.php\/wp-json\/wp\/v2\/media\/74654"}],"wp:attachment":[{"href":"https:\/\/noticiasribeiraopreto.com.br\/index.php\/wp-json\/wp\/v2\/media?parent=74653"}],"wp:term":[{"taxonomy":"category","embeddable":true,"href":"https:\/\/noticiasribeiraopreto.com.br\/index.php\/wp-json\/wp\/v2\/categories?post=74653"},{"taxonomy":"post_tag","embeddable":true,"href":"https:\/\/noticiasribeiraopreto.com.br\/index.php\/wp-json\/wp\/v2\/tags?post=74653"}],"curies":[{"name":"wp","href":"https:\/\/api.w.org\/{rel}","templated":true}]}}