{"id":74655,"date":"2025-07-26T15:12:33","date_gmt":"2025-07-26T18:12:33","guid":{"rendered":"https:\/\/noticiasribeiraopreto.com.br\/index.php\/2025\/07\/26\/aviao-capota-apos-pouso-de-emergencia-no-interior-de-sao-paulo\/"},"modified":"2025-07-26T15:12:33","modified_gmt":"2025-07-26T18:12:33","slug":"aviao-capota-apos-pouso-de-emergencia-no-interior-de-sao-paulo","status":"publish","type":"post","link":"https:\/\/noticiasribeiraopreto.com.br\/index.php\/2025\/07\/26\/aviao-capota-apos-pouso-de-emergencia-no-interior-de-sao-paulo\/","title":{"rendered":"Avi\u00e3o capota ap\u00f3s pouso de emerg\u00eancia no interior de S\u00e3o Paulo"},"content":{"rendered":"<div class='code-block code-block-1' style='margin: 8px 0 8px auto; text-align: right; display: block; clear: both;'>\n<p><a href=\"https:\/\/wa.link\/vpicfd\"><img data-recalc-dims=\"1\" class=\"wp-image-4922\" style=\"aspect-ratio: 2.0253164556962027; width: 561px; height: auto;\" src=\"https:\/\/i0.wp.com\/ismaelcolosi.com.br\/wp-content\/uploads\/2023\/11\/grupo-de-empregos-whatsapp-e-facebook-ismael-colosi-vagas.jpg?ssl=1\" alt=\"\" \/><\/a><\/p>\n<!-- \/wp:image -->\n<\/div>\n<p> <br \/>\n<\/p>\n<div data-td-block-uid=\"tdi_95\">\n<div class=\"tdb-block-inner td-fix-index\">\n<p>Um avi\u00e3o capotou ao fazer um pouso de emerg\u00eancia em <strong>Jundia\u00ed<\/strong>, no<strong> interior de S\u00e3o Paulo<\/strong>, na manh\u00e3 deste s\u00e1bado (26). Apenas o piloto estava na aeronave modelo <strong>Cessna 150 <\/strong>\u2013 <mark style=\"background-color:#fcb900\" class=\"has-inline-color has-black-color\">ele sobreviveu<\/mark>.<\/p>\n<p>Segundo a Rede Voa, respons\u00e1vel pelo aeroporto de Jundia\u00ed, o avi\u00e3o realizava um voo local para propaganda decolando do aeroporto de Vale Dourado, em Bragan\u00e7a Paulista, para onde retornaria.<\/p>\n<p>Durante o trajeto, <mark style=\"background-color:#fcb900\" class=\"has-inline-color has-black-color\">o piloto da aeronave relatou uma falha no moto<\/mark>r e declarou emerg\u00eancia na frequ\u00eancia da torre por volta das 11h. Ele tentou pousar no aeroporto de Jundia\u00ed, mas n\u00e3o conseguiu chegar ao local e realizou o pouso de emerg\u00eancia.<\/p>\n<h2 class=\"wp-block-heading\"><strong>Pr\u00f3ximo de rodovias<\/strong><\/h2>\n<p>O local, um campo aberto, fica pr\u00f3ximo das rodovias Bandeirantes e Anhanguera e est\u00e1 a 4,5 quil\u00f4metros da cabeceira do aeroporto de Jundia\u00ed.<\/p>\n<p>O Centro de Controle Operacional da Rede Voa prestou apoio atrav\u00e9s de informa\u00e7\u00f5es ao Corpo de Bombeiros e o Seripa (Servi\u00e7o Regional de Investiga\u00e7\u00e3o e Preven\u00e7\u00e3o de Acidentes Aeron\u00e1uticos) IV foi acionado.<\/p>\n<p>SAIBA MAIS<br \/>Empresa inicia doa\u00e7\u00e3o de \u00e1rea pr\u00f3xima \u00e0 marginal de avenida de Ribeir\u00e3o Preto<\/p>\n<h2 class=\"wp-block-heading\"><strong>FIQUE ON<\/strong><\/h2>\n<p>Fique ligado em tudo que acontece em Ribeir\u00e3o Preto e regi\u00e3o. Siga os perfis do<strong>\u00a0acidade on\u00a0<\/strong>no\u00a0<a href=\"https:\/\/www.instagram.com\/acidadeonribeirao\" target=\"_blank\" rel=\"noreferrer noopener\">Instagram\u00a0<\/a>e no\u00a0<a href=\"https:\/\/www.facebook.com\/acidadeonribeirao\/\" target=\"_blank\" rel=\"noreferrer noopener\">Facebook<\/a>.<\/p>\n<p>Receba not\u00edcias do\u00a0<strong>acidade on\u00a0<\/strong>no WhatsApp.\u00a0<a href=\"https:\/\/chat.whatsapp.com\/BjKQZ9oJwlz8VVT50NuePq\" target=\"_blank\" rel=\"noreferrer noopener\">Para entrar no grupo, basta clicar aqui.<\/a><\/p>\n<p>Fa\u00e7a uma den\u00fancia ou sugira uma reportagem sobre Ribeir\u00e3o Preto e regi\u00e3o pelo WhatsApp: 16 99117 7802.<\/p>\n<p>VEJA TAMB\u00c9M<br \/>Quanto custa o morango do amor?<\/p>\n<p><!-- AI CONTENT END 1 -->\n<\/div>\n<\/div>\n<p><script async src=\"\/\/www.instagram.com\/embed.js\"><\/script><br \/>\n<br \/><br \/>\n<br \/><a href=\"https:\/\/www.acidadeon.com\/ribeiraopreto\/cotidiano\/aviao-capota-apos-pouso-de-emergencia-no-interior-de-sao-paulo\/\">Source link <\/a><\/p>\n<!-- CONTENT END 1 -->\n","protected":false},"excerpt":{"rendered":"<p>Um avi\u00e3o capotou ao fazer um pouso de emerg\u00eancia em Jundia\u00ed, no interior de S\u00e3o Paulo, na manh\u00e3 deste s\u00e1bado (26). Apenas o piloto estava&#8230;<\/p>\n","protected":false},"author":1,"featured_media":74656,"comment_status":"open","ping_status":"open","sticky":false,"template":"","format":"standard","meta":{"advanced_seo_description":"","jetpack_seo_html_title":"","jetpack_seo_noindex":false,"jetpack_post_was_ever_published":false,"_jetpack_newsletter_access":"","_jetpack_dont_email_post_to_subs":false,"_jetpack_newsletter_tier_id":0,"_jetpack_memberships_contains_paywalled_content":false,"_jetpack_memberships_contains_paid_content":false,"footnotes":"","jetpack_publicize_message":"","jetpack_publicize_feature_enabled":true,"jetpack_social_post_already_shared":true,"jetpack_social_options":{"image_generator_settings":{"template":"highway","default_image_id":0,"font":"","enabled":false},"version":2}},"categories":[11],"tags":[],"class_list":["post-74655","post","type-post","status-publish","format-standard","has-post-thumbnail","hentry","category-noticias-de-ribeirao-preto-sp-e-regiao-ismael-colosi"],"jetpack_publicize_connections":[],"jetpack_featured_media_url":"https:\/\/i0.wp.com\/noticiasribeiraopreto.com.br\/wp-content\/uploads\/2025\/07\/pouso-de-emergencia_2025-07-26_17-26-03.webp.webp?fit=899%2C625&ssl=1","jetpack-related-posts":[{"id":74661,"url":"https:\/\/noticiasribeiraopreto.com.br\/index.php\/2025\/07\/26\/aviao-de-pequeno-porte-faz-pouso-de-emergencia-em-jundiai\/","url_meta":{"origin":74655,"position":0},"title":"Avi\u00e3o de pequeno porte faz pouso de emerg\u00eancia em Jundia\u00ed","author":"noticiasribeiraopreto.com.br","date":"26 de July de 2025","format":false,"excerpt":"26 de julho de 2025 15:393 Compartilhar0 Um avi\u00e3o de pequeno porte, modelo Cessna 150, prefixo PR-NIJ, realizou um pouso de emerg\u00eancia na manh\u00e3 deste s\u00e1bado (26), em uma \u00e1rea de campo aberto na regi\u00e3o da Malota, em Jundia\u00ed. A aeronave ficou totalmente destru\u00edda, mas n\u00e3o houve v\u00edtimas. De acordo\u2026","rel":"","context":"In &quot;Not\u00edcias de Ribeir\u00e3o Preto-SP e Regi\u00e3o&quot;","block_context":{"text":"Not\u00edcias de Ribeir\u00e3o Preto-SP e Regi\u00e3o","link":"https:\/\/noticiasribeiraopreto.com.br\/index.php\/category\/noticias-de-ribeirao-preto-sp-e-regiao-ismael-colosi\/"},"img":{"alt_text":"","src":"https:\/\/i0.wp.com\/noticiasribeiraopreto.com.br\/wp-content\/uploads\/2025\/07\/aviao_jundiai.jpg?fit=768%2C534&ssl=1&resize=350%2C200","width":350,"height":200,"srcset":"https:\/\/i0.wp.com\/noticiasribeiraopreto.com.br\/wp-content\/uploads\/2025\/07\/aviao_jundiai.jpg?fit=768%2C534&ssl=1&resize=350%2C200 1x, https:\/\/i0.wp.com\/noticiasribeiraopreto.com.br\/wp-content\/uploads\/2025\/07\/aviao_jundiai.jpg?fit=768%2C534&ssl=1&resize=525%2C300 1.5x, https:\/\/i0.wp.com\/noticiasribeiraopreto.com.br\/wp-content\/uploads\/2025\/07\/aviao_jundiai.jpg?fit=768%2C534&ssl=1&resize=700%2C400 2x"},"classes":[]},{"id":83956,"url":"https:\/\/noticiasribeiraopreto.com.br\/index.php\/2026\/03\/30\/turbina-explode-na-decolagem-em-guarulhos-e-aviao-faz-pouso-de-emergencia\/","url_meta":{"origin":74655,"position":1},"title":"Turbina explode na decolagem em Guarulhos, e avi\u00e3o faz pouso de emerg\u00eancia","author":"noticiasribeiraopreto.com.br","date":"30 de March de 2026","format":false,"excerpt":"\r \r \r 30 de mar\u00e7o de 2026 07:51 \r Compartilhar0 Um avi\u00e3o da Delta Airlines precisou realizar um pouso de emerg\u00eancia no Aeroporto Internacional de Guarulhos na noite deste domingo, 29, ap\u00f3s uma falha na turbina logo depois da decolagem. N\u00e3o h\u00e1 informa\u00e7\u00f5es de feridos. A aeronave partiu \u00e0s\u2026","rel":"","context":"In &quot;Not\u00edcias de Ribeir\u00e3o Preto-SP e Regi\u00e3o&quot;","block_context":{"text":"Not\u00edcias de Ribeir\u00e3o Preto-SP e Regi\u00e3o","link":"https:\/\/noticiasribeiraopreto.com.br\/index.php\/category\/noticias-de-ribeirao-preto-sp-e-regiao-ismael-colosi\/"},"img":{"alt_text":"","src":"https:\/\/i0.wp.com\/noticiasribeiraopreto.com.br\/wp-content\/uploads\/2026\/03\/turbina.webp.webp?fit=774%2C435&ssl=1&resize=350%2C200","width":350,"height":200,"srcset":"https:\/\/i0.wp.com\/noticiasribeiraopreto.com.br\/wp-content\/uploads\/2026\/03\/turbina.webp.webp?fit=774%2C435&ssl=1&resize=350%2C200 1x, https:\/\/i0.wp.com\/noticiasribeiraopreto.com.br\/wp-content\/uploads\/2026\/03\/turbina.webp.webp?fit=774%2C435&ssl=1&resize=525%2C300 1.5x, https:\/\/i0.wp.com\/noticiasribeiraopreto.com.br\/wp-content\/uploads\/2026\/03\/turbina.webp.webp?fit=774%2C435&ssl=1&resize=700%2C400 2x"},"classes":[]},{"id":63913,"url":"https:\/\/noticiasribeiraopreto.com.br\/index.php\/2025\/02\/25\/voo-da-gol-com-destino-a-congonhas-desvia-e-faz-pouso-de-emergencia-em-sp\/","url_meta":{"origin":74655,"position":2},"title":"Voo da Gol com destino a Congonhas desvia e faz pouso de emerg\u00eancia em SP","author":"noticiasribeiraopreto.com.br","date":"25 de February de 2025","format":false,"excerpt":"Um voo da companhia a\u00e9rea Gol que partiu do Rio de Janeiro com destino ao aeroporto de Congonhas, na zona sul de S\u00e3o Paulo, precisou desviar sua rota e pousar no aeroporto de Cumbica, em Guarulhos, na regi\u00e3o metropolitana da capital. A mudan\u00e7a aconteceu ap\u00f3s a aeronave ativar um plano\u2026","rel":"","context":"In &quot;Not\u00edcias de Ribeir\u00e3o Preto-SP e Regi\u00e3o&quot;","block_context":{"text":"Not\u00edcias de Ribeir\u00e3o Preto-SP e Regi\u00e3o","link":"https:\/\/noticiasribeiraopreto.com.br\/index.php\/category\/noticias-de-ribeirao-preto-sp-e-regiao-ismael-colosi\/"},"img":{"alt_text":"","src":"https:\/\/i0.wp.com\/noticiasribeiraopreto.com.br\/wp-content\/uploads\/2025\/02\/gol_2025-02-25_15-26-08_jpg_2025-02-25_15-26-09.webp.webp?fit=1164%2C696&ssl=1&resize=350%2C200","width":350,"height":200,"srcset":"https:\/\/i0.wp.com\/noticiasribeiraopreto.com.br\/wp-content\/uploads\/2025\/02\/gol_2025-02-25_15-26-08_jpg_2025-02-25_15-26-09.webp.webp?fit=1164%2C696&ssl=1&resize=350%2C200 1x, https:\/\/i0.wp.com\/noticiasribeiraopreto.com.br\/wp-content\/uploads\/2025\/02\/gol_2025-02-25_15-26-08_jpg_2025-02-25_15-26-09.webp.webp?fit=1164%2C696&ssl=1&resize=525%2C300 1.5x, https:\/\/i0.wp.com\/noticiasribeiraopreto.com.br\/wp-content\/uploads\/2025\/02\/gol_2025-02-25_15-26-08_jpg_2025-02-25_15-26-09.webp.webp?fit=1164%2C696&ssl=1&resize=700%2C400 2x, https:\/\/i0.wp.com\/noticiasribeiraopreto.com.br\/wp-content\/uploads\/2025\/02\/gol_2025-02-25_15-26-08_jpg_2025-02-25_15-26-09.webp.webp?fit=1164%2C696&ssl=1&resize=1050%2C600 3x"},"classes":[]},{"id":44752,"url":"https:\/\/noticiasribeiraopreto.com.br\/index.php\/2024\/03\/30\/localizados-destrocos-de-aviao-que-caiu-na-serra-do-japi-em-sao-paulo\/","url_meta":{"origin":74655,"position":3},"title":"Localizados destro\u00e7os de avi\u00e3o que caiu na Serra do Japi, em S\u00e3o Paulo","author":"noticiasribeiraopreto.com.br","date":"30 de March de 2024","format":false,"excerpt":"30 de mar\u00e7o de 2024 | 10:04 0 Os destro\u00e7os do avi\u00e3o bimotor que estava desaparecido\u00a0desde a noite de quinta-feira (28)\u00a0foram encontrados h\u00e1 pouco pelo\u00a0helic\u00f3ptero da Pol\u00edcia Militar de S\u00e3o Paulo. Imagens feitas a partir do \u00c1guia 10 da PM mostram peda\u00e7os de fuselagem em meio a mata na Serra\u2026","rel":"","context":"In &quot;Not\u00edcias de Ribeir\u00e3o Preto-SP e Regi\u00e3o&quot;","block_context":{"text":"Not\u00edcias de Ribeir\u00e3o Preto-SP e Regi\u00e3o","link":"https:\/\/noticiasribeiraopreto.com.br\/index.php\/category\/noticias-de-ribeirao-preto-sp-e-regiao-ismael-colosi\/"},"img":{"alt_text":"","src":"https:\/\/i0.wp.com\/noticiasribeiraopreto.com.br\/wp-content\/uploads\/2024\/03\/8dbb552d-f7d4-4bd1-8bf6-269367f00086.jpg?fit=1170%2C700&ssl=1&resize=350%2C200","width":350,"height":200,"srcset":"https:\/\/i0.wp.com\/noticiasribeiraopreto.com.br\/wp-content\/uploads\/2024\/03\/8dbb552d-f7d4-4bd1-8bf6-269367f00086.jpg?fit=1170%2C700&ssl=1&resize=350%2C200 1x, https:\/\/i0.wp.com\/noticiasribeiraopreto.com.br\/wp-content\/uploads\/2024\/03\/8dbb552d-f7d4-4bd1-8bf6-269367f00086.jpg?fit=1170%2C700&ssl=1&resize=525%2C300 1.5x, https:\/\/i0.wp.com\/noticiasribeiraopreto.com.br\/wp-content\/uploads\/2024\/03\/8dbb552d-f7d4-4bd1-8bf6-269367f00086.jpg?fit=1170%2C700&ssl=1&resize=700%2C400 2x, https:\/\/i0.wp.com\/noticiasribeiraopreto.com.br\/wp-content\/uploads\/2024\/03\/8dbb552d-f7d4-4bd1-8bf6-269367f00086.jpg?fit=1170%2C700&ssl=1&resize=1050%2C600 3x"},"classes":[]},{"id":2446,"url":"https:\/\/noticiasribeiraopreto.com.br\/index.php\/2023\/11\/15\/aviao-precisa-fazer-pouso-de-emergencia-por-causa-de-um-cavalo-e-caso-chama-atencao\/","url_meta":{"origin":74655,"position":4},"title":"Avi\u00e3o precisa fazer pouso de emerg\u00eancia por causa de um cavalo e caso chama aten\u00e7\u00e3o","author":"noticiasribeiraopreto.com.br","date":"15 de November de 2023","format":false,"excerpt":"Em um epis\u00f3dio digno de filme, os tripulantes de um avi\u00e3o de carga da Air Atlantic Icelandic viveram momentos inusitados durante um voo de Nova York para a B\u00e9lgica na \u00faltima quinta, dia 9 de novembro.Um cavalo, que deveria ser transportado no compartimento de carga, conseguiu se soltar misteriosamente, desencadeando\u2026","rel":"","context":"In &quot;Blog&quot;","block_context":{"text":"Blog","link":"https:\/\/noticiasribeiraopreto.com.br\/index.php\/category\/blog\/"},"img":{"alt_text":"","src":"https:\/\/i0.wp.com\/noticiasribeiraopreto.com.br\/wp-content\/uploads\/2023\/11\/postimg-655503dfb6aa85015.jpg?fit=1200%2C628&ssl=1&resize=350%2C200","width":350,"height":200,"srcset":"https:\/\/i0.wp.com\/noticiasribeiraopreto.com.br\/wp-content\/uploads\/2023\/11\/postimg-655503dfb6aa85015.jpg?fit=1200%2C628&ssl=1&resize=350%2C200 1x, https:\/\/i0.wp.com\/noticiasribeiraopreto.com.br\/wp-content\/uploads\/2023\/11\/postimg-655503dfb6aa85015.jpg?fit=1200%2C628&ssl=1&resize=525%2C300 1.5x, https:\/\/i0.wp.com\/noticiasribeiraopreto.com.br\/wp-content\/uploads\/2023\/11\/postimg-655503dfb6aa85015.jpg?fit=1200%2C628&ssl=1&resize=700%2C400 2x, https:\/\/i0.wp.com\/noticiasribeiraopreto.com.br\/wp-content\/uploads\/2023\/11\/postimg-655503dfb6aa85015.jpg?fit=1200%2C628&ssl=1&resize=1050%2C600 3x"},"classes":[]},{"id":74302,"url":"https:\/\/noticiasribeiraopreto.com.br\/index.php\/2025\/07\/19\/piloto-e-socorrido-apos-acidente-com-aviao-em-aeroporto-no-interior-de-sp\/","url_meta":{"origin":74655,"position":5},"title":"Piloto \u00e9 socorrido ap\u00f3s acidente com avi\u00e3o em aeroporto no interior de SP","author":"noticiasribeiraopreto.com.br","date":"19 de July de 2025","format":false,"excerpt":"O piloto de um avi\u00e3o de pequeno porte foi socorrido depois de sofrer um acidente com a aeronave na tarde desta sexta-feira (18), no aeroporto de Barretos, a 130 quil\u00f4metros de Ribeir\u00e3o Preto. A concession\u00e1ria ASP \u2013 Aeroportos Paulistas, respons\u00e1vel pela adminsita\u00e7\u00e3o do aeroporto, disse, por meio de nota de\u2026","rel":"","context":"In &quot;Not\u00edcias de Ribeir\u00e3o Preto-SP e Regi\u00e3o&quot;","block_context":{"text":"Not\u00edcias de Ribeir\u00e3o Preto-SP e Regi\u00e3o","link":"https:\/\/noticiasribeiraopreto.com.br\/index.php\/category\/noticias-de-ribeirao-preto-sp-e-regiao-ismael-colosi\/"},"img":{"alt_text":"","src":"https:\/\/i0.wp.com\/noticiasribeiraopreto.com.br\/wp-content\/uploads\/2025\/07\/WhatsApp-Image-2025-07-19-at-14.09.06-1_2025-07-19_17-25-07.webp.webp?fit=1200%2C784&ssl=1&resize=350%2C200","width":350,"height":200,"srcset":"https:\/\/i0.wp.com\/noticiasribeiraopreto.com.br\/wp-content\/uploads\/2025\/07\/WhatsApp-Image-2025-07-19-at-14.09.06-1_2025-07-19_17-25-07.webp.webp?fit=1200%2C784&ssl=1&resize=350%2C200 1x, https:\/\/i0.wp.com\/noticiasribeiraopreto.com.br\/wp-content\/uploads\/2025\/07\/WhatsApp-Image-2025-07-19-at-14.09.06-1_2025-07-19_17-25-07.webp.webp?fit=1200%2C784&ssl=1&resize=525%2C300 1.5x, https:\/\/i0.wp.com\/noticiasribeiraopreto.com.br\/wp-content\/uploads\/2025\/07\/WhatsApp-Image-2025-07-19-at-14.09.06-1_2025-07-19_17-25-07.webp.webp?fit=1200%2C784&ssl=1&resize=700%2C400 2x, https:\/\/i0.wp.com\/noticiasribeiraopreto.com.br\/wp-content\/uploads\/2025\/07\/WhatsApp-Image-2025-07-19-at-14.09.06-1_2025-07-19_17-25-07.webp.webp?fit=1200%2C784&ssl=1&resize=1050%2C600 3x"},"classes":[]}],"jetpack_sharing_enabled":true,"jetpack_shortlink":"https:\/\/wp.me\/peQAOb-jq7","_links":{"self":[{"href":"https:\/\/noticiasribeiraopreto.com.br\/index.php\/wp-json\/wp\/v2\/posts\/74655","targetHints":{"allow":["GET"]}}],"collection":[{"href":"https:\/\/noticiasribeiraopreto.com.br\/index.php\/wp-json\/wp\/v2\/posts"}],"about":[{"href":"https:\/\/noticiasribeiraopreto.com.br\/index.php\/wp-json\/wp\/v2\/types\/post"}],"author":[{"embeddable":true,"href":"https:\/\/noticiasribeiraopreto.com.br\/index.php\/wp-json\/wp\/v2\/users\/1"}],"replies":[{"embeddable":true,"href":"https:\/\/noticiasribeiraopreto.com.br\/index.php\/wp-json\/wp\/v2\/comments?post=74655"}],"version-history":[{"count":0,"href":"https:\/\/noticiasribeiraopreto.com.br\/index.php\/wp-json\/wp\/v2\/posts\/74655\/revisions"}],"wp:featuredmedia":[{"embeddable":true,"href":"https:\/\/noticiasribeiraopreto.com.br\/index.php\/wp-json\/wp\/v2\/media\/74656"}],"wp:attachment":[{"href":"https:\/\/noticiasribeiraopreto.com.br\/index.php\/wp-json\/wp\/v2\/media?parent=74655"}],"wp:term":[{"taxonomy":"category","embeddable":true,"href":"https:\/\/noticiasribeiraopreto.com.br\/index.php\/wp-json\/wp\/v2\/categories?post=74655"},{"taxonomy":"post_tag","embeddable":true,"href":"https:\/\/noticiasribeiraopreto.com.br\/index.php\/wp-json\/wp\/v2\/tags?post=74655"}],"curies":[{"name":"wp","href":"https:\/\/api.w.org\/{rel}","templated":true}]}}