{"id":74657,"date":"2025-07-26T15:18:56","date_gmt":"2025-07-26T18:18:56","guid":{"rendered":"https:\/\/noticiasribeiraopreto.com.br\/index.php\/2025\/07\/26\/veja-lista-dos-32-clubes-que-vao-elaborar-bases-do-fair-play-financeiro\/"},"modified":"2025-07-26T15:18:56","modified_gmt":"2025-07-26T18:18:56","slug":"veja-lista-dos-32-clubes-que-vao-elaborar-bases-do-fair-play-financeiro","status":"publish","type":"post","link":"https:\/\/noticiasribeiraopreto.com.br\/index.php\/2025\/07\/26\/veja-lista-dos-32-clubes-que-vao-elaborar-bases-do-fair-play-financeiro\/","title":{"rendered":"Veja lista dos 32 clubes que v\u00e3o elaborar bases do Fair Play Financeiro"},"content":{"rendered":"<div class='code-block code-block-1' style='margin: 8px 0 8px auto; text-align: right; display: block; clear: both;'>\n<p><a href=\"https:\/\/wa.link\/vpicfd\"><img data-recalc-dims=\"1\" class=\"wp-image-4922\" style=\"aspect-ratio: 2.0253164556962027; width: 561px; height: auto;\" src=\"https:\/\/i0.wp.com\/ismaelcolosi.com.br\/wp-content\/uploads\/2023\/11\/grupo-de-empregos-whatsapp-e-facebook-ismael-colosi-vagas.jpg?ssl=1\" alt=\"\" \/><\/a><\/p>\n<!-- \/wp:image -->\n<\/div>\n<p> <br \/>\n<\/p>\n<div data-td-block-uid=\"tdi_95\">\n<div class=\"tdb-block-inner td-fix-index\">\n<p>O <strong>Botafogo Futebol S.A.<\/strong>, de <strong>Ribeir\u00e3o Preto<\/strong>, est\u00e1 na lista de 32 clubes que v\u00e3o compor o grupo de trabalho que vai elaborar as bases do Fair Play Financeiro no futebol brasileiro. A portaria que consolida a composi\u00e7\u00e3o do grupo foi assinada na \u00faltima sexta-feira (25) pelo presidente da <strong><a href=\"https:\/\/www.cbf.com.br\/\" data-type=\"link\" data-id=\"https:\/\/www.cbf.com.br\/\" target=\"_blank\" rel=\"noopener\">CBF (Confedera\u00e7\u00e3o Brasileira de Futebol)<\/a><\/strong>, <strong>Samir Xaud<\/strong>.<\/p>\n<p>O plano ser\u00e1 apresentado em novembro. <mark style=\"background-color:#fcb900\" class=\"has-inline-color has-black-color\">A medida visa estabelecer melhores pr\u00e1ticas de governan\u00e7a \u00e0s agremia\u00e7\u00f5es que constituem o futebol brasileiro<\/mark>. A portaria sinaliza que a lista assegura \u201crepresentatividade e pluralidade regional\u201d.<\/p>\n<p>O Fair Play Financeiro foi uma das promessas de Xaud durante a curta campanha que teve. O discurso foi mantido ap\u00f3s a elei\u00e7\u00e3o. O dirigente apresentou o assunto entre as suas prioridades para o mandato que vai at\u00e9 2029.<\/p>\n<h2 class=\"wp-block-heading\"><strong>Veja a lista dos 32 clubes participantes<\/strong><\/h2>\n<ul class=\"wp-block-list\">\n<li>Red Bull Bragantino Futebol Ltda.<\/li>\n<\/ul>\n<ul class=\"wp-block-list\">\n<li>Sport Club Corinthians Paulista<\/li>\n<\/ul>\n<ul class=\"wp-block-list\">\n<li>Cruzeiro Esporte Clube SAF<\/li>\n<\/ul>\n<ul class=\"wp-block-list\">\n<li>Clube de Regatas do Flamengo<\/li>\n<\/ul>\n<ul class=\"wp-block-list\">\n<li>Gr\u00eamio Foot-Ball Porto Alegrense<\/li>\n<\/ul>\n<ul class=\"wp-block-list\">\n<li>Sociedade Esportiva Palmeiras<\/li>\n<\/ul>\n<ul class=\"wp-block-list\">\n<li>Am\u00e9rica Futebol Clube SAF<\/li>\n<\/ul>\n<ul class=\"wp-block-list\">\n<li>Clube Athletico Paranaense<\/li>\n<\/ul>\n<ul class=\"wp-block-list\">\n<li>Athletic Club Esportes SAF<\/li>\n<\/ul>\n<ul class=\"wp-block-list\">\n<li>Associa\u00e7\u00e3o Chapecoense de Futebol<\/li>\n<\/ul>\n<ul class=\"wp-block-list\">\n<li>Gr\u00eamio Novorizontino SAF<\/li>\n<\/ul>\n<p>(com informa\u00e7\u00f5es<strong> Estad\u00e3o Conte\u00fado<\/strong>)<\/p>\n<p>SAIBA MAIS<br \/>Empresa inicia doa\u00e7\u00e3o de \u00e1rea pr\u00f3xima \u00e0 marginal de avenida de Ribeir\u00e3o Preto<\/p>\n<h2 class=\"wp-block-heading\"><strong>FIQUE ON<\/strong><\/h2>\n<p>Fique ligado em tudo que acontece em Ribeir\u00e3o Preto e regi\u00e3o. Siga os perfis do<strong>\u00a0acidade on\u00a0<\/strong>no\u00a0<a href=\"https:\/\/www.instagram.com\/acidadeonribeirao\" target=\"_blank\" rel=\"noreferrer noopener\">Instagram\u00a0<\/a>e no\u00a0<a href=\"https:\/\/www.facebook.com\/acidadeonribeirao\/\" target=\"_blank\" rel=\"noreferrer noopener\">Facebook<\/a>.<\/p>\n<p>Receba not\u00edcias do\u00a0<strong>acidade on\u00a0<\/strong>no WhatsApp.\u00a0<a href=\"https:\/\/chat.whatsapp.com\/BjKQZ9oJwlz8VVT50NuePq\" target=\"_blank\" rel=\"noreferrer noopener\">Para entrar no grupo, basta clicar aqui.<\/a><\/p>\n<p>Fa\u00e7a uma den\u00fancia ou sugira uma reportagem sobre Ribeir\u00e3o Preto e regi\u00e3o pelo WhatsApp: 16 99117 7802.<\/p>\n<p>VEJA TAMB\u00c9M<br \/>Quanto custa o morango do amor?<\/p>\n<p><!-- AI CONTENT END 1 -->\n<\/div>\n<\/div>\n<p><script async src=\"\/\/www.instagram.com\/embed.js\"><\/script><br \/>\n<br \/><br \/>\n<br \/><a href=\"https:\/\/www.acidadeon.com\/ribeiraopreto\/esportes\/veja-lista-dos-32-clubes-que-vao-elaborar-bases-do-fair-play-financeiro\/\">Source link <\/a><\/p>\n<!-- CONTENT END 1 -->\n","protected":false},"excerpt":{"rendered":"<p>O Botafogo Futebol S.A., de Ribeir\u00e3o Preto, est\u00e1 na lista de 32 clubes que v\u00e3o compor o grupo de trabalho que vai elaborar as bases&#8230;<\/p>\n","protected":false},"author":1,"featured_media":74658,"comment_status":"open","ping_status":"open","sticky":false,"template":"","format":"standard","meta":{"advanced_seo_description":"","jetpack_seo_html_title":"","jetpack_seo_noindex":false,"jetpack_post_was_ever_published":false,"_jetpack_newsletter_access":"","_jetpack_dont_email_post_to_subs":false,"_jetpack_newsletter_tier_id":0,"_jetpack_memberships_contains_paywalled_content":false,"_jetpack_memberships_contains_paid_content":false,"footnotes":"","jetpack_publicize_message":"","jetpack_publicize_feature_enabled":true,"jetpack_social_post_already_shared":true,"jetpack_social_options":{"image_generator_settings":{"template":"highway","default_image_id":0,"font":"","enabled":false},"version":2}},"categories":[11],"tags":[],"class_list":["post-74657","post","type-post","status-publish","format-standard","has-post-thumbnail","hentry","category-noticias-de-ribeirao-preto-sp-e-regiao-ismael-colosi"],"jetpack_publicize_connections":[],"jetpack_featured_media_url":"https:\/\/i0.wp.com\/noticiasribeiraopreto.com.br\/wp-content\/uploads\/2025\/07\/samir-xaud_2025-07-26_16-53-19.webp.webp?fit=1200%2C800&ssl=1","jetpack-related-posts":[{"id":70360,"url":"https:\/\/noticiasribeiraopreto.com.br\/index.php\/2025\/05\/25\/samir-xaud-e-eleito-presidente-da-cbf\/","url_meta":{"origin":74657,"position":0},"title":"Samir Xaud \u00e9 eleito presidente da CBF","author":"noticiasribeiraopreto.com.br","date":"25 de May de 2025","format":false,"excerpt":"25 de maio de 2025 12:263 Compartilhar0 Neste domingo (25) Samir Xaud foi eleito presidente da Confedera\u00e7\u00e3o Brasileira de Futebol (CBF), sucedendo Ednaldo Rodrigues. Aos 41 anos, o m\u00e9dico e empres\u00e1rio de Roraima assume o comando da entidade m\u00e1xima do futebol brasileiro at\u00e9 2029, ap\u00f3s uma elei\u00e7\u00e3o marcada por apoio\u2026","rel":"","context":"In &quot;Not\u00edcias de Ribeir\u00e3o Preto-SP e Regi\u00e3o&quot;","block_context":{"text":"Not\u00edcias de Ribeir\u00e3o Preto-SP e Regi\u00e3o","link":"https:\/\/noticiasribeiraopreto.com.br\/index.php\/category\/noticias-de-ribeirao-preto-sp-e-regiao-ismael-colosi\/"},"img":{"alt_text":"","src":"https:\/\/i0.wp.com\/noticiasribeiraopreto.com.br\/wp-content\/uploads\/2025\/05\/samir_cbf.jpg?fit=1170%2C700&ssl=1&resize=350%2C200","width":350,"height":200,"srcset":"https:\/\/i0.wp.com\/noticiasribeiraopreto.com.br\/wp-content\/uploads\/2025\/05\/samir_cbf.jpg?fit=1170%2C700&ssl=1&resize=350%2C200 1x, https:\/\/i0.wp.com\/noticiasribeiraopreto.com.br\/wp-content\/uploads\/2025\/05\/samir_cbf.jpg?fit=1170%2C700&ssl=1&resize=525%2C300 1.5x, https:\/\/i0.wp.com\/noticiasribeiraopreto.com.br\/wp-content\/uploads\/2025\/05\/samir_cbf.jpg?fit=1170%2C700&ssl=1&resize=700%2C400 2x, https:\/\/i0.wp.com\/noticiasribeiraopreto.com.br\/wp-content\/uploads\/2025\/05\/samir_cbf.jpg?fit=1170%2C700&ssl=1&resize=1050%2C600 3x"},"classes":[]},{"id":70377,"url":"https:\/\/noticiasribeiraopreto.com.br\/index.php\/2025\/05\/25\/em-eleicao-marcada-por-boicote-de-clubes-cbf-elege-novo-presidente-saiba-quem-e\/","url_meta":{"origin":74657,"position":1},"title":"Em elei\u00e7\u00e3o marcada por boicote de clubes, CBF elege novo presidente; saiba quem \u00e9","author":"noticiasribeiraopreto.com.br","date":"25 de May de 2025","format":false,"excerpt":"Samir Xaud, dirigente de Roraima, foi eleito presidente da Confedera\u00e7\u00e3o Brasileira de Futebol (CBF) na manh\u00e3 deste domingo (25), em elei\u00e7\u00e3o realizada na sede da entidade, no Rio de Janeiro. A vota\u00e7\u00e3o foi marcada pelo boicote de parte dos clubes, que rejeitaram a participa\u00e7\u00e3o no pleito, incluindo a proposta de\u2026","rel":"","context":"In &quot;Not\u00edcias de Ribeir\u00e3o Preto-SP e Regi\u00e3o&quot;","block_context":{"text":"Not\u00edcias de Ribeir\u00e3o Preto-SP e Regi\u00e3o","link":"https:\/\/noticiasribeiraopreto.com.br\/index.php\/category\/noticias-de-ribeirao-preto-sp-e-regiao-ismael-colosi\/"},"img":{"alt_text":"","src":"https:\/\/i0.wp.com\/noticiasribeiraopreto.com.br\/wp-content\/uploads\/2025\/05\/Copia-de-Copia-de-Copia-de-TAMANHO-EXATO-PARA-FOTOS-NO-SISTEMA-NOVO-95_2025-05-25_18-28-55.webp.webp?fit=1200%2C675&ssl=1&resize=350%2C200","width":350,"height":200,"srcset":"https:\/\/i0.wp.com\/noticiasribeiraopreto.com.br\/wp-content\/uploads\/2025\/05\/Copia-de-Copia-de-Copia-de-TAMANHO-EXATO-PARA-FOTOS-NO-SISTEMA-NOVO-95_2025-05-25_18-28-55.webp.webp?fit=1200%2C675&ssl=1&resize=350%2C200 1x, https:\/\/i0.wp.com\/noticiasribeiraopreto.com.br\/wp-content\/uploads\/2025\/05\/Copia-de-Copia-de-Copia-de-TAMANHO-EXATO-PARA-FOTOS-NO-SISTEMA-NOVO-95_2025-05-25_18-28-55.webp.webp?fit=1200%2C675&ssl=1&resize=525%2C300 1.5x, https:\/\/i0.wp.com\/noticiasribeiraopreto.com.br\/wp-content\/uploads\/2025\/05\/Copia-de-Copia-de-Copia-de-TAMANHO-EXATO-PARA-FOTOS-NO-SISTEMA-NOVO-95_2025-05-25_18-28-55.webp.webp?fit=1200%2C675&ssl=1&resize=700%2C400 2x, https:\/\/i0.wp.com\/noticiasribeiraopreto.com.br\/wp-content\/uploads\/2025\/05\/Copia-de-Copia-de-Copia-de-TAMANHO-EXATO-PARA-FOTOS-NO-SISTEMA-NOVO-95_2025-05-25_18-28-55.webp.webp?fit=1200%2C675&ssl=1&resize=1050%2C600 3x"},"classes":[]},{"id":70058,"url":"https:\/\/noticiasribeiraopreto.com.br\/index.php\/2025\/05\/22\/botafogo-anuncia-boicote-da-eleicao-da-cbf-veja-o-motivo\/","url_meta":{"origin":74657,"position":2},"title":"Botafogo anuncia boicote da elei\u00e7\u00e3o da CBF; Veja o motivo","author":"noticiasribeiraopreto.com.br","date":"22 de May de 2025","format":false,"excerpt":"O Botafogo de Ribeir\u00e3o Preto \u00e9 um dos 20 clubes que v\u00e3o boicotar a elei\u00e7\u00e3o da CBF (Confedera\u00e7\u00e3o Brasileira de Futebol), que acontece no pr\u00f3ximo domingo (25). O Pantera apoiava a candidatura do presidente da FPF (Federa\u00e7\u00e3o Paulista de Futebol (FPF), Reinaldo Carneiro Bastos, que n\u00e3o conseguiu registrar uma chapa.\u2026","rel":"","context":"In &quot;Not\u00edcias de Ribeir\u00e3o Preto-SP e Regi\u00e3o&quot;","block_context":{"text":"Not\u00edcias de Ribeir\u00e3o Preto-SP e Regi\u00e3o","link":"https:\/\/noticiasribeiraopreto.com.br\/index.php\/category\/noticias-de-ribeirao-preto-sp-e-regiao-ismael-colosi\/"},"img":{"alt_text":"","src":"https:\/\/i0.wp.com\/noticiasribeiraopreto.com.br\/wp-content\/uploads\/2024\/12\/botafogo-arena_2024-12-15_17-13-24_jpg_2024-12-15_17-13-24.webp.webp?fit=1200%2C799&ssl=1&resize=350%2C200","width":350,"height":200,"srcset":"https:\/\/i0.wp.com\/noticiasribeiraopreto.com.br\/wp-content\/uploads\/2024\/12\/botafogo-arena_2024-12-15_17-13-24_jpg_2024-12-15_17-13-24.webp.webp?fit=1200%2C799&ssl=1&resize=350%2C200 1x, https:\/\/i0.wp.com\/noticiasribeiraopreto.com.br\/wp-content\/uploads\/2024\/12\/botafogo-arena_2024-12-15_17-13-24_jpg_2024-12-15_17-13-24.webp.webp?fit=1200%2C799&ssl=1&resize=525%2C300 1.5x, https:\/\/i0.wp.com\/noticiasribeiraopreto.com.br\/wp-content\/uploads\/2024\/12\/botafogo-arena_2024-12-15_17-13-24_jpg_2024-12-15_17-13-24.webp.webp?fit=1200%2C799&ssl=1&resize=700%2C400 2x, https:\/\/i0.wp.com\/noticiasribeiraopreto.com.br\/wp-content\/uploads\/2024\/12\/botafogo-arena_2024-12-15_17-13-24_jpg_2024-12-15_17-13-24.webp.webp?fit=1200%2C799&ssl=1&resize=1050%2C600 3x"},"classes":[]},{"id":78054,"url":"https:\/\/noticiasribeiraopreto.com.br\/index.php\/2025\/10\/01\/cbf-revoluciona-calendario-do-futebol-brasileiro-para-2026\/","url_meta":{"origin":74657,"position":3},"title":"CBF revoluciona calend\u00e1rio do futebol brasileiro para 2026","author":"noticiasribeiraopreto.com.br","date":"1 de October de 2025","format":false,"excerpt":"Brasileir\u00e3o come\u00e7a em janeiro; entidade cria novas competi\u00e7\u00f5es regionais e altera torneios nacionais 1 de outubro de 2025 13:221 de outubro de 2025 13:244 Compartilhar1 A Confedera\u00e7\u00e3o Brasileira de Futebol (CBF) oficializou nesta quarta-feira (1\u00ba) o novo calend\u00e1rio do futebol brasileiro, que entrar\u00e1 em vigor para o pr\u00f3ximo quadri\u00eanio, entre\u2026","rel":"","context":"In &quot;Not\u00edcias de Ribeir\u00e3o Preto-SP e Regi\u00e3o&quot;","block_context":{"text":"Not\u00edcias de Ribeir\u00e3o Preto-SP e Regi\u00e3o","link":"https:\/\/noticiasribeiraopreto.com.br\/index.php\/category\/noticias-de-ribeirao-preto-sp-e-regiao-ismael-colosi\/"},"img":{"alt_text":"","src":"https:\/\/i0.wp.com\/noticiasribeiraopreto.com.br\/wp-content\/uploads\/2025\/10\/4-Novo-calendario-CBF-Rafael-Ribeiro_CBF.jpg?fit=799%2C515&ssl=1&resize=350%2C200","width":350,"height":200,"srcset":"https:\/\/i0.wp.com\/noticiasribeiraopreto.com.br\/wp-content\/uploads\/2025\/10\/4-Novo-calendario-CBF-Rafael-Ribeiro_CBF.jpg?fit=799%2C515&ssl=1&resize=350%2C200 1x, https:\/\/i0.wp.com\/noticiasribeiraopreto.com.br\/wp-content\/uploads\/2025\/10\/4-Novo-calendario-CBF-Rafael-Ribeiro_CBF.jpg?fit=799%2C515&ssl=1&resize=525%2C300 1.5x, https:\/\/i0.wp.com\/noticiasribeiraopreto.com.br\/wp-content\/uploads\/2025\/10\/4-Novo-calendario-CBF-Rafael-Ribeiro_CBF.jpg?fit=799%2C515&ssl=1&resize=700%2C400 2x"},"classes":[]},{"id":70396,"url":"https:\/\/noticiasribeiraopreto.com.br\/index.php\/2025\/05\/25\/ancelotti-desembarca-no-brasil-para-comandar-a-selecao\/","url_meta":{"origin":74657,"position":4},"title":"Ancelotti desembarca no Brasil para comandar a sele\u00e7\u00e3o","author":"noticiasribeiraopreto.com.br","date":"25 de May de 2025","format":false,"excerpt":"25 de maio de 2025 22:482 Compartilhar0 Carlo Ancelotti est\u00e1 entre n\u00f3s. O t\u00e9cnico mais vitorioso de sua era no futebol desembarcou no Rio de Janeiro na noite deste domingo, 25, no aeroporto do Gale\u00e3o. Ancelotti foi para a Barra da Tijuca, onde ficar\u00e1 hospedado em um hotel. Neste mesmo\u2026","rel":"","context":"In &quot;Not\u00edcias de Ribeir\u00e3o Preto-SP e Regi\u00e3o&quot;","block_context":{"text":"Not\u00edcias de Ribeir\u00e3o Preto-SP e Regi\u00e3o","link":"https:\/\/noticiasribeiraopreto.com.br\/index.php\/category\/noticias-de-ribeirao-preto-sp-e-regiao-ismael-colosi\/"},"img":{"alt_text":"","src":"https:\/\/i0.wp.com\/noticiasribeiraopreto.com.br\/wp-content\/uploads\/2025\/05\/anceloti.jpg?fit=888%2C626&ssl=1&resize=350%2C200","width":350,"height":200,"srcset":"https:\/\/i0.wp.com\/noticiasribeiraopreto.com.br\/wp-content\/uploads\/2025\/05\/anceloti.jpg?fit=888%2C626&ssl=1&resize=350%2C200 1x, https:\/\/i0.wp.com\/noticiasribeiraopreto.com.br\/wp-content\/uploads\/2025\/05\/anceloti.jpg?fit=888%2C626&ssl=1&resize=525%2C300 1.5x, https:\/\/i0.wp.com\/noticiasribeiraopreto.com.br\/wp-content\/uploads\/2025\/05\/anceloti.jpg?fit=888%2C626&ssl=1&resize=700%2C400 2x"},"classes":[]},{"id":81156,"url":"https:\/\/noticiasribeiraopreto.com.br\/index.php\/2025\/12\/25\/comercial-fica-de-fora-de-patrocinio-coletivo-da-fpf-e-rivalo\/","url_meta":{"origin":74657,"position":5},"title":"Comercial fica de fora de patroc\u00ednio coletivo da FPF e Rivalo","author":"noticiasribeiraopreto.com.br","date":"25 de December de 2025","format":false,"excerpt":"Igor Ramos A Federa\u00e7\u00e3o Paulista de Futebol e a Rivalo, uma das marcas pioneiras em apostas esportivas na Am\u00e9rica Latina, firmaram acordo para o maior patroc\u00ednio coletivo da hist\u00f3ria do futebol brasileiro, consolidando a casa como a principal apoiadora do esporte no estado e uma das maiores investidoras do pa\u00eds.\u2026","rel":"","context":"In &quot;Not\u00edcias de Ribeir\u00e3o Preto-SP e Regi\u00e3o&quot;","block_context":{"text":"Not\u00edcias de Ribeir\u00e3o Preto-SP e Regi\u00e3o","link":"https:\/\/noticiasribeiraopreto.com.br\/index.php\/category\/noticias-de-ribeirao-preto-sp-e-regiao-ismael-colosi\/"},"img":{"alt_text":"","src":"https:\/\/i0.wp.com\/noticiasribeiraopreto.com.br\/wp-content\/uploads\/2025\/12\/clubes-rivalo-scaled.jpeg?fit=624%2C780&ssl=1&resize=350%2C200","width":350,"height":200,"srcset":"https:\/\/i0.wp.com\/noticiasribeiraopreto.com.br\/wp-content\/uploads\/2025\/12\/clubes-rivalo-scaled.jpeg?fit=624%2C780&ssl=1&resize=350%2C200 1x, https:\/\/i0.wp.com\/noticiasribeiraopreto.com.br\/wp-content\/uploads\/2025\/12\/clubes-rivalo-scaled.jpeg?fit=624%2C780&ssl=1&resize=525%2C300 1.5x"},"classes":[]}],"jetpack_sharing_enabled":true,"jetpack_shortlink":"https:\/\/wp.me\/peQAOb-jq9","_links":{"self":[{"href":"https:\/\/noticiasribeiraopreto.com.br\/index.php\/wp-json\/wp\/v2\/posts\/74657","targetHints":{"allow":["GET"]}}],"collection":[{"href":"https:\/\/noticiasribeiraopreto.com.br\/index.php\/wp-json\/wp\/v2\/posts"}],"about":[{"href":"https:\/\/noticiasribeiraopreto.com.br\/index.php\/wp-json\/wp\/v2\/types\/post"}],"author":[{"embeddable":true,"href":"https:\/\/noticiasribeiraopreto.com.br\/index.php\/wp-json\/wp\/v2\/users\/1"}],"replies":[{"embeddable":true,"href":"https:\/\/noticiasribeiraopreto.com.br\/index.php\/wp-json\/wp\/v2\/comments?post=74657"}],"version-history":[{"count":0,"href":"https:\/\/noticiasribeiraopreto.com.br\/index.php\/wp-json\/wp\/v2\/posts\/74657\/revisions"}],"wp:featuredmedia":[{"embeddable":true,"href":"https:\/\/noticiasribeiraopreto.com.br\/index.php\/wp-json\/wp\/v2\/media\/74658"}],"wp:attachment":[{"href":"https:\/\/noticiasribeiraopreto.com.br\/index.php\/wp-json\/wp\/v2\/media?parent=74657"}],"wp:term":[{"taxonomy":"category","embeddable":true,"href":"https:\/\/noticiasribeiraopreto.com.br\/index.php\/wp-json\/wp\/v2\/categories?post=74657"},{"taxonomy":"post_tag","embeddable":true,"href":"https:\/\/noticiasribeiraopreto.com.br\/index.php\/wp-json\/wp\/v2\/tags?post=74657"}],"curies":[{"name":"wp","href":"https:\/\/api.w.org\/{rel}","templated":true}]}}