{"id":74659,"date":"2025-07-26T15:25:14","date_gmt":"2025-07-26T18:25:14","guid":{"rendered":"https:\/\/noticiasribeiraopreto.com.br\/index.php\/2025\/07\/26\/transito-e-liberado-entre-pontes-que-conectam-as-regioes-leste-e-sul-de-ribeirao-preto\/"},"modified":"2025-07-26T15:25:14","modified_gmt":"2025-07-26T18:25:14","slug":"transito-e-liberado-entre-pontes-que-conectam-as-regioes-leste-e-sul-de-ribeirao-preto","status":"publish","type":"post","link":"https:\/\/noticiasribeiraopreto.com.br\/index.php\/2025\/07\/26\/transito-e-liberado-entre-pontes-que-conectam-as-regioes-leste-e-sul-de-ribeirao-preto\/","title":{"rendered":"Tr\u00e2nsito \u00e9 liberado entre pontes que conectam as regi\u00f5es Leste e Sul de Ribeir\u00e3o Preto"},"content":{"rendered":"<div class='code-block code-block-1' style='margin: 8px 0 8px auto; text-align: right; display: block; clear: both;'>\n<p><a href=\"https:\/\/wa.link\/vpicfd\"><img data-recalc-dims=\"1\" class=\"wp-image-4922\" style=\"aspect-ratio: 2.0253164556962027; width: 561px; height: auto;\" src=\"https:\/\/i0.wp.com\/ismaelcolosi.com.br\/wp-content\/uploads\/2023\/11\/grupo-de-empregos-whatsapp-e-facebook-ismael-colosi-vagas.jpg?ssl=1\" alt=\"\" \/><\/a><\/p>\n<!-- \/wp:image -->\n<\/div>\n<p> <br \/>\n<\/p>\n<div data-td-block-uid=\"tdi_95\">\n<div class=\"tdb-block-inner td-fix-index\">\n<p>O tr\u00e2nsito entre as duas pontes que ligam as regi\u00f5es Leste e Sul de <strong>Ribeir\u00e3o Preto<\/strong> foi liberado na manh\u00e3 deste s\u00e1bado (26). A obra custou R$ 8,3 milh\u00f5es e foi realizada pela empresa Autem Engenharia Ltda.<\/p>\n<p>As pontes cortam a <strong>avenida Maur\u00edlio Biagi <\/strong>e<mark style=\"background-color:#fcb900\" class=\"has-inline-color has-black-color\"> ligam a avenida Le\u00e3o XIII \u00e0s ruas Olderige Margarido e Domingos Adilson Canesin, que d\u00e3o acesso \u00e0 avenida Carlos Eduardo de Gasperi Consoni.<\/mark><\/p>\n<h2 class=\"wp-block-heading\"><strong>Novas liga\u00e7\u00f5es<\/strong><\/h2>\n<p>As pontes v\u00e3o oferecer novas liga\u00e7\u00f5es para os bairros City Ribeir\u00e3o, Jardim Manoel Penha, Riber\u00e2nia, Nova Riber\u00e2nia, Jardim S\u00e3o Lu\u00eds, Santa Cruz, Jardim Palma Travassos, Jardim Bot\u00e2nico, Jardim Iraj\u00e1 e Bosque dos Juritis.<\/p>\n<p>A constru\u00e7\u00e3o exigiu a remo\u00e7\u00e3o de algumas \u00e1rvores. Como medida compensat\u00f3ria, a empresa respons\u00e1vel j\u00e1 realizou o plantio de mais de 6.650 mudas de esp\u00e9cies nativas em uma \u00e1rea de 40 mil m\u00b2 no Distrito Empresarial.<\/p>\n<p>SAIBA MAIS<br \/>Empresa inicia doa\u00e7\u00e3o de \u00e1rea pr\u00f3xima \u00e0 marginal de avenida de Ribeir\u00e3o Preto<\/p>\n<h2 class=\"wp-block-heading\"><strong>FIQUE ON<\/strong><\/h2>\n<p>Fique ligado em tudo que acontece em Ribeir\u00e3o Preto e regi\u00e3o. Siga os perfis do<strong>\u00a0acidade on\u00a0<\/strong>no\u00a0<a href=\"https:\/\/www.instagram.com\/acidadeonribeirao\" target=\"_blank\" rel=\"noreferrer noopener\">Instagram\u00a0<\/a>e no\u00a0<a href=\"https:\/\/www.facebook.com\/acidadeonribeirao\/\" target=\"_blank\" rel=\"noreferrer noopener\">Facebook<\/a>.<\/p>\n<p>Receba not\u00edcias do\u00a0<strong>acidade on\u00a0<\/strong>no WhatsApp.\u00a0<a href=\"https:\/\/chat.whatsapp.com\/BjKQZ9oJwlz8VVT50NuePq\" target=\"_blank\" rel=\"noreferrer noopener\">Para entrar no grupo, basta clicar aqui.<\/a><\/p>\n<p>Fa\u00e7a uma den\u00fancia ou sugira uma reportagem sobre Ribeir\u00e3o Preto e regi\u00e3o pelo WhatsApp: 16 99117 7802.<\/p>\n<p>VEJA TAMB\u00c9M<br \/>Quanto custa o morango do amor?<\/p>\n<p><!-- AI CONTENT END 1 -->\n<\/div>\n<\/div>\n<p><script async src=\"\/\/www.instagram.com\/embed.js\"><\/script><br \/>\n<br \/><br \/>\n<br \/><a href=\"https:\/\/www.acidadeon.com\/ribeiraopreto\/cotidiano\/transito-e-liberado-entre-pontes-que-conectam-as-regioes-leste-e-sul-de-ribeirao-preto\/\">Source link <\/a><\/p>\n<!-- CONTENT END 1 -->\n","protected":false},"excerpt":{"rendered":"<p>O tr\u00e2nsito entre as duas pontes que ligam as regi\u00f5es Leste e Sul de Ribeir\u00e3o Preto foi liberado na manh\u00e3 deste s\u00e1bado (26). A obra&#8230;<\/p>\n","protected":false},"author":1,"featured_media":74660,"comment_status":"open","ping_status":"open","sticky":false,"template":"","format":"standard","meta":{"advanced_seo_description":"","jetpack_seo_html_title":"","jetpack_seo_noindex":false,"jetpack_post_was_ever_published":false,"_jetpack_newsletter_access":"","_jetpack_dont_email_post_to_subs":false,"_jetpack_newsletter_tier_id":0,"_jetpack_memberships_contains_paywalled_content":false,"_jetpack_memberships_contains_paid_content":false,"footnotes":"","jetpack_publicize_message":"","jetpack_publicize_feature_enabled":true,"jetpack_social_post_already_shared":true,"jetpack_social_options":{"image_generator_settings":{"template":"highway","default_image_id":0,"font":"","enabled":false},"version":2}},"categories":[11],"tags":[],"class_list":["post-74659","post","type-post","status-publish","format-standard","has-post-thumbnail","hentry","category-noticias-de-ribeirao-preto-sp-e-regiao-ismael-colosi"],"jetpack_publicize_connections":[],"jetpack_featured_media_url":"https:\/\/i0.wp.com\/noticiasribeiraopreto.com.br\/wp-content\/uploads\/2025\/07\/pontes-liberadas_2025-07-26_15-54-12.webp.webp?fit=1200%2C700&ssl=1","jetpack-related-posts":[{"id":74405,"url":"https:\/\/noticiasribeiraopreto.com.br\/index.php\/2025\/07\/22\/pontes-entre-as-regioes-leste-e-sul-de-ribeirao-preto-ganham-data-de-inauguracao\/","url_meta":{"origin":74659,"position":0},"title":"Pontes entre as regi\u00f5es Leste e Sul de Ribeir\u00e3o Preto ganham data de inaugura\u00e7\u00e3o","author":"noticiasribeiraopreto.com.br","date":"22 de July de 2025","format":false,"excerpt":"O prefeito de Ribeir\u00e3o Preto, Ricardo Silva (PSD), anunciou que as duas pontes que v\u00e3o ligar as avenidas Le\u00e3o XIII e Carlos Consoni ser\u00e3o inauguradas no pr\u00f3ximo s\u00e1bado (26). A obra custou R$ 8,3 milh\u00f5es e foi realizada pela empresa Autem Engenharia Ltda. As pontes conectam as regi\u00f5es Leste e\u2026","rel":"","context":"In &quot;Not\u00edcias de Ribeir\u00e3o Preto-SP e Regi\u00e3o&quot;","block_context":{"text":"Not\u00edcias de Ribeir\u00e3o Preto-SP e Regi\u00e3o","link":"https:\/\/noticiasribeiraopreto.com.br\/index.php\/category\/noticias-de-ribeirao-preto-sp-e-regiao-ismael-colosi\/"},"img":{"alt_text":"","src":"https:\/\/i0.wp.com\/noticiasribeiraopreto.com.br\/wp-content\/uploads\/2025\/07\/novas-pontes_2025-07-22_14-54-01.webp.webp?fit=1200%2C755&ssl=1&resize=350%2C200","width":350,"height":200,"srcset":"https:\/\/i0.wp.com\/noticiasribeiraopreto.com.br\/wp-content\/uploads\/2025\/07\/novas-pontes_2025-07-22_14-54-01.webp.webp?fit=1200%2C755&ssl=1&resize=350%2C200 1x, https:\/\/i0.wp.com\/noticiasribeiraopreto.com.br\/wp-content\/uploads\/2025\/07\/novas-pontes_2025-07-22_14-54-01.webp.webp?fit=1200%2C755&ssl=1&resize=525%2C300 1.5x, https:\/\/i0.wp.com\/noticiasribeiraopreto.com.br\/wp-content\/uploads\/2025\/07\/novas-pontes_2025-07-22_14-54-01.webp.webp?fit=1200%2C755&ssl=1&resize=700%2C400 2x, https:\/\/i0.wp.com\/noticiasribeiraopreto.com.br\/wp-content\/uploads\/2025\/07\/novas-pontes_2025-07-22_14-54-01.webp.webp?fit=1200%2C755&ssl=1&resize=1050%2C600 3x"},"classes":[]},{"id":74453,"url":"https:\/\/noticiasribeiraopreto.com.br\/index.php\/2025\/07\/23\/prefeitura-vai-inaugurar-pontes-tribuna-ribeirao\/","url_meta":{"origin":74659,"position":1},"title":"Prefeitura vai inaugurar pontes &#8211; Tribuna Ribeir\u00e3o","author":"noticiasribeiraopreto.com.br","date":"23 de July de 2025","format":false,"excerpt":"23 de julho de 2025 08:3022 de julho de 2025 19:428 Compartilhar0 As duas pontes sobre o c\u00f3rrego Retiro Saudoso, na avenida Maur\u00edlio Biagi, Zona Leste de Ribeir\u00e3o Preto, ser\u00e3o inauguradas neste s\u00e1bado, 26 de julho, segundo an\u00fancio feito pelo prefeito Ricardo Silva (PSD) nesta ter\u00e7a-feira (22). Uma das pontes\u2026","rel":"","context":"In &quot;Not\u00edcias de Ribeir\u00e3o Preto-SP e Regi\u00e3o&quot;","block_context":{"text":"Not\u00edcias de Ribeir\u00e3o Preto-SP e Regi\u00e3o","link":"https:\/\/noticiasribeiraopreto.com.br\/index.php\/category\/noticias-de-ribeirao-preto-sp-e-regiao-ismael-colosi\/"},"img":{"alt_text":"","src":"https:\/\/i0.wp.com\/noticiasribeiraopreto.com.br\/wp-content\/uploads\/2025\/07\/PontesMAU-Alfredo-Risk-scaled.jpg?fit=1040%2C780&ssl=1&resize=350%2C200","width":350,"height":200,"srcset":"https:\/\/i0.wp.com\/noticiasribeiraopreto.com.br\/wp-content\/uploads\/2025\/07\/PontesMAU-Alfredo-Risk-scaled.jpg?fit=1040%2C780&ssl=1&resize=350%2C200 1x, https:\/\/i0.wp.com\/noticiasribeiraopreto.com.br\/wp-content\/uploads\/2025\/07\/PontesMAU-Alfredo-Risk-scaled.jpg?fit=1040%2C780&ssl=1&resize=525%2C300 1.5x, https:\/\/i0.wp.com\/noticiasribeiraopreto.com.br\/wp-content\/uploads\/2025\/07\/PontesMAU-Alfredo-Risk-scaled.jpg?fit=1040%2C780&ssl=1&resize=700%2C400 2x"},"classes":[]},{"id":72533,"url":"https:\/\/noticiasribeiraopreto.com.br\/index.php\/2025\/06\/18\/quatro-trechos-serao-fechados-no-entorno-de-obra-na-maurilio-biagi\/","url_meta":{"origin":74659,"position":2},"title":"Quatro trechos ser\u00e3o fechados no entorno de obra na Maur\u00edlio Biagi","author":"noticiasribeiraopreto.com.br","date":"18 de June de 2025","format":false,"excerpt":"18 de junho de 2025 09:552 Compartilhar0 Com o andamento da obras de constru\u00e7\u00e3o de duas pontes sobre o c\u00f3rrego Retiro Saudoso, a RP Mobi \u2013 Empresa de Mobilidade Urbana de Ribeir\u00e3o Preto S.A, a antiga Transerp, respons\u00e1vel pelo tr\u00e2nsito e transporte \u2013 vai interditar temporariamente quatro trechos no entorno\u2026","rel":"","context":"In &quot;Not\u00edcias de Ribeir\u00e3o Preto-SP e Regi\u00e3o&quot;","block_context":{"text":"Not\u00edcias de Ribeir\u00e3o Preto-SP e Regi\u00e3o","link":"https:\/\/noticiasribeiraopreto.com.br\/index.php\/category\/noticias-de-ribeirao-preto-sp-e-regiao-ismael-colosi\/"},"img":{"alt_text":"","src":"","width":0,"height":0},"classes":[]},{"id":70626,"url":"https:\/\/noticiasribeiraopreto.com.br\/index.php\/2025\/05\/28\/obra-fecha-acesso-a-rua-na-zona-sul\/","url_meta":{"origin":74659,"position":3},"title":"Obra fecha acesso \u00e0 rua na Zona Sul\u00a0","author":"noticiasribeiraopreto.com.br","date":"28 de May de 2025","format":false,"excerpt":"28 de maio de 2025 12:3028 de maio de 2025 10:0413 Compartilhar0 Com o andamento da obra de constru\u00e7\u00e3o de duas pontes sobre o c\u00f3rrego Retiro Saudoso, nesta quarta-feira, 28 de maio, haver\u00e1 o fechamento definitivo do acesso \u00e0 rua Olderige Margarido a partir da pista Centro\/Bairro da avenida Maur\u00edlio\u2026","rel":"","context":"In &quot;Not\u00edcias de Ribeir\u00e3o Preto-SP e Regi\u00e3o&quot;","block_context":{"text":"Not\u00edcias de Ribeir\u00e3o Preto-SP e Regi\u00e3o","link":"https:\/\/noticiasribeiraopreto.com.br\/index.php\/category\/noticias-de-ribeirao-preto-sp-e-regiao-ismael-colosi\/"},"img":{"alt_text":"","src":"https:\/\/i0.wp.com\/noticiasribeiraopreto.com.br\/wp-content\/uploads\/2025\/05\/PontesMAU-Alfredo-Risk.jpg?fit=1200%2C665&ssl=1&resize=350%2C200","width":350,"height":200,"srcset":"https:\/\/i0.wp.com\/noticiasribeiraopreto.com.br\/wp-content\/uploads\/2025\/05\/PontesMAU-Alfredo-Risk.jpg?fit=1200%2C665&ssl=1&resize=350%2C200 1x, https:\/\/i0.wp.com\/noticiasribeiraopreto.com.br\/wp-content\/uploads\/2025\/05\/PontesMAU-Alfredo-Risk.jpg?fit=1200%2C665&ssl=1&resize=525%2C300 1.5x, https:\/\/i0.wp.com\/noticiasribeiraopreto.com.br\/wp-content\/uploads\/2025\/05\/PontesMAU-Alfredo-Risk.jpg?fit=1200%2C665&ssl=1&resize=700%2C400 2x, https:\/\/i0.wp.com\/noticiasribeiraopreto.com.br\/wp-content\/uploads\/2025\/05\/PontesMAU-Alfredo-Risk.jpg?fit=1200%2C665&ssl=1&resize=1050%2C600 3x"},"classes":[]},{"id":68527,"url":"https:\/\/noticiasribeiraopreto.com.br\/index.php\/2025\/04\/26\/trecho-maurilio-biagi-sera-interditado-hoje\/","url_meta":{"origin":74659,"position":4},"title":"Trecho Maur\u00edlio Biagi ser\u00e1 interditado hoje\u00a0","author":"noticiasribeiraopreto.com.br","date":"26 de April de 2025","format":false,"excerpt":"26 de abril de 2025 08:3025 de abril de 2025 19:288 Compartilhar0 Com o andamento da obras de constru\u00e7\u00e3o de duas pontes sobre o c\u00f3rrego Retiro Saudoso, neste s\u00e1bado, 26 de abril, um trecho da pista Bairro\/Centro da avenida Maur\u00edlio Biagi ser\u00e1 interditado, em frente ao cruzamento da via com\u2026","rel":"","context":"In &quot;Not\u00edcias de Ribeir\u00e3o Preto-SP e Regi\u00e3o&quot;","block_context":{"text":"Not\u00edcias de Ribeir\u00e3o Preto-SP e Regi\u00e3o","link":"https:\/\/noticiasribeiraopreto.com.br\/index.php\/category\/noticias-de-ribeirao-preto-sp-e-regiao-ismael-colosi\/"},"img":{"alt_text":"","src":"https:\/\/i0.wp.com\/noticiasribeiraopreto.com.br\/wp-content\/uploads\/2025\/04\/PontesMAU-Alfredo-Risk-scaled.jpg?fit=800%2C450&ssl=1&resize=350%2C200","width":350,"height":200,"srcset":"https:\/\/i0.wp.com\/noticiasribeiraopreto.com.br\/wp-content\/uploads\/2025\/04\/PontesMAU-Alfredo-Risk-scaled.jpg?fit=800%2C450&ssl=1&resize=350%2C200 1x, https:\/\/i0.wp.com\/noticiasribeiraopreto.com.br\/wp-content\/uploads\/2025\/04\/PontesMAU-Alfredo-Risk-scaled.jpg?fit=800%2C450&ssl=1&resize=525%2C300 1.5x, https:\/\/i0.wp.com\/noticiasribeiraopreto.com.br\/wp-content\/uploads\/2025\/04\/PontesMAU-Alfredo-Risk-scaled.jpg?fit=800%2C450&ssl=1&resize=700%2C400 2x"},"classes":[]},{"id":39211,"url":"https:\/\/noticiasribeiraopreto.com.br\/index.php\/2024\/02\/23\/prefeitura-atrasa-licitacao-de-ponte-do-royal-park\/","url_meta":{"origin":74659,"position":5},"title":"Prefeitura atrasa\u00a0licita\u00e7\u00e3o de ponte\u00a0do Royal Park\u00a0","author":"noticiasribeiraopreto.com.br","date":"23 de February de 2024","format":false,"excerpt":"23 de fevereiro de 2024 | 14:0023 de fevereiro de 2024 | 8:07 0A prefeitura de Ribeir\u00e3o Preto publicou nesta quinta-feira, 22 de fevereiro, no Di\u00e1rio Oficial do Munic\u00edpio, aviso de licita\u00e7\u00e3o para constru\u00e7\u00e3o de nova ponte sobre o c\u00f3rrego da avenida Ubirajara de Souza Roxo, que interliga a Rodovia\u2026","rel":"","context":"In &quot;Not\u00edcias de Ribeir\u00e3o Preto-SP e Regi\u00e3o&quot;","block_context":{"text":"Not\u00edcias de Ribeir\u00e3o Preto-SP e Regi\u00e3o","link":"https:\/\/noticiasribeiraopreto.com.br\/index.php\/category\/noticias-de-ribeirao-preto-sp-e-regiao-ismael-colosi\/"},"img":{"alt_text":"","src":"https:\/\/i0.wp.com\/noticiasribeiraopreto.com.br\/wp-content\/uploads\/2024\/02\/PonteRP-Detalhe-Fernando-Gonzaga-scaled.jpg?fit=967%2C645&ssl=1&resize=350%2C200","width":350,"height":200,"srcset":"https:\/\/i0.wp.com\/noticiasribeiraopreto.com.br\/wp-content\/uploads\/2024\/02\/PonteRP-Detalhe-Fernando-Gonzaga-scaled.jpg?fit=967%2C645&ssl=1&resize=350%2C200 1x, https:\/\/i0.wp.com\/noticiasribeiraopreto.com.br\/wp-content\/uploads\/2024\/02\/PonteRP-Detalhe-Fernando-Gonzaga-scaled.jpg?fit=967%2C645&ssl=1&resize=525%2C300 1.5x, https:\/\/i0.wp.com\/noticiasribeiraopreto.com.br\/wp-content\/uploads\/2024\/02\/PonteRP-Detalhe-Fernando-Gonzaga-scaled.jpg?fit=967%2C645&ssl=1&resize=700%2C400 2x"},"classes":[]}],"jetpack_sharing_enabled":true,"jetpack_shortlink":"https:\/\/wp.me\/peQAOb-jqb","_links":{"self":[{"href":"https:\/\/noticiasribeiraopreto.com.br\/index.php\/wp-json\/wp\/v2\/posts\/74659","targetHints":{"allow":["GET"]}}],"collection":[{"href":"https:\/\/noticiasribeiraopreto.com.br\/index.php\/wp-json\/wp\/v2\/posts"}],"about":[{"href":"https:\/\/noticiasribeiraopreto.com.br\/index.php\/wp-json\/wp\/v2\/types\/post"}],"author":[{"embeddable":true,"href":"https:\/\/noticiasribeiraopreto.com.br\/index.php\/wp-json\/wp\/v2\/users\/1"}],"replies":[{"embeddable":true,"href":"https:\/\/noticiasribeiraopreto.com.br\/index.php\/wp-json\/wp\/v2\/comments?post=74659"}],"version-history":[{"count":0,"href":"https:\/\/noticiasribeiraopreto.com.br\/index.php\/wp-json\/wp\/v2\/posts\/74659\/revisions"}],"wp:featuredmedia":[{"embeddable":true,"href":"https:\/\/noticiasribeiraopreto.com.br\/index.php\/wp-json\/wp\/v2\/media\/74660"}],"wp:attachment":[{"href":"https:\/\/noticiasribeiraopreto.com.br\/index.php\/wp-json\/wp\/v2\/media?parent=74659"}],"wp:term":[{"taxonomy":"category","embeddable":true,"href":"https:\/\/noticiasribeiraopreto.com.br\/index.php\/wp-json\/wp\/v2\/categories?post=74659"},{"taxonomy":"post_tag","embeddable":true,"href":"https:\/\/noticiasribeiraopreto.com.br\/index.php\/wp-json\/wp\/v2\/tags?post=74659"}],"curies":[{"name":"wp","href":"https:\/\/api.w.org\/{rel}","templated":true}]}}