{"id":74663,"date":"2025-07-26T17:37:27","date_gmt":"2025-07-26T20:37:27","guid":{"rendered":"https:\/\/noticiasribeiraopreto.com.br\/index.php\/2025\/07\/26\/comercial-derrota-itapirense-pela-copa-paulista\/"},"modified":"2025-07-26T17:37:27","modified_gmt":"2025-07-26T20:37:27","slug":"comercial-derrota-itapirense-pela-copa-paulista","status":"publish","type":"post","link":"https:\/\/noticiasribeiraopreto.com.br\/index.php\/2025\/07\/26\/comercial-derrota-itapirense-pela-copa-paulista\/","title":{"rendered":"Comercial derrota Itapirense pela Copa Paulista"},"content":{"rendered":"<div class='code-block code-block-1' style='margin: 8px 0 8px auto; text-align: right; display: block; clear: both;'>\n<p><a href=\"https:\/\/wa.link\/vpicfd\"><img data-recalc-dims=\"1\" class=\"wp-image-4922\" style=\"aspect-ratio: 2.0253164556962027; width: 561px; height: auto;\" src=\"https:\/\/i0.wp.com\/ismaelcolosi.com.br\/wp-content\/uploads\/2023\/11\/grupo-de-empregos-whatsapp-e-facebook-ismael-colosi-vagas.jpg?ssl=1\" alt=\"\" \/><\/a><\/p>\n<!-- \/wp:image -->\n<\/div>\n<p> <br \/>\n<\/p>\n<div data-block-type=\"unstyled\" data-block-weight=\"60\" data-block-id=\"10\">\n<p class=\" content-text__container \" data-track-category=\"Link no Texto\" data-track-links=\"\" data-mrf-recirculation=\"Artigo - Link no Texto\">S\u00f3 parecia. Aos 41, Frank, que estrou na rodada anterior, tentou mandar na \u00e1rea e contou com falha do goleiro rival para empatar. Logo em seguida, Carlos Baj\u00e9 deixou Felipe Rodrigues em posi\u00e7\u00e3o ideal para virar. O Bafo desceu para o vesti\u00e1rio em vantagem.<\/p>\n<p class=\" content-text__container \" data-track-category=\"Link no Texto\" data-track-links=\"\" data-mrf-recirculation=\"Artigo - Link no Texto\">Mesmo com o tempo para descansar no intervalo, o ritmo n\u00e3o diminuiu. Aos quatro, Sergipe serviu, de cabe\u00e7a, Matheus Prado, que completou e ampliou: 3 a 1.<\/p>\n<p class=\" content-text__container \" data-track-category=\"Link no Texto\" data-track-links=\"\" data-mrf-recirculation=\"Artigo - Link no Texto\">O triunfo sobre o lanterna virou goleada quando, aos 30, Wesley tocou na sa\u00edda do goleiro. A Vermelhinha diminuiu com Ribas, em jogada ensaiada, mas n\u00e3o foi o \u00faltimo tempo da movimentada partida.<\/p>\n<p data-track-category=\"Link no Texto\" data-track-links=\"\" data-mrf-recirculation=\"Artigo - Link no Texto\">Com o resultado, o Comercial saltou, ao menos por enquanto, para a segunda posi\u00e7\u00e3o do Grupo 2, com os mesmos 13 pontos do l\u00edder Uni\u00e3o S\u00e3o Jo\u00e3o, e encaminhou vaga no mata-mata. Na pr\u00f3xima rodada, o desafio \u00e9 contra o arquirrival Botafogo, dia 6 de agosto, \u00e0s 19h, no Est\u00e1dio Santa Cruz\/Arena Nicnet.<\/p>\n<\/div>\n<p><br \/>\n<br \/><a href=\"https:\/\/www.tribunaribeirao.com.br\/comercial-derrota-itapirense-pela-copa-paulista\/\">Source link <\/a><\/p>\n<!-- CONTENT END 1 -->\n","protected":false},"excerpt":{"rendered":"<p>S\u00f3 parecia. Aos 41, Frank, que estrou na rodada anterior, tentou mandar na \u00e1rea e contou com falha do goleiro rival para empatar. Logo em&#8230;<\/p>\n","protected":false},"author":1,"featured_media":74664,"comment_status":"open","ping_status":"open","sticky":false,"template":"","format":"standard","meta":{"advanced_seo_description":"","jetpack_seo_html_title":"","jetpack_seo_noindex":false,"jetpack_post_was_ever_published":false,"_jetpack_newsletter_access":"","_jetpack_dont_email_post_to_subs":false,"_jetpack_newsletter_tier_id":0,"_jetpack_memberships_contains_paywalled_content":false,"_jetpack_memberships_contains_paid_content":false,"footnotes":"","jetpack_publicize_message":"","jetpack_publicize_feature_enabled":true,"jetpack_social_post_already_shared":true,"jetpack_social_options":{"image_generator_settings":{"template":"highway","default_image_id":0,"font":"","enabled":false},"version":2}},"categories":[11],"tags":[],"class_list":["post-74663","post","type-post","status-publish","format-standard","has-post-thumbnail","hentry","category-noticias-de-ribeirao-preto-sp-e-regiao-ismael-colosi"],"jetpack_publicize_connections":[],"jetpack_featured_media_url":"https:\/\/i0.wp.com\/noticiasribeiraopreto.com.br\/wp-content\/uploads\/2025\/07\/Tribuna-6.jpg?fit=800%2C500&ssl=1","jetpack-related-posts":[{"id":26683,"url":"https:\/\/noticiasribeiraopreto.com.br\/index.php\/2024\/01\/10\/botafogo-goleia-e-garante-classificacao-na-copinha\/","url_meta":{"origin":74663,"position":0},"title":"Botafogo goleia e garante classifica\u00e7\u00e3o na Copinha","author":"noticiasribeiraopreto.com.br","date":"10 de January de 2024","format":false,"excerpt":"10 de janeiro de 2024 | 15:25 0Bota espera o t\u00e9rmino da rodada para conhecer o seu advers\u00e1rio na pr\u00f3xima fase.O Botafogo venceu o Fast Clube (AM) na tarde desta quarta-feira (10) e garantiu sua classifica\u00e7\u00e3o para a segunda fase da Copa S\u00e3o Paulo de Futebol J\u00fanior. O jogo aconteceu\u2026","rel":"","context":"In &quot;Not\u00edcias de Ribeir\u00e3o Preto-SP e Regi\u00e3o&quot;","block_context":{"text":"Not\u00edcias de Ribeir\u00e3o Preto-SP e Regi\u00e3o","link":"https:\/\/noticiasribeiraopreto.com.br\/index.php\/category\/noticias-de-ribeirao-preto-sp-e-regiao-ismael-colosi\/"},"img":{"alt_text":"","src":"https:\/\/i0.wp.com\/noticiasribeiraopreto.com.br\/wp-content\/uploads\/2024\/01\/bota2-scaled.jpeg?fit=968%2C645&ssl=1&resize=350%2C200","width":350,"height":200,"srcset":"https:\/\/i0.wp.com\/noticiasribeiraopreto.com.br\/wp-content\/uploads\/2024\/01\/bota2-scaled.jpeg?fit=968%2C645&ssl=1&resize=350%2C200 1x, https:\/\/i0.wp.com\/noticiasribeiraopreto.com.br\/wp-content\/uploads\/2024\/01\/bota2-scaled.jpeg?fit=968%2C645&ssl=1&resize=525%2C300 1.5x, https:\/\/i0.wp.com\/noticiasribeiraopreto.com.br\/wp-content\/uploads\/2024\/01\/bota2-scaled.jpeg?fit=968%2C645&ssl=1&resize=700%2C400 2x"},"classes":[]},{"id":84998,"url":"https:\/\/noticiasribeiraopreto.com.br\/index.php\/2026\/04\/19\/botafogo-empata-em-casa-com-atletico-go\/","url_meta":{"origin":74663,"position":1},"title":"Botafogo empata em casa com Atl\u00e9tico-GO","author":"noticiasribeiraopreto.com.br","date":"19 de April de 2026","format":false,"excerpt":"\r \r \r Pantera repete roteiro dos \u00faltimos jogos ao sair na frente, mas evita derrota\r \r 19 de abril de 2026 18:08 \r Compartilhar1 \r Por Hugo Luque O Botafogo empatou em 1 a 1 com o Atl\u00e9tico-GO na tarde deste domingo (19), no Est\u00e1dio Santa Cruz\/Arena Nicnet, em\u2026","rel":"","context":"In &quot;Not\u00edcias de Ribeir\u00e3o Preto-SP e Regi\u00e3o&quot;","block_context":{"text":"Not\u00edcias de Ribeir\u00e3o Preto-SP e Regi\u00e3o","link":"https:\/\/noticiasribeiraopreto.com.br\/index.php\/category\/noticias-de-ribeirao-preto-sp-e-regiao-ismael-colosi\/"},"img":{"alt_text":"","src":"https:\/\/i0.wp.com\/noticiasribeiraopreto.com.br\/wp-content\/uploads\/2026\/04\/Botafogo-x-Atletico-GO-Raul-Ramos-scaled.jpeg?fit=1200%2C800&ssl=1&resize=350%2C200","width":350,"height":200,"srcset":"https:\/\/i0.wp.com\/noticiasribeiraopreto.com.br\/wp-content\/uploads\/2026\/04\/Botafogo-x-Atletico-GO-Raul-Ramos-scaled.jpeg?fit=1200%2C800&ssl=1&resize=350%2C200 1x, https:\/\/i0.wp.com\/noticiasribeiraopreto.com.br\/wp-content\/uploads\/2026\/04\/Botafogo-x-Atletico-GO-Raul-Ramos-scaled.jpeg?fit=1200%2C800&ssl=1&resize=525%2C300 1.5x, https:\/\/i0.wp.com\/noticiasribeiraopreto.com.br\/wp-content\/uploads\/2026\/04\/Botafogo-x-Atletico-GO-Raul-Ramos-scaled.jpeg?fit=1200%2C800&ssl=1&resize=700%2C400 2x, https:\/\/i0.wp.com\/noticiasribeiraopreto.com.br\/wp-content\/uploads\/2026\/04\/Botafogo-x-Atletico-GO-Raul-Ramos-scaled.jpeg?fit=1200%2C800&ssl=1&resize=1050%2C600 3x"},"classes":[]},{"id":40267,"url":"https:\/\/noticiasribeiraopreto.com.br\/index.php\/2024\/03\/01\/botafogo-sofre-gol-no-fim-e-empata-com-o-guarani-em-casa\/","url_meta":{"origin":74663,"position":2},"title":"Botafogo sofre gol no fim e empata com o Guarani em casa","author":"noticiasribeiraopreto.com.br","date":"1 de March de 2024","format":false,"excerpt":"O Botafogo empatou com o Guarani, nesta sexta-feira, em partida v\u00e1lida pela pen\u00faltima rodada do Campeonato Paulista, por 1 a 1, em Ribeir\u00e3o Preto (SP). O Pantera saiu na frente com gol de Alex Sandro ainda no primeiro tempo, e sofreu o empate j\u00e1 nos acr\u00e9scimos da etapa final, com\u2026","rel":"","context":"In &quot;Not\u00edcias de Ribeir\u00e3o Preto-SP e Regi\u00e3o&quot;","block_context":{"text":"Not\u00edcias de Ribeir\u00e3o Preto-SP e Regi\u00e3o","link":"https:\/\/noticiasribeiraopreto.com.br\/index.php\/category\/noticias-de-ribeirao-preto-sp-e-regiao-ismael-colosi\/"},"img":{"alt_text":"","src":"https:\/\/i0.wp.com\/noticiasribeiraopreto.com.br\/wp-content\/uploads\/2024\/03\/WhatsApp-Image-2024-03-01-at-20.58.51-scaled.jpeg?fit=967%2C645&ssl=1&resize=350%2C200","width":350,"height":200,"srcset":"https:\/\/i0.wp.com\/noticiasribeiraopreto.com.br\/wp-content\/uploads\/2024\/03\/WhatsApp-Image-2024-03-01-at-20.58.51-scaled.jpeg?fit=967%2C645&ssl=1&resize=350%2C200 1x, https:\/\/i0.wp.com\/noticiasribeiraopreto.com.br\/wp-content\/uploads\/2024\/03\/WhatsApp-Image-2024-03-01-at-20.58.51-scaled.jpeg?fit=967%2C645&ssl=1&resize=525%2C300 1.5x, https:\/\/i0.wp.com\/noticiasribeiraopreto.com.br\/wp-content\/uploads\/2024\/03\/WhatsApp-Image-2024-03-01-at-20.58.51-scaled.jpeg?fit=967%2C645&ssl=1&resize=700%2C400 2x"},"classes":[]},{"id":78847,"url":"https:\/\/noticiasribeiraopreto.com.br\/index.php\/2025\/10\/19\/botafogo-busca-empate-no-final-contra-cuiaba\/","url_meta":{"origin":74663,"position":3},"title":"Botafogo busca empate no final contra Cuiab\u00e1","author":"noticiasribeiraopreto.com.br","date":"19 de October de 2025","format":false,"excerpt":"Pantera fica atr\u00e1s duas vezes, mas consegue ponto importante na S\u00e9rie B 19 de outubro de 2025 20:574 Compartilhar1 Por Hugo Luque O jogo foi \u201cmorno\u201d e a noite foi fria, mas o final do duelo entre Botafogo e Cuiab\u00e1 foi emocionante. As equipes empataram em 2 a 2 no\u2026","rel":"","context":"In &quot;Not\u00edcias de Ribeir\u00e3o Preto-SP e Regi\u00e3o&quot;","block_context":{"text":"Not\u00edcias de Ribeir\u00e3o Preto-SP e Regi\u00e3o","link":"https:\/\/noticiasribeiraopreto.com.br\/index.php\/category\/noticias-de-ribeirao-preto-sp-e-regiao-ismael-colosi\/"},"img":{"alt_text":"","src":"https:\/\/i0.wp.com\/noticiasribeiraopreto.com.br\/wp-content\/uploads\/2025\/10\/Botafogo-x-Cuiaba-Raul-Ramos-scaled.jpg?fit=1200%2C800&ssl=1&resize=350%2C200","width":350,"height":200,"srcset":"https:\/\/i0.wp.com\/noticiasribeiraopreto.com.br\/wp-content\/uploads\/2025\/10\/Botafogo-x-Cuiaba-Raul-Ramos-scaled.jpg?fit=1200%2C800&ssl=1&resize=350%2C200 1x, https:\/\/i0.wp.com\/noticiasribeiraopreto.com.br\/wp-content\/uploads\/2025\/10\/Botafogo-x-Cuiaba-Raul-Ramos-scaled.jpg?fit=1200%2C800&ssl=1&resize=525%2C300 1.5x, https:\/\/i0.wp.com\/noticiasribeiraopreto.com.br\/wp-content\/uploads\/2025\/10\/Botafogo-x-Cuiaba-Raul-Ramos-scaled.jpg?fit=1200%2C800&ssl=1&resize=700%2C400 2x, https:\/\/i0.wp.com\/noticiasribeiraopreto.com.br\/wp-content\/uploads\/2025\/10\/Botafogo-x-Cuiaba-Raul-Ramos-scaled.jpg?fit=1200%2C800&ssl=1&resize=1050%2C600 3x"},"classes":[]},{"id":42515,"url":"https:\/\/noticiasribeiraopreto.com.br\/index.php\/2024\/03\/15\/na-raca-botafogo-vence-e-se-classifica-na-copa-do-brasil\/","url_meta":{"origin":74663,"position":4},"title":"Na ra\u00e7a, Botafogo vence e se classifica na Copa do Brasil","author":"noticiasribeiraopreto.com.br","date":"15 de March de 2024","format":false,"excerpt":"O Botafogo avan\u00e7ou mais uma vez na Copa do Brasil. Em jogo acirrado no Santa Cruz, o Tricolor buscou a virada e segurou a press\u00e3o do time do An\u00e1polis, que contou tamb\u00e9m com grande defesa de Michael em penalidade no final do segundo tempo.Os gols da partida foram marcados por\u2026","rel":"","context":"In &quot;Not\u00edcias de Ribeir\u00e3o Preto-SP e Regi\u00e3o&quot;","block_context":{"text":"Not\u00edcias de Ribeir\u00e3o Preto-SP e Regi\u00e3o","link":"https:\/\/noticiasribeiraopreto.com.br\/index.php\/category\/noticias-de-ribeirao-preto-sp-e-regiao-ismael-colosi\/"},"img":{"alt_text":"","src":"https:\/\/i0.wp.com\/noticiasribeiraopreto.com.br\/wp-content\/uploads\/2024\/03\/1710465782690-scaled.jpg?fit=967%2C645&ssl=1&resize=350%2C200","width":350,"height":200,"srcset":"https:\/\/i0.wp.com\/noticiasribeiraopreto.com.br\/wp-content\/uploads\/2024\/03\/1710465782690-scaled.jpg?fit=967%2C645&ssl=1&resize=350%2C200 1x, https:\/\/i0.wp.com\/noticiasribeiraopreto.com.br\/wp-content\/uploads\/2024\/03\/1710465782690-scaled.jpg?fit=967%2C645&ssl=1&resize=525%2C300 1.5x, https:\/\/i0.wp.com\/noticiasribeiraopreto.com.br\/wp-content\/uploads\/2024\/03\/1710465782690-scaled.jpg?fit=967%2C645&ssl=1&resize=700%2C400 2x"},"classes":[]},{"id":76663,"url":"https:\/\/noticiasribeiraopreto.com.br\/index.php\/2025\/09\/02\/comercial-avanca-na-copa-paulista-com-gol-relampago-e-brilho-do-goleiro-nos-penaltis\/","url_meta":{"origin":74663,"position":5},"title":"Comercial avan\u00e7a na Copa Paulista com gol rel\u00e2mpago e brilho do goleiro nos p\u00eanaltis","author":"noticiasribeiraopreto.com.br","date":"2 de September de 2025","format":false,"excerpt":"O Comercial venceu a Inter de Limeira por 1 a 0 no tempo regulamentar, na noite desta ter\u00e7a-feira (2), no est\u00e1dio Palma Travassos, em Ribeir\u00e3o Preto, pelas oitavas de final da Copa Paulista. Gol rel\u00e2mpago e penalidades O \u00fanico gol da partida saiu aos 59 segundos do primeiro tempo. O\u2026","rel":"","context":"In &quot;Not\u00edcias de Ribeir\u00e3o Preto-SP e Regi\u00e3o&quot;","block_context":{"text":"Not\u00edcias de Ribeir\u00e3o Preto-SP e Regi\u00e3o","link":"https:\/\/noticiasribeiraopreto.com.br\/index.php\/category\/noticias-de-ribeirao-preto-sp-e-regiao-ismael-colosi\/"},"img":{"alt_text":"","src":"https:\/\/i0.wp.com\/noticiasribeiraopreto.com.br\/wp-content\/uploads\/2025\/09\/IMG_8815_2025-09-03_01-25-16.webp.webp?fit=1200%2C800&ssl=1&resize=350%2C200","width":350,"height":200,"srcset":"https:\/\/i0.wp.com\/noticiasribeiraopreto.com.br\/wp-content\/uploads\/2025\/09\/IMG_8815_2025-09-03_01-25-16.webp.webp?fit=1200%2C800&ssl=1&resize=350%2C200 1x, https:\/\/i0.wp.com\/noticiasribeiraopreto.com.br\/wp-content\/uploads\/2025\/09\/IMG_8815_2025-09-03_01-25-16.webp.webp?fit=1200%2C800&ssl=1&resize=525%2C300 1.5x, https:\/\/i0.wp.com\/noticiasribeiraopreto.com.br\/wp-content\/uploads\/2025\/09\/IMG_8815_2025-09-03_01-25-16.webp.webp?fit=1200%2C800&ssl=1&resize=700%2C400 2x, https:\/\/i0.wp.com\/noticiasribeiraopreto.com.br\/wp-content\/uploads\/2025\/09\/IMG_8815_2025-09-03_01-25-16.webp.webp?fit=1200%2C800&ssl=1&resize=1050%2C600 3x"},"classes":[]}],"jetpack_sharing_enabled":true,"jetpack_shortlink":"https:\/\/wp.me\/peQAOb-jqf","_links":{"self":[{"href":"https:\/\/noticiasribeiraopreto.com.br\/index.php\/wp-json\/wp\/v2\/posts\/74663","targetHints":{"allow":["GET"]}}],"collection":[{"href":"https:\/\/noticiasribeiraopreto.com.br\/index.php\/wp-json\/wp\/v2\/posts"}],"about":[{"href":"https:\/\/noticiasribeiraopreto.com.br\/index.php\/wp-json\/wp\/v2\/types\/post"}],"author":[{"embeddable":true,"href":"https:\/\/noticiasribeiraopreto.com.br\/index.php\/wp-json\/wp\/v2\/users\/1"}],"replies":[{"embeddable":true,"href":"https:\/\/noticiasribeiraopreto.com.br\/index.php\/wp-json\/wp\/v2\/comments?post=74663"}],"version-history":[{"count":0,"href":"https:\/\/noticiasribeiraopreto.com.br\/index.php\/wp-json\/wp\/v2\/posts\/74663\/revisions"}],"wp:featuredmedia":[{"embeddable":true,"href":"https:\/\/noticiasribeiraopreto.com.br\/index.php\/wp-json\/wp\/v2\/media\/74664"}],"wp:attachment":[{"href":"https:\/\/noticiasribeiraopreto.com.br\/index.php\/wp-json\/wp\/v2\/media?parent=74663"}],"wp:term":[{"taxonomy":"category","embeddable":true,"href":"https:\/\/noticiasribeiraopreto.com.br\/index.php\/wp-json\/wp\/v2\/categories?post=74663"},{"taxonomy":"post_tag","embeddable":true,"href":"https:\/\/noticiasribeiraopreto.com.br\/index.php\/wp-json\/wp\/v2\/tags?post=74663"}],"curies":[{"name":"wp","href":"https:\/\/api.w.org\/{rel}","templated":true}]}}