{"id":74667,"date":"2025-07-26T18:13:58","date_gmt":"2025-07-26T21:13:58","guid":{"rendered":"https:\/\/noticiasribeiraopreto.com.br\/index.php\/2025\/07\/26\/licenca-paternidade-pode-aumentar-entenda-propostas-em-discussao\/"},"modified":"2025-07-26T18:13:58","modified_gmt":"2025-07-26T21:13:58","slug":"licenca-paternidade-pode-aumentar-entenda-propostas-em-discussao","status":"publish","type":"post","link":"https:\/\/noticiasribeiraopreto.com.br\/index.php\/2025\/07\/26\/licenca-paternidade-pode-aumentar-entenda-propostas-em-discussao\/","title":{"rendered":"Licen\u00e7a-paternidade pode aumentar; Entenda propostas em discuss\u00e3o"},"content":{"rendered":"<div class='code-block code-block-1' style='margin: 8px 0 8px auto; text-align: right; display: block; clear: both;'>\n<p><a href=\"https:\/\/wa.link\/vpicfd\"><img data-recalc-dims=\"1\" class=\"wp-image-4922\" style=\"aspect-ratio: 2.0253164556962027; width: 561px; height: auto;\" src=\"https:\/\/i0.wp.com\/ismaelcolosi.com.br\/wp-content\/uploads\/2023\/11\/grupo-de-empregos-whatsapp-e-facebook-ismael-colosi-vagas.jpg?ssl=1\" alt=\"\" \/><\/a><\/p>\n<!-- \/wp:image -->\n<\/div>\n<p> <br \/>\n<\/p>\n<div>\n<p>Os projetos que regulamentam e aumentam o tempo da licen\u00e7a-paternidade devem ser discutidos pelo<strong> Congresso Nacional <\/strong>na volta do recesso parlamentar, a partir de 4 de agosto. Isso porque, terminou o prazo dado pelo<strong> STF (Supremo Tribunal Federal) <\/strong>para o parlamento se debru\u00e7ar sobre o tema.<\/p>\n<p>Em dezembro de 2023, o STF deu 18 meses para o Congresso regulamentar esse direito. <mark style=\"background-color:#fcb900\" class=\"has-inline-color has-black-color\">O prazo venceu em julho.<\/mark> A decis\u00e3o do STF veio ap\u00f3s julgamento de uma a\u00e7\u00e3o apresentada pela CNTS (Confedera\u00e7\u00e3o Nacional dos Trabalhadores da Sa\u00fade).<\/p>\n<p>Prevaleceu no julgamento o voto do ministro Lu\u00eds Roberto Barroso para reconhecer a omiss\u00e3o do Congresso em aprovar a regulamenta\u00e7\u00e3o da norma. O entendimento foi seguido pelos demais ministros.<\/p>\n<p>Atualmente, a licen\u00e7a para pais \u00e9 de cinco dias consecutivos nos casos de nascimento de filho, ado\u00e7\u00e3o ou de guarda compartilhada. O direito est\u00e1 previsto na CLT (Consolida\u00e7\u00e3o das Leis do Trabalho) e foi criado com a promulga\u00e7\u00e3o da Constitui\u00e7\u00e3o de 1988.<\/p>\n<h2 class=\"wp-block-heading\"><strong>Como \u00e9?<\/strong><\/h2>\n<p>Pelo ADCT (Ato das Disposi\u00e7\u00f5es Constitucionais Transit\u00f3rias), regras criadas com a promulga\u00e7\u00e3o da Constitui\u00e7\u00e3o, a licen\u00e7a de cinco dias deveria permanecer at\u00e9 o Congresso aprovar uma lei complementar para implementa\u00e7\u00e3o definitiva, vota\u00e7\u00e3o que at\u00e9 hoje, ap\u00f3s 37 anos, n\u00e3o ocorreu.<\/p>\n<p><mark style=\"background-color:#fcb900\" class=\"has-inline-color has-black-color\">Diversos projetos em tramita\u00e7\u00e3o no Congresso preveem per\u00edodos que estabelecem a licen\u00e7a de 15, 20 ou at\u00e9 60 dias.<\/mark><\/p>\n<h2 class=\"wp-block-heading\"><strong>De<\/strong> <strong>15 a 60 dias<\/strong><\/h2>\n<p>No rol de projetos, a C\u00e2mara dos Deputados \u201csai\u201d na frente e j\u00e1 pode aprovar no plen\u00e1rio o projeto de Lei (PL 3935\/08) que aumenta de cinco para 15 dias a licen\u00e7a-paternidade. Isso vai valer tanto para o pai biol\u00f3gico quanto para o adotivo. <mark style=\"background-color:#fcb900\" class=\"has-inline-color has-black-color\">O projeto tamb\u00e9m garante ao pai estabilidade de 30 dias no emprego ap\u00f3s o t\u00e9rmino da licen\u00e7a.<\/mark><\/p>\n<p>A proposta, que tramita desde 2008 e j\u00e1 foi aprovada pelo Senado, teve o regime de urg\u00eancia aprovado antes do recesso parlamentar. Com isso, o texto pode ir a vota\u00e7\u00e3o diretamente no plen\u00e1rio, sem ter que passar por comiss\u00e3o da Casa.<\/p>\n<p>J\u00e1 o Senado debate diversos projetos para a regulamenta\u00e7\u00e3o da licen\u00e7a-paternidade. Uma delas \u00e9 a PEC (Proposta de Emenda \u00e0 Constitui\u00e7\u00e3o) 58\/2023, que <mark style=\"background-color:#fcb900\" class=\"has-inline-color has-black-color\">estende a licen\u00e7a-paternidade para 20 dias e amplia a licen\u00e7a-maternidade de 120 para 180 dias<\/mark>, inclusive em casos de ado\u00e7\u00e3o. O texto est\u00e1 em tramita\u00e7\u00e3o na CCJ (Comiss\u00e3o de Constitui\u00e7\u00e3o e Justi\u00e7a).<\/p>\n<p>Outro projeto em tramita\u00e7\u00e3o na Casa \u00e9 o PL 6063\/2024, que estabelece 180 dias de licen\u00e7a-maternidade e 60 dias de paternidade. A mat\u00e9ria prev\u00ea ainda um acr\u00e9scimo nos per\u00edodos em caso de nascimentos m\u00faltiplos. A mat\u00e9ria ainda est\u00e1 em an\u00e1lise na CDH (Comiss\u00e3o de Direitos Humanos).<\/p>\n<p>Um outro projeto, o PL 3773\/2023, amplia gradualmente a licen\u00e7a-paternidade, come\u00e7ando em 30 dias e chegando a 60. O texto estabelece ainda o chamado \u201csal\u00e1rio-parentalidade\u201d, um benef\u00edcio previdenci\u00e1rio a ser pago durante o afastamento. A mat\u00e9ria est\u00e1 em tramita\u00e7\u00e3o na CAS (Comiss\u00e3o de Assuntos Sociais).<\/p>\n<p>Outras duas propostas em tramita\u00e7\u00e3o no Senado: o PL 139\/2022 <mark style=\"background-color:#fcb900\" class=\"has-inline-color has-black-color\">prev\u00ea 60 dias \u00fateis de licen\u00e7a-paternidade e o compartilhamento de at\u00e9 30 dias da licen\u00e7a-maternidade com o pai<\/mark>, enquanto o PL 6136\/2023 prop\u00f5e compartilhar at\u00e9 60 dias da licen\u00e7a-maternidade e dobrar seu prazo em caso de defici\u00eancia do rec\u00e9m-nascido.<\/p>\n<p>Pelo menos 10 pa\u00edses, entre os quais a Espanha, a Holanda e a Finl\u00e2ndia, concedem licen\u00e7a paternidade de 30 dias ou mais. Na maioria dos pa\u00edses, a licen\u00e7a ainda \u00e9 inferior a 15 dias (com informa\u00e7\u00f5es<strong> Luciano Nascimento\/Ag\u00eancia Brasil<\/strong>).<\/p>\n<p>SAIBA MAIS<br \/>Empresa inicia doa\u00e7\u00e3o de \u00e1rea pr\u00f3xima \u00e0 marginal de avenida de Ribeir\u00e3o Preto<\/p>\n<h2 class=\"wp-block-heading\"><strong>FIQUE ON<\/strong><\/h2>\n<p>Fique ligado em tudo que acontece em Ribeir\u00e3o Preto e regi\u00e3o. Siga os perfis do<strong>\u00a0acidade on\u00a0<\/strong>no\u00a0<a href=\"https:\/\/www.instagram.com\/acidadeonribeirao\" target=\"_blank\" rel=\"noreferrer noopener\">Instagram\u00a0<\/a>e no\u00a0<a href=\"https:\/\/www.facebook.com\/acidadeonribeirao\/\" target=\"_blank\" rel=\"noreferrer noopener\">Facebook<\/a>.<\/p>\n<p>Receba not\u00edcias do\u00a0<strong>acidade on\u00a0<\/strong>no WhatsApp.\u00a0<a href=\"https:\/\/chat.whatsapp.com\/BjKQZ9oJwlz8VVT50NuePq\" target=\"_blank\" rel=\"noreferrer noopener\">Para entrar no grupo, basta clicar aqui.<\/a><\/p>\n<p>Fa\u00e7a uma den\u00fancia ou sugira uma reportagem sobre Ribeir\u00e3o Preto e regi\u00e3o pelo WhatsApp: 16 99117 7802.<\/p>\n<p>VEJA TAMB\u00c9M<br \/>Quanto custa o morango do amor?<\/p>\n<p><!-- AI CONTENT END 1 -->\n<\/div>\n<p><script async src=\"\/\/www.instagram.com\/embed.js\"><\/script><br \/>\n<br \/><br \/>\n<br \/><a href=\"https:\/\/www.acidadeon.com\/ribeiraopreto\/politica\/licenca-paternidade-pode-aumentar-entenda-propostas-em-discussao\/\">Source link <\/a><\/p>\n<!-- CONTENT END 1 -->\n","protected":false},"excerpt":{"rendered":"<p>Os projetos que regulamentam e aumentam o tempo da licen\u00e7a-paternidade devem ser discutidos pelo Congresso Nacional na volta do recesso parlamentar, a partir de 4&#8230;<\/p>\n","protected":false},"author":1,"featured_media":74668,"comment_status":"open","ping_status":"open","sticky":false,"template":"","format":"standard","meta":{"advanced_seo_description":"","jetpack_seo_html_title":"","jetpack_seo_noindex":false,"jetpack_post_was_ever_published":false,"_jetpack_newsletter_access":"","_jetpack_dont_email_post_to_subs":false,"_jetpack_newsletter_tier_id":0,"_jetpack_memberships_contains_paywalled_content":false,"_jetpack_memberships_contains_paid_content":false,"footnotes":"","jetpack_publicize_message":"","jetpack_publicize_feature_enabled":true,"jetpack_social_post_already_shared":true,"jetpack_social_options":{"image_generator_settings":{"template":"highway","default_image_id":0,"font":"","enabled":false},"version":2}},"categories":[11],"tags":[],"class_list":["post-74667","post","type-post","status-publish","format-standard","has-post-thumbnail","hentry","category-noticias-de-ribeirao-preto-sp-e-regiao-ismael-colosi"],"jetpack_publicize_connections":[],"jetpack_featured_media_url":"https:\/\/i0.wp.com\/noticiasribeiraopreto.com.br\/wp-content\/uploads\/2025\/07\/licenca-paternidade_2025-07-26_20-38-04.webp.webp?fit=1200%2C800&ssl=1","jetpack-related-posts":[{"id":16031,"url":"https:\/\/noticiasribeiraopreto.com.br\/index.php\/2023\/12\/14\/stf-da-18-meses-para-congresso-editar-lei-sobre-licenca-paternidade-entenda\/","url_meta":{"origin":74667,"position":0},"title":"STF d\u00e1 18 meses para Congresso editar lei sobre licen\u00e7a-paternidade; Entenda","author":"noticiasribeiraopreto.com.br","date":"14 de December de 2023","format":false,"excerpt":"Por Rayssa Motta O Supremo Tribunal Federal (STF) decidiu nesta quinta-feira, 14, que o Congresso tem 18 meses para regulamentar a licen\u00e7a-paternidade. Se o prazo n\u00e3o cumprido, os ministros voltar\u00e3o a analisar o processo, para definir os par\u00e2metros que v\u00e3o vigorar at\u00e9 a edi\u00e7\u00e3o de uma lei. \u201cAqui est\u00e1 em\u2026","rel":"","context":"In &quot;Not\u00edcias de Ribeir\u00e3o Preto-SP e Regi\u00e3o&quot;","block_context":{"text":"Not\u00edcias de Ribeir\u00e3o Preto-SP e Regi\u00e3o","link":"https:\/\/noticiasribeiraopreto.com.br\/index.php\/category\/noticias-de-ribeirao-preto-sp-e-regiao-ismael-colosi\/"},"img":{"alt_text":"","src":"https:\/\/i0.wp.com\/noticiasribeiraopreto.com.br\/wp-content\/uploads\/2023\/12\/pai-e-filho-se-divertem-em-casa-scaled.jpg?fit=1200%2C800&ssl=1&resize=350%2C200","width":350,"height":200,"srcset":"https:\/\/i0.wp.com\/noticiasribeiraopreto.com.br\/wp-content\/uploads\/2023\/12\/pai-e-filho-se-divertem-em-casa-scaled.jpg?fit=1200%2C800&ssl=1&resize=350%2C200 1x, https:\/\/i0.wp.com\/noticiasribeiraopreto.com.br\/wp-content\/uploads\/2023\/12\/pai-e-filho-se-divertem-em-casa-scaled.jpg?fit=1200%2C800&ssl=1&resize=525%2C300 1.5x, https:\/\/i0.wp.com\/noticiasribeiraopreto.com.br\/wp-content\/uploads\/2023\/12\/pai-e-filho-se-divertem-em-casa-scaled.jpg?fit=1200%2C800&ssl=1&resize=700%2C400 2x, https:\/\/i0.wp.com\/noticiasribeiraopreto.com.br\/wp-content\/uploads\/2023\/12\/pai-e-filho-se-divertem-em-casa-scaled.jpg?fit=1200%2C800&ssl=1&resize=1050%2C600 3x"},"classes":[]},{"id":15361,"url":"https:\/\/noticiasribeiraopreto.com.br\/index.php\/2023\/12\/13\/stf-retoma-julgamento-sobre-licenca-paternidade\/","url_meta":{"origin":74667,"position":1},"title":"STF retoma julgamento sobre licen\u00e7a-paternidade","author":"noticiasribeiraopreto.com.br","date":"13 de December de 2023","format":false,"excerpt":"O Supremo Tribunal Federal (STF) retoma nesta quarta-feira, 13, o julgamento que discute a omiss\u00e3o do Congresso Nacional em regulamentar a licen\u00e7a-paternidade no Pa\u00eds. O direito est\u00e1 previsto na Consolida\u00e7\u00e3o das Leis do Trabalho (CLT), criado com a promulga\u00e7\u00e3o da Constitui\u00e7\u00e3o de 1988. Mas desde ent\u00e3o, 35 anos depois, a\u2026","rel":"","context":"In &quot;Not\u00edcias de Ribeir\u00e3o Preto-SP e Regi\u00e3o&quot;","block_context":{"text":"Not\u00edcias de Ribeir\u00e3o Preto-SP e Regi\u00e3o","link":"https:\/\/noticiasribeiraopreto.com.br\/index.php\/category\/noticias-de-ribeirao-preto-sp-e-regiao-ismael-colosi\/"},"img":{"alt_text":"","src":"https:\/\/i0.wp.com\/noticiasribeiraopreto.com.br\/wp-content\/uploads\/2023\/12\/bebe.png?fit=980%2C536&ssl=1&resize=350%2C200","width":350,"height":200,"srcset":"https:\/\/i0.wp.com\/noticiasribeiraopreto.com.br\/wp-content\/uploads\/2023\/12\/bebe.png?fit=980%2C536&ssl=1&resize=350%2C200 1x, https:\/\/i0.wp.com\/noticiasribeiraopreto.com.br\/wp-content\/uploads\/2023\/12\/bebe.png?fit=980%2C536&ssl=1&resize=525%2C300 1.5x, https:\/\/i0.wp.com\/noticiasribeiraopreto.com.br\/wp-content\/uploads\/2023\/12\/bebe.png?fit=980%2C536&ssl=1&resize=700%2C400 2x"},"classes":[]},{"id":16329,"url":"https:\/\/noticiasribeiraopreto.com.br\/index.php\/2023\/12\/15\/stf-determina-regulamentacao-da-licenca-paternidade\/","url_meta":{"origin":74667,"position":2},"title":"STF determina regulamenta\u00e7\u00e3o da licen\u00e7a-paternidade","author":"noticiasribeiraopreto.com.br","date":"15 de December de 2023","format":false,"excerpt":"Estudos mostram que a licen\u00e7a-paternidade estendida traz benef\u00edcios sociais e profissionais (tanto para os pais quanto para as m\u00e3es) O STF (Supremo Tribunal Federal) decidiu na quinta-feira (14) determinar ao Congresso Nacional a aprova\u00e7\u00e3o de uma lei para garantir a regulamenta\u00e7\u00e3o da licen\u00e7a-paternidade no pa\u00eds. Siga a Forbes no WhatsApp\u2026","rel":"","context":"In &quot;Blog&quot;","block_context":{"text":"Blog","link":"https:\/\/noticiasribeiraopreto.com.br\/index.php\/category\/blog\/"},"img":{"alt_text":"","src":"https:\/\/i0.wp.com\/noticiasribeiraopreto.com.br\/wp-content\/uploads\/2023\/12\/carreira-licenca-paternidade-1024x683.png?fit=1024%2C683&ssl=1&resize=350%2C200","width":350,"height":200,"srcset":"https:\/\/i0.wp.com\/noticiasribeiraopreto.com.br\/wp-content\/uploads\/2023\/12\/carreira-licenca-paternidade-1024x683.png?fit=1024%2C683&ssl=1&resize=350%2C200 1x, https:\/\/i0.wp.com\/noticiasribeiraopreto.com.br\/wp-content\/uploads\/2023\/12\/carreira-licenca-paternidade-1024x683.png?fit=1024%2C683&ssl=1&resize=525%2C300 1.5x, https:\/\/i0.wp.com\/noticiasribeiraopreto.com.br\/wp-content\/uploads\/2023\/12\/carreira-licenca-paternidade-1024x683.png?fit=1024%2C683&ssl=1&resize=700%2C400 2x"},"classes":[]},{"id":15639,"url":"https:\/\/noticiasribeiraopreto.com.br\/index.php\/2023\/12\/14\/licenca-paternidade-pode-se-igualar-a-licenca-maternidade-e-ser-de-120-dias-2\/","url_meta":{"origin":74667,"position":3},"title":"Licen\u00e7a-paternidade pode se igualar \u00e0 licen\u00e7a-maternidade e ser de 120 dias","author":"noticiasribeiraopreto.com.br","date":"14 de December de 2023","format":false,"excerpt":"O Supremo Tribunal Federal (STF) deliberou nesta quarta-feira (13) sobre a necessidade de equiparar a licen\u00e7a-paternidade \u00e0 licen\u00e7a-maternidade, estabelecendo um per\u00edodo de 120 dias. A decis\u00e3o, baseada nos votos dos ministros Lu\u00eds Roberto Barroso e Edson Fachin, determina que o Congresso Nacional tem 18 meses para aprovar uma legisla\u00e7\u00e3o que\u2026","rel":"","context":"In &quot;Vagas de Emprego em Ribeir\u00e3o Preto-SP&quot;","block_context":{"text":"Vagas de Emprego em Ribeir\u00e3o Preto-SP","link":"https:\/\/noticiasribeiraopreto.com.br\/index.php\/category\/empregos-classificados-vagas-trabalho\/vagas-de-empregos-em-ribeirao-preto-regiao-brasil\/"},"img":{"alt_text":"","src":"https:\/\/i0.wp.com\/noticiasribeiraopreto.com.br\/wp-content\/uploads\/2023\/12\/licenca-paternidade-pais-adotivos.jpg?fit=1200%2C675&ssl=1&resize=350%2C200","width":350,"height":200,"srcset":"https:\/\/i0.wp.com\/noticiasribeiraopreto.com.br\/wp-content\/uploads\/2023\/12\/licenca-paternidade-pais-adotivos.jpg?fit=1200%2C675&ssl=1&resize=350%2C200 1x, https:\/\/i0.wp.com\/noticiasribeiraopreto.com.br\/wp-content\/uploads\/2023\/12\/licenca-paternidade-pais-adotivos.jpg?fit=1200%2C675&ssl=1&resize=525%2C300 1.5x, https:\/\/i0.wp.com\/noticiasribeiraopreto.com.br\/wp-content\/uploads\/2023\/12\/licenca-paternidade-pais-adotivos.jpg?fit=1200%2C675&ssl=1&resize=700%2C400 2x, https:\/\/i0.wp.com\/noticiasribeiraopreto.com.br\/wp-content\/uploads\/2023\/12\/licenca-paternidade-pais-adotivos.jpg?fit=1200%2C675&ssl=1&resize=1050%2C600 3x"},"classes":[]},{"id":75988,"url":"https:\/\/noticiasribeiraopreto.com.br\/index.php\/2025\/08\/20\/camara-pode-estender-licenca-paternidade-tribuna-ribeirao\/","url_meta":{"origin":74667,"position":4},"title":"C\u00e2mara pode estender licen\u00e7a-paternidade &#8211; Tribuna Ribeir\u00e3o","author":"noticiasribeiraopreto.com.br","date":"20 de August de 2025","format":false,"excerpt":"20 de agosto de 2025 07:3020 de agosto de 2025 07:0417 Compartilhar0 Os servidores da C\u00e2mara de Ribeir\u00e3o Preto poder\u00e3o ter o per\u00edodo de licen\u00e7a\u2013paternidade estendido se o projeto de resolu\u00e7\u00e3o da Mesa Diretora, protocolado nesta semana, for aprovado pelos vereadores. A proposta partiu de Duda Hidalgo (PT) e estabelece\u2026","rel":"","context":"In &quot;Not\u00edcias de Ribeir\u00e3o Preto-SP e Regi\u00e3o&quot;","block_context":{"text":"Not\u00edcias de Ribeir\u00e3o Preto-SP e Regi\u00e3o","link":"https:\/\/noticiasribeiraopreto.com.br\/index.php\/category\/noticias-de-ribeirao-preto-sp-e-regiao-ismael-colosi\/"},"img":{"alt_text":"","src":"https:\/\/i0.wp.com\/noticiasribeiraopreto.com.br\/wp-content\/uploads\/2025\/08\/CamaraTCE-Alfredo-Risk-scaled.jpg?fit=750%2C500&ssl=1&resize=350%2C200","width":350,"height":200,"srcset":"https:\/\/i0.wp.com\/noticiasribeiraopreto.com.br\/wp-content\/uploads\/2025\/08\/CamaraTCE-Alfredo-Risk-scaled.jpg?fit=750%2C500&ssl=1&resize=350%2C200 1x, https:\/\/i0.wp.com\/noticiasribeiraopreto.com.br\/wp-content\/uploads\/2025\/08\/CamaraTCE-Alfredo-Risk-scaled.jpg?fit=750%2C500&ssl=1&resize=525%2C300 1.5x, https:\/\/i0.wp.com\/noticiasribeiraopreto.com.br\/wp-content\/uploads\/2025\/08\/CamaraTCE-Alfredo-Risk-scaled.jpg?fit=750%2C500&ssl=1&resize=700%2C400 2x"},"classes":[]},{"id":16942,"url":"https:\/\/noticiasribeiraopreto.com.br\/index.php\/2023\/12\/16\/novidades-sobre-licenca-paternidade-choca-brasileiros\/","url_meta":{"origin":74667,"position":5},"title":"NOVIDADES sobre LICEN\u00c7A PATERNIDADE CHOCA brasileiros","author":"noticiasribeiraopreto.com.br","date":"16 de December de 2023","format":false,"excerpt":"O STF (Supremo Tribunal Federal) nos \u00faltimos desdobramentos acerca da licen\u00e7a paternidade aqui no Brasil, teve uma vota\u00e7\u00e3o un\u00e2nime. Assim, na \u00faltima quinta-feira (14), ficou decidido que \u00e9 de incumb\u00eancia do Congresso Nacional a cria\u00e7\u00e3o da lei espec\u00edfica que regulamentar\u00e1 o benef\u00edcio no pa\u00eds. A resolu\u00e7\u00e3o assume uma import\u00e2ncia especial\u2026","rel":"","context":"In &quot;Vagas de Emprego em Ribeir\u00e3o Preto-SP&quot;","block_context":{"text":"Vagas de Emprego em Ribeir\u00e3o Preto-SP","link":"https:\/\/noticiasribeiraopreto.com.br\/index.php\/category\/empregos-classificados-vagas-trabalho\/vagas-de-empregos-em-ribeirao-preto-regiao-brasil\/"},"img":{"alt_text":"","src":"https:\/\/i0.wp.com\/noticiasribeiraopreto.com.br\/wp-content\/uploads\/2023\/12\/noticiasconcursos.com_.br-shine-4.jpg?fit=1200%2C800&ssl=1&resize=350%2C200","width":350,"height":200,"srcset":"https:\/\/i0.wp.com\/noticiasribeiraopreto.com.br\/wp-content\/uploads\/2023\/12\/noticiasconcursos.com_.br-shine-4.jpg?fit=1200%2C800&ssl=1&resize=350%2C200 1x, https:\/\/i0.wp.com\/noticiasribeiraopreto.com.br\/wp-content\/uploads\/2023\/12\/noticiasconcursos.com_.br-shine-4.jpg?fit=1200%2C800&ssl=1&resize=525%2C300 1.5x, https:\/\/i0.wp.com\/noticiasribeiraopreto.com.br\/wp-content\/uploads\/2023\/12\/noticiasconcursos.com_.br-shine-4.jpg?fit=1200%2C800&ssl=1&resize=700%2C400 2x, https:\/\/i0.wp.com\/noticiasribeiraopreto.com.br\/wp-content\/uploads\/2023\/12\/noticiasconcursos.com_.br-shine-4.jpg?fit=1200%2C800&ssl=1&resize=1050%2C600 3x"},"classes":[]}],"jetpack_sharing_enabled":true,"jetpack_shortlink":"https:\/\/wp.me\/peQAOb-jqj","_links":{"self":[{"href":"https:\/\/noticiasribeiraopreto.com.br\/index.php\/wp-json\/wp\/v2\/posts\/74667","targetHints":{"allow":["GET"]}}],"collection":[{"href":"https:\/\/noticiasribeiraopreto.com.br\/index.php\/wp-json\/wp\/v2\/posts"}],"about":[{"href":"https:\/\/noticiasribeiraopreto.com.br\/index.php\/wp-json\/wp\/v2\/types\/post"}],"author":[{"embeddable":true,"href":"https:\/\/noticiasribeiraopreto.com.br\/index.php\/wp-json\/wp\/v2\/users\/1"}],"replies":[{"embeddable":true,"href":"https:\/\/noticiasribeiraopreto.com.br\/index.php\/wp-json\/wp\/v2\/comments?post=74667"}],"version-history":[{"count":0,"href":"https:\/\/noticiasribeiraopreto.com.br\/index.php\/wp-json\/wp\/v2\/posts\/74667\/revisions"}],"wp:featuredmedia":[{"embeddable":true,"href":"https:\/\/noticiasribeiraopreto.com.br\/index.php\/wp-json\/wp\/v2\/media\/74668"}],"wp:attachment":[{"href":"https:\/\/noticiasribeiraopreto.com.br\/index.php\/wp-json\/wp\/v2\/media?parent=74667"}],"wp:term":[{"taxonomy":"category","embeddable":true,"href":"https:\/\/noticiasribeiraopreto.com.br\/index.php\/wp-json\/wp\/v2\/categories?post=74667"},{"taxonomy":"post_tag","embeddable":true,"href":"https:\/\/noticiasribeiraopreto.com.br\/index.php\/wp-json\/wp\/v2\/tags?post=74667"}],"curies":[{"name":"wp","href":"https:\/\/api.w.org\/{rel}","templated":true}]}}