{"id":74669,"date":"2025-07-26T18:20:15","date_gmt":"2025-07-26T21:20:15","guid":{"rendered":"https:\/\/noticiasribeiraopreto.com.br\/index.php\/2025\/07\/26\/comercial-goleia-itapirense-em-ribeirao-preto-e-volta-a-vencer-pela-copa-paulista\/"},"modified":"2025-07-26T18:20:15","modified_gmt":"2025-07-26T21:20:15","slug":"comercial-goleia-itapirense-em-ribeirao-preto-e-volta-a-vencer-pela-copa-paulista","status":"publish","type":"post","link":"https:\/\/noticiasribeiraopreto.com.br\/index.php\/2025\/07\/26\/comercial-goleia-itapirense-em-ribeirao-preto-e-volta-a-vencer-pela-copa-paulista\/","title":{"rendered":"Comercial goleia Itapirense em Ribeir\u00e3o Preto e volta a vencer pela Copa Paulista"},"content":{"rendered":"<div class='code-block code-block-1' style='margin: 8px 0 8px auto; text-align: right; display: block; clear: both;'>\n<p><a href=\"https:\/\/wa.link\/vpicfd\"><img data-recalc-dims=\"1\" class=\"wp-image-4922\" style=\"aspect-ratio: 2.0253164556962027; width: 561px; height: auto;\" src=\"https:\/\/i0.wp.com\/ismaelcolosi.com.br\/wp-content\/uploads\/2023\/11\/grupo-de-empregos-whatsapp-e-facebook-ismael-colosi-vagas.jpg?ssl=1\" alt=\"\" \/><\/a><\/p>\n<!-- \/wp:image -->\n<\/div>\n<p> <br \/>\n<\/p>\n<div data-td-block-uid=\"tdi_95\">\n<div class=\"tdb-block-inner td-fix-index\">\n<p>O<strong> Comercial <\/strong>goleou a <strong>Itapirense<\/strong> por 4 a 2 e voltou a vencer pela <strong>Copa Paulista 2025<\/strong>. A partida foi realizada na tarde deste s\u00e1bado (26), no <strong>est\u00e1dio Palma Travassos<\/strong>, em <strong>Ribeir\u00e3o Preto<\/strong>. O Le\u00e3o do Norte vinha de duas derrotas na competi\u00e7\u00e3o.<\/p>\n<h2 class=\"wp-block-heading\"><strong>Os gols<\/strong><\/h2>\n<p>A Itapirense abriu o placar aos 34 minutos do primeiro tempo com Andr\u00e9 Santos. J\u00e1 o Comercial virou ainda na primeira etapa, com gols de Frank, aos 42, e Felipe Rodrigues, aos 45 minutos.<\/p>\n<p>O terceiro gol do Le\u00e3o do Norte veio aos 4 minutos da segunda etapa, com Matheus Prado. J\u00e1 o quarto gol da equipe de Ribeir\u00e3o Preto saiu aos 30 minutos da etapa complementar com Wesley.<\/p>\n<p>J\u00e1 a Itapirense descontou aos 34 minutos da segunda etapa, com Ribas.<\/p>\n<h2 class=\"wp-block-heading\"><strong>Classifica\u00e7\u00e3o<\/strong><\/h2>\n<p>Com o resultado,<mark style=\"background-color:#fcb900\" class=\"has-inline-color has-black-color\"> o Comercial ocupa a 2\u00aa coloca\u00e7\u00e3o do Grupo B, com 13 pontos<\/mark>. J\u00e1 a Itapirense \u00e9 a lanterna da chave, com apenas 4 pontos conquistados.<\/p>\n<h2 class=\"wp-block-heading\"><strong>Pr\u00f3ximos jogos<\/strong><\/h2>\n<p>O Comercial volta a campo no dia 6 de agosto, quando enfrenta o rival Botafogo no est\u00e1dio Santa Cruz, a partir das 19h. J\u00e1 a Itapirense enfrente a Francana no pr\u00f3ximo s\u00e1bado (2), a partir das 16h, em casa.<\/p>\n<p>SAIBA MAIS<br \/>Empresa inicia doa\u00e7\u00e3o de \u00e1rea pr\u00f3xima \u00e0 marginal de avenida de Ribeir\u00e3o Preto<\/p>\n<h2 class=\"wp-block-heading\"><strong>FIQUE ON<\/strong><\/h2>\n<p>Fique ligado em tudo que acontece em Ribeir\u00e3o Preto e regi\u00e3o. Siga os perfis do<strong>\u00a0acidade on\u00a0<\/strong>no\u00a0<a href=\"https:\/\/www.instagram.com\/acidadeonribeirao\" target=\"_blank\" rel=\"noreferrer noopener\">Instagram\u00a0<\/a>e no\u00a0<a href=\"https:\/\/www.facebook.com\/acidadeonribeirao\/\" target=\"_blank\" rel=\"noreferrer noopener\">Facebook<\/a>.<\/p>\n<p>Receba not\u00edcias do\u00a0<strong>acidade on\u00a0<\/strong>no WhatsApp.\u00a0<a href=\"https:\/\/chat.whatsapp.com\/BjKQZ9oJwlz8VVT50NuePq\" target=\"_blank\" rel=\"noreferrer noopener\">Para entrar no grupo, basta clicar aqui.<\/a><\/p>\n<p>Fa\u00e7a uma den\u00fancia ou sugira uma reportagem sobre Ribeir\u00e3o Preto e regi\u00e3o pelo WhatsApp: 16 99117 7802.<\/p>\n<p>VEJA TAMB\u00c9M<br \/>Quanto custa o morango do amor?<\/p>\n<p><!-- AI CONTENT END 1 -->\n<\/div>\n<\/div>\n<p><script async src=\"\/\/www.instagram.com\/embed.js\"><\/script><br \/>\n<br \/><br \/>\n<br \/><a href=\"https:\/\/www.acidadeon.com\/ribeiraopreto\/esportes\/comercial-goleia-itapirense-em-ribeirao-preto-e-volta-a-vencer-pela-copa-paulista\/\">Source link <\/a><\/p>\n<!-- CONTENT END 1 -->\n","protected":false},"excerpt":{"rendered":"<p>O Comercial goleou a Itapirense por 4 a 2 e voltou a vencer pela Copa Paulista 2025. A partida foi realizada na tarde deste s\u00e1bado&#8230;<\/p>\n","protected":false},"author":1,"featured_media":74670,"comment_status":"open","ping_status":"open","sticky":false,"template":"","format":"standard","meta":{"advanced_seo_description":"","jetpack_seo_html_title":"","jetpack_seo_noindex":false,"jetpack_post_was_ever_published":false,"_jetpack_newsletter_access":"","_jetpack_dont_email_post_to_subs":false,"_jetpack_newsletter_tier_id":0,"_jetpack_memberships_contains_paywalled_content":false,"_jetpack_memberships_contains_paid_content":false,"footnotes":"","jetpack_publicize_message":"","jetpack_publicize_feature_enabled":true,"jetpack_social_post_already_shared":true,"jetpack_social_options":{"image_generator_settings":{"template":"highway","default_image_id":0,"font":"","enabled":false},"version":2}},"categories":[11],"tags":[],"class_list":["post-74669","post","type-post","status-publish","format-standard","has-post-thumbnail","hentry","category-noticias-de-ribeirao-preto-sp-e-regiao-ismael-colosi"],"jetpack_publicize_connections":[],"jetpack_featured_media_url":"https:\/\/i0.wp.com\/noticiasribeiraopreto.com.br\/wp-content\/uploads\/2025\/07\/comercial-gol_2025-07-26_19-28-29.webp.webp?fit=1200%2C883&ssl=1","jetpack-related-posts":[{"id":63553,"url":"https:\/\/noticiasribeiraopreto.com.br\/index.php\/2025\/02\/15\/com-gol-nos-acrescimos-comercial-perde-para-a-itapirense-e-segue-na-lanterna-da-a3\/","url_meta":{"origin":74669,"position":0},"title":"Com gol nos acr\u00e9scimos, Comercial perde para a Itapirense e segue na lanterna da A3","author":"noticiasribeiraopreto.com.br","date":"15 de February de 2025","format":false,"excerpt":"Na tarde deste s\u00e1bado (15), o Comercial perdeu por 2 a 1 para a Itapirense no est\u00e1dio Palma Travassos, em Ribeir\u00e3o Preto, pela 8\u00aa rodada da S\u00e9rie A3 do Campeonato Paulista. Com o resultado, o Bafo segue na lanterna da competi\u00e7\u00e3o, com apenas 4 pontos. O jogo foi tenso e\u2026","rel":"","context":"In &quot;Not\u00edcias de Ribeir\u00e3o Preto-SP e Regi\u00e3o&quot;","block_context":{"text":"Not\u00edcias de Ribeir\u00e3o Preto-SP e Regi\u00e3o","link":"https:\/\/noticiasribeiraopreto.com.br\/index.php\/category\/noticias-de-ribeirao-preto-sp-e-regiao-ismael-colosi\/"},"img":{"alt_text":"","src":"https:\/\/i0.wp.com\/noticiasribeiraopreto.com.br\/wp-content\/uploads\/2025\/02\/WhatsApp-Image-2025-02-15-at-16.59.55_2025-02-15_21-35-54_jpeg_2025-02-15_21-35-56-scaled.webp.webp?fit=1200%2C800&ssl=1&resize=350%2C200","width":350,"height":200,"srcset":"https:\/\/i0.wp.com\/noticiasribeiraopreto.com.br\/wp-content\/uploads\/2025\/02\/WhatsApp-Image-2025-02-15-at-16.59.55_2025-02-15_21-35-54_jpeg_2025-02-15_21-35-56-scaled.webp.webp?fit=1200%2C800&ssl=1&resize=350%2C200 1x, https:\/\/i0.wp.com\/noticiasribeiraopreto.com.br\/wp-content\/uploads\/2025\/02\/WhatsApp-Image-2025-02-15-at-16.59.55_2025-02-15_21-35-54_jpeg_2025-02-15_21-35-56-scaled.webp.webp?fit=1200%2C800&ssl=1&resize=525%2C300 1.5x, https:\/\/i0.wp.com\/noticiasribeiraopreto.com.br\/wp-content\/uploads\/2025\/02\/WhatsApp-Image-2025-02-15-at-16.59.55_2025-02-15_21-35-54_jpeg_2025-02-15_21-35-56-scaled.webp.webp?fit=1200%2C800&ssl=1&resize=700%2C400 2x, https:\/\/i0.wp.com\/noticiasribeiraopreto.com.br\/wp-content\/uploads\/2025\/02\/WhatsApp-Image-2025-02-15-at-16.59.55_2025-02-15_21-35-54_jpeg_2025-02-15_21-35-56-scaled.webp.webp?fit=1200%2C800&ssl=1&resize=1050%2C600 3x"},"classes":[]},{"id":72838,"url":"https:\/\/noticiasribeiraopreto.com.br\/index.php\/2025\/06\/21\/comercial-bate-a-itapirense-e-mantem-invencibilidade-na-copa-paulista\/","url_meta":{"origin":74669,"position":1},"title":"Comercial bate a Itapirense e mant\u00e9m invencibilidade na Copa Paulista","author":"noticiasribeiraopreto.com.br","date":"21 de June de 2025","format":false,"excerpt":"O Comercial venceu a Itapirense por 1 a 0 na tarde deste s\u00e1bado (21), pela 2\u00aa rodada da Copa Paulista. Essa foi a segunda vit\u00f3ria consecutiva do Bafo, que na semana passada havia superado a Francana. O \u00fanico gol da partida saiu logo no in\u00edcio do primeiro tempo, aos 3\u2026","rel":"","context":"In &quot;Not\u00edcias de Ribeir\u00e3o Preto-SP e Regi\u00e3o&quot;","block_context":{"text":"Not\u00edcias de Ribeir\u00e3o Preto-SP e Regi\u00e3o","link":"https:\/\/noticiasribeiraopreto.com.br\/index.php\/category\/noticias-de-ribeirao-preto-sp-e-regiao-ismael-colosi\/"},"img":{"alt_text":"","src":"https:\/\/i0.wp.com\/noticiasribeiraopreto.com.br\/wp-content\/uploads\/2025\/06\/IMG_6920_2025-06-21_21-04-24.webp.webp?fit=1200%2C800&ssl=1&resize=350%2C200","width":350,"height":200,"srcset":"https:\/\/i0.wp.com\/noticiasribeiraopreto.com.br\/wp-content\/uploads\/2025\/06\/IMG_6920_2025-06-21_21-04-24.webp.webp?fit=1200%2C800&ssl=1&resize=350%2C200 1x, https:\/\/i0.wp.com\/noticiasribeiraopreto.com.br\/wp-content\/uploads\/2025\/06\/IMG_6920_2025-06-21_21-04-24.webp.webp?fit=1200%2C800&ssl=1&resize=525%2C300 1.5x, https:\/\/i0.wp.com\/noticiasribeiraopreto.com.br\/wp-content\/uploads\/2025\/06\/IMG_6920_2025-06-21_21-04-24.webp.webp?fit=1200%2C800&ssl=1&resize=700%2C400 2x, https:\/\/i0.wp.com\/noticiasribeiraopreto.com.br\/wp-content\/uploads\/2025\/06\/IMG_6920_2025-06-21_21-04-24.webp.webp?fit=1200%2C800&ssl=1&resize=1050%2C600 3x"},"classes":[]},{"id":72834,"url":"https:\/\/noticiasribeiraopreto.com.br\/index.php\/2025\/06\/21\/comercial-vence-mais-uma-na-copa-paulista\/","url_meta":{"origin":74669,"position":2},"title":"Comercial vence mais uma na Copa Paulista","author":"noticiasribeiraopreto.com.br","date":"21 de June de 2025","format":false,"excerpt":"Le\u00e3o do Norte marca no come\u00e7o, supera Itapirense e assume lideran\u00e7a do Grupo 2 21 de junho de 2025 18:295 Compartilhar0 Por Hugo Luque O Comercial bateu a Itapirense por 1 a 0 neste s\u00e1bado (21), no Est\u00e1dio Municipal Coronel Francisco Vieira, em Itapira (SP), pela segunda rodada da Copa\u2026","rel":"","context":"In &quot;Not\u00edcias de Ribeir\u00e3o Preto-SP e Regi\u00e3o&quot;","block_context":{"text":"Not\u00edcias de Ribeir\u00e3o Preto-SP e Regi\u00e3o","link":"https:\/\/noticiasribeiraopreto.com.br\/index.php\/category\/noticias-de-ribeirao-preto-sp-e-regiao-ismael-colosi\/"},"img":{"alt_text":"","src":"https:\/\/i0.wp.com\/noticiasribeiraopreto.com.br\/wp-content\/uploads\/2025\/06\/Itapirense-x-Comercial-Barbara-Pires_Comercial-FC-scaled.jpg?fit=750%2C500&ssl=1&resize=350%2C200","width":350,"height":200,"srcset":"https:\/\/i0.wp.com\/noticiasribeiraopreto.com.br\/wp-content\/uploads\/2025\/06\/Itapirense-x-Comercial-Barbara-Pires_Comercial-FC-scaled.jpg?fit=750%2C500&ssl=1&resize=350%2C200 1x, https:\/\/i0.wp.com\/noticiasribeiraopreto.com.br\/wp-content\/uploads\/2025\/06\/Itapirense-x-Comercial-Barbara-Pires_Comercial-FC-scaled.jpg?fit=750%2C500&ssl=1&resize=525%2C300 1.5x, https:\/\/i0.wp.com\/noticiasribeiraopreto.com.br\/wp-content\/uploads\/2025\/06\/Itapirense-x-Comercial-Barbara-Pires_Comercial-FC-scaled.jpg?fit=750%2C500&ssl=1&resize=700%2C400 2x"},"classes":[]},{"id":75310,"url":"https:\/\/noticiasribeiraopreto.com.br\/index.php\/2025\/08\/06\/come-fogo-comercial-vence-o-botafogo-e-assume-lideranca-na-copa-paulista\/","url_meta":{"origin":74669,"position":3},"title":"Come-Fogo: Comercial vence o Botafogo e assume lideran\u00e7a na Copa Paulista","author":"noticiasribeiraopreto.com.br","date":"6 de August de 2025","format":false,"excerpt":"O Comercial venceu o Botafogo por 2 a 0 na noite desta quarta-feira (6), no est\u00e1dio Santa Cruz, em Ribeir\u00e3o Preto, pela Copa Paulista. Com o resultado, o Bafo confirma a invencibilidade no Come-Fogo em 2025, assume a lideran\u00e7a do grupo 2 e mant\u00e9m a boa fase na competi\u00e7\u00e3o. O\u2026","rel":"","context":"In &quot;Not\u00edcias de Ribeir\u00e3o Preto-SP e Regi\u00e3o&quot;","block_context":{"text":"Not\u00edcias de Ribeir\u00e3o Preto-SP e Regi\u00e3o","link":"https:\/\/noticiasribeiraopreto.com.br\/index.php\/category\/noticias-de-ribeirao-preto-sp-e-regiao-ismael-colosi\/"},"img":{"alt_text":"","src":"https:\/\/i0.wp.com\/noticiasribeiraopreto.com.br\/wp-content\/uploads\/2025\/08\/Copia-de-Copia-de-Copia-de-TAMANHO-EXATO-PARA-FOTOS-NO-SISTEMA-NOVO-2025-08-06T205452.196_2025-08-06_23-55-02.webp.webp?fit=1200%2C675&ssl=1&resize=350%2C200","width":350,"height":200,"srcset":"https:\/\/i0.wp.com\/noticiasribeiraopreto.com.br\/wp-content\/uploads\/2025\/08\/Copia-de-Copia-de-Copia-de-TAMANHO-EXATO-PARA-FOTOS-NO-SISTEMA-NOVO-2025-08-06T205452.196_2025-08-06_23-55-02.webp.webp?fit=1200%2C675&ssl=1&resize=350%2C200 1x, https:\/\/i0.wp.com\/noticiasribeiraopreto.com.br\/wp-content\/uploads\/2025\/08\/Copia-de-Copia-de-Copia-de-TAMANHO-EXATO-PARA-FOTOS-NO-SISTEMA-NOVO-2025-08-06T205452.196_2025-08-06_23-55-02.webp.webp?fit=1200%2C675&ssl=1&resize=525%2C300 1.5x, https:\/\/i0.wp.com\/noticiasribeiraopreto.com.br\/wp-content\/uploads\/2025\/08\/Copia-de-Copia-de-Copia-de-TAMANHO-EXATO-PARA-FOTOS-NO-SISTEMA-NOVO-2025-08-06T205452.196_2025-08-06_23-55-02.webp.webp?fit=1200%2C675&ssl=1&resize=700%2C400 2x, https:\/\/i0.wp.com\/noticiasribeiraopreto.com.br\/wp-content\/uploads\/2025\/08\/Copia-de-Copia-de-Copia-de-TAMANHO-EXATO-PARA-FOTOS-NO-SISTEMA-NOVO-2025-08-06T205452.196_2025-08-06_23-55-02.webp.webp?fit=1200%2C675&ssl=1&resize=1050%2C600 3x"},"classes":[]},{"id":72224,"url":"https:\/\/noticiasribeiraopreto.com.br\/index.php\/2025\/06\/14\/comercial-estreia-com-vitoria-na-copa-paulista\/","url_meta":{"origin":74669,"position":4},"title":"Comercial estreia com vit\u00f3ria na Copa Paulista","author":"noticiasribeiraopreto.com.br","date":"14 de June de 2025","format":false,"excerpt":"Bafo leva a melhor sobre Francana com gol \u00fanico 14 de junho de 2025 17:340 Compartilhar0 Por Hugo Luque O Comercial derrotou a Francana por 1 a 0 neste s\u00e1bado (14), na estreia da Copa Paulista. O gol foi marcado pelo tamb\u00e9m estreante Carlos Baj\u00e9. No Palma Travassos, o Le\u00e3o\u2026","rel":"","context":"In &quot;Not\u00edcias de Ribeir\u00e3o Preto-SP e Regi\u00e3o&quot;","block_context":{"text":"Not\u00edcias de Ribeir\u00e3o Preto-SP e Regi\u00e3o","link":"https:\/\/noticiasribeiraopreto.com.br\/index.php\/category\/noticias-de-ribeirao-preto-sp-e-regiao-ismael-colosi\/"},"img":{"alt_text":"","src":"https:\/\/i0.wp.com\/noticiasribeiraopreto.com.br\/wp-content\/uploads\/2025\/06\/IMG_2852-scaled.jpeg?fit=750%2C500&ssl=1&resize=350%2C200","width":350,"height":200,"srcset":"https:\/\/i0.wp.com\/noticiasribeiraopreto.com.br\/wp-content\/uploads\/2025\/06\/IMG_2852-scaled.jpeg?fit=750%2C500&ssl=1&resize=350%2C200 1x, https:\/\/i0.wp.com\/noticiasribeiraopreto.com.br\/wp-content\/uploads\/2025\/06\/IMG_2852-scaled.jpeg?fit=750%2C500&ssl=1&resize=525%2C300 1.5x, https:\/\/i0.wp.com\/noticiasribeiraopreto.com.br\/wp-content\/uploads\/2025\/06\/IMG_2852-scaled.jpeg?fit=750%2C500&ssl=1&resize=700%2C400 2x"},"classes":[]},{"id":74304,"url":"https:\/\/noticiasribeiraopreto.com.br\/index.php\/2025\/07\/19\/comercial-perde-classico-regional-para-francana\/","url_meta":{"origin":74669,"position":5},"title":"Comercial perde cl\u00e1ssico regional para Francana","author":"noticiasribeiraopreto.com.br","date":"19 de July de 2025","format":false,"excerpt":"Bafo sofre segunda derrota consecutiva na Copa Paulista e liga alerta 19 de julho de 2025 18:024 Compartilhar1 Por Hugo Luque O Comercial foi batido pela Francana por 1 a 0 neste s\u00e1bado (19), no Est\u00e1dio Lancha Filho, o Lanch\u00e3o, pela quinta rodada da Copa Paulista. O gol foi anotado\u2026","rel":"","context":"In &quot;Not\u00edcias de Ribeir\u00e3o Preto-SP e Regi\u00e3o&quot;","block_context":{"text":"Not\u00edcias de Ribeir\u00e3o Preto-SP e Regi\u00e3o","link":"https:\/\/noticiasribeiraopreto.com.br\/index.php\/category\/noticias-de-ribeirao-preto-sp-e-regiao-ismael-colosi\/"},"img":{"alt_text":"","src":"https:\/\/i0.wp.com\/noticiasribeiraopreto.com.br\/wp-content\/uploads\/2025\/07\/5185b6f0-2f79-4453-8506-366f6f63adca-scaled.jpeg?fit=1170%2C780&ssl=1&resize=350%2C200","width":350,"height":200,"srcset":"https:\/\/i0.wp.com\/noticiasribeiraopreto.com.br\/wp-content\/uploads\/2025\/07\/5185b6f0-2f79-4453-8506-366f6f63adca-scaled.jpeg?fit=1170%2C780&ssl=1&resize=350%2C200 1x, https:\/\/i0.wp.com\/noticiasribeiraopreto.com.br\/wp-content\/uploads\/2025\/07\/5185b6f0-2f79-4453-8506-366f6f63adca-scaled.jpeg?fit=1170%2C780&ssl=1&resize=525%2C300 1.5x, https:\/\/i0.wp.com\/noticiasribeiraopreto.com.br\/wp-content\/uploads\/2025\/07\/5185b6f0-2f79-4453-8506-366f6f63adca-scaled.jpeg?fit=1170%2C780&ssl=1&resize=700%2C400 2x, https:\/\/i0.wp.com\/noticiasribeiraopreto.com.br\/wp-content\/uploads\/2025\/07\/5185b6f0-2f79-4453-8506-366f6f63adca-scaled.jpeg?fit=1170%2C780&ssl=1&resize=1050%2C600 3x"},"classes":[]}],"jetpack_sharing_enabled":true,"jetpack_shortlink":"https:\/\/wp.me\/peQAOb-jql","_links":{"self":[{"href":"https:\/\/noticiasribeiraopreto.com.br\/index.php\/wp-json\/wp\/v2\/posts\/74669","targetHints":{"allow":["GET"]}}],"collection":[{"href":"https:\/\/noticiasribeiraopreto.com.br\/index.php\/wp-json\/wp\/v2\/posts"}],"about":[{"href":"https:\/\/noticiasribeiraopreto.com.br\/index.php\/wp-json\/wp\/v2\/types\/post"}],"author":[{"embeddable":true,"href":"https:\/\/noticiasribeiraopreto.com.br\/index.php\/wp-json\/wp\/v2\/users\/1"}],"replies":[{"embeddable":true,"href":"https:\/\/noticiasribeiraopreto.com.br\/index.php\/wp-json\/wp\/v2\/comments?post=74669"}],"version-history":[{"count":0,"href":"https:\/\/noticiasribeiraopreto.com.br\/index.php\/wp-json\/wp\/v2\/posts\/74669\/revisions"}],"wp:featuredmedia":[{"embeddable":true,"href":"https:\/\/noticiasribeiraopreto.com.br\/index.php\/wp-json\/wp\/v2\/media\/74670"}],"wp:attachment":[{"href":"https:\/\/noticiasribeiraopreto.com.br\/index.php\/wp-json\/wp\/v2\/media?parent=74669"}],"wp:term":[{"taxonomy":"category","embeddable":true,"href":"https:\/\/noticiasribeiraopreto.com.br\/index.php\/wp-json\/wp\/v2\/categories?post=74669"},{"taxonomy":"post_tag","embeddable":true,"href":"https:\/\/noticiasribeiraopreto.com.br\/index.php\/wp-json\/wp\/v2\/tags?post=74669"}],"curies":[{"name":"wp","href":"https:\/\/api.w.org\/{rel}","templated":true}]}}