{"id":74671,"date":"2025-07-26T18:26:54","date_gmt":"2025-07-26T21:26:54","guid":{"rendered":"https:\/\/noticiasribeiraopreto.com.br\/index.php\/2025\/07\/26\/usp-ribeirao-encontra-molecula-em-propolis-capaz-de-matar-larvas-do-mosquito-da-dengue\/"},"modified":"2025-07-26T18:26:54","modified_gmt":"2025-07-26T21:26:54","slug":"usp-ribeirao-encontra-molecula-em-propolis-capaz-de-matar-larvas-do-mosquito-da-dengue","status":"publish","type":"post","link":"https:\/\/noticiasribeiraopreto.com.br\/index.php\/2025\/07\/26\/usp-ribeirao-encontra-molecula-em-propolis-capaz-de-matar-larvas-do-mosquito-da-dengue\/","title":{"rendered":"USP Ribeir\u00e3o encontra mol\u00e9cula em pr\u00f3polis capaz de matar larvas do mosquito da dengue"},"content":{"rendered":"<div class='code-block code-block-1' style='margin: 8px 0 8px auto; text-align: right; display: block; clear: both;'>\n<p><a href=\"https:\/\/wa.link\/vpicfd\"><img data-recalc-dims=\"1\" class=\"wp-image-4922\" style=\"aspect-ratio: 2.0253164556962027; width: 561px; height: auto;\" src=\"https:\/\/i0.wp.com\/ismaelcolosi.com.br\/wp-content\/uploads\/2023\/11\/grupo-de-empregos-whatsapp-e-facebook-ismael-colosi-vagas.jpg?ssl=1\" alt=\"\" \/><\/a><\/p>\n<!-- \/wp:image -->\n<\/div>\n<p> <br \/>\n<\/p>\n<div>\n<p>Pesquisadores da <strong>USP (Universidade de S\u00e3o Paulo) de Ribeir\u00e3o Preto<\/strong> encontraram na pr\u00f3polis da abelha sem ferr\u00e3o um composto capaz de matar larvas de<em> Aedes aegypti<\/em>, causador da <strong>dengue<\/strong>. O estudo tamb\u00e9m foi realizado por especialistas da <strong>UNB (Universidade de Bras\u00edlia)<\/strong> e de duas <strong>startups de Ribeir\u00e3o Preto<\/strong>.<\/p>\n<p>Atualmente, esse combate \u00e9 feito usando um inseticida qu\u00edmico bastante t\u00f3xico ao ambiente. Os resultados foram publicados na revista<em> Rapid Communications in Mass Spectrometry <\/em>(<a href=\"https:\/\/analyticalsciencejournals.onlinelibrary.wiley.com\/doi\/abs\/10.1002\/rcm.10025\" data-type=\"link\" data-id=\"https:\/\/analyticalsciencejournals.onlinelibrary.wiley.com\/doi\/abs\/10.1002\/rcm.10025\" target=\"_blank\" rel=\"noopener\">veja aqui<\/a>).<\/p>\n<p>O trabalho conta com apoios da Fapesp e de um projeto financiado pelo Minist\u00e9rio da Sa\u00fade para a busca de agentes larvicidas naturais que combatam o mosquito causador de doen\u00e7as como a dengue.<\/p>\n<h2 class=\"wp-block-heading\"><strong>Descoberta<\/strong><\/h2>\n<p>O professor <strong>Norberto Peporine Lopes<\/strong>, da <strong>Faculdade de Ci\u00eancias Farmac\u00eauticas de Ribeir\u00e3o Preto<\/strong> conta que<mark style=\"background-color:#fcb900\" class=\"has-inline-color has-black-color\"> as abelhas s\u00e3o conhecidas por recolher materiais na natureza para compor a col\u00f4nia, que em certos casos podem atuar protegendo contra bact\u00e9rias e fungos invasores.<\/mark><\/p>\n<p>\u201cFizemos uma s\u00e9rie de an\u00e1lises na geopr\u00f3polis, que mistura resinas vegetais com part\u00edculas de terra ou argila em sua composi\u00e7\u00e3o [a pr\u00f3polis tradicional \u00e9 feita apenas com resinas, cera e secre\u00e7\u00f5es das abelhas]. Observamos que o diterpeno presente nela era respons\u00e1vel pela atividade larvicida\u201d, explica.<\/p>\n<p>Em larvas de <em>Aedes aegypti<\/em>, os pesquisadores compararam a a\u00e7\u00e3o da pr\u00f3polis tradicional, produzida pela abelha-europeia (<em>Apis mellifera<\/em>), com a da geopr\u00f3polis da manda\u00e7aia. A primeira teve uma atividade muito baixa, mesmo ap\u00f3s 72 horas de exposi\u00e7\u00e3o. Nos ensaios com a geopr\u00f3polis, por\u00e9m, ocorreu a morte de 90% das larvas em 24 horas e de 100% em 48 horas.<\/p>\n<p><mark style=\"background-color:#fcb900\" class=\"has-inline-color has-black-color\">An\u00e1lises realizadas com ferramentas computacionais apontaram o diterpeno como o mais prov\u00e1vel agente larvicida entre os compostos presentes na geopr\u00f3polis<\/mark>. Ao estudar os h\u00e1bitos das abelhas em Bandeirantes, no Paran\u00e1, onde a geopr\u00f3polis foi coletada, observou-se que as manda\u00e7aias visitam frequentemente planta\u00e7\u00f5es de pinus (<em>Pinus elliottii<\/em>), esp\u00e9cie de \u00e1rvore do hemisf\u00e9rio Norte cultivada no Brasil para a explora\u00e7\u00e3o de madeira e resina.<\/p>\n<p>\u201cEra sabido que a composi\u00e7\u00e3o qu\u00edmica da pr\u00f3polis \u00e9 influenciada pelas resinas coletadas para a constru\u00e7\u00e3o e prote\u00e7\u00e3o dos ninhos, assim como pela composi\u00e7\u00e3o flor\u00edstica do ambiente, do bioma e de fatores sazonais. Nesse caso, ficou claro que a resina do pinus, processada pela saliva das manda\u00e7aias, \u00e9 que proporciona a a\u00e7\u00e3o larvicida\u201d, conta <strong>Lu\u00eds Guilherme Pereira Feitosa<\/strong>, primeiro autor do artigo.<\/p>\n<h2 class=\"wp-block-heading\"><strong>Abelha brasileira<\/strong><\/h2>\n<p>As manda\u00e7aias s\u00e3o especialmente interessantes porque s\u00e3o de f\u00e1cil cultivo, n\u00e3o t\u00eam ferr\u00e3o e s\u00e3o nativas do Brasil. Uma das ideias dos pesquisadores \u00e9 a valora\u00e7\u00e3o de outros produtos produzidos por elas, al\u00e9m do mel.<\/p>\n<p>No caso da pr\u00f3polis, a da manda\u00e7aia se diferenciou da de outras abelhas nativas analisadas no estudo, encontradas no mesmo munic\u00edpio: a bor\u00e1 (<em>Tetragona clavipes<\/em>), a mirim (<em>Plebeia droryana<\/em>) e a jata\u00ed (<em>Tetragonisca angustula<\/em>). A pr\u00f3polis das tr\u00eas esp\u00e9cies, tamb\u00e9m nativas e sem ferr\u00e3o, teve baixa atividade larvicida.<\/p>\n<p>Os pesquisadores explicam que o volume de geopr\u00f3polis produzido pelas manda\u00e7aias \u00e9 muito baixo, o que torna invi\u00e1vel seu uso como agente larvicida. No entanto, o fato de o diterpeno estar na resina do pinus \u00e9 uma boa not\u00edcia.<\/p>\n<p>Como \u00e9 produzida em larga escala para diversas aplica\u00e7\u00f5es industriais, como solventes e colas, a resina poderia ser submetida a processos qu\u00edmicos que mimetizam o que \u00e9 feito pelas manda\u00e7aias.<\/p>\n<p>\u201cS\u00e3o modifica\u00e7\u00f5es que podem formar mol\u00e9culas com maior atividade do que o composto original e que podem ser induzidas em biorreatores, equipamentos presentes na ind\u00fastria farmac\u00eautica\u201d, afirma Norberto Peporine Lopes.<\/p>\n<p>Segundo Lu\u00eds Guilherme, o fluxo de trabalho usado no estudo, envolvendo diferentes t\u00e9cnicas de espectrometria de massas, pode ser aplicado na busca de compostos para os mais variados fins. \u201cAtualmente, buscamos mol\u00e9culas naturais com a\u00e7\u00e3o contra tumores\u201d, diz o pesquisador.<\/p>\n<h2 class=\"wp-block-heading\"><strong>Projeto do Minist\u00e9rio da Sa\u00fade<\/strong><\/h2>\n<p>O projeto do Minist\u00e9rio da Sa\u00fade, coordenado pela professora Laila Salmen Espindola, da UnB, proporcionou ainda a descoberta de outro composto larvicida, presente no \u00f3leo essencial de uma planta j\u00e1 produzida em larga escala. A descoberta ainda n\u00e3o foi publicada e os dados est\u00e3o com o minist\u00e9rio.<\/p>\n<p>Os pesquisadores, inclusive, produziram um p\u00f3 e um comprimido \u00e0 base do \u00f3leo essencial que protegem a \u00e1gua por at\u00e9 24 dias. O p\u00f3 mata imediatamente as larvas, enquanto o comprimido, de libera\u00e7\u00e3o lenta, se dissolve aos poucos e mant\u00e9m a \u00e1gua livre dos mosquitos.<\/p>\n<p>(com informa\u00e7\u00f5es <strong><a href=\"https:\/\/www.agenciasp.sp.gov.br\/molecula-capaz-de-matar-larvas-do-mosquito\/\" data-type=\"link\" data-id=\"https:\/\/www.agenciasp.sp.gov.br\/molecula-capaz-de-matar-larvas-do-mosquito\/\" target=\"_blank\" rel=\"noopener\">Ag\u00eancia SP<\/a><\/strong>).<\/p>\n<p>SAIBA MAIS<br \/>Empresa inicia doa\u00e7\u00e3o de \u00e1rea pr\u00f3xima \u00e0 marginal de avenida de Ribeir\u00e3o Preto<\/p>\n<h2 class=\"wp-block-heading\"><strong>FIQUE ON<\/strong><\/h2>\n<p>Fique ligado em tudo que acontece em Ribeir\u00e3o Preto e regi\u00e3o. Siga os perfis do<strong>\u00a0acidade on\u00a0<\/strong>no\u00a0<a href=\"https:\/\/www.instagram.com\/acidadeonribeirao\" target=\"_blank\" rel=\"noreferrer noopener\">Instagram\u00a0<\/a>e no\u00a0<a href=\"https:\/\/www.facebook.com\/acidadeonribeirao\/\" target=\"_blank\" rel=\"noreferrer noopener\">Facebook<\/a>.<\/p>\n<p>Receba not\u00edcias do\u00a0<strong>acidade on\u00a0<\/strong>no WhatsApp.\u00a0<a href=\"https:\/\/chat.whatsapp.com\/BjKQZ9oJwlz8VVT50NuePq\" target=\"_blank\" rel=\"noreferrer noopener\">Para entrar no grupo, basta clicar aqui.<\/a><\/p>\n<p>Fa\u00e7a uma den\u00fancia ou sugira uma reportagem sobre Ribeir\u00e3o Preto e regi\u00e3o pelo WhatsApp: 16 99117 7802.<\/p>\n<p>VEJA TAMB\u00c9M<br \/>Quanto custa o morango do amor?<\/p>\n<p><!-- AI CONTENT END 1 -->\n<\/div>\n<p><script async src=\"\/\/www.instagram.com\/embed.js\"><\/script><br \/>\n<br \/><br \/>\n<br \/><a href=\"https:\/\/www.acidadeon.com\/ribeiraopreto\/cotidiano\/usp-ribeirao-encontra-molecula-capaz-de-matar-larvas-do-mosquito-da-dengue-em-propolis\/\">Source link <\/a><\/p>\n<!-- CONTENT END 1 -->\n","protected":false},"excerpt":{"rendered":"<p>Pesquisadores da USP (Universidade de S\u00e3o Paulo) de Ribeir\u00e3o Preto encontraram na pr\u00f3polis da abelha sem ferr\u00e3o um composto capaz de matar larvas de Aedes&#8230;<\/p>\n","protected":false},"author":1,"featured_media":74672,"comment_status":"open","ping_status":"open","sticky":false,"template":"","format":"standard","meta":{"advanced_seo_description":"","jetpack_seo_html_title":"","jetpack_seo_noindex":false,"jetpack_post_was_ever_published":false,"_jetpack_newsletter_access":"","_jetpack_dont_email_post_to_subs":false,"_jetpack_newsletter_tier_id":0,"_jetpack_memberships_contains_paywalled_content":false,"_jetpack_memberships_contains_paid_content":false,"footnotes":"","jetpack_publicize_message":"","jetpack_publicize_feature_enabled":true,"jetpack_social_post_already_shared":true,"jetpack_social_options":{"image_generator_settings":{"template":"highway","default_image_id":0,"font":"","enabled":false},"version":2}},"categories":[11],"tags":[],"class_list":["post-74671","post","type-post","status-publish","format-standard","has-post-thumbnail","hentry","category-noticias-de-ribeirao-preto-sp-e-regiao-ismael-colosi"],"jetpack_publicize_connections":[],"jetpack_featured_media_url":"https:\/\/i0.wp.com\/noticiasribeiraopreto.com.br\/wp-content\/uploads\/2025\/07\/close-up-mosquito-sucking-blood-from-human-arm_2025-01-24_18-03-21_jpg_2025-01-24_18-03-24-1024x485.webp.webp?fit=1024%2C485&ssl=1","jetpack-related-posts":[{"id":68097,"url":"https:\/\/noticiasribeiraopreto.com.br\/index.php\/2025\/04\/22\/ribeirao-vai-usar-armadilha-contra-o-mosquito-da-dengue\/","url_meta":{"origin":74671,"position":0},"title":"Ribeir\u00e3o vai usar armadilha contra o mosquito da dengue","author":"noticiasribeiraopreto.com.br","date":"22 de April de 2025","format":false,"excerpt":"22 de abril de 2025 14:332 Compartilhar0 Ribeir\u00e3o Preto vai usar armadilhas para atrair e contaminar o mosquito transmissor da dengue, o Aedes aegypti. Conhecida como Esta\u00e7\u00f5es Disseminadoras de Larvicidas (EDLs), as armadilhas atraem e contaminam o mosquito, ajudando a interromper o ciclo de transmiss\u00e3o da dengue. Trata-se da utiliza\u00e7\u00e3o\u2026","rel":"","context":"In &quot;Not\u00edcias de Ribeir\u00e3o Preto-SP e Regi\u00e3o&quot;","block_context":{"text":"Not\u00edcias de Ribeir\u00e3o Preto-SP e Regi\u00e3o","link":"https:\/\/noticiasribeiraopreto.com.br\/index.php\/category\/noticias-de-ribeirao-preto-sp-e-regiao-ismael-colosi\/"},"img":{"alt_text":"","src":"https:\/\/i0.wp.com\/noticiasribeiraopreto.com.br\/wp-content\/uploads\/2025\/04\/39b44bf4-3c3a-4fe0-b8cf-cf3a1b495354.jpg?fit=1200%2C900&ssl=1&resize=350%2C200","width":350,"height":200,"srcset":"https:\/\/i0.wp.com\/noticiasribeiraopreto.com.br\/wp-content\/uploads\/2025\/04\/39b44bf4-3c3a-4fe0-b8cf-cf3a1b495354.jpg?fit=1200%2C900&ssl=1&resize=350%2C200 1x, https:\/\/i0.wp.com\/noticiasribeiraopreto.com.br\/wp-content\/uploads\/2025\/04\/39b44bf4-3c3a-4fe0-b8cf-cf3a1b495354.jpg?fit=1200%2C900&ssl=1&resize=525%2C300 1.5x, https:\/\/i0.wp.com\/noticiasribeiraopreto.com.br\/wp-content\/uploads\/2025\/04\/39b44bf4-3c3a-4fe0-b8cf-cf3a1b495354.jpg?fit=1200%2C900&ssl=1&resize=700%2C400 2x, https:\/\/i0.wp.com\/noticiasribeiraopreto.com.br\/wp-content\/uploads\/2025\/04\/39b44bf4-3c3a-4fe0-b8cf-cf3a1b495354.jpg?fit=1200%2C900&ssl=1&resize=1050%2C600 3x"},"classes":[]},{"id":9243,"url":"https:\/\/noticiasribeiraopreto.com.br\/index.php\/2023\/12\/01\/ribeirao-registra-oito-mortes-por-dengue-e-saude-alerta-para-aumento-de-casos\/","url_meta":{"origin":74671,"position":1},"title":"Ribeir\u00e3o registra oito mortes por dengue e Sa\u00fade alerta para aumento de casos","author":"noticiasribeiraopreto.com.br","date":"1 de December de 2023","format":false,"excerpt":"Ribeir\u00e3o Preto registrou, at\u00e9 o dia 1\u00ba de novembro deste ano, oito mortes por dengue. No mesmo per\u00edodo de 2022, esse n\u00famero era de apenas um. Os dados s\u00e3o do levantamento realizado pela Secretaria de Sa\u00fade por meio da Divis\u00e3o de Vigil\u00e2ncia Epidemiol\u00f3gica da cidade. De acordo com os n\u00fameros,\u2026","rel":"","context":"In &quot;Not\u00edcias de Ribeir\u00e3o Preto-SP e Regi\u00e3o&quot;","block_context":{"text":"Not\u00edcias de Ribeir\u00e3o Preto-SP e Regi\u00e3o","link":"https:\/\/noticiasribeiraopreto.com.br\/index.php\/category\/noticias-de-ribeirao-preto-sp-e-regiao-ismael-colosi\/"},"img":{"alt_text":"","src":"https:\/\/i0.wp.com\/noticiasribeiraopreto.com.br\/wp-content\/uploads\/2023\/12\/dengue_aedes_1024x576_23012020170241.jpg?fit=1024%2C576&ssl=1&resize=350%2C200","width":350,"height":200,"srcset":"https:\/\/i0.wp.com\/noticiasribeiraopreto.com.br\/wp-content\/uploads\/2023\/12\/dengue_aedes_1024x576_23012020170241.jpg?fit=1024%2C576&ssl=1&resize=350%2C200 1x, https:\/\/i0.wp.com\/noticiasribeiraopreto.com.br\/wp-content\/uploads\/2023\/12\/dengue_aedes_1024x576_23012020170241.jpg?fit=1024%2C576&ssl=1&resize=525%2C300 1.5x, https:\/\/i0.wp.com\/noticiasribeiraopreto.com.br\/wp-content\/uploads\/2023\/12\/dengue_aedes_1024x576_23012020170241.jpg?fit=1024%2C576&ssl=1&resize=700%2C400 2x"},"classes":[]},{"id":75975,"url":"https:\/\/noticiasribeiraopreto.com.br\/index.php\/2025\/08\/19\/ribeirao-inicia-segunda-fase-de-instalacao-de-armadilhas-contra-mosquito-da-dengue\/","url_meta":{"origin":74671,"position":2},"title":"Ribeir\u00e3o inicia segunda fase de instala\u00e7\u00e3o de armadilhas contra mosquito da dengue","author":"noticiasribeiraopreto.com.br","date":"19 de August de 2025","format":false,"excerpt":"A Prefeitura de Ribeir\u00e3o Preto informou que iniciou a segunda fase de implanta\u00e7\u00e3o das Esta\u00e7\u00f5es Disseminadoras de Larvicidas (EDLs), armadilhas utilizadas no combate ao mosquito Aedes aegypti, transmissor da dengue, chikungunya e zika v\u00edrus. De acordo com as informa\u00e7\u00f5es, ser\u00e3o instaladas 800 armadilhas em 224 pontos dos distritos Sul, Oeste\u2026","rel":"","context":"In &quot;Not\u00edcias de Ribeir\u00e3o Preto-SP e Regi\u00e3o&quot;","block_context":{"text":"Not\u00edcias de Ribeir\u00e3o Preto-SP e Regi\u00e3o","link":"https:\/\/noticiasribeiraopreto.com.br\/index.php\/category\/noticias-de-ribeirao-preto-sp-e-regiao-ismael-colosi\/"},"img":{"alt_text":"","src":"https:\/\/i0.wp.com\/noticiasribeiraopreto.com.br\/wp-content\/uploads\/2025\/07\/close-up-mosquito-sucking-blood-from-human-arm_2025-01-24_18-03-21_jpg_2025-01-24_18-03-24-1024x485.webp.webp?fit=1024%2C485&ssl=1&resize=350%2C200","width":350,"height":200,"srcset":"https:\/\/i0.wp.com\/noticiasribeiraopreto.com.br\/wp-content\/uploads\/2025\/07\/close-up-mosquito-sucking-blood-from-human-arm_2025-01-24_18-03-21_jpg_2025-01-24_18-03-24-1024x485.webp.webp?fit=1024%2C485&ssl=1&resize=350%2C200 1x, https:\/\/i0.wp.com\/noticiasribeiraopreto.com.br\/wp-content\/uploads\/2025\/07\/close-up-mosquito-sucking-blood-from-human-arm_2025-01-24_18-03-21_jpg_2025-01-24_18-03-24-1024x485.webp.webp?fit=1024%2C485&ssl=1&resize=525%2C300 1.5x, https:\/\/i0.wp.com\/noticiasribeiraopreto.com.br\/wp-content\/uploads\/2025\/07\/close-up-mosquito-sucking-blood-from-human-arm_2025-01-24_18-03-21_jpg_2025-01-24_18-03-24-1024x485.webp.webp?fit=1024%2C485&ssl=1&resize=700%2C400 2x"},"classes":[]},{"id":61899,"url":"https:\/\/noticiasribeiraopreto.com.br\/index.php\/2024\/12\/27\/saude-alerta-para-aumento-de-casos-de-dengue-em-ribeirao-preto-sao-21-mortes-em-2024\/","url_meta":{"origin":74671,"position":3},"title":"S\u00e1ude alerta para aumento de casos de dengue em Ribeir\u00e3o Preto; S\u00e3o 21 mortes em 2024","author":"noticiasribeiraopreto.com.br","date":"27 de December de 2024","format":false,"excerpt":"A Secretaria Municipal da Sa\u00fade de Ribeir\u00e3o Preto emitiu um alerta \u00e0 popula\u00e7\u00e3o de ap\u00f3s verificar aumento de casos de dengue no munic\u00edpio. Segundo a diretora do Departamento de Vigil\u00e2ncia em\u00a0Sa\u00fade, Luzia M\u00e1rcia Romanholi Passos, nas \u00faltimas semanas houve aumento no n\u00famero de casos notificados e confirmados da doen\u00e7a, associado\u2026","rel":"","context":"In &quot;Not\u00edcias de Ribeir\u00e3o Preto-SP e Regi\u00e3o&quot;","block_context":{"text":"Not\u00edcias de Ribeir\u00e3o Preto-SP e Regi\u00e3o","link":"https:\/\/noticiasribeiraopreto.com.br\/index.php\/category\/noticias-de-ribeirao-preto-sp-e-regiao-ismael-colosi\/"},"img":{"alt_text":"","src":"https:\/\/i0.wp.com\/noticiasribeiraopreto.com.br\/wp-content\/uploads\/2024\/12\/mosquito_aedes_1200x675_08102021170150.jpg?fit=1200%2C675&ssl=1&resize=350%2C200","width":350,"height":200,"srcset":"https:\/\/i0.wp.com\/noticiasribeiraopreto.com.br\/wp-content\/uploads\/2024\/12\/mosquito_aedes_1200x675_08102021170150.jpg?fit=1200%2C675&ssl=1&resize=350%2C200 1x, https:\/\/i0.wp.com\/noticiasribeiraopreto.com.br\/wp-content\/uploads\/2024\/12\/mosquito_aedes_1200x675_08102021170150.jpg?fit=1200%2C675&ssl=1&resize=525%2C300 1.5x, https:\/\/i0.wp.com\/noticiasribeiraopreto.com.br\/wp-content\/uploads\/2024\/12\/mosquito_aedes_1200x675_08102021170150.jpg?fit=1200%2C675&ssl=1&resize=700%2C400 2x, https:\/\/i0.wp.com\/noticiasribeiraopreto.com.br\/wp-content\/uploads\/2024\/12\/mosquito_aedes_1200x675_08102021170150.jpg?fit=1200%2C675&ssl=1&resize=1050%2C600 3x"},"classes":[]},{"id":28260,"url":"https:\/\/noticiasribeiraopreto.com.br\/index.php\/2024\/01\/15\/mutirao-recolhe-quase-6-toneladas-de-possiveis-criadouros-do-mosquito-da-dengue\/","url_meta":{"origin":74671,"position":4},"title":"Mutir\u00e3o recolhe quase 6 toneladas de poss\u00edveis criadouros do mosquito da dengue","author":"noticiasribeiraopreto.com.br","date":"15 de January de 2024","format":false,"excerpt":"15 de janeiro de 2024 | 12:0015 de janeiro de 2024 | 9:26 0A Secretaria Municipal da Sa\u00fade, por meio da Divis\u00e3o de Vigil\u00e2ncia Ambiental em Sa\u00fade, realizou neste s\u00e1bado, 13, mais um arrast\u00e3o de combate \u00e0 dengue nos bairros Jardim Marchesi e Jardim Progresso.As equipes de campo visitaram\u00a06.400 im\u00f3veis,\u2026","rel":"","context":"In &quot;Not\u00edcias de Ribeir\u00e3o Preto-SP e Regi\u00e3o&quot;","block_context":{"text":"Not\u00edcias de Ribeir\u00e3o Preto-SP e Regi\u00e3o","link":"https:\/\/noticiasribeiraopreto.com.br\/index.php\/category\/noticias-de-ribeirao-preto-sp-e-regiao-ismael-colosi\/"},"img":{"alt_text":"","src":"https:\/\/i0.wp.com\/noticiasribeiraopreto.com.br\/wp-content\/uploads\/2024\/01\/1mutiraos_dengue_2.jpeg?fit=1000%2C666&ssl=1&resize=350%2C200","width":350,"height":200,"srcset":"https:\/\/i0.wp.com\/noticiasribeiraopreto.com.br\/wp-content\/uploads\/2024\/01\/1mutiraos_dengue_2.jpeg?fit=1000%2C666&ssl=1&resize=350%2C200 1x, https:\/\/i0.wp.com\/noticiasribeiraopreto.com.br\/wp-content\/uploads\/2024\/01\/1mutiraos_dengue_2.jpeg?fit=1000%2C666&ssl=1&resize=525%2C300 1.5x, https:\/\/i0.wp.com\/noticiasribeiraopreto.com.br\/wp-content\/uploads\/2024\/01\/1mutiraos_dengue_2.jpeg?fit=1000%2C666&ssl=1&resize=700%2C400 2x"},"classes":[]},{"id":39847,"url":"https:\/\/noticiasribeiraopreto.com.br\/index.php\/2024\/02\/28\/ribeirao-preto-confirma-duas-mortes-por-dengue-veja-o-numero-de-casos-confirmados\/","url_meta":{"origin":74671,"position":5},"title":"Ribeir\u00e3o Preto confirma duas mortes por dengue; Veja o n\u00famero de casos confirmados","author":"noticiasribeiraopreto.com.br","date":"28 de February de 2024","format":false,"excerpt":"A Prefeitura de Ribeir\u00e3o Preto confirmou, atrav\u00e9s de boletim divulgado nesta quarta-feira (28), duas mortes por dengue na cidade. N\u00e3o foram divulgadas as informa\u00e7\u00f5es sobre as v\u00edtimas. De acordo com os n\u00fameros divulgados pela Vigil\u00e2ncia Epidemiol\u00f3gica, de janeiro at\u00e9 o dia 27 de fevereiro, 10.368 pessoas est\u00e3o com suspeita da\u2026","rel":"","context":"In &quot;Not\u00edcias de Ribeir\u00e3o Preto-SP e Regi\u00e3o&quot;","block_context":{"text":"Not\u00edcias de Ribeir\u00e3o Preto-SP e Regi\u00e3o","link":"https:\/\/noticiasribeiraopreto.com.br\/index.php\/category\/noticias-de-ribeirao-preto-sp-e-regiao-ismael-colosi\/"},"img":{"alt_text":"","src":"https:\/\/i0.wp.com\/noticiasribeiraopreto.com.br\/wp-content\/uploads\/2024\/02\/dengue_1200x675_04052022105135.jpg?fit=1200%2C675&ssl=1&resize=350%2C200","width":350,"height":200,"srcset":"https:\/\/i0.wp.com\/noticiasribeiraopreto.com.br\/wp-content\/uploads\/2024\/02\/dengue_1200x675_04052022105135.jpg?fit=1200%2C675&ssl=1&resize=350%2C200 1x, https:\/\/i0.wp.com\/noticiasribeiraopreto.com.br\/wp-content\/uploads\/2024\/02\/dengue_1200x675_04052022105135.jpg?fit=1200%2C675&ssl=1&resize=525%2C300 1.5x, https:\/\/i0.wp.com\/noticiasribeiraopreto.com.br\/wp-content\/uploads\/2024\/02\/dengue_1200x675_04052022105135.jpg?fit=1200%2C675&ssl=1&resize=700%2C400 2x, https:\/\/i0.wp.com\/noticiasribeiraopreto.com.br\/wp-content\/uploads\/2024\/02\/dengue_1200x675_04052022105135.jpg?fit=1200%2C675&ssl=1&resize=1050%2C600 3x"},"classes":[]}],"jetpack_sharing_enabled":true,"jetpack_shortlink":"https:\/\/wp.me\/peQAOb-jqn","_links":{"self":[{"href":"https:\/\/noticiasribeiraopreto.com.br\/index.php\/wp-json\/wp\/v2\/posts\/74671","targetHints":{"allow":["GET"]}}],"collection":[{"href":"https:\/\/noticiasribeiraopreto.com.br\/index.php\/wp-json\/wp\/v2\/posts"}],"about":[{"href":"https:\/\/noticiasribeiraopreto.com.br\/index.php\/wp-json\/wp\/v2\/types\/post"}],"author":[{"embeddable":true,"href":"https:\/\/noticiasribeiraopreto.com.br\/index.php\/wp-json\/wp\/v2\/users\/1"}],"replies":[{"embeddable":true,"href":"https:\/\/noticiasribeiraopreto.com.br\/index.php\/wp-json\/wp\/v2\/comments?post=74671"}],"version-history":[{"count":0,"href":"https:\/\/noticiasribeiraopreto.com.br\/index.php\/wp-json\/wp\/v2\/posts\/74671\/revisions"}],"wp:featuredmedia":[{"embeddable":true,"href":"https:\/\/noticiasribeiraopreto.com.br\/index.php\/wp-json\/wp\/v2\/media\/74672"}],"wp:attachment":[{"href":"https:\/\/noticiasribeiraopreto.com.br\/index.php\/wp-json\/wp\/v2\/media?parent=74671"}],"wp:term":[{"taxonomy":"category","embeddable":true,"href":"https:\/\/noticiasribeiraopreto.com.br\/index.php\/wp-json\/wp\/v2\/categories?post=74671"},{"taxonomy":"post_tag","embeddable":true,"href":"https:\/\/noticiasribeiraopreto.com.br\/index.php\/wp-json\/wp\/v2\/tags?post=74671"}],"curies":[{"name":"wp","href":"https:\/\/api.w.org\/{rel}","templated":true}]}}