{"id":74673,"date":"2025-07-27T06:26:25","date_gmt":"2025-07-27T09:26:25","guid":{"rendered":"https:\/\/noticiasribeiraopreto.com.br\/index.php\/2025\/07\/27\/ribeirao-preto-inicia-estudos-para-descarbonizacao-da-frota-de-onibus\/"},"modified":"2025-07-27T06:26:25","modified_gmt":"2025-07-27T09:26:25","slug":"ribeirao-preto-inicia-estudos-para-descarbonizacao-da-frota-de-onibus","status":"publish","type":"post","link":"https:\/\/noticiasribeiraopreto.com.br\/index.php\/2025\/07\/27\/ribeirao-preto-inicia-estudos-para-descarbonizacao-da-frota-de-onibus\/","title":{"rendered":"Ribeir\u00e3o Preto inicia estudos para descarboniza\u00e7\u00e3o da frota de \u00f4nibus"},"content":{"rendered":"<div class='code-block code-block-1' style='margin: 8px 0 8px auto; text-align: right; display: block; clear: both;'>\n<p><a href=\"https:\/\/wa.link\/vpicfd\"><img data-recalc-dims=\"1\" class=\"wp-image-4922\" style=\"aspect-ratio: 2.0253164556962027; width: 561px; height: auto;\" src=\"https:\/\/i0.wp.com\/ismaelcolosi.com.br\/wp-content\/uploads\/2023\/11\/grupo-de-empregos-whatsapp-e-facebook-ismael-colosi-vagas.jpg?ssl=1\" alt=\"\" \/><\/a><\/p>\n<!-- \/wp:image -->\n<\/div>\n<p> <br \/>\n<\/p>\n<div data-td-block-uid=\"tdi_95\">\n<div class=\"tdb-block-inner td-fix-index\">\n<p><strong>Ribeir\u00e3o Preto<\/strong> iniciou os estudos para <strong>descarboniza\u00e7\u00e3o<\/strong> da frota de \u00f4nibus da cidade. A ideia \u00e9 que os ve\u00edculos do transporte coletivo sejam movidos por combust\u00edveis sustent\u00e1veis, como o <strong>g\u00e1s natural <\/strong>e<strong> biometano<\/strong>.<\/p>\n<p>A <strong>Necta<\/strong>, concession\u00e1ria respons\u00e1vel pelo fornecimento de g\u00e1s natural em Ribeir\u00e3o Preto, apresentou a proposta em reuni\u00e3o com o prefeito <strong>Ricardo Silva (PSD)<\/strong> h\u00e1 duas semanas e mencionou a viabilidade de descarboniza\u00e7\u00e3o da frota na cidade.<\/p>\n<p>A partir de agora, <mark style=\"background-color:#fcb900\" class=\"has-inline-color has-black-color\">a empresa iniciar\u00e1 estudos mais detalhados sobre os custos e benef\u00edcios do projeto <\/mark>junto ao operador local para em seguida apresentar \u00e0 prefeitura para avalia\u00e7\u00e3o e defini\u00e7\u00e3o.<\/p>\n<h2 class=\"wp-block-heading\"><strong>PAC Sele\u00e7\u00f5es<\/strong><\/h2>\n<p>Ribeir\u00e3o Preto j\u00e1 conta com repasse de R$ 210 milh\u00f5es do Novo PAC Sele\u00e7\u00f5es. Os recursos devem ser voltados \u00e0 ado\u00e7\u00e3o de tecnologias limpas. Quando foi anunciado pelo Governo Federal em maio de 2024, foi informado que os recursos poderiam ser utilizados na compra de 60 \u00f4nibus el\u00e9tricos.<\/p>\n<p>Estes recursos do PAC representam uma linha de cr\u00e9dito, com financiamento do FGTS (Fundo de Garantia do Tempo de Servi\u00e7o) e contrapartida do munic\u00edpio.<\/p>\n<p>A opera\u00e7\u00e3o de financiamento com o Governo Federal ser\u00e1 intermediada pela pr\u00f3pria prefeitura. Ap\u00f3s a conclus\u00e3o dos procedimentos documentais necess\u00e1rios junto ao Minist\u00e9rio das Cidades.<\/p>\n<h2 class=\"wp-block-heading\"><strong>Capital da energia limpa<\/strong><\/h2>\n<p>Na \u00faltima quarta-feira (23), a <strong>Prefeitura de S\u00e3o Paulo<\/strong> anunciou a publica\u00e7\u00e3o de edital para o fornecimento de biometano, que dever\u00e1 ser incorporado \u00e0 frota de \u00f4nibus da cidade. A capital do estado tem a maior frota de coletivos n\u00e3o poluentes do Pa\u00eds, com 841 \u00f4nibus movidos a energia limpa.<\/p>\n<p>SAIBA MAIS<br \/>Empresa inicia doa\u00e7\u00e3o de \u00e1rea pr\u00f3xima \u00e0 marginal de avenida de Ribeir\u00e3o Preto<\/p>\n<h2 class=\"wp-block-heading\"><strong>FIQUE ON<\/strong><\/h2>\n<p>Fique ligado em tudo que acontece em Ribeir\u00e3o Preto e regi\u00e3o. Siga os perfis do<strong>\u00a0acidade on\u00a0<\/strong>no\u00a0<a href=\"https:\/\/www.instagram.com\/acidadeonribeirao\" target=\"_blank\" rel=\"noreferrer noopener\">Instagram\u00a0<\/a>e no\u00a0<a href=\"https:\/\/www.facebook.com\/acidadeonribeirao\/\" target=\"_blank\" rel=\"noreferrer noopener\">Facebook<\/a>.<\/p>\n<p>Receba not\u00edcias do\u00a0<strong>acidade on\u00a0<\/strong>no WhatsApp.\u00a0<a href=\"https:\/\/chat.whatsapp.com\/BjKQZ9oJwlz8VVT50NuePq\" target=\"_blank\" rel=\"noreferrer noopener\">Para entrar no grupo, basta clicar aqui.<\/a><\/p>\n<p>Fa\u00e7a uma den\u00fancia ou sugira uma reportagem sobre Ribeir\u00e3o Preto e regi\u00e3o pelo WhatsApp: 16 99117 7802.<\/p>\n<p>VEJA TAMB\u00c9M<br \/>Quanto custa o morango do amor?<\/p>\n<p><!-- AI CONTENT END 1 -->\n<\/div>\n<\/div>\n<p><script async src=\"\/\/www.instagram.com\/embed.js\"><\/script><br \/>\n<br \/><br \/>\n<br \/><a href=\"https:\/\/www.acidadeon.com\/ribeiraopreto\/politica\/nevio-archibald\/ribeirao-preto-inicia-estudos-para-descarbonizacao-da-frota-de-onibus\/\">Source link <\/a><\/p>\n<!-- CONTENT END 1 -->\n","protected":false},"excerpt":{"rendered":"<p>Ribeir\u00e3o Preto iniciou os estudos para descarboniza\u00e7\u00e3o da frota de \u00f4nibus da cidade. A ideia \u00e9 que os ve\u00edculos do transporte coletivo sejam movidos por&#8230;<\/p>\n","protected":false},"author":1,"featured_media":74674,"comment_status":"open","ping_status":"open","sticky":false,"template":"","format":"standard","meta":{"advanced_seo_description":"","jetpack_seo_html_title":"","jetpack_seo_noindex":false,"jetpack_post_was_ever_published":false,"_jetpack_newsletter_access":"","_jetpack_dont_email_post_to_subs":false,"_jetpack_newsletter_tier_id":0,"_jetpack_memberships_contains_paywalled_content":false,"_jetpack_memberships_contains_paid_content":false,"footnotes":"","jetpack_publicize_message":"","jetpack_publicize_feature_enabled":true,"jetpack_social_post_already_shared":true,"jetpack_social_options":{"image_generator_settings":{"template":"highway","default_image_id":0,"font":"","enabled":false},"version":2}},"categories":[11],"tags":[],"class_list":["post-74673","post","type-post","status-publish","format-standard","has-post-thumbnail","hentry","category-noticias-de-ribeirao-preto-sp-e-regiao-ismael-colosi"],"jetpack_publicize_connections":[],"jetpack_featured_media_url":"https:\/\/i0.wp.com\/noticiasribeiraopreto.com.br\/wp-content\/uploads\/2025\/07\/WhatsApp-Image-2024-10-17-at-15.21.43_2024-10-17_21-54-03_jpeg_2024-10-17_21-54-04-1024x682.webp.webp?fit=1024%2C682&ssl=1","jetpack-related-posts":[{"id":922,"url":"https:\/\/noticiasribeiraopreto.com.br\/index.php\/2023\/11\/09\/estudo-contratado-pela-prefeitura-de-ribeirao-preve-menos-onibus-nas-ruas-em-2024\/","url_meta":{"origin":74673,"position":0},"title":"Estudo contratado pela Prefeitura de Ribeir\u00e3o prev\u00ea menos \u00f4nibus nas ruas em 2024","author":"noticiasribeiraopreto.com.br","date":"9 de November de 2023","format":false,"excerpt":"Um estudo contratado pela Prefeitura de Ribeir\u00e3o Preto aponta diminui\u00e7\u00e3o no n\u00famero de \u00f4nibus na cidade a partir de 2024. Segundo o documento obtido pelo acidade on, a frota operacional do transporte coletivo em Ribeir\u00e3o Preto prevista para outubro era de 313 ve\u00edculos, mas o n\u00famero deve diminuir para 290\u2026","rel":"","context":"In &quot;Not\u00edcias de Ribeir\u00e3o Preto-SP e Regi\u00e3o&quot;","block_context":{"text":"Not\u00edcias de Ribeir\u00e3o Preto-SP e Regi\u00e3o","link":"https:\/\/noticiasribeiraopreto.com.br\/index.php\/category\/noticias-de-ribeirao-preto-sp-e-regiao-ismael-colosi\/"},"img":{"alt_text":"","src":"https:\/\/i0.wp.com\/noticiasribeiraopreto.com.br\/wp-content\/uploads\/2023\/11\/novos-onibus-ribeirao-preto.jpg?fit=1200%2C800&ssl=1&resize=350%2C200","width":350,"height":200,"srcset":"https:\/\/i0.wp.com\/noticiasribeiraopreto.com.br\/wp-content\/uploads\/2023\/11\/novos-onibus-ribeirao-preto.jpg?fit=1200%2C800&ssl=1&resize=350%2C200 1x, https:\/\/i0.wp.com\/noticiasribeiraopreto.com.br\/wp-content\/uploads\/2023\/11\/novos-onibus-ribeirao-preto.jpg?fit=1200%2C800&ssl=1&resize=525%2C300 1.5x, https:\/\/i0.wp.com\/noticiasribeiraopreto.com.br\/wp-content\/uploads\/2023\/11\/novos-onibus-ribeirao-preto.jpg?fit=1200%2C800&ssl=1&resize=700%2C400 2x, https:\/\/i0.wp.com\/noticiasribeiraopreto.com.br\/wp-content\/uploads\/2023\/11\/novos-onibus-ribeirao-preto.jpg?fit=1200%2C800&ssl=1&resize=1050%2C600 3x"},"classes":[]},{"id":25057,"url":"https:\/\/noticiasribeiraopreto.com.br\/index.php\/2024\/01\/05\/inmetro-anuncia-projeto-para-descarbonizacao-do-transporte-rodoviario\/","url_meta":{"origin":74673,"position":1},"title":"Inmetro anuncia projeto para descarboniza\u00e7\u00e3o do transporte rodovi\u00e1rio\u00a0","author":"noticiasribeiraopreto.com.br","date":"5 de January de 2024","format":false,"excerpt":"5 de janeiro de 2024 | 18:005 de janeiro de 2024 | 10:53 0O Instituto Nacional de Metrologia, Qualidade e Tecnologia (Inmetro) aprovou projeto para o desenvolvimento de um sistema de conectividade veicular com foco na redu\u00e7\u00e3o das emiss\u00f5es de carbono para o transporte rodovi\u00e1rio. A iniciativa visa a auxiliar\u2026","rel":"","context":"In &quot;Not\u00edcias de Ribeir\u00e3o Preto-SP e Regi\u00e3o&quot;","block_context":{"text":"Not\u00edcias de Ribeir\u00e3o Preto-SP e Regi\u00e3o","link":"https:\/\/noticiasribeiraopreto.com.br\/index.php\/category\/noticias-de-ribeirao-preto-sp-e-regiao-ismael-colosi\/"},"img":{"alt_text":"","src":"https:\/\/i0.wp.com\/noticiasribeiraopreto.com.br\/wp-content\/uploads\/2024\/01\/2-agencia-brasil-arquivo-scaled.jpg?fit=1000%2C598&ssl=1&resize=350%2C200","width":350,"height":200,"srcset":"https:\/\/i0.wp.com\/noticiasribeiraopreto.com.br\/wp-content\/uploads\/2024\/01\/2-agencia-brasil-arquivo-scaled.jpg?fit=1000%2C598&ssl=1&resize=350%2C200 1x, https:\/\/i0.wp.com\/noticiasribeiraopreto.com.br\/wp-content\/uploads\/2024\/01\/2-agencia-brasil-arquivo-scaled.jpg?fit=1000%2C598&ssl=1&resize=525%2C300 1.5x, https:\/\/i0.wp.com\/noticiasribeiraopreto.com.br\/wp-content\/uploads\/2024\/01\/2-agencia-brasil-arquivo-scaled.jpg?fit=1000%2C598&ssl=1&resize=700%2C400 2x"},"classes":[]},{"id":74687,"url":"https:\/\/noticiasribeiraopreto.com.br\/index.php\/2025\/07\/27\/duas-caminhonetes-de-luxo-sao-encontradas-em-canaviais-de-ribeirao-preto\/","url_meta":{"origin":74673,"position":2},"title":"Duas caminhonetes de luxo s\u00e3o encontradas em canaviais de Ribeir\u00e3o Preto","author":"noticiasribeiraopreto.com.br","date":"27 de July de 2025","format":false,"excerpt":"Duas caminhonetes foram encontradas em meio a canaviais de Ribeir\u00e3o Preto, entre a tarde deste s\u00e1bado (26) e a manh\u00e3 deste domingo (27), pela Patrulha Rural da GCM (Guarda Civil Metropolitana). Segundo a GCM, o primeiro ve\u00edculo, um Toyota\u00a0Hilux prata, havia sido furtado na quarta-feira (23), no bairro Campos El\u00edseos,\u2026","rel":"","context":"In &quot;Not\u00edcias de Ribeir\u00e3o Preto-SP e Regi\u00e3o&quot;","block_context":{"text":"Not\u00edcias de Ribeir\u00e3o Preto-SP e Regi\u00e3o","link":"https:\/\/noticiasribeiraopreto.com.br\/index.php\/category\/noticias-de-ribeirao-preto-sp-e-regiao-ismael-colosi\/"},"img":{"alt_text":"","src":"https:\/\/i0.wp.com\/noticiasribeiraopreto.com.br\/wp-content\/uploads\/2025\/07\/WhatsApp-Image-2025-07-27-at-09.47.59-1_2025-07-27_12-50-34.webp.webp?fit=1200%2C988&ssl=1&resize=350%2C200","width":350,"height":200,"srcset":"https:\/\/i0.wp.com\/noticiasribeiraopreto.com.br\/wp-content\/uploads\/2025\/07\/WhatsApp-Image-2025-07-27-at-09.47.59-1_2025-07-27_12-50-34.webp.webp?fit=1200%2C988&ssl=1&resize=350%2C200 1x, https:\/\/i0.wp.com\/noticiasribeiraopreto.com.br\/wp-content\/uploads\/2025\/07\/WhatsApp-Image-2025-07-27-at-09.47.59-1_2025-07-27_12-50-34.webp.webp?fit=1200%2C988&ssl=1&resize=525%2C300 1.5x, https:\/\/i0.wp.com\/noticiasribeiraopreto.com.br\/wp-content\/uploads\/2025\/07\/WhatsApp-Image-2025-07-27-at-09.47.59-1_2025-07-27_12-50-34.webp.webp?fit=1200%2C988&ssl=1&resize=700%2C400 2x, https:\/\/i0.wp.com\/noticiasribeiraopreto.com.br\/wp-content\/uploads\/2025\/07\/WhatsApp-Image-2025-07-27-at-09.47.59-1_2025-07-27_12-50-34.webp.webp?fit=1200%2C988&ssl=1&resize=1050%2C600 3x"},"classes":[]},{"id":75085,"url":"https:\/\/noticiasribeiraopreto.com.br\/index.php\/2025\/08\/03\/prefeitura-de-ribeirao-preto-avalia-uberzao-para-transporte-coletivo-entenda-a-proposta\/","url_meta":{"origin":74673,"position":3},"title":"Prefeitura de Ribeir\u00e3o Preto avalia &#8216;Uberz\u00e3o&#8217; para transporte coletivo; entenda a proposta","author":"noticiasribeiraopreto.com.br","date":"3 de August de 2025","format":false,"excerpt":"O prefeito de Ribeir\u00e3o Preto, Ricardo Silva (PSD), disse que a Administra\u00e7\u00e3o Municipal estuda a transforma\u00e7\u00e3o do sistema de transporte coletivo em uma esp\u00e9cie de \u201cUberz\u00e3o\u201d. Segundo o chefe do Executivo, os estudos para ado\u00e7\u00e3o do sistema de \u00f4nibus por quil\u00f4metro rodado est\u00e3o em fase final. A declara\u00e7\u00e3o do prefeito\u2026","rel":"","context":"In &quot;Not\u00edcias de Ribeir\u00e3o Preto-SP e Regi\u00e3o&quot;","block_context":{"text":"Not\u00edcias de Ribeir\u00e3o Preto-SP e Regi\u00e3o","link":"https:\/\/noticiasribeiraopreto.com.br\/index.php\/category\/noticias-de-ribeirao-preto-sp-e-regiao-ismael-colosi\/"},"img":{"alt_text":"","src":"https:\/\/i0.wp.com\/noticiasribeiraopreto.com.br\/wp-content\/uploads\/2025\/08\/WhatsApp-Image-2024-10-17-at-15.21.41-2_2024-10-17_21-55-15_jpeg_2024-10-17_21-55-16-e1729202136692.webp.webp?fit=1200%2C792&ssl=1&resize=350%2C200","width":350,"height":200,"srcset":"https:\/\/i0.wp.com\/noticiasribeiraopreto.com.br\/wp-content\/uploads\/2025\/08\/WhatsApp-Image-2024-10-17-at-15.21.41-2_2024-10-17_21-55-15_jpeg_2024-10-17_21-55-16-e1729202136692.webp.webp?fit=1200%2C792&ssl=1&resize=350%2C200 1x, https:\/\/i0.wp.com\/noticiasribeiraopreto.com.br\/wp-content\/uploads\/2025\/08\/WhatsApp-Image-2024-10-17-at-15.21.41-2_2024-10-17_21-55-15_jpeg_2024-10-17_21-55-16-e1729202136692.webp.webp?fit=1200%2C792&ssl=1&resize=525%2C300 1.5x, https:\/\/i0.wp.com\/noticiasribeiraopreto.com.br\/wp-content\/uploads\/2025\/08\/WhatsApp-Image-2024-10-17-at-15.21.41-2_2024-10-17_21-55-15_jpeg_2024-10-17_21-55-16-e1729202136692.webp.webp?fit=1200%2C792&ssl=1&resize=700%2C400 2x, https:\/\/i0.wp.com\/noticiasribeiraopreto.com.br\/wp-content\/uploads\/2025\/08\/WhatsApp-Image-2024-10-17-at-15.21.41-2_2024-10-17_21-55-15_jpeg_2024-10-17_21-55-16-e1729202136692.webp.webp?fit=1200%2C792&ssl=1&resize=1050%2C600 3x"},"classes":[]},{"id":49105,"url":"https:\/\/noticiasribeiraopreto.com.br\/index.php\/2024\/05\/08\/novo-pac-preve-r-210-milhoes-para-ribeirao-preto-comprar-onibus-eletricos\/","url_meta":{"origin":74673,"position":4},"title":"Novo PAC prev\u00ea R$ 210 milh\u00f5es para Ribeir\u00e3o Preto comprar \u00f4nibus el\u00e9tricos","author":"noticiasribeiraopreto.com.br","date":"8 de May de 2024","format":false,"excerpt":"O Governo Federal anunciou, nesta quarta-feira (8), o repasse de R$ 210 milh\u00f5es para Ribeir\u00e3o Preto comprar 60 \u00f4nibus el\u00e9tricos. Os recursos s\u00e3o provenientes do Novo PAC (Programa de Acelera\u00e7\u00e3o do Crescimento) Sele\u00e7\u00f5es, e foram anunciados em Bras\u00edlia. No \u00faltimo m\u00eas, Ribeir\u00e3o Preto iniciou os testes de dois \u00f4nibus el\u00e9tricos\u2026","rel":"","context":"In &quot;Not\u00edcias de Ribeir\u00e3o Preto-SP e Regi\u00e3o&quot;","block_context":{"text":"Not\u00edcias de Ribeir\u00e3o Preto-SP e Regi\u00e3o","link":"https:\/\/noticiasribeiraopreto.com.br\/index.php\/category\/noticias-de-ribeirao-preto-sp-e-regiao-ismael-colosi\/"},"img":{"alt_text":"","src":"https:\/\/i0.wp.com\/noticiasribeiraopreto.com.br\/wp-content\/uploads\/2024\/04\/AnyConv.com__onibus-eletrico.webp.webp?fit=1200%2C800&ssl=1&resize=350%2C200","width":350,"height":200,"srcset":"https:\/\/i0.wp.com\/noticiasribeiraopreto.com.br\/wp-content\/uploads\/2024\/04\/AnyConv.com__onibus-eletrico.webp.webp?fit=1200%2C800&ssl=1&resize=350%2C200 1x, https:\/\/i0.wp.com\/noticiasribeiraopreto.com.br\/wp-content\/uploads\/2024\/04\/AnyConv.com__onibus-eletrico.webp.webp?fit=1200%2C800&ssl=1&resize=525%2C300 1.5x, https:\/\/i0.wp.com\/noticiasribeiraopreto.com.br\/wp-content\/uploads\/2024\/04\/AnyConv.com__onibus-eletrico.webp.webp?fit=1200%2C800&ssl=1&resize=700%2C400 2x, https:\/\/i0.wp.com\/noticiasribeiraopreto.com.br\/wp-content\/uploads\/2024\/04\/AnyConv.com__onibus-eletrico.webp.webp?fit=1200%2C800&ssl=1&resize=1050%2C600 3x"},"classes":[]},{"id":9024,"url":"https:\/\/noticiasribeiraopreto.com.br\/index.php\/2023\/12\/01\/representante-da-prefeitura-de-ribeirao-vai-para-a-china-ver-onibus-eletrico\/","url_meta":{"origin":74673,"position":5},"title":"Representante da Prefeitura de Ribeir\u00e3o vai para a China ver \u00f4nibus el\u00e9trico","author":"noticiasribeiraopreto.com.br","date":"1 de December de 2023","format":false,"excerpt":"A Prefeitura de Ribeir\u00e3o Preto, por meio de Marcelo Galli, superintendente da RP Mobi, foi at\u00e9 a cidade de Hefei, capital da prov\u00edncia de Anhui, na China, para uma visita t\u00e9cnica a uma f\u00e1brica de \u00f4nibus el\u00e9trico. \u201cEste acompanhamento no exterior visa avaliar novos modelos veiculares para munic\u00edpio, que passa\u2026","rel":"","context":"In &quot;Not\u00edcias de Ribeir\u00e3o Preto-SP e Regi\u00e3o&quot;","block_context":{"text":"Not\u00edcias de Ribeir\u00e3o Preto-SP e Regi\u00e3o","link":"https:\/\/noticiasribeiraopreto.com.br\/index.php\/category\/noticias-de-ribeirao-preto-sp-e-regiao-ismael-colosi\/"},"img":{"alt_text":"","src":"https:\/\/i0.wp.com\/noticiasribeiraopreto.com.br\/wp-content\/uploads\/2023\/12\/visitatecnica_rpmobi_china__1.jpeg?fit=1200%2C900&ssl=1&resize=350%2C200","width":350,"height":200,"srcset":"https:\/\/i0.wp.com\/noticiasribeiraopreto.com.br\/wp-content\/uploads\/2023\/12\/visitatecnica_rpmobi_china__1.jpeg?fit=1200%2C900&ssl=1&resize=350%2C200 1x, https:\/\/i0.wp.com\/noticiasribeiraopreto.com.br\/wp-content\/uploads\/2023\/12\/visitatecnica_rpmobi_china__1.jpeg?fit=1200%2C900&ssl=1&resize=525%2C300 1.5x, https:\/\/i0.wp.com\/noticiasribeiraopreto.com.br\/wp-content\/uploads\/2023\/12\/visitatecnica_rpmobi_china__1.jpeg?fit=1200%2C900&ssl=1&resize=700%2C400 2x, https:\/\/i0.wp.com\/noticiasribeiraopreto.com.br\/wp-content\/uploads\/2023\/12\/visitatecnica_rpmobi_china__1.jpeg?fit=1200%2C900&ssl=1&resize=1050%2C600 3x"},"classes":[]}],"jetpack_sharing_enabled":true,"jetpack_shortlink":"https:\/\/wp.me\/peQAOb-jqp","_links":{"self":[{"href":"https:\/\/noticiasribeiraopreto.com.br\/index.php\/wp-json\/wp\/v2\/posts\/74673","targetHints":{"allow":["GET"]}}],"collection":[{"href":"https:\/\/noticiasribeiraopreto.com.br\/index.php\/wp-json\/wp\/v2\/posts"}],"about":[{"href":"https:\/\/noticiasribeiraopreto.com.br\/index.php\/wp-json\/wp\/v2\/types\/post"}],"author":[{"embeddable":true,"href":"https:\/\/noticiasribeiraopreto.com.br\/index.php\/wp-json\/wp\/v2\/users\/1"}],"replies":[{"embeddable":true,"href":"https:\/\/noticiasribeiraopreto.com.br\/index.php\/wp-json\/wp\/v2\/comments?post=74673"}],"version-history":[{"count":0,"href":"https:\/\/noticiasribeiraopreto.com.br\/index.php\/wp-json\/wp\/v2\/posts\/74673\/revisions"}],"wp:featuredmedia":[{"embeddable":true,"href":"https:\/\/noticiasribeiraopreto.com.br\/index.php\/wp-json\/wp\/v2\/media\/74674"}],"wp:attachment":[{"href":"https:\/\/noticiasribeiraopreto.com.br\/index.php\/wp-json\/wp\/v2\/media?parent=74673"}],"wp:term":[{"taxonomy":"category","embeddable":true,"href":"https:\/\/noticiasribeiraopreto.com.br\/index.php\/wp-json\/wp\/v2\/categories?post=74673"},{"taxonomy":"post_tag","embeddable":true,"href":"https:\/\/noticiasribeiraopreto.com.br\/index.php\/wp-json\/wp\/v2\/tags?post=74673"}],"curies":[{"name":"wp","href":"https:\/\/api.w.org\/{rel}","templated":true}]}}