{"id":74675,"date":"2025-07-27T08:32:27","date_gmt":"2025-07-27T11:32:27","guid":{"rendered":"https:\/\/noticiasribeiraopreto.com.br\/index.php\/2025\/07\/27\/dupla-e-detida-com-moto-furtada-e-simulacro\/"},"modified":"2025-07-27T08:32:27","modified_gmt":"2025-07-27T11:32:27","slug":"dupla-e-detida-com-moto-furtada-e-simulacro","status":"publish","type":"post","link":"https:\/\/noticiasribeiraopreto.com.br\/index.php\/2025\/07\/27\/dupla-e-detida-com-moto-furtada-e-simulacro\/","title":{"rendered":"Dupla \u00e9 detida com moto furtada e simulacro\u00a0"},"content":{"rendered":"<div class='code-block code-block-1' style='margin: 8px 0 8px auto; text-align: right; display: block; clear: both;'>\n<p><a href=\"https:\/\/wa.link\/vpicfd\"><img data-recalc-dims=\"1\" class=\"wp-image-4922\" style=\"aspect-ratio: 2.0253164556962027; width: 561px; height: auto;\" src=\"https:\/\/i0.wp.com\/ismaelcolosi.com.br\/wp-content\/uploads\/2023\/11\/grupo-de-empregos-whatsapp-e-facebook-ismael-colosi-vagas.jpg?ssl=1\" alt=\"\" \/><\/a><\/p>\n<!-- \/wp:image -->\n<\/div>\n<p> <br \/>\n<\/p>\n<div id=\"\">\n<p>\n\t\t\t\t\t\t\t\t\t<span class=\"entry-meta-item penci-posted-on\"><i class=\"fa fa-clock-o\"\/><time class=\"entry-date published updated\" datetime=\"2025-07-27T08:30:18-03:00\">27 de julho de 2025 08:30<\/time><\/span><span class=\"entry-meta-item penci-post-countview\"><span class=\"entry-meta-item penci-post-countview penci_post-meta_item\"><i class=\"fa fa-eye\"\/><span class=\"penci-post-countview-number penci-post-countview-p432781\">13<\/span><\/span><\/span>\t\t\t\t\t\t\t\t<\/p>\n<p><!-- .entry-meta --><br \/>\n\t\t\t\t\t\t\t\t<span class=\"penci-social-buttons penci-social-share-footer\"><span class=\"penci-social-share-text\">Compartilhar<\/span><a href=\"#\" class=\"penci-post-like penci_post-meta_item  single-like-button penci-social-item like\" data-post_id=\"432781\" title=\"Like\" data-like=\"Like\" data-unlike=\"Unlike\"><i class=\"fa fa-thumbs-o-up\"\/><span class=\"penci-share-number\">0<\/span><\/a><i class=\"fa fa-facebook\"\/><a class=\"penci-social-item twitter\" target=\"_blank\" rel=\"noopener\" title=\"\" href=\"https:\/\/twitter.com\/intent\/tweet?text=Dupla%20\u00e9%20detida%20com%20moto%20furtada%20e%20simulacro\u00a0%20-%20https:\/\/www.tribunaribeirao.com.br\/dupla-e-detida-com-moto-furtada-e-simulacro\/\"><i class=\"fa fa-twitter\"\/><\/a><i class=\"fa fa-linkedin\"\/><i class=\"fa fa-whatsapp\"\/><i class=\"fa fa-telegram\"\/><i class=\"fa fa-envelope\"\/><\/span>\t\t\t\t\t\t\t<\/div>\n<div>\n<p>A Pol\u00edcia Militar Rodovi\u00e1ria prendeu um homem e apreendeu um adolescente na madrugada deste domingo (27), ap\u00f3s persegui\u00e7\u00e3o, entre rodovias da regi\u00e3o, envolvendo uma moto furtada.<\/p>\n<p>A dupla foi vista na rodovia C\u00e2ndido Portinari\u00a0 (SP-322), por volta das 5h50, e abordada na rodovia Ant\u00f4nio Machado Sant\u2019Anna (SP-255), j\u00e1 com apoio de viaturas.<\/p>\n<p>A motocicleta era produto de furto e um simulacro de arma de fogo foi apreendido.<\/p>\n<p>O adolescente, com dois registros por roubo de motos, foi levado com o comparsa \u00e0 Central de Pol\u00edcia Judici\u00e1ria de Ribeir\u00e3o Preto, onde o caso foi registrado.<\/p>\n<p>\u2014<\/p>\n<p>Jornal Tribuna Ribeir\u00e3o<\/p>\n<p>Um Jornal com a cara de Ribeir\u00e3o!<\/p>\n<p>Impresso | WEB | Redes sociais<\/p>\n<p>Tribuna Ribeir\u00e3o \u2013 Fone: (16) 3632-2200 \u2013 Whatsapp: (16) 98161-8743<\/p>\n<p>Av. Bar\u00e3o do Bananal, 880 \u2013 Jardim Anhanguera, Ribeir\u00e3o Preto<\/p>\n<p>@tribunaribeirao @meiaderibeirao @dinoderibeirao<\/p>\n<p>#TribunaRibeir\u00e3o #News #Not\u00edcia #Ribeir\u00e3oPreto #Not\u00edciasDeRibeir\u00e3oPreto<\/p>\n<p>#ClassificadosTribunaRibeir\u00e3o #Jornalismo #ClassificadosRibeir\u00e3o<\/p>\n<p>\u00a0<\/p>\n<p>\u00a0<\/p>\n<\/div>\n<p><script async src=\"\/\/platform.twitter.com\/widgets.js\" charset=\"utf-8\"><\/script><br \/>\n<br \/><br \/>\n<br \/><a href=\"https:\/\/www.tribunaribeirao.com.br\/dupla-e-detida-com-moto-furtada-e-simulacro\/\">Source link <\/a><\/p>\n<!-- CONTENT END 1 -->\n","protected":false},"excerpt":{"rendered":"<p>27 de julho de 2025 08:3013 Compartilhar0 A Pol\u00edcia Militar Rodovi\u00e1ria prendeu um homem e apreendeu um adolescente na madrugada deste domingo (27), ap\u00f3s persegui\u00e7\u00e3o,&#8230;<\/p>\n","protected":false},"author":1,"featured_media":0,"comment_status":"open","ping_status":"open","sticky":false,"template":"","format":"standard","meta":{"advanced_seo_description":"","jetpack_seo_html_title":"","jetpack_seo_noindex":false,"jetpack_post_was_ever_published":false,"_jetpack_newsletter_access":"","_jetpack_dont_email_post_to_subs":false,"_jetpack_newsletter_tier_id":0,"_jetpack_memberships_contains_paywalled_content":false,"_jetpack_memberships_contains_paid_content":false,"footnotes":"","jetpack_publicize_message":"","jetpack_publicize_feature_enabled":true,"jetpack_social_post_already_shared":true,"jetpack_social_options":{"image_generator_settings":{"template":"highway","default_image_id":0,"font":"","enabled":false},"version":2}},"categories":[11],"tags":[],"class_list":["post-74675","post","type-post","status-publish","format-standard","hentry","category-noticias-de-ribeirao-preto-sp-e-regiao-ismael-colosi"],"jetpack_publicize_connections":[],"jetpack_featured_media_url":"","jetpack-related-posts":[{"id":73669,"url":"https:\/\/noticiasribeiraopreto.com.br\/index.php\/2025\/07\/07\/casa-na-zona-oeste-desmanchava-motos-de-luxo\/","url_meta":{"origin":74675,"position":0},"title":"Casa na zona Oeste desmanchava motos de luxo","author":"noticiasribeiraopreto.com.br","date":"7 de July de 2025","format":false,"excerpt":"Ao fugir ao ver viatura da Guarda Civil Metropolitana, homem deixou port\u00e3o aberto e agentes localizaram diversas motos e at\u00e9 simulacro de arma de fogo 7 de julho de 2025 12:257 de julho de 2025 12:278 Compartilhar2 Por: Alfredo Risk e\u00a0Adalberto Luque Uma mulher foi detida, na manh\u00e3 desta segunda-feira\u2026","rel":"","context":"In &quot;Not\u00edcias de Ribeir\u00e3o Preto-SP e Regi\u00e3o&quot;","block_context":{"text":"Not\u00edcias de Ribeir\u00e3o Preto-SP e Regi\u00e3o","link":"https:\/\/noticiasribeiraopreto.com.br\/index.php\/category\/noticias-de-ribeirao-preto-sp-e-regiao-ismael-colosi\/"},"img":{"alt_text":"","src":"https:\/\/i0.wp.com\/noticiasribeiraopreto.com.br\/wp-content\/uploads\/2025\/07\/07-jul-2025-desmanchemotos1.jpg?fit=822%2C617&ssl=1&resize=350%2C200","width":350,"height":200,"srcset":"https:\/\/i0.wp.com\/noticiasribeiraopreto.com.br\/wp-content\/uploads\/2025\/07\/07-jul-2025-desmanchemotos1.jpg?fit=822%2C617&ssl=1&resize=350%2C200 1x, https:\/\/i0.wp.com\/noticiasribeiraopreto.com.br\/wp-content\/uploads\/2025\/07\/07-jul-2025-desmanchemotos1.jpg?fit=822%2C617&ssl=1&resize=525%2C300 1.5x, https:\/\/i0.wp.com\/noticiasribeiraopreto.com.br\/wp-content\/uploads\/2025\/07\/07-jul-2025-desmanchemotos1.jpg?fit=822%2C617&ssl=1&resize=700%2C400 2x"},"classes":[]},{"id":42430,"url":"https:\/\/noticiasribeiraopreto.com.br\/index.php\/2024\/03\/14\/dupla-e-presa-com-moto-furtada\/","url_meta":{"origin":74675,"position":1},"title":"Dupla \u00e9 presa com moto furtada","author":"noticiasribeiraopreto.com.br","date":"14 de March de 2024","format":false,"excerpt":"Homens tentaram fugir de viatura, mas acabaram na delegacia 14 de mar\u00e7o de 2024 | 12:45 2Por: Adalberto LuqueDois homens foram presos, na madrugada desta quinta-feira (14). Eles ocupavam uma motocicleta que havia sido furtada no dia 27 de fevereiro e tentaram fugir de uma viatura da Pol\u00edcia Militar.A equipe\u2026","rel":"","context":"In &quot;Not\u00edcias de Ribeir\u00e3o Preto-SP e Regi\u00e3o&quot;","block_context":{"text":"Not\u00edcias de Ribeir\u00e3o Preto-SP e Regi\u00e3o","link":"https:\/\/noticiasribeiraopreto.com.br\/index.php\/category\/noticias-de-ribeirao-preto-sp-e-regiao-ismael-colosi\/"},"img":{"alt_text":"","src":"https:\/\/i0.wp.com\/noticiasribeiraopreto.com.br\/wp-content\/uploads\/2024\/03\/00-14-mar-2024-moto-roubada-foto-baep-scaled.jpg?fit=1000%2C600&ssl=1&resize=350%2C200","width":350,"height":200,"srcset":"https:\/\/i0.wp.com\/noticiasribeiraopreto.com.br\/wp-content\/uploads\/2024\/03\/00-14-mar-2024-moto-roubada-foto-baep-scaled.jpg?fit=1000%2C600&ssl=1&resize=350%2C200 1x, https:\/\/i0.wp.com\/noticiasribeiraopreto.com.br\/wp-content\/uploads\/2024\/03\/00-14-mar-2024-moto-roubada-foto-baep-scaled.jpg?fit=1000%2C600&ssl=1&resize=525%2C300 1.5x, https:\/\/i0.wp.com\/noticiasribeiraopreto.com.br\/wp-content\/uploads\/2024\/03\/00-14-mar-2024-moto-roubada-foto-baep-scaled.jpg?fit=1000%2C600&ssl=1&resize=700%2C400 2x"},"classes":[]},{"id":77277,"url":"https:\/\/noticiasribeiraopreto.com.br\/index.php\/2025\/09\/15\/moto-e-furtada-em-ribeirao-preto-dois-dias-apos-compra-veja-o-video\/","url_meta":{"origin":74675,"position":2},"title":"Moto \u00e9 furtada em Ribeir\u00e3o Preto dois dias ap\u00f3s compra; Veja o v\u00eddeo","author":"noticiasribeiraopreto.com.br","date":"15 de September de 2025","format":false,"excerpt":"Uma dupla de ladr\u00f5es furtou a moto de um vendedor dois dias ap\u00f3s o ve\u00edculo ter sido comprado pela v\u00edtima. O crime aconteceu na avenida Presidente Castelo Branco, em Ribeir\u00e3o Preto, na tarde da \u00faltima quarta-feira (10) \u2013 veja o v\u00eddeo abaixo. A v\u00edtima tinha retirado a moto Honda\/CG 160\u2026","rel":"","context":"In &quot;Not\u00edcias de Ribeir\u00e3o Preto-SP e Regi\u00e3o&quot;","block_context":{"text":"Not\u00edcias de Ribeir\u00e3o Preto-SP e Regi\u00e3o","link":"https:\/\/noticiasribeiraopreto.com.br\/index.php\/category\/noticias-de-ribeirao-preto-sp-e-regiao-ismael-colosi\/"},"img":{"alt_text":"","src":"https:\/\/i0.wp.com\/noticiasribeiraopreto.com.br\/wp-content\/uploads\/2025\/09\/moto-honda_2025-09-15_18-44-56.webp.webp?fit=1200%2C674&ssl=1&resize=350%2C200","width":350,"height":200,"srcset":"https:\/\/i0.wp.com\/noticiasribeiraopreto.com.br\/wp-content\/uploads\/2025\/09\/moto-honda_2025-09-15_18-44-56.webp.webp?fit=1200%2C674&ssl=1&resize=350%2C200 1x, https:\/\/i0.wp.com\/noticiasribeiraopreto.com.br\/wp-content\/uploads\/2025\/09\/moto-honda_2025-09-15_18-44-56.webp.webp?fit=1200%2C674&ssl=1&resize=525%2C300 1.5x, https:\/\/i0.wp.com\/noticiasribeiraopreto.com.br\/wp-content\/uploads\/2025\/09\/moto-honda_2025-09-15_18-44-56.webp.webp?fit=1200%2C674&ssl=1&resize=700%2C400 2x, https:\/\/i0.wp.com\/noticiasribeiraopreto.com.br\/wp-content\/uploads\/2025\/09\/moto-honda_2025-09-15_18-44-56.webp.webp?fit=1200%2C674&ssl=1&resize=1050%2C600 3x"},"classes":[]},{"id":73684,"url":"https:\/\/noticiasribeiraopreto.com.br\/index.php\/2025\/07\/07\/gcm-encontra-motos-em-desmanche-clandestino-na-zona-oeste-de-ribeirao-preto-video\/","url_meta":{"origin":74675,"position":3},"title":"GCM encontra motos em desmanche clandestino\u00a0na zona Oeste de Ribeir\u00e3o Preto; V\u00eddeo","author":"noticiasribeiraopreto.com.br","date":"7 de July de 2025","format":false,"excerpt":"Motos e diversas pe\u00e7as foram encontradas pela GCM (Guarda Civil Municipal) na manh\u00e3 desta segunda-feira (7), em uma casa que seria utilizada como desmanche clandestino no Parque Ribeir\u00e3o Preto, zona Oeste de Ribeir\u00e3o Preto. Segundo a GCM, no im\u00f3vel, na rua Floriano Leite Ribeiro, havia partes de ao menos uma\u2026","rel":"","context":"In &quot;Not\u00edcias de Ribeir\u00e3o Preto-SP e Regi\u00e3o&quot;","block_context":{"text":"Not\u00edcias de Ribeir\u00e3o Preto-SP e Regi\u00e3o","link":"https:\/\/noticiasribeiraopreto.com.br\/index.php\/category\/noticias-de-ribeirao-preto-sp-e-regiao-ismael-colosi\/"},"img":{"alt_text":"","src":"https:\/\/i0.wp.com\/noticiasribeiraopreto.com.br\/wp-content\/uploads\/2025\/07\/WhatsApp-Image-2025-07-07-at-11.45.50_2025-07-07_15-07-05.webp.webp?fit=1200%2C675&ssl=1&resize=350%2C200","width":350,"height":200,"srcset":"https:\/\/i0.wp.com\/noticiasribeiraopreto.com.br\/wp-content\/uploads\/2025\/07\/WhatsApp-Image-2025-07-07-at-11.45.50_2025-07-07_15-07-05.webp.webp?fit=1200%2C675&ssl=1&resize=350%2C200 1x, https:\/\/i0.wp.com\/noticiasribeiraopreto.com.br\/wp-content\/uploads\/2025\/07\/WhatsApp-Image-2025-07-07-at-11.45.50_2025-07-07_15-07-05.webp.webp?fit=1200%2C675&ssl=1&resize=525%2C300 1.5x, https:\/\/i0.wp.com\/noticiasribeiraopreto.com.br\/wp-content\/uploads\/2025\/07\/WhatsApp-Image-2025-07-07-at-11.45.50_2025-07-07_15-07-05.webp.webp?fit=1200%2C675&ssl=1&resize=700%2C400 2x, https:\/\/i0.wp.com\/noticiasribeiraopreto.com.br\/wp-content\/uploads\/2025\/07\/WhatsApp-Image-2025-07-07-at-11.45.50_2025-07-07_15-07-05.webp.webp?fit=1200%2C675&ssl=1&resize=1050%2C600 3x"},"classes":[]},{"id":64385,"url":"https:\/\/noticiasribeiraopreto.com.br\/index.php\/2025\/03\/07\/homem-bate-moto-furtada-e-acaba-preso-no-centro-de-ribeirao-preto\/","url_meta":{"origin":74675,"position":4},"title":"Homem bate moto furtada e acaba preso no Centro de Ribeir\u00e3o Preto","author":"noticiasribeiraopreto.com.br","date":"7 de March de 2025","format":false,"excerpt":"Um homem foi preso nesta sexta-feira (7), no Centro de Ribeir\u00e3o Preto, ap\u00f3s bater uma moto furtada. A PM (Pol\u00edcia Militar) recebeu um chamado para ocorr\u00eancia de acidente de tr\u00e2nsito, quando encontrou o homem ferido e a moto ca\u00edda na liga\u00e7\u00e3o das ruas Campos Salles e Jos\u00e9 Bonif\u00e1cio, no sentido\u2026","rel":"","context":"In &quot;Not\u00edcias de Ribeir\u00e3o Preto-SP e Regi\u00e3o&quot;","block_context":{"text":"Not\u00edcias de Ribeir\u00e3o Preto-SP e Regi\u00e3o","link":"https:\/\/noticiasribeiraopreto.com.br\/index.php\/category\/noticias-de-ribeirao-preto-sp-e-regiao-ismael-colosi\/"},"img":{"alt_text":"","src":"https:\/\/i0.wp.com\/noticiasribeiraopreto.com.br\/wp-content\/uploads\/2025\/03\/policia_qru_1024x576_05012021161940.jpg?fit=1024%2C576&ssl=1&resize=350%2C200","width":350,"height":200,"srcset":"https:\/\/i0.wp.com\/noticiasribeiraopreto.com.br\/wp-content\/uploads\/2025\/03\/policia_qru_1024x576_05012021161940.jpg?fit=1024%2C576&ssl=1&resize=350%2C200 1x, https:\/\/i0.wp.com\/noticiasribeiraopreto.com.br\/wp-content\/uploads\/2025\/03\/policia_qru_1024x576_05012021161940.jpg?fit=1024%2C576&ssl=1&resize=525%2C300 1.5x, https:\/\/i0.wp.com\/noticiasribeiraopreto.com.br\/wp-content\/uploads\/2025\/03\/policia_qru_1024x576_05012021161940.jpg?fit=1024%2C576&ssl=1&resize=700%2C400 2x"},"classes":[]},{"id":42207,"url":"https:\/\/noticiasribeiraopreto.com.br\/index.php\/2024\/03\/13\/moto-furtada-na-capitao-salomao-e-achada-na-zona-oeste\/","url_meta":{"origin":74675,"position":5},"title":"Moto furtada na Capit\u00e3o Salom\u00e3o \u00e9 achada na zona Oeste","author":"noticiasribeiraopreto.com.br","date":"13 de March de 2024","format":false,"excerpt":"Dupla havia escondido motocicleta no matagal e acabou surpreendida pela PM 13 de mar\u00e7o de 2024 | 11:31 2Por: Adalberto LuqueUma motocicleta furtada momentos antes na Avenida Capit\u00e3o Salom\u00e3o, em frente ao Senac, Campos El\u00edseos, zona Norte da cidade, foi encontrada poucos minutos depois. A motocicleta Twister foi furtada na\u2026","rel":"","context":"In &quot;Not\u00edcias de Ribeir\u00e3o Preto-SP e Regi\u00e3o&quot;","block_context":{"text":"Not\u00edcias de Ribeir\u00e3o Preto-SP e Regi\u00e3o","link":"https:\/\/noticiasribeiraopreto.com.br\/index.php\/category\/noticias-de-ribeirao-preto-sp-e-regiao-ismael-colosi\/"},"img":{"alt_text":"","src":"https:\/\/i0.wp.com\/noticiasribeiraopreto.com.br\/wp-content\/uploads\/2024\/03\/00-13-mar-2024-furto-e-assalto-senac-01-foto-baep-scaled.jpg?fit=821%2C645&ssl=1&resize=350%2C200","width":350,"height":200,"srcset":"https:\/\/i0.wp.com\/noticiasribeiraopreto.com.br\/wp-content\/uploads\/2024\/03\/00-13-mar-2024-furto-e-assalto-senac-01-foto-baep-scaled.jpg?fit=821%2C645&ssl=1&resize=350%2C200 1x, https:\/\/i0.wp.com\/noticiasribeiraopreto.com.br\/wp-content\/uploads\/2024\/03\/00-13-mar-2024-furto-e-assalto-senac-01-foto-baep-scaled.jpg?fit=821%2C645&ssl=1&resize=525%2C300 1.5x, https:\/\/i0.wp.com\/noticiasribeiraopreto.com.br\/wp-content\/uploads\/2024\/03\/00-13-mar-2024-furto-e-assalto-senac-01-foto-baep-scaled.jpg?fit=821%2C645&ssl=1&resize=700%2C400 2x"},"classes":[]}],"jetpack_sharing_enabled":true,"jetpack_shortlink":"https:\/\/wp.me\/peQAOb-jqr","_links":{"self":[{"href":"https:\/\/noticiasribeiraopreto.com.br\/index.php\/wp-json\/wp\/v2\/posts\/74675","targetHints":{"allow":["GET"]}}],"collection":[{"href":"https:\/\/noticiasribeiraopreto.com.br\/index.php\/wp-json\/wp\/v2\/posts"}],"about":[{"href":"https:\/\/noticiasribeiraopreto.com.br\/index.php\/wp-json\/wp\/v2\/types\/post"}],"author":[{"embeddable":true,"href":"https:\/\/noticiasribeiraopreto.com.br\/index.php\/wp-json\/wp\/v2\/users\/1"}],"replies":[{"embeddable":true,"href":"https:\/\/noticiasribeiraopreto.com.br\/index.php\/wp-json\/wp\/v2\/comments?post=74675"}],"version-history":[{"count":0,"href":"https:\/\/noticiasribeiraopreto.com.br\/index.php\/wp-json\/wp\/v2\/posts\/74675\/revisions"}],"wp:attachment":[{"href":"https:\/\/noticiasribeiraopreto.com.br\/index.php\/wp-json\/wp\/v2\/media?parent=74675"}],"wp:term":[{"taxonomy":"category","embeddable":true,"href":"https:\/\/noticiasribeiraopreto.com.br\/index.php\/wp-json\/wp\/v2\/categories?post=74675"},{"taxonomy":"post_tag","embeddable":true,"href":"https:\/\/noticiasribeiraopreto.com.br\/index.php\/wp-json\/wp\/v2\/tags?post=74675"}],"curies":[{"name":"wp","href":"https:\/\/api.w.org\/{rel}","templated":true}]}}