{"id":74677,"date":"2025-07-27T09:14:35","date_gmt":"2025-07-27T12:14:35","guid":{"rendered":"https:\/\/noticiasribeiraopreto.com.br\/index.php\/2025\/07\/27\/brasileiros-se-preocupam-mais-com-dinheiro-do-que-com-saude\/"},"modified":"2025-07-27T09:14:35","modified_gmt":"2025-07-27T12:14:35","slug":"brasileiros-se-preocupam-mais-com-dinheiro-do-que-com-saude","status":"publish","type":"post","link":"https:\/\/noticiasribeiraopreto.com.br\/index.php\/2025\/07\/27\/brasileiros-se-preocupam-mais-com-dinheiro-do-que-com-saude\/","title":{"rendered":"Brasileiros se preocupam mais com dinheiro do que com sa\u00fade"},"content":{"rendered":"<div class='code-block code-block-1' style='margin: 8px 0 8px auto; text-align: right; display: block; clear: both;'>\n<p><a href=\"https:\/\/wa.link\/vpicfd\"><img data-recalc-dims=\"1\" class=\"wp-image-4922\" style=\"aspect-ratio: 2.0253164556962027; width: 561px; height: auto;\" src=\"https:\/\/i0.wp.com\/ismaelcolosi.com.br\/wp-content\/uploads\/2023\/11\/grupo-de-empregos-whatsapp-e-facebook-ismael-colosi-vagas.jpg?ssl=1\" alt=\"\" \/><\/a><\/p>\n<!-- \/wp:image -->\n<\/div>\n<p> <br \/>\n<\/p>\n<div>\n<figure id=\"attachment_432795\" aria-describedby=\"caption-attachment-432795\" style=\"width: 300px\" class=\"wp-caption alignleft\"><img data-recalc-dims=\"1\" loading=\"lazy\" decoding=\"async\" class=\"size-medium wp-image-432795\" src=\"https:\/\/i0.wp.com\/www.tribunaribeirao.com.br\/wp-content\/uploads\/2025\/07\/financas_1-300x188.png?resize=300%2C188&#038;ssl=1\" alt=\"\" width=\"300\" height=\"188\" srcset=\"https:\/\/www.tribunaribeirao.com.br\/wp-content\/uploads\/2025\/07\/financas_1-300x188.png 300w, https:\/\/www.tribunaribeirao.com.br\/wp-content\/uploads\/2025\/07\/financas_1-768x480.png 768w, https:\/\/www.tribunaribeirao.com.br\/wp-content\/uploads\/2025\/07\/financas_1-640x400.png 640w, https:\/\/www.tribunaribeirao.com.br\/wp-content\/uploads\/2025\/07\/financas_1-585x366.png 585w, https:\/\/www.tribunaribeirao.com.br\/wp-content\/uploads\/2025\/07\/financas_1.png 800w\" sizes=\"auto, (max-width: 300px) 100vw, 300px\"\/><figcaption id=\"caption-attachment-432795\" class=\"wp-caption-text\">Pesquisa com mais de oito mil pessoas aponta um cen\u00e1rio cr\u00edtico de desinforma\u00e7\u00e3o sobre finan\u00e7as<\/figcaption><\/figure>\n<p>O dinheiro \u00e9 a principal preocupa\u00e7\u00e3o dos brasileiros \u00e0 frente da sa\u00fade, da fam\u00edlia e da viol\u00eancia, como revela a 4\u00aa edi\u00e7\u00e3o da pesquisa Raio-X da Sa\u00fade Financeira dos Brasileiros \u2013 Estudo Estresse Financeiro \u2013 realizada pela Onze, fintech de sa\u00fade financeira e previd\u00eancia privada, em parceria com a Icatu Seguros \u2013 companhia l\u00edder em Seguro de Vida, Previd\u00eancia e Capitaliza\u00e7\u00e3o. O estudo ouviu 8.701 pessoas nas cinco regi\u00f5es do pa\u00eds e tra\u00e7a um retrato sobre o impacto da instabilidade financeira na vida dos brasileiros. Al\u00e9m disso, revela um cen\u00e1rio cr\u00edtico de desinforma\u00e7\u00e3o, falta de planejamento e sobrecarga emocional.<\/p>\n<p>Entre os entrevistados, 49% apontam o dinheiro como sua maior fonte de preocupa\u00e7\u00e3o, superando temas historicamente sens\u00edveis como sa\u00fade (19%), fam\u00edlia (15%), trabalho (7%), viol\u00eancia (7%) e pol\u00edtica (3%).<\/p>\n<p>Dos entrevistados que assinalaram a preocupa\u00e7\u00e3o com as finan\u00e7as em primeiro lugar, 61% afirmaram n\u00e3o ter dinheiro suficiente para emerg\u00eancias com sa\u00fade, como acidentes ou para ajudar amigos e familiares.<\/p>\n<p>\u201cHistoricamente, o d\u00e9ficit na educa\u00e7\u00e3o financeira dos brasileiros impacta diretamente sua sa\u00fade financeira. Este estudo \u00e9 um exemplo \u2013 h\u00e1 mais de 4 anos, vemos o dinheiro despontando como a maior preocupa\u00e7\u00e3o na vida das pessoas e o impacto do estresse financeiro est\u00e1 cada vez maior. Esse vil\u00e3o silencioso gera problemas emocionais, notadamente est\u00e1 impulsionando a ansiedade da popula\u00e7\u00e3o, al\u00e9m de impactar as rela\u00e7\u00f5es interpessoais e o desempenho no trabalho. Ele n\u00e3o pode mais ser ignorado\u201d, destaca o CEO em finan\u00e7as, Antonio Rocha.<\/p>\n<p>A pesquisa tamb\u00e9m revela que a situa\u00e7\u00e3o financeira das fam\u00edlias piorou no \u00faltimo ano: 51% afirmam que a renda mensal n\u00e3o cobre os gastos \u2013 um aumento de 10 pontos percentuais em rela\u00e7\u00e3o \u00e0 edi\u00e7\u00e3o anterior da pesquisa, realizada em 2023. Ao mesmo tempo, 63% n\u00e3o possuem qualquer reserva de emerg\u00eancia e 15% est\u00e3o endividados e sem poupan\u00e7a.<\/p>\n<p>O impacto emocional dessa instabilidade \u00e9 direto: 72% dos entrevistados dizem que a sa\u00fade financeira afeta a sa\u00fade mental e emocional, e muitos relatam sintomas graves como ansiedade (65%), ins\u00f4nia (50%) e at\u00e9 depress\u00e3o (21%).<\/p>\n<p>A sondagem destaca que o desenvolvimento de ansiedade gerada por estresse financeiro cresceu: o percentual aumentou 12% em rela\u00e7\u00e3o \u00e0 edi\u00e7\u00e3o anterior do levantamento.<\/p>\n<p>Para Henrique Diniz, Diretor de Previd\u00eancia da Icatu, a pesquisa refor\u00e7a a urg\u00eancia de um olhar mais estruturado sobre a planejamento financeiro no Brasil dado seu impacto positivo para a vida das pessoas. Como companhia comprometida com a prote\u00e7\u00e3o financeira de longo prazo, a Icatu tem o prop\u00f3sito de ampliar o acesso a produtos que garantam seguran\u00e7a para os brasileiros e suas fam\u00edlias, oferecendo solu\u00e7\u00f5es acess\u00edveis e estruturadas, educa\u00e7\u00e3o e parcerias estrat\u00e9gicas.<\/p>\n<p>\u00a0<\/p>\n<h3><strong>Raio X da pesquisa<\/strong><\/h3>\n<p>\u2013 49% indicaram o dinheiro como maior fator de preocupa\u00e7\u00e3o;<\/p>\n<p>\u2013 51% dos entrevistados afirmaram que a renda n\u00e3o cobre todos os gastos mensais;<\/p>\n<p>\u2013 28% disseram que a renda consegue cobrir apenas os gastos;<\/p>\n<p>\u2013 12% responderam que a renda cobre os gastos e poupam dinheiro;<\/p>\n<p>\u2013 9% afirmaram que n\u00e3o fazem controle financeiro;<\/p>\n<p>\u2013 61% afirmaram n\u00e3o ter dinheiro suficiente para emerg\u00eancias com sa\u00fade, como acidentes ou para ajudar amigos e familiares<\/p>\n<p>\u2013 31% disseram que n\u00e3o conseguem pagar as contas do m\u00eas;<\/p>\n<p>\u2013 14% afirmaram n\u00e3o ter dinheiro suficiente para aposentadoria;<\/p>\n<p>\u2013 63% disseram que n\u00e3o possuem reserva de emerg\u00eancia;<\/p>\n<p>\u2013 15% responderam que n\u00e3o possuem reserva de emerg\u00eancia e est\u00e3o com d\u00edvidas;<\/p>\n<p>\u2013 72% responderam que as preocupa\u00e7\u00f5es financeiras afetam a sa\u00fade mental e emocional;<\/p>\n<p>\u2013 65% disseram que desenvolveram ansiedade por preocupa\u00e7\u00f5es financeiras;<\/p>\n<p>\u2013 50% revelaram que costumam ter ins\u00f4nia por preocupa\u00e7\u00f5es financeiras;<\/p>\n<p>\u2013 76% disseram que n\u00e3o recebem algum tipo de benef\u00edcio financeiro fora sal\u00e1rio ou b\u00f4nus;<\/p>\n<h3\/>\n<h3><strong>Projeto quer obrigar aulas de educa\u00e7\u00e3o financeira <\/strong><\/h3>\n<p>Um Projeto de Lei em an\u00e1lise no Congresso Nacional quer tornar a disciplina Educa\u00e7\u00e3o Financeira obrigat\u00f3ria no ensino b\u00e1sico em todo o pa\u00eds. O objetivo da proposta, segundo o seu autor, o senador Nelsinho Trad (PSD-MS), \u00e9 preparar os estudantes para os desafios da vida econ\u00f4mica contempor\u00e2nea, promovendo autonomia e consci\u00eancia financeira desde cedo.<\/p>\n<p>O parlamentar destaca que a abordagem da educa\u00e7\u00e3o financeira nas escolas brasileiras ainda \u00e9 incipiente e facultativa, apesar de prevista na Base Nacional Comum Curricular (BNCC). Torn\u00e1-la obrigat\u00f3ria, diz Trad, contribuir\u00e1 para reduzir \u00edndices de endividamento, incentivar a poupan\u00e7a e ajudar crian\u00e7as e jovens a resistirem \u00e0s press\u00f5es externas \u2013 especialmente as redes sociais, apontadas por pesquisas como grandes incentivadoras do consumo excessivo e de comportamentos de risco financeiro.<\/p>\n<p>O objetivo da iniciativa, segundo Trad, \u00e9 atender a uma \u201cnecessidade urgente de preparar os estudantes para os desafios da vida econ\u00f4mica contempor\u00e2nea, promovendo a forma\u00e7\u00e3o de cidad\u00e3os mais conscientes, aut\u00f4nomos e respons\u00e1veis na gest\u00e3o de seus recursos\u201d.<\/p>\n<p>O senador argumenta que os \u00edndices de endividamento das fam\u00edlias v\u00eam crescendo no Brasil, com baixa taxa de poupan\u00e7a e pouco dom\u00ednio de conceitos b\u00e1sicos de finan\u00e7as pessoais. Isso\u00a0compromete n\u00e3o apenas a sa\u00fade financeira individual, mas tamb\u00e9m a estabilidade econ\u00f4mica e social do pa\u00eds,\u00a0afirma Trad na justificativa do projeto.<\/p>\n<p>A proposi\u00e7\u00e3o altera a Lei 9.394, de 1996, que estabelece as diretrizes e bases da educa\u00e7\u00e3o nacional. O parlamentar ressalta que a Base Nacional Comum Curricular (BNCC) j\u00e1 reconhece, em seu eixo de compet\u00eancias gerais, a import\u00e2ncia da educa\u00e7\u00e3o financeira, ao propor o desenvolvimento do pensamento cr\u00edtico, da cultura digital, da responsabilidade e do protagonismo, entre outras habilidades.<\/p>\n<\/div>\n<p><br \/>\n<br \/><a href=\"https:\/\/www.tribunaribeirao.com.br\/brasileiros-se-preocupam-mais-com-dinheiro-do-que-com-saude\/\">Source link <\/a><\/p>\n<!-- CONTENT END 1 -->\n","protected":false},"excerpt":{"rendered":"<p>Pesquisa com mais de oito mil pessoas aponta um cen\u00e1rio cr\u00edtico de desinforma\u00e7\u00e3o sobre finan\u00e7as O dinheiro \u00e9 a principal preocupa\u00e7\u00e3o dos brasileiros \u00e0 frente&#8230;<\/p>\n","protected":false},"author":1,"featured_media":74678,"comment_status":"open","ping_status":"open","sticky":false,"template":"","format":"standard","meta":{"advanced_seo_description":"","jetpack_seo_html_title":"","jetpack_seo_noindex":false,"jetpack_post_was_ever_published":false,"_jetpack_newsletter_access":"","_jetpack_dont_email_post_to_subs":false,"_jetpack_newsletter_tier_id":0,"_jetpack_memberships_contains_paywalled_content":false,"_jetpack_memberships_contains_paid_content":false,"footnotes":"","jetpack_publicize_message":"","jetpack_publicize_feature_enabled":true,"jetpack_social_post_already_shared":true,"jetpack_social_options":{"image_generator_settings":{"template":"highway","default_image_id":0,"font":"","enabled":false},"version":2}},"categories":[11],"tags":[],"class_list":["post-74677","post","type-post","status-publish","format-standard","has-post-thumbnail","hentry","category-noticias-de-ribeirao-preto-sp-e-regiao-ismael-colosi"],"jetpack_publicize_connections":[],"jetpack_featured_media_url":"https:\/\/i0.wp.com\/noticiasribeiraopreto.com.br\/wp-content\/uploads\/2025\/07\/financas_3.png?fit=800%2C500&ssl=1","jetpack-related-posts":[{"id":7243,"url":"https:\/\/noticiasribeiraopreto.com.br\/index.php\/2023\/11\/27\/ganhar-dinheiro-greenpanthera-funciona-paga-portal-de-renda-extra-ideias-para-ganhar-dinheiro\/","url_meta":{"origin":74677,"position":0},"title":"Ganhar dinheiro GreenPanthera: funciona? paga? &#8211; Portal de Renda Extra \u2013 ideias para ganhar dinheiro","author":"noticiasribeiraopreto.com.br","date":"27 de November de 2023","format":false,"excerpt":"A Verdade sobre como ganhar dinheiro com GreenPanthera paga mesmo?, \u00e9 confi\u00e1vel? Como funciona realmente? saiba como usar o Green Panthera e come\u00e7e a ganhar dinheiro com sua opini\u00e3o , GreenPanthera brasil ou outros Pa\u00edses, vale a pena?, \u00e9 seguro? Nesta revis\u00e3o sobre greenPanthera, voc\u00ea vai saber todos os fatos\u2026","rel":"","context":"In &quot;Renda Extra&quot;","block_context":{"text":"Renda Extra","link":"https:\/\/noticiasribeiraopreto.com.br\/index.php\/category\/renda-extra-ganhar-dinheiro-rico-milionario\/"},"img":{"alt_text":"Ganhe-dinheiro-respondendo-pesquisas ismael colosi","src":"https:\/\/i0.wp.com\/noticiasribeiraopreto.com.br\/wp-content\/uploads\/2023\/11\/Ganhe-dinheiro-respondendo-pesquisas-ismael-colosi.jpg?fit=1080%2C1080&ssl=1&resize=350%2C200","width":350,"height":200,"srcset":"https:\/\/i0.wp.com\/noticiasribeiraopreto.com.br\/wp-content\/uploads\/2023\/11\/Ganhe-dinheiro-respondendo-pesquisas-ismael-colosi.jpg?fit=1080%2C1080&ssl=1&resize=350%2C200 1x, https:\/\/i0.wp.com\/noticiasribeiraopreto.com.br\/wp-content\/uploads\/2023\/11\/Ganhe-dinheiro-respondendo-pesquisas-ismael-colosi.jpg?fit=1080%2C1080&ssl=1&resize=525%2C300 1.5x, https:\/\/i0.wp.com\/noticiasribeiraopreto.com.br\/wp-content\/uploads\/2023\/11\/Ganhe-dinheiro-respondendo-pesquisas-ismael-colosi.jpg?fit=1080%2C1080&ssl=1&resize=700%2C400 2x, https:\/\/i0.wp.com\/noticiasribeiraopreto.com.br\/wp-content\/uploads\/2023\/11\/Ganhe-dinheiro-respondendo-pesquisas-ismael-colosi.jpg?fit=1080%2C1080&ssl=1&resize=1050%2C600 3x"},"classes":[]},{"id":6140,"url":"https:\/\/noticiasribeiraopreto.com.br\/index.php\/2023\/11\/24\/metade-do-pais-saca-dinheiro-em-bancos\/","url_meta":{"origin":74677,"position":1},"title":"Metade do pa\u00eds saca\u00a0dinheiro em bancos\u00a0","author":"noticiasribeiraopreto.com.br","date":"24 de November de 2023","format":false,"excerpt":"24 de novembro de 2023 | 15:0024 de novembro de 2023 | 10:12 0Na hora de pagar uma conta, cada vez mais se ouvem as perguntas \u201c\u00e9 pix?\u201d, \u201cpor aproxima\u00e7\u00e3o?\u201d. A impress\u00e3o que alguns podem ter \u00e9 de que quase ningu\u00e9m mais anda com dinheiro na carteira. Mas uma pesquisa\u2026","rel":"","context":"In &quot;Not\u00edcias de Ribeir\u00e3o Preto-SP e Regi\u00e3o&quot;","block_context":{"text":"Not\u00edcias de Ribeir\u00e3o Preto-SP e Regi\u00e3o","link":"https:\/\/noticiasribeiraopreto.com.br\/index.php\/category\/noticias-de-ribeirao-preto-sp-e-regiao-ismael-colosi\/"},"img":{"alt_text":"","src":"https:\/\/i0.wp.com\/noticiasribeiraopreto.com.br\/wp-content\/uploads\/2023\/11\/bancos.jpg?fit=1170%2C700&ssl=1&resize=350%2C200","width":350,"height":200,"srcset":"https:\/\/i0.wp.com\/noticiasribeiraopreto.com.br\/wp-content\/uploads\/2023\/11\/bancos.jpg?fit=1170%2C700&ssl=1&resize=350%2C200 1x, https:\/\/i0.wp.com\/noticiasribeiraopreto.com.br\/wp-content\/uploads\/2023\/11\/bancos.jpg?fit=1170%2C700&ssl=1&resize=525%2C300 1.5x, https:\/\/i0.wp.com\/noticiasribeiraopreto.com.br\/wp-content\/uploads\/2023\/11\/bancos.jpg?fit=1170%2C700&ssl=1&resize=700%2C400 2x, https:\/\/i0.wp.com\/noticiasribeiraopreto.com.br\/wp-content\/uploads\/2023\/11\/bancos.jpg?fit=1170%2C700&ssl=1&resize=1050%2C600 3x"},"classes":[]},{"id":14155,"url":"https:\/\/noticiasribeiraopreto.com.br\/index.php\/2023\/12\/11\/prime-opinion-seja-pago-ao-responder-pesquisas-bora-fazer-dinheiro-2\/","url_meta":{"origin":74677,"position":2},"title":"Prime Opinion: seja pago ao responder pesquisas &#8211; Ganhe at\u00e9\u00a0R$\u00a025\u00a0por pesquisa!","author":"noticiasribeiraopreto.com.br","date":"11 de December de 2023","format":false,"excerpt":"Aplicativos Prime Opinion: seja pago ao responder pesquisas Ganhar dinheiro nunca foi t\u00e3o f\u00e1cil e acess\u00edvel como agora. Imagine poder ganhar dinheiro no conforto da sua casa, respondendo a pesquisas interessantes. Se voc\u00ea est\u00e1 no Brasil, essa oportunidade est\u00e1 ao seu alcance. O Prime Opinion \u00e9 a plataforma que permite\u2026","rel":"","context":"In &quot;Renda Extra&quot;","block_context":{"text":"Renda Extra","link":"https:\/\/noticiasribeiraopreto.com.br\/index.php\/category\/renda-extra-ganhar-dinheiro-rico-milionario\/"},"img":{"alt_text":"","src":"https:\/\/i0.wp.com\/noticiasribeiraopreto.com.br\/wp-content\/uploads\/2023\/12\/maxresdefault.jpg?fit=1200%2C675&ssl=1&resize=350%2C200","width":350,"height":200,"srcset":"https:\/\/i0.wp.com\/noticiasribeiraopreto.com.br\/wp-content\/uploads\/2023\/12\/maxresdefault.jpg?fit=1200%2C675&ssl=1&resize=350%2C200 1x, https:\/\/i0.wp.com\/noticiasribeiraopreto.com.br\/wp-content\/uploads\/2023\/12\/maxresdefault.jpg?fit=1200%2C675&ssl=1&resize=525%2C300 1.5x, https:\/\/i0.wp.com\/noticiasribeiraopreto.com.br\/wp-content\/uploads\/2023\/12\/maxresdefault.jpg?fit=1200%2C675&ssl=1&resize=700%2C400 2x, https:\/\/i0.wp.com\/noticiasribeiraopreto.com.br\/wp-content\/uploads\/2023\/12\/maxresdefault.jpg?fit=1200%2C675&ssl=1&resize=1050%2C600 3x"},"classes":[]},{"id":74420,"url":"https:\/\/noticiasribeiraopreto.com.br\/index.php\/2025\/07\/22\/empresarios-de-ribeirao-preto-sao-condenados-por-lavagem-de-dinheiro-eles-movimentaram-r-500-milhoes\/","url_meta":{"origin":74677,"position":3},"title":"Empres\u00e1rios de Ribeir\u00e3o Preto s\u00e3o condenados por lavagem de dinheiro; eles movimentaram R$ 500 milh\u00f5es","author":"noticiasribeiraopreto.com.br","date":"22 de July de 2025","format":false,"excerpt":"A Justi\u00e7a condenou tr\u00eas empres\u00e1rios de Ribeir\u00e3o Preto por lavagem de dinheiro para o tr\u00e1fico de drogas. Eles moravam em im\u00f3veis de luxo na avenida Jo\u00e3o Fiusa e na Vila do Golf, na zona Sul da cidade. Os empres\u00e1rios foram alvos da opera\u00e7\u00e3o Pol\u00edcia Civil em outubro de 2022. Segundo\u2026","rel":"","context":"In &quot;Not\u00edcias de Ribeir\u00e3o Preto-SP e Regi\u00e3o&quot;","block_context":{"text":"Not\u00edcias de Ribeir\u00e3o Preto-SP e Regi\u00e3o","link":"https:\/\/noticiasribeiraopreto.com.br\/index.php\/category\/noticias-de-ribeirao-preto-sp-e-regiao-ismael-colosi\/"},"img":{"alt_text":"","src":"https:\/\/i0.wp.com\/noticiasribeiraopreto.com.br\/wp-content\/uploads\/2025\/07\/casal-condenado_2025-07-22_16-52-55.webp.webp?fit=1200%2C553&ssl=1&resize=350%2C200","width":350,"height":200,"srcset":"https:\/\/i0.wp.com\/noticiasribeiraopreto.com.br\/wp-content\/uploads\/2025\/07\/casal-condenado_2025-07-22_16-52-55.webp.webp?fit=1200%2C553&ssl=1&resize=350%2C200 1x, https:\/\/i0.wp.com\/noticiasribeiraopreto.com.br\/wp-content\/uploads\/2025\/07\/casal-condenado_2025-07-22_16-52-55.webp.webp?fit=1200%2C553&ssl=1&resize=525%2C300 1.5x, https:\/\/i0.wp.com\/noticiasribeiraopreto.com.br\/wp-content\/uploads\/2025\/07\/casal-condenado_2025-07-22_16-52-55.webp.webp?fit=1200%2C553&ssl=1&resize=700%2C400 2x, https:\/\/i0.wp.com\/noticiasribeiraopreto.com.br\/wp-content\/uploads\/2025\/07\/casal-condenado_2025-07-22_16-52-55.webp.webp?fit=1200%2C553&ssl=1&resize=1050%2C600 3x"},"classes":[]},{"id":29068,"url":"https:\/\/noticiasribeiraopreto.com.br\/index.php\/2024\/01\/17\/o-segredo-para-ganhar-dinheiro-em-2024-casa-de-analise-libera-25-aulas-gratuitas-que-ensinam-como-turbinar-vida-financeira\/","url_meta":{"origin":74677,"position":4},"title":"O \u2018segredo\u2019 para ganhar dinheiro em 2024: casa de an\u00e1lise libera 25 aulas gratuitas que ensinam como turbinar vida financeira","author":"noticiasribeiraopreto.com.br","date":"17 de January de 2024","format":false,"excerpt":"O ano de 2024 j\u00e1 est\u00e1 a todo vapor e este \u00e9 o momento de tra\u00e7ar suas metas. H\u00e1 quem queira comprar um carro, fazer uma viagem especial, come\u00e7ar uma p\u00f3s-gradua\u00e7\u00e3o, emagrecer... Mas um objetivo comum na lista de quase todo mundo \u00e9 ganhar dinheiro. Ganhar mais dinheiro \u00e9 a\u2026","rel":"","context":"In &quot;Dinheiro e Investimento&quot;","block_context":{"text":"Dinheiro e Investimento","link":"https:\/\/noticiasribeiraopreto.com.br\/index.php\/category\/dinheiro-e-investimento-como-fazer-como-ganhar\/"},"img":{"alt_text":"","src":"https:\/\/i0.wp.com\/noticiasribeiraopreto.com.br\/wp-content\/uploads\/2024\/01\/dinheiro-chance-titulo-publico-715x402.jpg?fit=715%2C402&ssl=1&resize=350%2C200","width":350,"height":200,"srcset":"https:\/\/i0.wp.com\/noticiasribeiraopreto.com.br\/wp-content\/uploads\/2024\/01\/dinheiro-chance-titulo-publico-715x402.jpg?fit=715%2C402&ssl=1&resize=350%2C200 1x, https:\/\/i0.wp.com\/noticiasribeiraopreto.com.br\/wp-content\/uploads\/2024\/01\/dinheiro-chance-titulo-publico-715x402.jpg?fit=715%2C402&ssl=1&resize=525%2C300 1.5x, https:\/\/i0.wp.com\/noticiasribeiraopreto.com.br\/wp-content\/uploads\/2024\/01\/dinheiro-chance-titulo-publico-715x402.jpg?fit=715%2C402&ssl=1&resize=700%2C400 2x"},"classes":[]},{"id":73481,"url":"https:\/\/noticiasribeiraopreto.com.br\/index.php\/2025\/07\/03\/operacao-contra-o-trafico-e-lavagem-de-dinheiro-deixa-um-morto-em-ribeirao-preto\/","url_meta":{"origin":74677,"position":5},"title":"Opera\u00e7\u00e3o contra o tr\u00e1fico e lavagem de dinheiro deixa um morto em Ribeir\u00e3o Preto","author":"noticiasribeiraopreto.com.br","date":"3 de July de 2025","format":false,"excerpt":"Uma opera\u00e7\u00e3o do Gaeco (Grupo de Atua\u00e7\u00e3o Especial de Combate ao Crime Organizado) contra o tr\u00e1fico de drogas\u00a0e lavagem de dinheiro, com apoio da PM (Pol\u00edcia Militar), deixou um morto na manh\u00e3 desta quinta-feira (3), em Ribeir\u00e3o Preto. Segundo o Gaeco, durante a opera\u00e7\u00e3o, batizada Cash Out, foram cumpridos seis\u2026","rel":"","context":"In &quot;Not\u00edcias de Ribeir\u00e3o Preto-SP e Regi\u00e3o&quot;","block_context":{"text":"Not\u00edcias de Ribeir\u00e3o Preto-SP e Regi\u00e3o","link":"https:\/\/noticiasribeiraopreto.com.br\/index.php\/category\/noticias-de-ribeirao-preto-sp-e-regiao-ismael-colosi\/"},"img":{"alt_text":"","src":"https:\/\/i0.wp.com\/noticiasribeiraopreto.com.br\/wp-content\/uploads\/2025\/07\/WhatsApp-Image-2025-07-03-at-09.48.27_2025-07-03_12-49-49.webp.webp?fit=1200%2C675&ssl=1&resize=350%2C200","width":350,"height":200,"srcset":"https:\/\/i0.wp.com\/noticiasribeiraopreto.com.br\/wp-content\/uploads\/2025\/07\/WhatsApp-Image-2025-07-03-at-09.48.27_2025-07-03_12-49-49.webp.webp?fit=1200%2C675&ssl=1&resize=350%2C200 1x, https:\/\/i0.wp.com\/noticiasribeiraopreto.com.br\/wp-content\/uploads\/2025\/07\/WhatsApp-Image-2025-07-03-at-09.48.27_2025-07-03_12-49-49.webp.webp?fit=1200%2C675&ssl=1&resize=525%2C300 1.5x, https:\/\/i0.wp.com\/noticiasribeiraopreto.com.br\/wp-content\/uploads\/2025\/07\/WhatsApp-Image-2025-07-03-at-09.48.27_2025-07-03_12-49-49.webp.webp?fit=1200%2C675&ssl=1&resize=700%2C400 2x, https:\/\/i0.wp.com\/noticiasribeiraopreto.com.br\/wp-content\/uploads\/2025\/07\/WhatsApp-Image-2025-07-03-at-09.48.27_2025-07-03_12-49-49.webp.webp?fit=1200%2C675&ssl=1&resize=1050%2C600 3x"},"classes":[]}],"jetpack_sharing_enabled":true,"jetpack_shortlink":"https:\/\/wp.me\/peQAOb-jqt","_links":{"self":[{"href":"https:\/\/noticiasribeiraopreto.com.br\/index.php\/wp-json\/wp\/v2\/posts\/74677","targetHints":{"allow":["GET"]}}],"collection":[{"href":"https:\/\/noticiasribeiraopreto.com.br\/index.php\/wp-json\/wp\/v2\/posts"}],"about":[{"href":"https:\/\/noticiasribeiraopreto.com.br\/index.php\/wp-json\/wp\/v2\/types\/post"}],"author":[{"embeddable":true,"href":"https:\/\/noticiasribeiraopreto.com.br\/index.php\/wp-json\/wp\/v2\/users\/1"}],"replies":[{"embeddable":true,"href":"https:\/\/noticiasribeiraopreto.com.br\/index.php\/wp-json\/wp\/v2\/comments?post=74677"}],"version-history":[{"count":0,"href":"https:\/\/noticiasribeiraopreto.com.br\/index.php\/wp-json\/wp\/v2\/posts\/74677\/revisions"}],"wp:featuredmedia":[{"embeddable":true,"href":"https:\/\/noticiasribeiraopreto.com.br\/index.php\/wp-json\/wp\/v2\/media\/74678"}],"wp:attachment":[{"href":"https:\/\/noticiasribeiraopreto.com.br\/index.php\/wp-json\/wp\/v2\/media?parent=74677"}],"wp:term":[{"taxonomy":"category","embeddable":true,"href":"https:\/\/noticiasribeiraopreto.com.br\/index.php\/wp-json\/wp\/v2\/categories?post=74677"},{"taxonomy":"post_tag","embeddable":true,"href":"https:\/\/noticiasribeiraopreto.com.br\/index.php\/wp-json\/wp\/v2\/tags?post=74677"}],"curies":[{"name":"wp","href":"https:\/\/api.w.org\/{rel}","templated":true}]}}