{"id":74679,"date":"2025-07-27T10:03:25","date_gmt":"2025-07-27T13:03:25","guid":{"rendered":"https:\/\/noticiasribeiraopreto.com.br\/index.php\/2025\/07\/27\/a-complexidade-do-tea-na-adolescencia\/"},"modified":"2025-07-27T10:03:25","modified_gmt":"2025-07-27T13:03:25","slug":"a-complexidade-do-tea-na-adolescencia","status":"publish","type":"post","link":"https:\/\/noticiasribeiraopreto.com.br\/index.php\/2025\/07\/27\/a-complexidade-do-tea-na-adolescencia\/","title":{"rendered":"A complexidade do TEA na adolesc\u00eancia"},"content":{"rendered":"<div class='code-block code-block-1' style='margin: 8px 0 8px auto; text-align: right; display: block; clear: both;'>\n<p><a href=\"https:\/\/wa.link\/vpicfd\"><img data-recalc-dims=\"1\" class=\"wp-image-4922\" style=\"aspect-ratio: 2.0253164556962027; width: 561px; height: auto;\" src=\"https:\/\/i0.wp.com\/ismaelcolosi.com.br\/wp-content\/uploads\/2023\/11\/grupo-de-empregos-whatsapp-e-facebook-ismael-colosi-vagas.jpg?ssl=1\" alt=\"\" \/><\/a><\/p>\n<!-- \/wp:image -->\n<\/div>\n<p> <br \/>\n<\/p>\n<div>\n<p><strong>Por Adriana Cristofoli<\/strong><\/p>\n<p>Diagnosticar um filho com autismo, ainda na inf\u00e2ncia, \u00e9 um recome\u00e7o para os pais. Com muitas readapta\u00e7\u00f5es na rotina vem o medo do futuro, a necessidade de v\u00e1rios documentos para poucos direitos realmente assegurados por lei. E quando esse \u201camanh\u00e3\u201d chega? Quais os desafios para um adolescente dentro do Transtorno do Espectro do Autismo (TEA)?<\/p>\n<p>A adolesc\u00eancia, conhecida como fase dif\u00edcil para a fam\u00edlia, escola e conv\u00edvio social, pode ser sentida de forma mais intensa por quem soma na jornada as bagagens da neurodiverg\u00eancia. Como lidar com temas delicados como sexualidade, autoestima, responsabilidades, depress\u00e3o, ansiedade e comportamentos mais r\u00edgidos? S\u00e3o muitas perguntas sem resposta e decis\u00f5es que n\u00e3o podem ser adiadas. Quem sempre se sentiu diferente agora precisa de um lugar no mundo real.<\/p>\n<p>Bianca Cristina Dias, psic\u00f3loga, especializada em an\u00e1lise do comportamento aplicada para autista (ABA) e defici\u00eancia intelectual acredita que muito se discute sobre a import\u00e2ncia da interven\u00e7\u00e3o precoce para crian\u00e7as com atrasos no desenvolvimento. Contudo, uma lacuna de informa\u00e7\u00e3o aparece quando essas crian\u00e7as chegam \u00e0 adolesc\u00eancia. Esta fase, por si s\u00f3, j\u00e1 \u00e9 um per\u00edodo de intensas transforma\u00e7\u00f5es, no qual o c\u00e9rebro trabalha para organizar emo\u00e7\u00f5es, controlar impulsos e construir uma identidade. \u201cPara adolescentes neurodivergentes, essa jornada pode ser comparada a andar descal\u00e7o sobre brasas, vivendo em um mundo que exige decis\u00f5es r\u00e1pidas, maturidade precoce e respostas que nem sempre s\u00e3o acess\u00edveis\u201d, declara.<\/p>\n<figure id=\"attachment_432799\" aria-describedby=\"caption-attachment-432799\" style=\"width: 300px\" class=\"wp-caption alignleft\"><img data-recalc-dims=\"1\" loading=\"lazy\" decoding=\"async\" class=\"size-medium wp-image-432799\" src=\"https:\/\/i0.wp.com\/www.tribunaribeirao.com.br\/wp-content\/uploads\/2025\/07\/autismo-Biancafoto-1-300x200.jpg?resize=300%2C200&#038;ssl=1\" alt=\"\" width=\"300\" height=\"200\" srcset=\"https:\/\/www.tribunaribeirao.com.br\/wp-content\/uploads\/2025\/07\/autismo-Biancafoto-1-300x200.jpg 300w, https:\/\/www.tribunaribeirao.com.br\/wp-content\/uploads\/2025\/07\/autismo-Biancafoto-1-768x512.jpg 768w, https:\/\/www.tribunaribeirao.com.br\/wp-content\/uploads\/2025\/07\/autismo-Biancafoto-1-480x320.jpg 480w, https:\/\/www.tribunaribeirao.com.br\/wp-content\/uploads\/2025\/07\/autismo-Biancafoto-1-280x186.jpg 280w, https:\/\/www.tribunaribeirao.com.br\/wp-content\/uploads\/2025\/07\/autismo-Biancafoto-1-960x640.jpg 960w, https:\/\/www.tribunaribeirao.com.br\/wp-content\/uploads\/2025\/07\/autismo-Biancafoto-1-600x400.jpg 600w, https:\/\/www.tribunaribeirao.com.br\/wp-content\/uploads\/2025\/07\/autismo-Biancafoto-1-585x390.jpg 585w, https:\/\/www.tribunaribeirao.com.br\/wp-content\/uploads\/2025\/07\/autismo-Biancafoto-1.jpg 1000w\" sizes=\"auto, (max-width: 300px) 100vw, 300px\"\/><figcaption id=\"caption-attachment-432799\" class=\"wp-caption-text\">Bianca acredita que a jornada do adolescente neurodivergente exige um olhar que transcenda as estrat\u00e9gias da inf\u00e2ncia (Alfredo Risk)<\/figcaption><\/figure>\n<p>Segundo Bianca, o desafio se intensifica porque o tempo de processamento que a mente neurodivergente necessita entra em conflito direto com o ritmo imposto pela sociedade. A psic\u00f3loga afirma que as intera\u00e7\u00f5es sociais se tornam mais complexas e sutis; surgem g\u00edrias, conversas sobre temas abstratos e uma expectativa de que dominem habilidades sociais que, muitas vezes, nunca lhes foram formalmente ensinadas.<\/p>\n<p>Nesse cen\u00e1rio, segundo Bianca, as abordagens de ensino utilizadas na interven\u00e7\u00e3o precoce mostram-se insuficientes. \u201cA interven\u00e7\u00e3o na adolesc\u00eancia tende a gerar melhores resultados quando realizada em grupo\u201d, diz. Para ela, esse formato permite que as habilidades sociais sejam praticadas com seus pares, em um ambiente seguro e de compreens\u00e3o m\u00fatua. \u201cAo encontrar no outro a mesma condi\u00e7\u00e3o, o adolescente transita de um lugar de \u201cdiferen\u00e7a\u201d para um de pertencimento. Essa conex\u00e3o fortalece a autoestima, a motiva\u00e7\u00e3o e a seguran\u00e7a para encarar situa\u00e7\u00f5es novas e se adaptar a elas com mais confian\u00e7a\u201d, explica.<\/p>\n<p>As mudan\u00e7as na din\u00e2mica domiciliar tamb\u00e9m s\u00e3o um fator relevante. Crian\u00e7as at\u00edpicas frequentemente recebem um cuidado e uma prote\u00e7\u00e3o mais intensos por parte dos pais, o que, na adolesc\u00eancia, pode dificultar o desenvolvimento da sua independ\u00eancia nas atividades de vida di\u00e1ria. \u201cIdentificamos duas dificuldades principais: a primeira \u00e9 a do pr\u00f3prio adolescente, que necessita de um aprendizado gradual e detalhado para realizar as tarefas cotidianas; a segunda reside nos pais que, por inseguran\u00e7a, falta de tempo ou receio de comportamentos inadequados, relutam em permitir que os filhos assumam responsabilidades em casa\u201d, detalha.<\/p>\n<p>Adicionalmente, a fam\u00edlia enfrenta o desafio de compreender e aceitar que a crian\u00e7a com dificuldades cresceu e se desenvolveu. \u201cCom a interven\u00e7\u00e3o adequada, ela ter\u00e1 a capacidade de estudar, trabalhar, estabelecer relacionamentos e levar uma vida funcional, tal como qualquer outro adulto\u201d, afirma.<\/p>\n<p>Bianca acredita que a jornada do adolescente neurodivergente exige um olhar que transcenda as estrat\u00e9gias da inf\u00e2ncia. Segundo ela, para que a transi\u00e7\u00e3o para a vida adulta seja uma ponte segura e n\u00e3o um abismo, \u00e9 fundamental uma tr\u00edade de suporte: a interven\u00e7\u00e3o terap\u00eautica correta, focada nas complexas demandas sociais da adolesc\u00eancia e praticada entre pares; o manejo parental consciente, que equilibra cuidado com o est\u00edmulo \u00e0 autonomia; e, crucialmente, a inser\u00e7\u00e3o em ambientes que promovam socializa\u00e7\u00e3o genu\u00edna e inclus\u00e3o. \u201cAo tecer essa rede de apoio, garantimos que o potencial de cada jovem se desenvolva, permitindo-lhe n\u00e3o apenas se adaptar, mas prosperar com identidade, independ\u00eancia e bem-estar\u201d, finaliza.<\/p>\n<h2><strong>A beleza e o desafio que \u00e9 ser m\u00e3e de um ser t\u00e3o \u00fanico e especial<\/strong><\/h2>\n<figure id=\"attachment_432800\" aria-describedby=\"caption-attachment-432800\" style=\"width: 216px\" class=\"wp-caption alignleft\"><img data-recalc-dims=\"1\" loading=\"lazy\" decoding=\"async\" class=\"size-medium wp-image-432800\" src=\"https:\/\/i0.wp.com\/www.tribunaribeirao.com.br\/wp-content\/uploads\/2025\/07\/FOTO-02-216x300.jpeg?resize=216%2C300&#038;ssl=1\" alt=\"\" width=\"216\" height=\"300\" srcset=\"https:\/\/www.tribunaribeirao.com.br\/wp-content\/uploads\/2025\/07\/FOTO-02-216x300.jpeg 216w, https:\/\/www.tribunaribeirao.com.br\/wp-content\/uploads\/2025\/07\/FOTO-02-738x1024.jpeg 738w, https:\/\/www.tribunaribeirao.com.br\/wp-content\/uploads\/2025\/07\/FOTO-02-768x1066.jpeg 768w, https:\/\/www.tribunaribeirao.com.br\/wp-content\/uploads\/2025\/07\/FOTO-02-960x1333.jpeg 960w, https:\/\/www.tribunaribeirao.com.br\/wp-content\/uploads\/2025\/07\/FOTO-02-288x400.jpeg 288w, https:\/\/www.tribunaribeirao.com.br\/wp-content\/uploads\/2025\/07\/FOTO-02-585x812.jpeg 585w, https:\/\/www.tribunaribeirao.com.br\/wp-content\/uploads\/2025\/07\/FOTO-02.jpeg 1103w\" sizes=\"auto, (max-width: 216px) 100vw, 216px\"\/><figcaption id=\"caption-attachment-432800\" class=\"wp-caption-text\">Adriana fala que com o tratamento correto a vida de todos fica melhor e isso inclui terapia para cuidadores e a presen\u00e7a de rede de apoio (Arquivo pessoal)<\/figcaption><\/figure>\n<p>\u201cQuando o Lu\u00eds nasceu comecei a acompanhar as fases do desenvolvimento dele por um livro que ganhei na gravidez\u201d, conta a m\u00e3e do menino, a jornalista Adriana Dorazzi. Ela disse que quando ele estava perto de completar um ano come\u00e7ou a notar que ele dormia muito pouco, gostava de girar objetos e de eletrodom\u00e9sticos, como o ventilador e a m\u00e1quina de lavar roupa. Perto dos dois anos falava menos que outras crian\u00e7as da mesma idade e batia a cabe\u00e7a quando era contrariado.<\/p>\n<p>Come\u00e7aram ent\u00e3o as buscas por informa\u00e7\u00e3o. \u201cO Lu\u00eds nasceu antes da lei n\u00ba 12.764, de 27 de dezembro de 2012, conhecida como Lei Berenice Piana, que instituiu a Pol\u00edtica Nacional de Prote\u00e7\u00e3o dos Direitos da Pessoa com Transtorno do Espectro Autista (TEA) no Brasil\u201d, diz.<\/p>\n<p>S\u00f3 depois de cinco anos que ele recebeu o primeiro laudo de TEA e TDAH, mas as terapias e medicamentos come\u00e7aram antes. \u201cHoje h\u00e1 muita informa\u00e7\u00e3o na internet, ent\u00e3o os pais t\u00eam que estar atentos, h\u00e1 sinais muito precoces de neurodiverg\u00eancias. Quanto antes se inicia a interven\u00e7\u00e3o, melhor para a crian\u00e7a\u201d, orienta.<\/p>\n<p>Adriana fala que com o tratamento correto a vida de todos fica melhor e isso inclui terapia para cuidadores e a presen\u00e7a de rede de apoio. A jornalista fala que passou por muitos m\u00e9dicos, terapeutas, terapias e rem\u00e9dios at\u00e9 chegar no tratamento atual. \u201cOs pais se culpam muito porque querem fazer sempre o melhor, mas o nosso pa\u00eds \u00e9 muito atrasado em termos de tecnologias e capacita\u00e7\u00e3o para cuidados das pessoas com defici\u00eancia\u201d, afirma.<\/p>\n<p>Ela citou os EUA onde j\u00e1 \u00e9 poss\u00edvel diagnosticar o TEA em beb\u00eas com meses de idade, e disse que h\u00e1 pesquisas que envolvem a NASA e a cria\u00e7\u00e3o de mini-c\u00e9rebros para entender como funcionam os neur\u00f4nios da pessoa com autismo. Adriana ainda diz que h\u00e1 pessoas com altas habilidades mesmo com os mais diferentes diagn\u00f3sticos.<\/p>\n<p><strong>Luta e a\u00e7\u00e3o<\/strong><\/p>\n<p>Adriana Dorazzi, \u00e9 moradora de Cravinhos e transformou a luta em a\u00e7\u00e3o criando a Associa\u00e7\u00e3o de Apoio Multidisciplinar e Educacional de Cravinhos-AAMEC. Como jornalista, ela recebia muitas den\u00fancias de discrimina\u00e7\u00e3o, bullying, falta de vaga, n\u00e3o cobertura do conv\u00eanio, entre outras. \u201cElas procuram o jornalismo como alternativa\u201d, diz.<\/p>\n<p>Percebendo essa car\u00eancia ela criou a Associa\u00e7\u00e3o em 2024. No in\u00edcio era s\u00f3 um grupo de WhatsApp onde, juntamento com outras m\u00e3es, havia trocas de ideias, experi\u00eancias e conversas, como um grupo de apoio. \u201cEsse movimento foi ganhando vida e fomos nos conhecendo pessoalmente tamb\u00e9m. A conviv\u00eancia e amizade \u00e9 muito importante\u201d, declara.<\/p>\n<p>A Associa\u00e7\u00e3o vive atualmente de voluntariado e realiza eventos, palestras, cursos e conta tamb\u00e9m com o apoio da prefeitura. \u201cConseguimos na \u00faltima semana, aprovar a utilidade p\u00fablica da AAMEC, que era uma certifica\u00e7\u00e3o necess\u00e1ria para firmarmos conv\u00eanios e assim conseguir atendimentos gratuitos \u00e0 popula\u00e7\u00e3o que mais necessita\u201d, finaliza.<\/p>\n<p>\u00a0<\/p>\n<h2><strong>N\u00e3o sou mais crian\u00e7a<\/strong><\/h2>\n<p>Simone Scaglione Souza \u00e9 m\u00e3e do Felipe, de doze anos. Ela recebeu o diagn\u00f3stico quando ele tinha tr\u00eas anos e bem assessorada, come\u00e7ou a buscar os tratamentos necess\u00e1rios. \u201cM\u00e9dicos, exames, terapias e adapta\u00e7\u00e3o escolar, essa era nossa nova rotina\u201d, diz Simone.<\/p>\n<figure id=\"attachment_432802\" aria-describedby=\"caption-attachment-432802\" style=\"width: 300px\" class=\"wp-caption alignleft\"><img data-recalc-dims=\"1\" loading=\"lazy\" decoding=\"async\" class=\"size-medium wp-image-432802\" src=\"https:\/\/i0.wp.com\/www.tribunaribeirao.com.br\/wp-content\/uploads\/2025\/07\/autismofoto3-300x200.jpg?resize=300%2C200&#038;ssl=1\" alt=\"\" width=\"300\" height=\"200\" srcset=\"https:\/\/www.tribunaribeirao.com.br\/wp-content\/uploads\/2025\/07\/autismofoto3-300x200.jpg 300w, https:\/\/www.tribunaribeirao.com.br\/wp-content\/uploads\/2025\/07\/autismofoto3-768x512.jpg 768w, https:\/\/www.tribunaribeirao.com.br\/wp-content\/uploads\/2025\/07\/autismofoto3-480x320.jpg 480w, https:\/\/www.tribunaribeirao.com.br\/wp-content\/uploads\/2025\/07\/autismofoto3-280x186.jpg 280w, https:\/\/www.tribunaribeirao.com.br\/wp-content\/uploads\/2025\/07\/autismofoto3-960x640.jpg 960w, https:\/\/www.tribunaribeirao.com.br\/wp-content\/uploads\/2025\/07\/autismofoto3-600x400.jpg 600w, https:\/\/www.tribunaribeirao.com.br\/wp-content\/uploads\/2025\/07\/autismofoto3-585x390.jpg 585w, https:\/\/www.tribunaribeirao.com.br\/wp-content\/uploads\/2025\/07\/autismofoto3.jpg 1000w\" sizes=\"auto, (max-width: 300px) 100vw, 300px\"\/><figcaption id=\"caption-attachment-432802\" class=\"wp-caption-text\">Felipe quer ser roteirista de filmes de fic\u00e7\u00e3o (Alfredo Risk)<\/figcaption><\/figure>\n<p>Agora houve uma mudan\u00e7a de escola significativa, ele foi para o sexto ano e s\u00e3o v\u00e1rios professores em diversas disciplinas. Um desafio. Para acompanhar este processo o adolescente conta com o apoio terapeutas, psicopedagogos, e claro, da fam\u00edlia. Felipe tem dificuldade em aceitar que os amigos tenham gostos infantis. \u201cIsso n\u00e3o \u00e9 para quem tem 12 anos\u201d, fala.<\/p>\n<p>A chegada da adolesc\u00eancia precisou de suporte. Atualmente ele est\u00e1 numa cl\u00ednica especializada para adolescentes com atendimento em ABA (An\u00e1lise do Comportamento Aplicada). \u201c\u00c9 de extrema import\u00e2ncia ter cl\u00ednicas especializadas para esse p\u00fablico, pois os objetivos s\u00e3o diferentes do tratamento habitual\u201d, fala Simone.<\/p>\n<p>Felipe se comunica bem, tem bom vocabul\u00e1rio e sabe que \u00e9 autista. Durante a entrevista, ele disse v\u00e1rias vezes que n\u00e3o se conformava com o tarifa\u00e7o do Trump. Tamb\u00e9m manifestou o desejo de ser roteirista de filmes de fic\u00e7\u00e3o.<\/p>\n<p>Os pais do adolescente n\u00e3o deixam de frequentar nenhum lugar e levam Felipe ao cinema, teatro, shows, shopping, circo e viagens. \u201cSabemos que o Felipe est\u00e1 numa fase de constru\u00e7\u00e3o de personalidade e opini\u00e3o, por isso, acreditamos que quanto mais est\u00edmulos, mais aprendizado\u201d, declara Simone.<\/p>\n<p>Agora, o garoto tamb\u00e9m passou a usar o cord\u00e3o de girassol para sua pr\u00f3pria prote\u00e7\u00e3o, principalmente em situa\u00e7\u00f5es de crise. Simone, quis registrar tamb\u00e9m o apoio integral do marido. \u00c9 com ele que ela divide a responsabilidade das agendas do garoto. \u201cDurante esta jornada, vemos muitas m\u00e3es solo, pois os pais se v\u00e3o quando chega o diagn\u00f3stico\u201d, observa.<\/p>\n<p>\u201cFalar sobre autismo \u00e9 refletir sobre a nossa pr\u00f3pria caminhada, \u00e9 ser feliz com esse filho que Deus nos deu, \u00e9 agradecer, pois por ele, somos pessoas melhores\u201d, finaliza.<\/p>\n<figure id=\"attachment_432803\" aria-describedby=\"caption-attachment-432803\" style=\"width: 300px\" class=\"wp-caption aligncenter\"><img data-recalc-dims=\"1\" loading=\"lazy\" decoding=\"async\" class=\"size-medium wp-image-432803\" src=\"https:\/\/i0.wp.com\/www.tribunaribeirao.com.br\/wp-content\/uploads\/2025\/07\/autismofoto4-300x200.jpg?resize=300%2C200&#038;ssl=1\" alt=\"\" width=\"300\" height=\"200\" srcset=\"https:\/\/www.tribunaribeirao.com.br\/wp-content\/uploads\/2025\/07\/autismofoto4-300x200.jpg 300w, https:\/\/www.tribunaribeirao.com.br\/wp-content\/uploads\/2025\/07\/autismofoto4-1024x683.jpg 1024w, https:\/\/www.tribunaribeirao.com.br\/wp-content\/uploads\/2025\/07\/autismofoto4-768x512.jpg 768w, https:\/\/www.tribunaribeirao.com.br\/wp-content\/uploads\/2025\/07\/autismofoto4-480x320.jpg 480w, https:\/\/www.tribunaribeirao.com.br\/wp-content\/uploads\/2025\/07\/autismofoto4-280x186.jpg 280w, https:\/\/www.tribunaribeirao.com.br\/wp-content\/uploads\/2025\/07\/autismofoto4-960x640.jpg 960w, https:\/\/www.tribunaribeirao.com.br\/wp-content\/uploads\/2025\/07\/autismofoto4-600x400.jpg 600w, https:\/\/www.tribunaribeirao.com.br\/wp-content\/uploads\/2025\/07\/autismofoto4-585x390.jpg 585w, https:\/\/www.tribunaribeirao.com.br\/wp-content\/uploads\/2025\/07\/autismofoto4.jpg 1500w\" sizes=\"auto, (max-width: 300px) 100vw, 300px\"\/><figcaption id=\"caption-attachment-432803\" class=\"wp-caption-text\">Para Simone \u00e9 de extrema import\u00e2ncia ter cl\u00ednicas especializadas para esse p\u00fablico (Alfredo Risk)<\/figcaption><\/figure>\n<p>\u00a0<\/p>\n<p>\u00a0<\/p>\n<p>\u00a0<\/p>\n<p>\u00a0<\/p>\n<p>\u00a0<\/p>\n<p>\u00a0<\/p>\n<\/div>\n<p><br \/>\n<br \/><a href=\"https:\/\/www.tribunaribeirao.com.br\/a-complexidade-do-tea-na-adolescencia\/\">Source link <\/a><\/p>\n<!-- CONTENT END 1 -->\n","protected":false},"excerpt":{"rendered":"<p>Por Adriana Cristofoli Diagnosticar um filho com autismo, ainda na inf\u00e2ncia, \u00e9 um recome\u00e7o para os pais. Com muitas readapta\u00e7\u00f5es na rotina vem o medo&#8230;<\/p>\n","protected":false},"author":1,"featured_media":74680,"comment_status":"open","ping_status":"open","sticky":false,"template":"","format":"standard","meta":{"advanced_seo_description":"","jetpack_seo_html_title":"","jetpack_seo_noindex":false,"jetpack_post_was_ever_published":false,"_jetpack_newsletter_access":"","_jetpack_dont_email_post_to_subs":false,"_jetpack_newsletter_tier_id":0,"_jetpack_memberships_contains_paywalled_content":false,"_jetpack_memberships_contains_paid_content":false,"footnotes":"","jetpack_publicize_message":"","jetpack_publicize_feature_enabled":true,"jetpack_social_post_already_shared":true,"jetpack_social_options":{"image_generator_settings":{"template":"highway","default_image_id":0,"font":"","enabled":false},"version":2}},"categories":[11],"tags":[],"class_list":["post-74679","post","type-post","status-publish","format-standard","has-post-thumbnail","hentry","category-noticias-de-ribeirao-preto-sp-e-regiao-ismael-colosi"],"jetpack_publicize_connections":[],"jetpack_featured_media_url":"https:\/\/i0.wp.com\/noticiasribeiraopreto.com.br\/wp-content\/uploads\/2025\/07\/3-tea-FOTO-CAPA-scaled.jpg?fit=2560%2C1707&ssl=1","jetpack-related-posts":[{"id":65139,"url":"https:\/\/noticiasribeiraopreto.com.br\/index.php\/2025\/03\/16\/jornal-da-franca-autismo-leve-em-adultos-saiba-quais-sao-os-sinais-e-como-identificar\/","url_meta":{"origin":74679,"position":0},"title":"Jornal da Franca &#8211; Autismo leve em adultos: saiba quais s\u00e3o os sinais e como identificar","author":"noticiasribeiraopreto.com.br","date":"16 de March de 2025","format":false,"excerpt":"compartilhar no whatsapp compartilhar no telegram compartilhar no facebook compartilhar no linkedin Entenda como \u00e9 caracterizado o autismo leve em adultos e o processo de diagn\u00f3stico da condi\u00e7\u00e3o Identificar o TEA na vida adulta pode ser um desafio \u2013 foto Laborat\u00f3rio Padr\u00e3o \u00a0 No \u00faltimo ano, a Comiss\u00e3o de Direitos\u2026","rel":"","context":"In &quot;Not\u00edcias de Franca-SP&quot;","block_context":{"text":"Not\u00edcias de Franca-SP","link":"https:\/\/noticiasribeiraopreto.com.br\/index.php\/category\/noticias-de-ribeirao-preto-sp-e-regiao-ismael-colosi\/noticias-franca-sp\/"},"img":{"alt_text":"","src":"https:\/\/i0.wp.com\/noticiasribeiraopreto.com.br\/wp-content\/uploads\/2025\/03\/autismo-em-adultos-foto-laboratorio-padrao.jpg?fit=1200%2C630&ssl=1&resize=350%2C200","width":350,"height":200,"srcset":"https:\/\/i0.wp.com\/noticiasribeiraopreto.com.br\/wp-content\/uploads\/2025\/03\/autismo-em-adultos-foto-laboratorio-padrao.jpg?fit=1200%2C630&ssl=1&resize=350%2C200 1x, https:\/\/i0.wp.com\/noticiasribeiraopreto.com.br\/wp-content\/uploads\/2025\/03\/autismo-em-adultos-foto-laboratorio-padrao.jpg?fit=1200%2C630&ssl=1&resize=525%2C300 1.5x, https:\/\/i0.wp.com\/noticiasribeiraopreto.com.br\/wp-content\/uploads\/2025\/03\/autismo-em-adultos-foto-laboratorio-padrao.jpg?fit=1200%2C630&ssl=1&resize=700%2C400 2x, https:\/\/i0.wp.com\/noticiasribeiraopreto.com.br\/wp-content\/uploads\/2025\/03\/autismo-em-adultos-foto-laboratorio-padrao.jpg?fit=1200%2C630&ssl=1&resize=1050%2C600 3x"},"classes":[]},{"id":66574,"url":"https:\/\/noticiasribeiraopreto.com.br\/index.php\/2025\/04\/02\/jornal-da-franca-dia-do-autismo-saiba-os-primeiros-sinais-e-como-e-feito-o-diagnostico\/","url_meta":{"origin":74679,"position":1},"title":"Jornal da Franca &#8211; Dia do autismo: saiba os primeiros sinais e como \u00e9 feito o diagn\u00f3stico","author":"noticiasribeiraopreto.com.br","date":"2 de April de 2025","format":false,"excerpt":"compartilhar no whatsapp compartilhar no telegram compartilhar no facebook compartilhar no linkedin Celebrado anualmente em 2 de abril, o Dia Mundial do Autismo foi criado pela Organiza\u00e7\u00e3o das Na\u00e7\u00f5es Unidas em 18 de dezembro de 2007 Dia 2 de abril \u00e9 celebrado o Dia Mundial de Conscientiza\u00e7\u00e3o sobre o Autismo\u2026","rel":"","context":"In &quot;Not\u00edcias de Franca-SP&quot;","block_context":{"text":"Not\u00edcias de Franca-SP","link":"https:\/\/noticiasribeiraopreto.com.br\/index.php\/category\/noticias-de-ribeirao-preto-sp-e-regiao-ismael-colosi\/noticias-franca-sp\/"},"img":{"alt_text":"","src":"https:\/\/i0.wp.com\/noticiasribeiraopreto.com.br\/wp-content\/uploads\/2025\/04\/autismo-simbolo.jpg?fit=860%2C570&ssl=1&resize=350%2C200","width":350,"height":200,"srcset":"https:\/\/i0.wp.com\/noticiasribeiraopreto.com.br\/wp-content\/uploads\/2025\/04\/autismo-simbolo.jpg?fit=860%2C570&ssl=1&resize=350%2C200 1x, https:\/\/i0.wp.com\/noticiasribeiraopreto.com.br\/wp-content\/uploads\/2025\/04\/autismo-simbolo.jpg?fit=860%2C570&ssl=1&resize=525%2C300 1.5x, https:\/\/i0.wp.com\/noticiasribeiraopreto.com.br\/wp-content\/uploads\/2025\/04\/autismo-simbolo.jpg?fit=860%2C570&ssl=1&resize=700%2C400 2x"},"classes":[]},{"id":16974,"url":"https:\/\/noticiasribeiraopreto.com.br\/index.php\/2023\/12\/17\/movimentos-oculares-podem-indicar-diagnostico-de-autismo\/","url_meta":{"origin":74679,"position":2},"title":"Movimentos oculares podem indicar diagn\u00f3stico de autismo","author":"noticiasribeiraopreto.com.br","date":"17 de December de 2023","format":false,"excerpt":"Cr\u00e9ditos: Getty ImagesEstudos se concentram em um m\u00e9todo que se baseia na reprodu\u00e7\u00e3o de v\u00eddeos infantis contendo intera\u00e7\u00f5es sociais enquanto monitora \u2013 iStock\/Getty Images Novos estudos t\u00eam direcionado esfor\u00e7os para diagn\u00f3sticos mais precoces e assertivos no campo dos transtornos de desenvolvimento infantil, como o Transtorno do Espectro Autista (TEA). \u00c9\u2026","rel":"","context":"In &quot;Variedades&quot;","block_context":{"text":"Variedades","link":"https:\/\/noticiasribeiraopreto.com.br\/index.php\/category\/variedades\/"},"img":{"alt_text":"","src":"https:\/\/i0.wp.com\/noticiasribeiraopreto.com.br\/wp-content\/uploads\/2023\/12\/istock-463244921.jpg?fit=1200%2C638&ssl=1&resize=350%2C200","width":350,"height":200,"srcset":"https:\/\/i0.wp.com\/noticiasribeiraopreto.com.br\/wp-content\/uploads\/2023\/12\/istock-463244921.jpg?fit=1200%2C638&ssl=1&resize=350%2C200 1x, https:\/\/i0.wp.com\/noticiasribeiraopreto.com.br\/wp-content\/uploads\/2023\/12\/istock-463244921.jpg?fit=1200%2C638&ssl=1&resize=525%2C300 1.5x, https:\/\/i0.wp.com\/noticiasribeiraopreto.com.br\/wp-content\/uploads\/2023\/12\/istock-463244921.jpg?fit=1200%2C638&ssl=1&resize=700%2C400 2x, https:\/\/i0.wp.com\/noticiasribeiraopreto.com.br\/wp-content\/uploads\/2023\/12\/istock-463244921.jpg?fit=1200%2C638&ssl=1&resize=1050%2C600 3x"},"classes":[]},{"id":63485,"url":"https:\/\/noticiasribeiraopreto.com.br\/index.php\/2025\/02\/14\/camara-municipal-de-ribeirao-preto-debate-os-desafios-do-autismo-nas-familias\/","url_meta":{"origin":74679,"position":3},"title":"C\u00e2mara Municipal de Ribeir\u00e3o Preto Debate os Desafios do Autismo nas Fam\u00edlias","author":"noticiasribeiraopreto.com.br","date":"14 de February de 2025","format":false,"excerpt":"A C\u00e2mara Municipal de Ribeir\u00e3o Preto promoveu, na segunda-feira (10), um encontro para discutir os desafios enfrentados pelas fam\u00edlias de pessoas com Transtorno do Espectro Autista (TEA). Organizado pelo vereador Daniel Gobbi, o evento buscou ouvir m\u00e3es de filhos com autismo sobre as car\u00eancias nos setores de sa\u00fade, educa\u00e7\u00e3o e\u2026","rel":"","context":"In &quot;Not\u00edcias de Ribeir\u00e3o Preto-SP e Regi\u00e3o&quot;","block_context":{"text":"Not\u00edcias de Ribeir\u00e3o Preto-SP e Regi\u00e3o","link":"https:\/\/noticiasribeiraopreto.com.br\/index.php\/category\/noticias-de-ribeirao-preto-sp-e-regiao-ismael-colosi\/"},"img":{"alt_text":"","src":"https:\/\/i0.wp.com\/noticiasribeiraopreto.com.br\/wp-content\/uploads\/2025\/02\/DSC8706-scaled.jpg?fit=1200%2C800&ssl=1&resize=350%2C200","width":350,"height":200,"srcset":"https:\/\/i0.wp.com\/noticiasribeiraopreto.com.br\/wp-content\/uploads\/2025\/02\/DSC8706-scaled.jpg?fit=1200%2C800&ssl=1&resize=350%2C200 1x, https:\/\/i0.wp.com\/noticiasribeiraopreto.com.br\/wp-content\/uploads\/2025\/02\/DSC8706-scaled.jpg?fit=1200%2C800&ssl=1&resize=525%2C300 1.5x, https:\/\/i0.wp.com\/noticiasribeiraopreto.com.br\/wp-content\/uploads\/2025\/02\/DSC8706-scaled.jpg?fit=1200%2C800&ssl=1&resize=700%2C400 2x, https:\/\/i0.wp.com\/noticiasribeiraopreto.com.br\/wp-content\/uploads\/2025\/02\/DSC8706-scaled.jpg?fit=1200%2C800&ssl=1&resize=1050%2C600 3x"},"classes":[]},{"id":69240,"url":"https:\/\/noticiasribeiraopreto.com.br\/index.php\/2025\/05\/03\/jornal-da-franca-autismo-e-nutricao-saiba-o-impacto-dos-disturbios-alimentares-no-desenvolvimento\/","url_meta":{"origin":74679,"position":4},"title":"Jornal da Franca &#8211; Autismo e nutri\u00e7\u00e3o: saiba o impacto dos dist\u00farbios alimentares no desenvolvimento","author":"noticiasribeiraopreto.com.br","date":"3 de May de 2025","format":false,"excerpt":"compartilhar no whatsapp compartilhar no telegram compartilhar no facebook compartilhar no linkedin Seletividade alimentar no TEA exige olhar atento, estrat\u00e9gias interdisciplinares e pol\u00edticas p\u00fablicas para garantir sa\u00fade e inclus\u00e3o Seletividade alimentar \u00e9 um dos grandes desafios do TEA \u2013 foto Freepik \u00a0 A rela\u00e7\u00e3o entre autismo e nutri\u00e7\u00e3o \u00e9 uma\u2026","rel":"","context":"In &quot;Not\u00edcias de Franca-SP&quot;","block_context":{"text":"Not\u00edcias de Franca-SP","link":"https:\/\/noticiasribeiraopreto.com.br\/index.php\/category\/noticias-de-ribeirao-preto-sp-e-regiao-ismael-colosi\/noticias-franca-sp\/"},"img":{"alt_text":"","src":"https:\/\/i0.wp.com\/noticiasribeiraopreto.com.br\/wp-content\/uploads\/2025\/05\/autismo-e-nutricao-scaled.jpg?fit=1200%2C1200&ssl=1&resize=350%2C200","width":350,"height":200,"srcset":"https:\/\/i0.wp.com\/noticiasribeiraopreto.com.br\/wp-content\/uploads\/2025\/05\/autismo-e-nutricao-scaled.jpg?fit=1200%2C1200&ssl=1&resize=350%2C200 1x, https:\/\/i0.wp.com\/noticiasribeiraopreto.com.br\/wp-content\/uploads\/2025\/05\/autismo-e-nutricao-scaled.jpg?fit=1200%2C1200&ssl=1&resize=525%2C300 1.5x, https:\/\/i0.wp.com\/noticiasribeiraopreto.com.br\/wp-content\/uploads\/2025\/05\/autismo-e-nutricao-scaled.jpg?fit=1200%2C1200&ssl=1&resize=700%2C400 2x, https:\/\/i0.wp.com\/noticiasribeiraopreto.com.br\/wp-content\/uploads\/2025\/05\/autismo-e-nutricao-scaled.jpg?fit=1200%2C1200&ssl=1&resize=1050%2C600 3x"},"classes":[]},{"id":84324,"url":"https:\/\/noticiasribeiraopreto.com.br\/index.php\/2026\/04\/07\/abril-azul-psicologa-explica-os-primeiros-sinais-do-autismo-e-quando-buscar-ajuda\/","url_meta":{"origin":74679,"position":5},"title":"Abril Azul: Psic\u00f3loga explica os primeiros sinais do autismo e quando buscar ajuda","author":"noticiasribeiraopreto.com.br","date":"7 de April de 2026","format":false,"excerpt":"Ler o resumo da not\u00edcia Abril Azul: campanha de conscientiza\u00e7\u00e3o sobre o Transtorno do Espectro Autista (TEA) ocorre em abril. Principais sinais antes dos 2 anos incluem atraso na linguagem e comportamentos repetitivos com objetos. Especialistas orientam busca por avalia\u00e7\u00e3o especializada ao perceber os primeiros sinais para interven\u00e7\u00e3o precoce. Diagn\u00f3stico\u2026","rel":"","context":"In &quot;Not\u00edcias de Ribeir\u00e3o Preto-SP e Regi\u00e3o&quot;","block_context":{"text":"Not\u00edcias de Ribeir\u00e3o Preto-SP e Regi\u00e3o","link":"https:\/\/noticiasribeiraopreto.com.br\/index.php\/category\/noticias-de-ribeirao-preto-sp-e-regiao-ismael-colosi\/"},"img":{"alt_text":"","src":"https:\/\/i0.wp.com\/noticiasribeiraopreto.com.br\/wp-content\/uploads\/2026\/04\/WhatsApp-Image-2026-04-07-at-13.49.32_2026-04-07_16-49-46.webp.webp?fit=1200%2C675&ssl=1&resize=350%2C200","width":350,"height":200,"srcset":"https:\/\/i0.wp.com\/noticiasribeiraopreto.com.br\/wp-content\/uploads\/2026\/04\/WhatsApp-Image-2026-04-07-at-13.49.32_2026-04-07_16-49-46.webp.webp?fit=1200%2C675&ssl=1&resize=350%2C200 1x, https:\/\/i0.wp.com\/noticiasribeiraopreto.com.br\/wp-content\/uploads\/2026\/04\/WhatsApp-Image-2026-04-07-at-13.49.32_2026-04-07_16-49-46.webp.webp?fit=1200%2C675&ssl=1&resize=525%2C300 1.5x, https:\/\/i0.wp.com\/noticiasribeiraopreto.com.br\/wp-content\/uploads\/2026\/04\/WhatsApp-Image-2026-04-07-at-13.49.32_2026-04-07_16-49-46.webp.webp?fit=1200%2C675&ssl=1&resize=700%2C400 2x, https:\/\/i0.wp.com\/noticiasribeiraopreto.com.br\/wp-content\/uploads\/2026\/04\/WhatsApp-Image-2026-04-07-at-13.49.32_2026-04-07_16-49-46.webp.webp?fit=1200%2C675&ssl=1&resize=1050%2C600 3x"},"classes":[]}],"jetpack_sharing_enabled":true,"jetpack_shortlink":"https:\/\/wp.me\/peQAOb-jqv","_links":{"self":[{"href":"https:\/\/noticiasribeiraopreto.com.br\/index.php\/wp-json\/wp\/v2\/posts\/74679","targetHints":{"allow":["GET"]}}],"collection":[{"href":"https:\/\/noticiasribeiraopreto.com.br\/index.php\/wp-json\/wp\/v2\/posts"}],"about":[{"href":"https:\/\/noticiasribeiraopreto.com.br\/index.php\/wp-json\/wp\/v2\/types\/post"}],"author":[{"embeddable":true,"href":"https:\/\/noticiasribeiraopreto.com.br\/index.php\/wp-json\/wp\/v2\/users\/1"}],"replies":[{"embeddable":true,"href":"https:\/\/noticiasribeiraopreto.com.br\/index.php\/wp-json\/wp\/v2\/comments?post=74679"}],"version-history":[{"count":0,"href":"https:\/\/noticiasribeiraopreto.com.br\/index.php\/wp-json\/wp\/v2\/posts\/74679\/revisions"}],"wp:featuredmedia":[{"embeddable":true,"href":"https:\/\/noticiasribeiraopreto.com.br\/index.php\/wp-json\/wp\/v2\/media\/74680"}],"wp:attachment":[{"href":"https:\/\/noticiasribeiraopreto.com.br\/index.php\/wp-json\/wp\/v2\/media?parent=74679"}],"wp:term":[{"taxonomy":"category","embeddable":true,"href":"https:\/\/noticiasribeiraopreto.com.br\/index.php\/wp-json\/wp\/v2\/categories?post=74679"},{"taxonomy":"post_tag","embeddable":true,"href":"https:\/\/noticiasribeiraopreto.com.br\/index.php\/wp-json\/wp\/v2\/tags?post=74679"}],"curies":[{"name":"wp","href":"https:\/\/api.w.org\/{rel}","templated":true}]}}