{"id":74736,"date":"2025-07-28T16:05:43","date_gmt":"2025-07-28T19:05:43","guid":{"rendered":"https:\/\/noticiasribeiraopreto.com.br\/index.php\/2025\/07\/28\/brasil-sai-do-mapa-da-fome\/"},"modified":"2025-07-28T16:05:43","modified_gmt":"2025-07-28T19:05:43","slug":"brasil-sai-do-mapa-da-fome","status":"publish","type":"post","link":"https:\/\/noticiasribeiraopreto.com.br\/index.php\/2025\/07\/28\/brasil-sai-do-mapa-da-fome\/","title":{"rendered":"Brasil sai do Mapa da Fome"},"content":{"rendered":"<div class='code-block code-block-1' style='margin: 8px 0 8px auto; text-align: right; display: block; clear: both;'>\n<p><a href=\"https:\/\/wa.link\/vpicfd\"><img data-recalc-dims=\"1\" class=\"wp-image-4922\" style=\"aspect-ratio: 2.0253164556962027; width: 561px; height: auto;\" src=\"https:\/\/i0.wp.com\/ismaelcolosi.com.br\/wp-content\/uploads\/2023\/11\/grupo-de-empregos-whatsapp-e-facebook-ismael-colosi-vagas.jpg?ssl=1\" alt=\"\" \/><\/a><\/p>\n<!-- \/wp:image -->\n<\/div>\n<p> <br \/>\n<\/p>\n<div id=\"\">\n<p>\n\t\t\t\t\t\t\t\t\t<span class=\"entry-meta-item penci-posted-on\"><i class=\"fa fa-clock-o\"\/><time class=\"entry-date published updated\" datetime=\"2025-07-28T16:05:14-03:00\">28 de julho de 2025 16:05<\/time><\/span><span class=\"entry-meta-item penci-post-countview\"><span class=\"entry-meta-item penci-post-countview penci_post-meta_item\"><i class=\"fa fa-eye\"\/><span class=\"penci-post-countview-number penci-post-countview-p432958\">4<\/span><\/span><\/span>\t\t\t\t\t\t\t\t<\/p>\n<p><!-- .entry-meta --><br \/>\n\t\t\t\t\t\t\t\t<span class=\"penci-social-buttons penci-social-share-footer\"><span class=\"penci-social-share-text\">Compartilhar<\/span><a href=\"#\" class=\"penci-post-like penci_post-meta_item  single-like-button penci-social-item like\" data-post_id=\"432958\" title=\"Like\" data-like=\"Like\" data-unlike=\"Unlike\"><i class=\"fa fa-thumbs-o-up\"\/><span class=\"penci-share-number\">0<\/span><\/a><i class=\"fa fa-facebook\"\/><a class=\"penci-social-item twitter\" target=\"_blank\" rel=\"noopener\" title=\"\" href=\"https:\/\/twitter.com\/intent\/tweet?text=Brasil%20sai%20do%20Mapa%20da%20Fome%20-%20https:\/\/www.tribunaribeirao.com.br\/brasil-sai-do-mapa-da-fome\/\"><i class=\"fa fa-twitter\"\/><\/a><i class=\"fa fa-linkedin\"\/><i class=\"fa fa-whatsapp\"\/><i class=\"fa fa-telegram\"\/><i class=\"fa fa-envelope\"\/><\/span>\t\t\t\t\t\t\t<\/div>\n<div>\n<div id=\"Corpo\">O Brasil est\u00e1 fora do Mapa da Fome, segundo anunciou nesta segunda-feira, 28, a Organiza\u00e7\u00e3o das Na\u00e7\u00f5es Unidas para a Alimenta\u00e7\u00e3o e a Agricultura (FAO\/ONU). O resultado reflete a m\u00e9dia trienal 2022\/2023\/2024.<\/p>\n<p>Nesse per\u00edodo, o Pa\u00eds est\u00e1 abaixo do patamar de 2,5% da popula\u00e7\u00e3o em risco de subnutri\u00e7\u00e3o ou de falta de acesso \u00e0 alimenta\u00e7\u00e3o suficiente. Esse \u00e9 o crit\u00e9rio usado pelas Na\u00e7\u00f5es Unidas para considerar se o Brasil est\u00e1 ou n\u00e3o no mapa da fome.<\/p>\n<p>Apesar da melhora, h\u00e1 cerca de 7 milh\u00f5es de brasileiros em inseguran\u00e7a alimentar severa. Outros 28,5 milh\u00f5es de brasileiros est\u00e3o em quadros de inseguran\u00e7a considerada moderada ou grave.<\/p>\n<p>Em crian\u00e7as, al\u00e9m dos impactos f\u00edsicos imediatos (como o risco maior de doen\u00e7as infecciosas), a desnutri\u00e7\u00e3o atrasa o desenvolvimento cognitivo e prejudica a aprendizagem.<\/p>\n<p>O Brasil havia sa\u00eddo do Mapa da Fome em 2014, o que se manteve at\u00e9 2018. Com os reflexos da crise econ\u00f4mica iniciada em 2015 e, depois, com a pandemia, houve aumento da pobreza e dificuldade de acesso a alimentos.<\/p>\n<p>Al\u00e9m dos reflexos da covid-19, o cen\u00e1rio de guerras \u2013 como a da Ucr\u00e2nia \u2013 e de mudan\u00e7as clim\u00e1ticas causa press\u00e3o sobre os pre\u00e7os da comida em v\u00e1rias partes do mundo.<\/p>\n<\/div>\n<p>Por Reda\u00e7\u00e3o O Estado de S. Paulo<\/p>\n<\/div>\n<p><script async src=\"\/\/platform.twitter.com\/widgets.js\" charset=\"utf-8\"><\/script><br \/>\n<br \/><br \/>\n<br \/><a href=\"https:\/\/www.tribunaribeirao.com.br\/brasil-sai-do-mapa-da-fome\/\">Source link <\/a><\/p>\n<!-- CONTENT END 1 -->\n","protected":false},"excerpt":{"rendered":"<p>28 de julho de 2025 16:054 Compartilhar0 O Brasil est\u00e1 fora do Mapa da Fome, segundo anunciou nesta segunda-feira, 28, a Organiza\u00e7\u00e3o das Na\u00e7\u00f5es Unidas&#8230;<\/p>\n","protected":false},"author":1,"featured_media":74737,"comment_status":"open","ping_status":"open","sticky":false,"template":"","format":"standard","meta":{"advanced_seo_description":"","jetpack_seo_html_title":"","jetpack_seo_noindex":false,"jetpack_post_was_ever_published":false,"_jetpack_newsletter_access":"","_jetpack_dont_email_post_to_subs":false,"_jetpack_newsletter_tier_id":0,"_jetpack_memberships_contains_paywalled_content":false,"_jetpack_memberships_contains_paid_content":false,"footnotes":"","jetpack_publicize_message":"","jetpack_publicize_feature_enabled":true,"jetpack_social_post_already_shared":true,"jetpack_social_options":{"image_generator_settings":{"template":"highway","default_image_id":0,"font":"","enabled":false},"version":2}},"categories":[11],"tags":[],"class_list":["post-74736","post","type-post","status-publish","format-standard","has-post-thumbnail","hentry","category-noticias-de-ribeirao-preto-sp-e-regiao-ismael-colosi"],"jetpack_publicize_connections":[],"jetpack_featured_media_url":"https:\/\/i0.wp.com\/noticiasribeiraopreto.com.br\/wp-content\/uploads\/2025\/07\/fome.jpeg?fit=1170%2C700&ssl=1","jetpack-related-posts":[{"id":73372,"url":"https:\/\/noticiasribeiraopreto.com.br\/index.php\/2025\/07\/01\/onda-de-frio-deve-atingir-mais-areas-no-estado-de-sp-veja-mapa-atualizado\/","url_meta":{"origin":74736,"position":0},"title":"Onda de frio deve atingir mais \u00e1reas no estado de SP; Veja mapa atualizado","author":"noticiasribeiraopreto.com.br","date":"1 de July de 2025","format":false,"excerpt":"Uma nova onda de frio avan\u00e7a sobre o Centro-Sul do Brasil nos primeiros dias de julho de 2025 \u2013 \u00e9 a quarta do ano e a segunda do inverno. De acordo com a Climatempo, essa nova onda de frio \u00e9 continental, quando o ar polar entra pelo interior do Brasil,\u2026","rel":"","context":"In &quot;Not\u00edcias de Ribeir\u00e3o Preto-SP e Regi\u00e3o&quot;","block_context":{"text":"Not\u00edcias de Ribeir\u00e3o Preto-SP e Regi\u00e3o","link":"https:\/\/noticiasribeiraopreto.com.br\/index.php\/category\/noticias-de-ribeirao-preto-sp-e-regiao-ismael-colosi\/"},"img":{"alt_text":"","src":"https:\/\/i0.wp.com\/noticiasribeiraopreto.com.br\/wp-content\/uploads\/2025\/07\/calcadao_ribeirao_1024x576_22052020190437.jpg?fit=1024%2C576&ssl=1&resize=350%2C200","width":350,"height":200,"srcset":"https:\/\/i0.wp.com\/noticiasribeiraopreto.com.br\/wp-content\/uploads\/2025\/07\/calcadao_ribeirao_1024x576_22052020190437.jpg?fit=1024%2C576&ssl=1&resize=350%2C200 1x, https:\/\/i0.wp.com\/noticiasribeiraopreto.com.br\/wp-content\/uploads\/2025\/07\/calcadao_ribeirao_1024x576_22052020190437.jpg?fit=1024%2C576&ssl=1&resize=525%2C300 1.5x, https:\/\/i0.wp.com\/noticiasribeiraopreto.com.br\/wp-content\/uploads\/2025\/07\/calcadao_ribeirao_1024x576_22052020190437.jpg?fit=1024%2C576&ssl=1&resize=700%2C400 2x"},"classes":[]},{"id":70681,"url":"https:\/\/noticiasribeiraopreto.com.br\/index.php\/2025\/05\/28\/saiba-quando-estreia-a-serie-da-netflix-com-cenas-gravadas-em-ribeirao-preto\/","url_meta":{"origin":74736,"position":1},"title":"Saiba quando estreia a s\u00e9rie da Netflix com cenas gravadas em Ribeir\u00e3o Preto","author":"noticiasribeiraopreto.com.br","date":"28 de May de 2025","format":false,"excerpt":"Gravada parcialmente em Ribeir\u00e3o Preto em julho de 2024, a segunda temporada da s\u00e9rie DNA do Crime, produ\u00e7\u00e3o original da Netflix, chega ao cat\u00e1logo da plataforma no dia 4 de junho. A s\u00e9rie conta a hist\u00f3ria de opera\u00e7\u00f5es policiais reais na fronteira entre Brasil e Paraguai. A trama mostra investiga\u00e7\u00f5es\u2026","rel":"","context":"In &quot;Not\u00edcias de Ribeir\u00e3o Preto-SP e Regi\u00e3o&quot;","block_context":{"text":"Not\u00edcias de Ribeir\u00e3o Preto-SP e Regi\u00e3o","link":"https:\/\/noticiasribeiraopreto.com.br\/index.php\/category\/noticias-de-ribeirao-preto-sp-e-regiao-ismael-colosi\/"},"img":{"alt_text":"","src":"https:\/\/i0.wp.com\/noticiasribeiraopreto.com.br\/wp-content\/uploads\/2025\/05\/Copia-de-Copia-de-Copia-de-TAMANHO-EXATO-PARA-FOTOS-NO-SISTEMA-NOVO-2025-05-28T184549.680_2025-05-28_21-51-44.webp.webp?fit=1200%2C675&ssl=1&resize=350%2C200","width":350,"height":200,"srcset":"https:\/\/i0.wp.com\/noticiasribeiraopreto.com.br\/wp-content\/uploads\/2025\/05\/Copia-de-Copia-de-Copia-de-TAMANHO-EXATO-PARA-FOTOS-NO-SISTEMA-NOVO-2025-05-28T184549.680_2025-05-28_21-51-44.webp.webp?fit=1200%2C675&ssl=1&resize=350%2C200 1x, https:\/\/i0.wp.com\/noticiasribeiraopreto.com.br\/wp-content\/uploads\/2025\/05\/Copia-de-Copia-de-Copia-de-TAMANHO-EXATO-PARA-FOTOS-NO-SISTEMA-NOVO-2025-05-28T184549.680_2025-05-28_21-51-44.webp.webp?fit=1200%2C675&ssl=1&resize=525%2C300 1.5x, https:\/\/i0.wp.com\/noticiasribeiraopreto.com.br\/wp-content\/uploads\/2025\/05\/Copia-de-Copia-de-Copia-de-TAMANHO-EXATO-PARA-FOTOS-NO-SISTEMA-NOVO-2025-05-28T184549.680_2025-05-28_21-51-44.webp.webp?fit=1200%2C675&ssl=1&resize=700%2C400 2x, https:\/\/i0.wp.com\/noticiasribeiraopreto.com.br\/wp-content\/uploads\/2025\/05\/Copia-de-Copia-de-Copia-de-TAMANHO-EXATO-PARA-FOTOS-NO-SISTEMA-NOVO-2025-05-28T184549.680_2025-05-28_21-51-44.webp.webp?fit=1200%2C675&ssl=1&resize=1050%2C600 3x"},"classes":[]},{"id":54016,"url":"https:\/\/noticiasribeiraopreto.com.br\/index.php\/2024\/06\/27\/saiba-tudo-sobre-a-primeira-onda-de-frio-do-inverno-que-vai-atingir-ate-o-interior-de-sp\/","url_meta":{"origin":74736,"position":2},"title":"Saiba tudo sobre a primeira onda de frio do inverno que vai atingir at\u00e9 o interior de SP","author":"noticiasribeiraopreto.com.br","date":"27 de June de 2024","format":false,"excerpt":"A primeira onda de frio do inverno 2024 come\u00e7a nesta sexta-feira (28) com chegada de uma forte frente fria. A previs\u00e3o de dura\u00e7\u00e3o deste sistema \u00e9 at\u00e9 o dia 2 de julho. Segundo a Climatempo, esta ser\u00e1 a primeira queda acentuada de temperatura no inverno deste ano, com destaque para\u2026","rel":"","context":"In &quot;Not\u00edcias de Ribeir\u00e3o Preto-SP e Regi\u00e3o&quot;","block_context":{"text":"Not\u00edcias de Ribeir\u00e3o Preto-SP e Regi\u00e3o","link":"https:\/\/noticiasribeiraopreto.com.br\/index.php\/category\/noticias-de-ribeirao-preto-sp-e-regiao-ismael-colosi\/"},"img":{"alt_text":"","src":"https:\/\/i0.wp.com\/noticiasribeiraopreto.com.br\/wp-content\/uploads\/2024\/06\/ONDA-DE-FRIO-3_2024-06-27_10-36-21_jpg_2024-06-27_10-36-21.webp.webp?fit=1200%2C758&ssl=1&resize=350%2C200","width":350,"height":200,"srcset":"https:\/\/i0.wp.com\/noticiasribeiraopreto.com.br\/wp-content\/uploads\/2024\/06\/ONDA-DE-FRIO-3_2024-06-27_10-36-21_jpg_2024-06-27_10-36-21.webp.webp?fit=1200%2C758&ssl=1&resize=350%2C200 1x, https:\/\/i0.wp.com\/noticiasribeiraopreto.com.br\/wp-content\/uploads\/2024\/06\/ONDA-DE-FRIO-3_2024-06-27_10-36-21_jpg_2024-06-27_10-36-21.webp.webp?fit=1200%2C758&ssl=1&resize=525%2C300 1.5x, https:\/\/i0.wp.com\/noticiasribeiraopreto.com.br\/wp-content\/uploads\/2024\/06\/ONDA-DE-FRIO-3_2024-06-27_10-36-21_jpg_2024-06-27_10-36-21.webp.webp?fit=1200%2C758&ssl=1&resize=700%2C400 2x, https:\/\/i0.wp.com\/noticiasribeiraopreto.com.br\/wp-content\/uploads\/2024\/06\/ONDA-DE-FRIO-3_2024-06-27_10-36-21_jpg_2024-06-27_10-36-21.webp.webp?fit=1200%2C758&ssl=1&resize=1050%2C600 3x"},"classes":[]},{"id":76398,"url":"https:\/\/noticiasribeiraopreto.com.br\/index.php\/2025\/08\/28\/qual-a-populacao-de-ribeirao-preto-ibge-atualiza-estimativa-de-moradores\/","url_meta":{"origin":74736,"position":3},"title":"Qual a popula\u00e7\u00e3o de Ribeir\u00e3o Preto? IBGE atualiza estimativa de moradores","author":"noticiasribeiraopreto.com.br","date":"28 de August de 2025","format":false,"excerpt":"O IBGE (Instituto Brasileiro de Geografia e Estat\u00edstica) divulgou nesta quinta-feira (28) a estimativa populacional. Segundo o \u00f3rg\u00e3o, Ribeir\u00e3o Preto tem, em 2025, 731.639 habitantes, um aumento de 0,4% no tamanho da popula\u00e7\u00e3o, em rela\u00e7\u00e3o ao ano passado \u2013 quando eram 728.400 moradores. De acordo com o IBGE, a popula\u00e7\u00e3o\u2026","rel":"","context":"In &quot;Not\u00edcias de Ribeir\u00e3o Preto-SP e Regi\u00e3o&quot;","block_context":{"text":"Not\u00edcias de Ribeir\u00e3o Preto-SP e Regi\u00e3o","link":"https:\/\/noticiasribeiraopreto.com.br\/index.php\/category\/noticias-de-ribeirao-preto-sp-e-regiao-ismael-colosi\/"},"img":{"alt_text":"","src":"https:\/\/i0.wp.com\/noticiasribeiraopreto.com.br\/wp-content\/uploads\/2025\/08\/ribeirao-preto.jpg?fit=1200%2C900&ssl=1&resize=350%2C200","width":350,"height":200,"srcset":"https:\/\/i0.wp.com\/noticiasribeiraopreto.com.br\/wp-content\/uploads\/2025\/08\/ribeirao-preto.jpg?fit=1200%2C900&ssl=1&resize=350%2C200 1x, https:\/\/i0.wp.com\/noticiasribeiraopreto.com.br\/wp-content\/uploads\/2025\/08\/ribeirao-preto.jpg?fit=1200%2C900&ssl=1&resize=525%2C300 1.5x, https:\/\/i0.wp.com\/noticiasribeiraopreto.com.br\/wp-content\/uploads\/2025\/08\/ribeirao-preto.jpg?fit=1200%2C900&ssl=1&resize=700%2C400 2x, https:\/\/i0.wp.com\/noticiasribeiraopreto.com.br\/wp-content\/uploads\/2025\/08\/ribeirao-preto.jpg?fit=1200%2C900&ssl=1&resize=1050%2C600 3x"},"classes":[]},{"id":71432,"url":"https:\/\/noticiasribeiraopreto.com.br\/index.php\/2025\/06\/05\/ribeirao-recebe-concerto-gratuito-com-orquestra-e-sucessos-da-musica-brasileira\/","url_meta":{"origin":74736,"position":4},"title":"Ribeir\u00e3o recebe concerto gratuito com orquestra e sucessos da m\u00fasica brasileira","author":"noticiasribeiraopreto.com.br","date":"5 de June de 2025","format":false,"excerpt":"O Teatro Municipal de Ribeir\u00e3o Preto recebe no pr\u00f3ximo domingo (18), \u00e0s 19h, uma apresenta\u00e7\u00e3o gratuita da turn\u00ea do concerto \u201cTons do Brasil\u201d, com a Orquestra Lyra Mojimiriana. Sob a reg\u00eancia do Maestro Carlos Lima, o concerto pretende apresentar vers\u00f5es sinf\u00f4nicas de grandes sucessos da m\u00fasica brasileira. Portanto, contar\u00e1 com\u2026","rel":"","context":"In &quot;Not\u00edcias de Ribeir\u00e3o Preto-SP e Regi\u00e3o&quot;","block_context":{"text":"Not\u00edcias de Ribeir\u00e3o Preto-SP e Regi\u00e3o","link":"https:\/\/noticiasribeiraopreto.com.br\/index.php\/category\/noticias-de-ribeirao-preto-sp-e-regiao-ismael-colosi\/"},"img":{"alt_text":"","src":"https:\/\/i0.wp.com\/noticiasribeiraopreto.com.br\/wp-content\/uploads\/2025\/06\/42a0954a-fb80-451a-a4de-8566854947e3_2025-06-05_18-43-31.webp.webp?fit=1200%2C900&ssl=1&resize=350%2C200","width":350,"height":200,"srcset":"https:\/\/i0.wp.com\/noticiasribeiraopreto.com.br\/wp-content\/uploads\/2025\/06\/42a0954a-fb80-451a-a4de-8566854947e3_2025-06-05_18-43-31.webp.webp?fit=1200%2C900&ssl=1&resize=350%2C200 1x, https:\/\/i0.wp.com\/noticiasribeiraopreto.com.br\/wp-content\/uploads\/2025\/06\/42a0954a-fb80-451a-a4de-8566854947e3_2025-06-05_18-43-31.webp.webp?fit=1200%2C900&ssl=1&resize=525%2C300 1.5x, https:\/\/i0.wp.com\/noticiasribeiraopreto.com.br\/wp-content\/uploads\/2025\/06\/42a0954a-fb80-451a-a4de-8566854947e3_2025-06-05_18-43-31.webp.webp?fit=1200%2C900&ssl=1&resize=700%2C400 2x, https:\/\/i0.wp.com\/noticiasribeiraopreto.com.br\/wp-content\/uploads\/2025\/06\/42a0954a-fb80-451a-a4de-8566854947e3_2025-06-05_18-43-31.webp.webp?fit=1200%2C900&ssl=1&resize=1050%2C600 3x"},"classes":[]},{"id":77077,"url":"https:\/\/noticiasribeiraopreto.com.br\/index.php\/2025\/09\/11\/ribeirao-preto-registra-a-menor-umidade-do-brasil-veja-previsao\/","url_meta":{"origin":74736,"position":5},"title":"Ribeir\u00e3o Preto registra a menor umidade do Brasil; Veja previs\u00e3o","author":"noticiasribeiraopreto.com.br","date":"11 de September de 2025","format":false,"excerpt":"Ribeir\u00e3o Preto foi a cidade com o menor \u00edndice de umidade relativa do ar do Brasil nesta quarta-feira (10). Segundo a Climatempo, o n\u00edvel chegou a 6% no aeroporto Leite Lopes, no fim da tarde. Nesta quinta-feira (11) o ar seco ainda favorece a queda da umidade relativa do ar.\u2026","rel":"","context":"In &quot;Not\u00edcias de Ribeir\u00e3o Preto-SP e Regi\u00e3o&quot;","block_context":{"text":"Not\u00edcias de Ribeir\u00e3o Preto-SP e Regi\u00e3o","link":"https:\/\/noticiasribeiraopreto.com.br\/index.php\/category\/noticias-de-ribeirao-preto-sp-e-regiao-ismael-colosi\/"},"img":{"alt_text":"","src":"https:\/\/i0.wp.com\/noticiasribeiraopreto.com.br\/wp-content\/uploads\/2025\/08\/WhatsApp-Image-2024-06-14-at-09.30.18-1_2024-06-14_12-31-08_jpeg_2024-06-14_12-31-08.webp.webp?fit=1200%2C553&ssl=1&resize=350%2C200","width":350,"height":200,"srcset":"https:\/\/i0.wp.com\/noticiasribeiraopreto.com.br\/wp-content\/uploads\/2025\/08\/WhatsApp-Image-2024-06-14-at-09.30.18-1_2024-06-14_12-31-08_jpeg_2024-06-14_12-31-08.webp.webp?fit=1200%2C553&ssl=1&resize=350%2C200 1x, https:\/\/i0.wp.com\/noticiasribeiraopreto.com.br\/wp-content\/uploads\/2025\/08\/WhatsApp-Image-2024-06-14-at-09.30.18-1_2024-06-14_12-31-08_jpeg_2024-06-14_12-31-08.webp.webp?fit=1200%2C553&ssl=1&resize=525%2C300 1.5x, https:\/\/i0.wp.com\/noticiasribeiraopreto.com.br\/wp-content\/uploads\/2025\/08\/WhatsApp-Image-2024-06-14-at-09.30.18-1_2024-06-14_12-31-08_jpeg_2024-06-14_12-31-08.webp.webp?fit=1200%2C553&ssl=1&resize=700%2C400 2x, https:\/\/i0.wp.com\/noticiasribeiraopreto.com.br\/wp-content\/uploads\/2025\/08\/WhatsApp-Image-2024-06-14-at-09.30.18-1_2024-06-14_12-31-08_jpeg_2024-06-14_12-31-08.webp.webp?fit=1200%2C553&ssl=1&resize=1050%2C600 3x"},"classes":[]}],"jetpack_sharing_enabled":true,"jetpack_shortlink":"https:\/\/wp.me\/peQAOb-jrq","_links":{"self":[{"href":"https:\/\/noticiasribeiraopreto.com.br\/index.php\/wp-json\/wp\/v2\/posts\/74736","targetHints":{"allow":["GET"]}}],"collection":[{"href":"https:\/\/noticiasribeiraopreto.com.br\/index.php\/wp-json\/wp\/v2\/posts"}],"about":[{"href":"https:\/\/noticiasribeiraopreto.com.br\/index.php\/wp-json\/wp\/v2\/types\/post"}],"author":[{"embeddable":true,"href":"https:\/\/noticiasribeiraopreto.com.br\/index.php\/wp-json\/wp\/v2\/users\/1"}],"replies":[{"embeddable":true,"href":"https:\/\/noticiasribeiraopreto.com.br\/index.php\/wp-json\/wp\/v2\/comments?post=74736"}],"version-history":[{"count":0,"href":"https:\/\/noticiasribeiraopreto.com.br\/index.php\/wp-json\/wp\/v2\/posts\/74736\/revisions"}],"wp:featuredmedia":[{"embeddable":true,"href":"https:\/\/noticiasribeiraopreto.com.br\/index.php\/wp-json\/wp\/v2\/media\/74737"}],"wp:attachment":[{"href":"https:\/\/noticiasribeiraopreto.com.br\/index.php\/wp-json\/wp\/v2\/media?parent=74736"}],"wp:term":[{"taxonomy":"category","embeddable":true,"href":"https:\/\/noticiasribeiraopreto.com.br\/index.php\/wp-json\/wp\/v2\/categories?post=74736"},{"taxonomy":"post_tag","embeddable":true,"href":"https:\/\/noticiasribeiraopreto.com.br\/index.php\/wp-json\/wp\/v2\/tags?post=74736"}],"curies":[{"name":"wp","href":"https:\/\/api.w.org\/{rel}","templated":true}]}}