{"id":74738,"date":"2025-07-28T16:08:49","date_gmt":"2025-07-28T19:08:49","guid":{"rendered":"https:\/\/noticiasribeiraopreto.com.br\/index.php\/2025\/07\/28\/cidade-na-regiao-de-ribeirao-preto-tem-eleicao-para-prefeito-no-proximo-domingo\/"},"modified":"2025-07-28T16:08:49","modified_gmt":"2025-07-28T19:08:49","slug":"cidade-na-regiao-de-ribeirao-preto-tem-eleicao-para-prefeito-no-proximo-domingo","status":"publish","type":"post","link":"https:\/\/noticiasribeiraopreto.com.br\/index.php\/2025\/07\/28\/cidade-na-regiao-de-ribeirao-preto-tem-eleicao-para-prefeito-no-proximo-domingo\/","title":{"rendered":"Cidade na regi\u00e3o de Ribeir\u00e3o Preto tem elei\u00e7\u00e3o para prefeito no pr\u00f3ximo domingo"},"content":{"rendered":"<div class='code-block code-block-1' style='margin: 8px 0 8px auto; text-align: right; display: block; clear: both;'>\n<p><a href=\"https:\/\/wa.link\/vpicfd\"><img data-recalc-dims=\"1\" class=\"wp-image-4922\" style=\"aspect-ratio: 2.0253164556962027; width: 561px; height: auto;\" src=\"https:\/\/i0.wp.com\/ismaelcolosi.com.br\/wp-content\/uploads\/2023\/11\/grupo-de-empregos-whatsapp-e-facebook-ismael-colosi-vagas.jpg?ssl=1\" alt=\"\" \/><\/a><\/p>\n<!-- \/wp:image -->\n<\/div>\n<p> <br \/>\n<\/p>\n<div>\n<p>Mais de 5 mil eleitores de <strong>Guatapar\u00e1<\/strong>, na regi\u00e3o de<strong> Ribeir\u00e3o Preto<\/strong>, v\u00e3o \u00e0s urnas no pr\u00f3ximo domingo (3) para eleger o novo prefeito da cidade. Ao todo, quatro candidatos concorrem ao cargo que est\u00e1 vago desde abril desde ano, em raz\u00e3o do afastamento de Ailton Aparecido da Silva (MDB), eleito em 2024.<\/p>\n<p><mark style=\"background-color:#fcb900\" class=\"has-inline-color has-black-color\">A elei\u00e7\u00e3o suplementar acontece das 8h \u00e0s 17h.<\/mark> O pleito ser\u00e1 organizado pela <strong>293\u00aa Zona Eleitoral de Ribeir\u00e3o Preto<\/strong> em tr\u00eas locais de vota\u00e7\u00e3o e 20 se\u00e7\u00f5es eleitorais.\u00a0 A diploma\u00e7\u00e3o do candidato eleito deve ocorrer at\u00e9 5 de setembro de 2025 e o mandato \u00e9 v\u00e1lido at\u00e9 o fim de 2028.<\/p>\n<p>Os candidatos s\u00e3o: \u00c2ngelo Igino (MDB), C\u00e9sar Bomfim (PP), Chic\u00e3o (REP), e Gildemir (PSD).<\/p>\n<h2 class=\"wp-block-heading\"><strong>Impugna\u00e7\u00e3o de candidatura<\/strong><\/h2>\n<p>Em abril, o TSE (Tribunal Superior Eleitoral) decidiu, por unanimidade, pela improced\u00eancia do pedido de registro de candidatura de Ailton Aparecido da Silva, da Coliga\u00e7\u00e3o Guatapar\u00e1 Unida (MDB, Republicanos, PL e PRD), mais votado em 2024 com 1.714 votos (39,39% dos votos v\u00e1lidos).<\/p>\n<p>Em decis\u00e3o proferida em recurso especial, o TSE entendeu que o pol\u00edtico est\u00e1 ineleg\u00edvel por ser filho do ex-chefe do Executivo local que exercia o segundo mandato.<\/p>\n<p>A Corte declarou que houve inelegibilidade reflexa, j\u00e1 que Ailton da Silva era filho do ex-prefeito Juracy Costa Silva, que faleceu durante o curso do segundo mandato consecutivo exercido na cidade.<\/p>\n<p>Para o TSE, o lapso temporal de quatro meses entre o falecimento do ex-mandat\u00e1rio e as elei\u00e7\u00f5es seguintes caracterizou a exist\u00eancia de terceiro mandato.<\/p>\n<p>SAIBA MAIS<br \/>Ribeir\u00e3o Preto recebe alerta para tempestade e queda de granizo; Veja previs\u00e3o<\/p>\n<h2 class=\"wp-block-heading\"><strong>FIQUE ON<\/strong><\/h2>\n<p>Fique ligado em tudo que acontece em Ribeir\u00e3o Preto e regi\u00e3o. Siga os perfis do<strong>\u00a0acidade on<\/strong>\u00a0no<a href=\"https:\/\/www.instagram.com\/acidadeonribeirao\" target=\"_blank\" rel=\"noreferrer noopener\">\u00a0Instagram\u00a0<\/a>e no\u00a0<a href=\"https:\/\/www.facebook.com\/acidadeonribeirao\/\" target=\"_blank\" rel=\"noreferrer noopener\">Facebook<\/a>.<\/p>\n<p>Receba not\u00edcias do\u00a0<strong>acidade on<\/strong>\u00a0no WhatsApp.\u00a0<a href=\"https:\/\/chat.whatsapp.com\/BjKQZ9oJwlz8VVT50NuePq\" target=\"_blank\" rel=\"noreferrer noopener\">Para entrar no grupo, basta clicar aqui.<\/a><\/p>\n<p>Fa\u00e7a uma den\u00fancia ou sugira uma reportagem sobre Ribeir\u00e3o Preto e regi\u00e3o pelo WhatsApp: 16 99117 7802.<\/p>\n<p>VEJA TAMB\u00c9M<br \/>Quando ser\u00e1 o eclipse solar mais longo da hist\u00f3ria?<\/p>\n<p><!-- AI CONTENT END 1 -->\n<\/div>\n<p><script async src=\"\/\/www.instagram.com\/embed.js\"><\/script><br \/>\n<br \/><br \/>\n<br \/><a href=\"https:\/\/www.acidadeon.com\/ribeiraopreto\/politica\/cidade-na-regiao-de-ribeirao-preto-tem-eleicao-para-prefeito-no-proximo-domingo\/\">Source link <\/a><\/p>\n<!-- CONTENT END 1 -->\n","protected":false},"excerpt":{"rendered":"<p>Mais de 5 mil eleitores de Guatapar\u00e1, na regi\u00e3o de Ribeir\u00e3o Preto, v\u00e3o \u00e0s urnas no pr\u00f3ximo domingo (3) para eleger o novo prefeito da&#8230;<\/p>\n","protected":false},"author":1,"featured_media":74739,"comment_status":"open","ping_status":"open","sticky":false,"template":"","format":"standard","meta":{"advanced_seo_description":"","jetpack_seo_html_title":"","jetpack_seo_noindex":false,"jetpack_post_was_ever_published":false,"_jetpack_newsletter_access":"","_jetpack_dont_email_post_to_subs":false,"_jetpack_newsletter_tier_id":0,"_jetpack_memberships_contains_paywalled_content":false,"_jetpack_memberships_contains_paid_content":false,"footnotes":"","jetpack_publicize_message":"","jetpack_publicize_feature_enabled":true,"jetpack_social_post_already_shared":true,"jetpack_social_options":{"image_generator_settings":{"template":"highway","default_image_id":0,"font":"","enabled":false},"version":2}},"categories":[11],"tags":[],"class_list":["post-74738","post","type-post","status-publish","format-standard","has-post-thumbnail","hentry","category-noticias-de-ribeirao-preto-sp-e-regiao-ismael-colosi"],"jetpack_publicize_connections":[],"jetpack_featured_media_url":"https:\/\/i0.wp.com\/noticiasribeiraopreto.com.br\/wp-content\/uploads\/2025\/07\/urna-nova_2024-09-20_19-00-21_jpg_2024-09-20_19-00-21.webp.webp?fit=1170%2C700&ssl=1","jetpack-related-posts":[{"id":74734,"url":"https:\/\/noticiasribeiraopreto.com.br\/index.php\/2025\/07\/28\/guatapara-elege-novo-prefeito-no-domingo\/","url_meta":{"origin":74738,"position":0},"title":"Guatapar\u00e1 elege novo prefeito no domingo","author":"noticiasribeiraopreto.com.br","date":"28 de July de 2025","format":false,"excerpt":"28 de julho de 2025 15:042 Compartilhar0 Os eleitores da cidade de Guatapar\u00e1, na regi\u00e3o de Ribeir\u00e3o Preto, v\u00e3o \u00e0s urnas no pr\u00f3ximo domingo, 3 de agosto para eleger o novo prefeito e seu vice. A elei\u00e7\u00e3o suplementar foi convocada porque os eleitos em 2024 tiveram o registro de candidatura\u2026","rel":"","context":"In &quot;Not\u00edcias de Ribeir\u00e3o Preto-SP e Regi\u00e3o&quot;","block_context":{"text":"Not\u00edcias de Ribeir\u00e3o Preto-SP e Regi\u00e3o","link":"https:\/\/noticiasribeiraopreto.com.br\/index.php\/category\/noticias-de-ribeirao-preto-sp-e-regiao-ismael-colosi\/"},"img":{"alt_text":"","src":"https:\/\/i0.wp.com\/noticiasribeiraopreto.com.br\/wp-content\/uploads\/2025\/07\/aa.jpeg?fit=700%2C467&ssl=1&resize=350%2C200","width":350,"height":200,"srcset":"https:\/\/i0.wp.com\/noticiasribeiraopreto.com.br\/wp-content\/uploads\/2025\/07\/aa.jpeg?fit=700%2C467&ssl=1&resize=350%2C200 1x, https:\/\/i0.wp.com\/noticiasribeiraopreto.com.br\/wp-content\/uploads\/2025\/07\/aa.jpeg?fit=700%2C467&ssl=1&resize=525%2C300 1.5x, https:\/\/i0.wp.com\/noticiasribeiraopreto.com.br\/wp-content\/uploads\/2025\/07\/aa.jpeg?fit=700%2C467&ssl=1&resize=700%2C400 2x"},"classes":[]},{"id":75117,"url":"https:\/\/noticiasribeiraopreto.com.br\/index.php\/2025\/08\/04\/cidade-na-regiao-de-ribeirao-preto-escolhe-novo-prefeito-em-eleicao-suplementar\/","url_meta":{"origin":74738,"position":1},"title":"Cidade na regi\u00e3o de Ribeir\u00e3o Preto escolhe novo prefeito em elei\u00e7\u00e3o suplementar","author":"noticiasribeiraopreto.com.br","date":"4 de August de 2025","format":false,"excerpt":"Moradores de\u00a0Guatapar\u00e1 (SP), na regi\u00e3o de Ribeir\u00e3o Preto,\u00a0elegeram o novo prefeito em elei\u00e7\u00e3o suplementar realizada neste domingo (3). Ap\u00f3s 100% das urnas apuradas, o candidato do\u00a0PSD,\u00a0Gildemir de Souza, recebeu 2.306 votos, equivalente a 57,94% dos votos v\u00e1lidos e ser\u00e1 o novo prefeito do munic\u00edpio. O vice da chapa \u00e9 Jos\u00e9\u2026","rel":"","context":"In &quot;Not\u00edcias de Ribeir\u00e3o Preto-SP e Regi\u00e3o&quot;","block_context":{"text":"Not\u00edcias de Ribeir\u00e3o Preto-SP e Regi\u00e3o","link":"https:\/\/noticiasribeiraopreto.com.br\/index.php\/category\/noticias-de-ribeirao-preto-sp-e-regiao-ismael-colosi\/"},"img":{"alt_text":"","src":"https:\/\/i0.wp.com\/noticiasribeiraopreto.com.br\/wp-content\/uploads\/2025\/08\/WhatsApp-Image-2025-08-04-at-08.43.26_2025-08-04_11-47-07.webp.webp?fit=1200%2C675&ssl=1&resize=350%2C200","width":350,"height":200,"srcset":"https:\/\/i0.wp.com\/noticiasribeiraopreto.com.br\/wp-content\/uploads\/2025\/08\/WhatsApp-Image-2025-08-04-at-08.43.26_2025-08-04_11-47-07.webp.webp?fit=1200%2C675&ssl=1&resize=350%2C200 1x, https:\/\/i0.wp.com\/noticiasribeiraopreto.com.br\/wp-content\/uploads\/2025\/08\/WhatsApp-Image-2025-08-04-at-08.43.26_2025-08-04_11-47-07.webp.webp?fit=1200%2C675&ssl=1&resize=525%2C300 1.5x, https:\/\/i0.wp.com\/noticiasribeiraopreto.com.br\/wp-content\/uploads\/2025\/08\/WhatsApp-Image-2025-08-04-at-08.43.26_2025-08-04_11-47-07.webp.webp?fit=1200%2C675&ssl=1&resize=700%2C400 2x, https:\/\/i0.wp.com\/noticiasribeiraopreto.com.br\/wp-content\/uploads\/2025\/08\/WhatsApp-Image-2025-08-04-at-08.43.26_2025-08-04_11-47-07.webp.webp?fit=1200%2C675&ssl=1&resize=1050%2C600 3x"},"classes":[]},{"id":75123,"url":"https:\/\/noticiasribeiraopreto.com.br\/index.php\/2025\/08\/04\/gildemir-de-souza-e-eleito-prefeito-de-guatapara\/","url_meta":{"origin":74738,"position":2},"title":"Gildemir de Souza \u00e9 eleito prefeito de Guatapar\u00e1","author":"noticiasribeiraopreto.com.br","date":"4 de August de 2025","format":false,"excerpt":"Quatro candidatos disputavam a elei\u00e7\u00e3o, convocada ap\u00f3s a Justi\u00e7a Eleitoral indeferir registro do atual prefeito, eleito no ano passado 4 de agosto de 2025 10:069 Compartilhar0 Os eleitores da cidade de Guatapar\u00e1, na regi\u00e3o de Ribeir\u00e3o Preto, elegeram neste domingo, 3 de agosto, o novo prefeito em elei\u00e7\u00e3o suplementar. O\u2026","rel":"","context":"In &quot;Not\u00edcias de Ribeir\u00e3o Preto-SP e Regi\u00e3o&quot;","block_context":{"text":"Not\u00edcias de Ribeir\u00e3o Preto-SP e Regi\u00e3o","link":"https:\/\/noticiasribeiraopreto.com.br\/index.php\/category\/noticias-de-ribeirao-preto-sp-e-regiao-ismael-colosi\/"},"img":{"alt_text":"","src":"https:\/\/i0.wp.com\/noticiasribeiraopreto.com.br\/wp-content\/uploads\/2025\/08\/Image2.jpg?fit=800%2C500&ssl=1&resize=350%2C200","width":350,"height":200,"srcset":"https:\/\/i0.wp.com\/noticiasribeiraopreto.com.br\/wp-content\/uploads\/2025\/08\/Image2.jpg?fit=800%2C500&ssl=1&resize=350%2C200 1x, https:\/\/i0.wp.com\/noticiasribeiraopreto.com.br\/wp-content\/uploads\/2025\/08\/Image2.jpg?fit=800%2C500&ssl=1&resize=525%2C300 1.5x, https:\/\/i0.wp.com\/noticiasribeiraopreto.com.br\/wp-content\/uploads\/2025\/08\/Image2.jpg?fit=800%2C500&ssl=1&resize=700%2C400 2x"},"classes":[]},{"id":80609,"url":"https:\/\/noticiasribeiraopreto.com.br\/index.php\/2025\/12\/08\/dr-tulio-vence-eleicao-suplementar-e-assume-prefeitura-de-cidade-da-regiao-de-ribeirao-preto\/","url_meta":{"origin":74738,"position":3},"title":"Dr. Tulio vence elei\u00e7\u00e3o suplementar e assume prefeitura de cidade da regi\u00e3o de Ribeir\u00e3o Preto","author":"noticiasribeiraopreto.com.br","date":"8 de December de 2025","format":false,"excerpt":"T\u00falio de Mattos Figueiredo (Podemos), o Dr. Tulio, foi eleito o novo prefeito de Guar\u00e1, cidade na regi\u00e3o de Ribeir\u00e3o Preto, neste domingo (7), em elei\u00e7\u00e3o suplementar convocada ap\u00f3s a Justi\u00e7a Eleitoral indeferir o registro do ent\u00e3o prefeito eleito em 2024, Vinicius Magno Filgueira \u2013 saiba mais abaixo. O candidato\u2026","rel":"","context":"In &quot;Not\u00edcias de Ribeir\u00e3o Preto-SP e Regi\u00e3o&quot;","block_context":{"text":"Not\u00edcias de Ribeir\u00e3o Preto-SP e Regi\u00e3o","link":"https:\/\/noticiasribeiraopreto.com.br\/index.php\/category\/noticias-de-ribeirao-preto-sp-e-regiao-ismael-colosi\/"},"img":{"alt_text":"","src":"https:\/\/i0.wp.com\/noticiasribeiraopreto.com.br\/wp-content\/uploads\/2025\/12\/Copia-de-Copia-de-Copia-de-TAMANHO-EXATO-PARA-FOTOS-NO-SISTEMA-NOVO-2025-12-07T182000.851_2025-12-07_21-20-06.webp.webp?fit=1200%2C675&ssl=1&resize=350%2C200","width":350,"height":200,"srcset":"https:\/\/i0.wp.com\/noticiasribeiraopreto.com.br\/wp-content\/uploads\/2025\/12\/Copia-de-Copia-de-Copia-de-TAMANHO-EXATO-PARA-FOTOS-NO-SISTEMA-NOVO-2025-12-07T182000.851_2025-12-07_21-20-06.webp.webp?fit=1200%2C675&ssl=1&resize=350%2C200 1x, https:\/\/i0.wp.com\/noticiasribeiraopreto.com.br\/wp-content\/uploads\/2025\/12\/Copia-de-Copia-de-Copia-de-TAMANHO-EXATO-PARA-FOTOS-NO-SISTEMA-NOVO-2025-12-07T182000.851_2025-12-07_21-20-06.webp.webp?fit=1200%2C675&ssl=1&resize=525%2C300 1.5x, https:\/\/i0.wp.com\/noticiasribeiraopreto.com.br\/wp-content\/uploads\/2025\/12\/Copia-de-Copia-de-Copia-de-TAMANHO-EXATO-PARA-FOTOS-NO-SISTEMA-NOVO-2025-12-07T182000.851_2025-12-07_21-20-06.webp.webp?fit=1200%2C675&ssl=1&resize=700%2C400 2x, https:\/\/i0.wp.com\/noticiasribeiraopreto.com.br\/wp-content\/uploads\/2025\/12\/Copia-de-Copia-de-Copia-de-TAMANHO-EXATO-PARA-FOTOS-NO-SISTEMA-NOVO-2025-12-07T182000.851_2025-12-07_21-20-06.webp.webp?fit=1200%2C675&ssl=1&resize=1050%2C600 3x"},"classes":[]},{"id":75060,"url":"https:\/\/noticiasribeiraopreto.com.br\/index.php\/2025\/08\/02\/eleitor-de-guatapara-vai-as-urnas-amanha-tribuna-ribeirao\/","url_meta":{"origin":74738,"position":4},"title":"Eleitor de Guatapar\u00e1 vai \u00e0s urnas amanh\u00e3 \u2013 Tribuna Ribeir\u00e3o","author":"noticiasribeiraopreto.com.br","date":"2 de August de 2025","format":false,"excerpt":"Neste domingo, 3 de agosto, das oito \u00e0s 17 horas, eleitores de Guatapar\u00e1, uma das 34 cidades da Regi\u00e3o Metropolitana de Ribeir\u00e3o Preto, voltar\u00e3o \u00e0s urnas para eleger novo prefeito e vice. Os candidatos eleitos exercer\u00e3o o mandato na chefia do Executivo municipal at\u00e9 o final de 2028. O calend\u00e1rio\u2026","rel":"","context":"In &quot;Not\u00edcias de Ribeir\u00e3o Preto-SP e Regi\u00e3o&quot;","block_context":{"text":"Not\u00edcias de Ribeir\u00e3o Preto-SP e Regi\u00e3o","link":"https:\/\/noticiasribeiraopreto.com.br\/index.php\/category\/noticias-de-ribeirao-preto-sp-e-regiao-ismael-colosi\/"},"img":{"alt_text":"","src":"","width":0,"height":0},"classes":[]},{"id":77234,"url":"https:\/\/noticiasribeiraopreto.com.br\/index.php\/2025\/09\/14\/cidade-na-regiao-de-ribeirao-preto-escolhe-nova-prefeita-em-eleicao-suplementar\/","url_meta":{"origin":74738,"position":5},"title":"Cidade na regi\u00e3o de Ribeir\u00e3o Preto escolhe nova prefeita em elei\u00e7\u00e3o suplementar","author":"noticiasribeiraopreto.com.br","date":"14 de September de 2025","format":false,"excerpt":"Os eleitores de Sales Oliveira, cidade a 52 quil\u00f4metros de Ribeir\u00e3o Preto, elegeram neste domingo (14) M\u00f4nica Favarim (MDB) como a nova prefeita. Ela recebeu 3.117 votos (53,64%) e derrotou Thiago do G\u00e1s (REP), que recebeu 2.694 votos (46,36%). A elei\u00e7\u00e3o suplementar foi convocada ap\u00f3s o TSE (Tribunal Superior Eleitoral)\u2026","rel":"","context":"In &quot;Not\u00edcias de Ribeir\u00e3o Preto-SP e Regi\u00e3o&quot;","block_context":{"text":"Not\u00edcias de Ribeir\u00e3o Preto-SP e Regi\u00e3o","link":"https:\/\/noticiasribeiraopreto.com.br\/index.php\/category\/noticias-de-ribeirao-preto-sp-e-regiao-ismael-colosi\/"},"img":{"alt_text":"","src":"https:\/\/i0.wp.com\/noticiasribeiraopreto.com.br\/wp-content\/uploads\/2025\/09\/monica-favarim_2025-09-14_21-07-44.webp.webp?fit=1200%2C674&ssl=1&resize=350%2C200","width":350,"height":200,"srcset":"https:\/\/i0.wp.com\/noticiasribeiraopreto.com.br\/wp-content\/uploads\/2025\/09\/monica-favarim_2025-09-14_21-07-44.webp.webp?fit=1200%2C674&ssl=1&resize=350%2C200 1x, https:\/\/i0.wp.com\/noticiasribeiraopreto.com.br\/wp-content\/uploads\/2025\/09\/monica-favarim_2025-09-14_21-07-44.webp.webp?fit=1200%2C674&ssl=1&resize=525%2C300 1.5x, https:\/\/i0.wp.com\/noticiasribeiraopreto.com.br\/wp-content\/uploads\/2025\/09\/monica-favarim_2025-09-14_21-07-44.webp.webp?fit=1200%2C674&ssl=1&resize=700%2C400 2x, https:\/\/i0.wp.com\/noticiasribeiraopreto.com.br\/wp-content\/uploads\/2025\/09\/monica-favarim_2025-09-14_21-07-44.webp.webp?fit=1200%2C674&ssl=1&resize=1050%2C600 3x"},"classes":[]}],"jetpack_sharing_enabled":true,"jetpack_shortlink":"https:\/\/wp.me\/peQAOb-jrs","_links":{"self":[{"href":"https:\/\/noticiasribeiraopreto.com.br\/index.php\/wp-json\/wp\/v2\/posts\/74738","targetHints":{"allow":["GET"]}}],"collection":[{"href":"https:\/\/noticiasribeiraopreto.com.br\/index.php\/wp-json\/wp\/v2\/posts"}],"about":[{"href":"https:\/\/noticiasribeiraopreto.com.br\/index.php\/wp-json\/wp\/v2\/types\/post"}],"author":[{"embeddable":true,"href":"https:\/\/noticiasribeiraopreto.com.br\/index.php\/wp-json\/wp\/v2\/users\/1"}],"replies":[{"embeddable":true,"href":"https:\/\/noticiasribeiraopreto.com.br\/index.php\/wp-json\/wp\/v2\/comments?post=74738"}],"version-history":[{"count":0,"href":"https:\/\/noticiasribeiraopreto.com.br\/index.php\/wp-json\/wp\/v2\/posts\/74738\/revisions"}],"wp:featuredmedia":[{"embeddable":true,"href":"https:\/\/noticiasribeiraopreto.com.br\/index.php\/wp-json\/wp\/v2\/media\/74739"}],"wp:attachment":[{"href":"https:\/\/noticiasribeiraopreto.com.br\/index.php\/wp-json\/wp\/v2\/media?parent=74738"}],"wp:term":[{"taxonomy":"category","embeddable":true,"href":"https:\/\/noticiasribeiraopreto.com.br\/index.php\/wp-json\/wp\/v2\/categories?post=74738"},{"taxonomy":"post_tag","embeddable":true,"href":"https:\/\/noticiasribeiraopreto.com.br\/index.php\/wp-json\/wp\/v2\/tags?post=74738"}],"curies":[{"name":"wp","href":"https:\/\/api.w.org\/{rel}","templated":true}]}}