{"id":74740,"date":"2025-07-28T16:15:07","date_gmt":"2025-07-28T19:15:07","guid":{"rendered":"https:\/\/noticiasribeiraopreto.com.br\/index.php\/2025\/07\/28\/cfm-proibe-anestesia-para-tatuagens-entenda-as-novas-regras-e-excecoes\/"},"modified":"2025-07-28T16:15:07","modified_gmt":"2025-07-28T19:15:07","slug":"cfm-proibe-anestesia-para-tatuagens-entenda-as-novas-regras-e-excecoes","status":"publish","type":"post","link":"https:\/\/noticiasribeiraopreto.com.br\/index.php\/2025\/07\/28\/cfm-proibe-anestesia-para-tatuagens-entenda-as-novas-regras-e-excecoes\/","title":{"rendered":"CFM pro\u00edbe anestesia para tatuagens: Entenda as novas regras e exce\u00e7\u00f5es"},"content":{"rendered":"<div class='code-block code-block-1' style='margin: 8px 0 8px auto; text-align: right; display: block; clear: both;'>\n<p><a href=\"https:\/\/wa.link\/vpicfd\"><img data-recalc-dims=\"1\" class=\"wp-image-4922\" style=\"aspect-ratio: 2.0253164556962027; width: 561px; height: auto;\" src=\"https:\/\/i0.wp.com\/ismaelcolosi.com.br\/wp-content\/uploads\/2023\/11\/grupo-de-empregos-whatsapp-e-facebook-ismael-colosi-vagas.jpg?ssl=1\" alt=\"\" \/><\/a><\/p>\n<!-- \/wp:image -->\n<\/div>\n<p> <br \/>\n<\/p>\n<div>\n<p>O <strong>CFM (Conselho Federal de Medicina) <\/strong>proibiu a utiliza\u00e7\u00e3o de anestesia para a realiza\u00e7\u00e3o de tatuagens. A resolu\u00e7\u00e3o foi publicada no<strong> <\/strong><a href=\"https:\/\/www.in.gov.br\/web\/dou\/-\/resolucao-cfm-n-2.436-de-10-de-julho-de-2025-644471825\" data-type=\"link\" data-id=\"https:\/\/www.in.gov.br\/web\/dou\/-\/resolucao-cfm-n-2.436-de-10-de-julho-de-2025-644471825\" target=\"_blank\" rel=\"noopener\"><strong>Di\u00e1rio Oficial da Uni\u00e3o<\/strong> (clique aqui)<\/a> desta segunda-feira (28) e \u00e9 v\u00e1lida \u201cindependentemente da extens\u00e3o ou localiza\u00e7\u00e3o\u201d da tatuagem. Os m\u00e9dicos est\u00e3o vedados de fazer tanto anestesia geral como local, e tamb\u00e9m seda\u00e7\u00e3o.<\/p>\n<p><mark style=\"background-color:#fcb900\" class=\"has-inline-color has-black-color\">A medida libera o uso de anestesias apenas em \u201cprocedimentos anest\u00e9sicos destinados a viabilizar a tatuagem com indica\u00e7\u00e3o m\u00e9dica para reconstru\u00e7\u00e3o\u201d<\/mark>, como a pigmenta\u00e7\u00e3o da ar\u00e9ola mam\u00e1ria ap\u00f3s cirurgia de retirada das mamas, em mulheres que passaram por tratamento de c\u00e2ncer de mama.<\/p>\n<p>Mesmo nessas situa\u00e7\u00f5es, o CFM determina que o procedimento deve ocorrer em ambiente de sa\u00fade \u201ccom infraestrutura adequada, incluindo avalia\u00e7\u00e3o pr\u00e9-anest\u00e9sica, monitoramento cont\u00ednuo, equipamentos de suporte \u00e0 vida e equipe treinada para intercorr\u00eancias.<\/p>\n<h2 class=\"wp-block-heading\"><strong>Cen\u00e1rio preocupante<\/strong><\/h2>\n<p>A resolu\u00e7\u00e3o considera o crescimento recente da participa\u00e7\u00e3o de m\u00e9dicos, em especial anestesiologistas, na administra\u00e7\u00e3o de agentes anest\u00e9sicos para facilitar a realiza\u00e7\u00e3o de tatuagens extensas ou em \u00e1reas sens\u00edveis, de acordo com o conselheiro Diogo Sampaio, relator da medida.<\/p>\n<p>\u201cA participa\u00e7\u00e3o m\u00e9dica nesses contextos, especialmente envolvendo seda\u00e7\u00e3o profunda ou anestesia geral para a realiza\u00e7\u00e3o de tatuagens, configura um cen\u00e1rio preocupante, pois n\u00e3o existe evid\u00eancia clara de seguran\u00e7a dos pacientes e \u00e0 sa\u00fade p\u00fablica. Ao viabilizar a execu\u00e7\u00e3o de tatuagens de grande extens\u00e3o corporal, que seriam intoler\u00e1veis sem suporte anest\u00e9sico, a pr\u00e1tica eleva demasiadamente o risco de absor\u00e7\u00e3o sist\u00eamica dos pigmentos, metais pesados (c\u00e1dmio, n\u00edquel, chumbo e cromo) e outros componentes das tintas\u201d, explica.<\/p>\n<p>Sampaio tamb\u00e9m argumenta que \u201ca execu\u00e7\u00e3o de qualquer ato anest\u00e9sico envolve riscos intr\u00ednsecos ao paciente\u201d e que o uso de anestesia para a realiza\u00e7\u00e3o de tatuagens, sem finalidade terap\u00eautica \u201ccolide frontalmente\u201d com a avalia\u00e7\u00e3o criteriosa da rela\u00e7\u00e3o risco benef\u00edcio. Al\u00e9m disso, diz que os est\u00fadios de tatuagem n\u00e3o cumprem os requisitos m\u00ednimos para a pr\u00e1tica anest\u00e9sica segura.<\/p>\n<h2 class=\"wp-block-heading\"><strong>Preparo<\/strong><\/h2>\n<p>A decis\u00e3o do CFM recebeu o apoio da SBA (Sociedade Brasileira de Anestesiologia). Em nota, a entidade destacou que \u201co uso de t\u00e9cnicas anest\u00e9sicas, mesmo em situa\u00e7\u00f5es consideradas simples ou est\u00e9ticas, envolve riscos que exigem preparo, ambiente apropriado e protocolos rigorosos de seguran\u00e7a.\u201d<\/p>\n<p>Para isso, de acordo com a SBA, \u00e9 preciso que o paciente passe por avalia\u00e7\u00e3o pr\u00e9-anest\u00e9sica detalhada e seu consentimento seja livre e esclarecido, ap\u00f3s receber informa\u00e7\u00f5es claras sobre os riscos e benef\u00edcios do procedimento.<\/p>\n<p>O procedimento tamb\u00e9m deve ser feito em \u201cambiente com estrutura adequada, monitoriza\u00e7\u00e3o, equipamentos de suporte \u00e0 vida e equipe preparada para eventuais complica\u00e7\u00f5es\u201d (com informa\u00e7\u00f5es <strong>T\u00e2mara Freire\/Ag\u00eancia Brasil<\/strong>).<\/p>\n<p>SAIBA MAIS<br \/>Ribeir\u00e3o Preto recebe alerta para tempestade e queda de granizo; Veja previs\u00e3o<\/p>\n<h2 class=\"wp-block-heading\"><strong>FIQUE ON<\/strong><\/h2>\n<p>Fique ligado em tudo que acontece em Ribeir\u00e3o Preto e regi\u00e3o. Siga os perfis do<strong>\u00a0acidade on<\/strong>\u00a0no<a href=\"https:\/\/www.instagram.com\/acidadeonribeirao\" target=\"_blank\" rel=\"noreferrer noopener\">\u00a0Instagram\u00a0<\/a>e no\u00a0<a href=\"https:\/\/www.facebook.com\/acidadeonribeirao\/\" target=\"_blank\" rel=\"noreferrer noopener\">Facebook<\/a>.<\/p>\n<p>Receba not\u00edcias do\u00a0<strong>acidade on<\/strong>\u00a0no WhatsApp.\u00a0<a href=\"https:\/\/chat.whatsapp.com\/BjKQZ9oJwlz8VVT50NuePq\" target=\"_blank\" rel=\"noreferrer noopener\">Para entrar no grupo, basta clicar aqui.<\/a><\/p>\n<p>Fa\u00e7a uma den\u00fancia ou sugira uma reportagem sobre Ribeir\u00e3o Preto e regi\u00e3o pelo WhatsApp: 16 99117 7802.<\/p>\n<p>VEJA TAMB\u00c9M<br \/>Quando ser\u00e1 o eclipse solar mais longo da hist\u00f3ria?<\/p>\n<p><!-- AI CONTENT END 1 -->\n<\/div>\n<p><script async src=\"\/\/www.instagram.com\/embed.js\"><\/script><br \/>\n<br \/><br \/>\n<br \/><a href=\"https:\/\/www.acidadeon.com\/ribeiraopreto\/cotidiano\/cfm-proibe-anestesia-para-tatuagens-entenda-as-novas-regras-e-excecoes\/\">Source link <\/a><\/p>\n<!-- CONTENT END 1 -->\n","protected":false},"excerpt":{"rendered":"<p>O CFM (Conselho Federal de Medicina) proibiu a utiliza\u00e7\u00e3o de anestesia para a realiza\u00e7\u00e3o de tatuagens. A resolu\u00e7\u00e3o foi publicada no Di\u00e1rio Oficial da Uni\u00e3o&#8230;<\/p>\n","protected":false},"author":1,"featured_media":74741,"comment_status":"open","ping_status":"open","sticky":false,"template":"","format":"standard","meta":{"advanced_seo_description":"","jetpack_seo_html_title":"","jetpack_seo_noindex":false,"jetpack_post_was_ever_published":false,"_jetpack_newsletter_access":"","_jetpack_dont_email_post_to_subs":false,"_jetpack_newsletter_tier_id":0,"_jetpack_memberships_contains_paywalled_content":false,"_jetpack_memberships_contains_paid_content":false,"footnotes":"","jetpack_publicize_message":"","jetpack_publicize_feature_enabled":true,"jetpack_social_post_already_shared":true,"jetpack_social_options":{"image_generator_settings":{"template":"highway","default_image_id":0,"font":"","enabled":false},"version":2}},"categories":[11],"tags":[],"class_list":["post-74740","post","type-post","status-publish","format-standard","has-post-thumbnail","hentry","category-noticias-de-ribeirao-preto-sp-e-regiao-ismael-colosi"],"jetpack_publicize_connections":[],"jetpack_featured_media_url":"https:\/\/i0.wp.com\/noticiasribeiraopreto.com.br\/wp-content\/uploads\/2025\/07\/tatuagem-anestesia-cfm_2025-07-28_17-42-58.webp.webp?fit=1170%2C700&ssl=1","jetpack-related-posts":[{"id":42302,"url":"https:\/\/noticiasribeiraopreto.com.br\/index.php\/2024\/03\/13\/dentistas-terao-regras-para-uso-de-anestesia\/","url_meta":{"origin":74740,"position":0},"title":"Dentistas ter\u00e3o regras\u00a0para uso de anestesia \u00a0","author":"noticiasribeiraopreto.com.br","date":"13 de March de 2024","format":false,"excerpt":"13 de mar\u00e7o de 2024 | 18:0013 de mar\u00e7o de 2024 | 10:50 0Vict\u00f3ria Ribeiro (AE)A Justi\u00e7a Federal concedeu liminar que determina regras para uso de anestesia em consult\u00f3rios de dentistas. A resolu\u00e7\u00e3o \u00e9 uma resposta \u00e0 solicita\u00e7\u00e3o da Sociedade Brasileira de Anestesiologia (SBA), que contesta o uso de medicamentos\u2026","rel":"","context":"In &quot;Not\u00edcias de Ribeir\u00e3o Preto-SP e Regi\u00e3o&quot;","block_context":{"text":"Not\u00edcias de Ribeir\u00e3o Preto-SP e Regi\u00e3o","link":"https:\/\/noticiasribeiraopreto.com.br\/index.php\/category\/noticias-de-ribeirao-preto-sp-e-regiao-ismael-colosi\/"},"img":{"alt_text":"","src":"https:\/\/i0.wp.com\/noticiasribeiraopreto.com.br\/wp-content\/uploads\/2024\/03\/Dentista-Guilherme-Sircili-scaled.jpg?fit=967%2C645&ssl=1&resize=350%2C200","width":350,"height":200,"srcset":"https:\/\/i0.wp.com\/noticiasribeiraopreto.com.br\/wp-content\/uploads\/2024\/03\/Dentista-Guilherme-Sircili-scaled.jpg?fit=967%2C645&ssl=1&resize=350%2C200 1x, https:\/\/i0.wp.com\/noticiasribeiraopreto.com.br\/wp-content\/uploads\/2024\/03\/Dentista-Guilherme-Sircili-scaled.jpg?fit=967%2C645&ssl=1&resize=525%2C300 1.5x, https:\/\/i0.wp.com\/noticiasribeiraopreto.com.br\/wp-content\/uploads\/2024\/03\/Dentista-Guilherme-Sircili-scaled.jpg?fit=967%2C645&ssl=1&resize=700%2C400 2x"},"classes":[]},{"id":67343,"url":"https:\/\/noticiasribeiraopreto.com.br\/index.php\/2025\/04\/12\/jornal-da-franca-crescente-demanda-por-remocao-de-tatuagens-impulsiona-novas-tecnologias-a-laser\/","url_meta":{"origin":74740,"position":1},"title":"Jornal da Franca &#8211; Crescente demanda por remo\u00e7\u00e3o de tatuagens impulsiona novas tecnologias a laser","author":"noticiasribeiraopreto.com.br","date":"12 de April de 2025","format":false,"excerpt":"Especialistas apontam que, embora o processo de remo\u00e7\u00e3o da tatuagem continue doloroso e demorado,\u00a0ele se tornou mais eficiente.\u00a0 A populariza\u00e7\u00e3o das tatuagens nas \u00faltimas d\u00e9cadas trouxe tamb\u00e9m um aumento natural nos casos de arrependimento. Um levantamento de 2023 nos Estados Unidos indicou que 1 em cada 4 americanos se arrepende\u2026","rel":"","context":"In &quot;Not\u00edcias de Franca-SP&quot;","block_context":{"text":"Not\u00edcias de Franca-SP","link":"https:\/\/noticiasribeiraopreto.com.br\/index.php\/category\/noticias-de-ribeirao-preto-sp-e-regiao-ismael-colosi\/noticias-franca-sp\/"},"img":{"alt_text":"","src":"https:\/\/i0.wp.com\/noticiasribeiraopreto.com.br\/wp-content\/uploads\/2025\/04\/29885-1.jpg?fit=1000%2C667&ssl=1&resize=350%2C200","width":350,"height":200,"srcset":"https:\/\/i0.wp.com\/noticiasribeiraopreto.com.br\/wp-content\/uploads\/2025\/04\/29885-1.jpg?fit=1000%2C667&ssl=1&resize=350%2C200 1x, https:\/\/i0.wp.com\/noticiasribeiraopreto.com.br\/wp-content\/uploads\/2025\/04\/29885-1.jpg?fit=1000%2C667&ssl=1&resize=525%2C300 1.5x, https:\/\/i0.wp.com\/noticiasribeiraopreto.com.br\/wp-content\/uploads\/2025\/04\/29885-1.jpg?fit=1000%2C667&ssl=1&resize=700%2C400 2x"},"classes":[]},{"id":70693,"url":"https:\/\/noticiasribeiraopreto.com.br\/index.php\/2025\/05\/29\/jornal-da-franca-agora-e-crime-senado-aprova-lei-que-proibe-fazer-tatuagens-e-piercings-em-pets\/","url_meta":{"origin":74740,"position":2},"title":"Jornal da Franca &#8211; Agora \u00e9 crime: Senado aprova lei que pro\u00edbe fazer tatuagens e piercings em pets","author":"noticiasribeiraopreto.com.br","date":"29 de May de 2025","format":false,"excerpt":"compartilhar no whatsapp compartilhar no telegram compartilhar no facebook compartilhar no linkedin Al\u00e9m da dor f\u00edsica, as interven\u00e7\u00f5es exigem cuidados complexos, como higieniza\u00e7\u00e3o\u00a0frequente\u00a0e\u00a0acompanhamento veterin\u00e1rio. O\u00a0Senado aprovou um projeto que pro\u00edbe tatuagens\u00a0e\u00a0piercings\u00a0em\u00a0c\u00e3es\u00a0e\u00a0gatos\u00a0por\u00a0fins est\u00e9ticos. A proposta, de autoria do deputado\u00a0Fred Costa(PRD-MG), foi encaminhada para\u00a0san\u00e7\u00e3o presidencial. A pr\u00e1tica passa a ser considerada\u00a0crime ambiental\u00a0e\u2026","rel":"","context":"In &quot;Not\u00edcias de Franca-SP&quot;","block_context":{"text":"Not\u00edcias de Franca-SP","link":"https:\/\/noticiasribeiraopreto.com.br\/index.php\/category\/noticias-de-ribeirao-preto-sp-e-regiao-ismael-colosi\/noticias-franca-sp\/"},"img":{"alt_text":"","src":"https:\/\/i0.wp.com\/noticiasribeiraopreto.com.br\/wp-content\/uploads\/2025\/05\/6sqf8spujr197zsdx98lpcitl.jpg?fit=906%2C509&ssl=1&resize=350%2C200","width":350,"height":200,"srcset":"https:\/\/i0.wp.com\/noticiasribeiraopreto.com.br\/wp-content\/uploads\/2025\/05\/6sqf8spujr197zsdx98lpcitl.jpg?fit=906%2C509&ssl=1&resize=350%2C200 1x, https:\/\/i0.wp.com\/noticiasribeiraopreto.com.br\/wp-content\/uploads\/2025\/05\/6sqf8spujr197zsdx98lpcitl.jpg?fit=906%2C509&ssl=1&resize=525%2C300 1.5x, https:\/\/i0.wp.com\/noticiasribeiraopreto.com.br\/wp-content\/uploads\/2025\/05\/6sqf8spujr197zsdx98lpcitl.jpg?fit=906%2C509&ssl=1&resize=700%2C400 2x"},"classes":[]},{"id":10048,"url":"https:\/\/noticiasribeiraopreto.com.br\/index.php\/2023\/12\/03\/o-que-e-e-porque-e-necessario-realizar-este-procedimento-apos-um-aborto-como-aconteceu-com-a-jovem-que-estava-gravida-de-quintuplos\/","url_meta":{"origin":74740,"position":3},"title":"O que \u00e9, e porque \u00e9 necess\u00e1rio realizar este procedimento ap\u00f3s um aborto como aconteceu com a jovem que estava gr\u00e1vida de qu\u00edntuplos","author":"noticiasribeiraopreto.com.br","date":"3 de December de 2023","format":false,"excerpt":"A jovem que aguardava o nascimento de qu\u00edntuplos foi hospitalizada para uma curetagem na \u00faltima quinta-feira (30), ao receber a not\u00edcia de um aborto.Ap\u00f3s a conclus\u00e3o do procedimento, ocorrido durante a madrugada, Sara Campos da Silva, com 18 anos, permaneceu internada para observa\u00e7\u00e3o na unidade de sa\u00fade localizada em Nil\u00f3polis,\u2026","rel":"","context":"In &quot;Blog&quot;","block_context":{"text":"Blog","link":"https:\/\/noticiasribeiraopreto.com.br\/index.php\/category\/blog\/"},"img":{"alt_text":"","src":"https:\/\/i0.wp.com\/noticiasribeiraopreto.com.br\/wp-content\/uploads\/2023\/12\/postimg-656cbe4d352ce5761.jpg?fit=1200%2C628&ssl=1&resize=350%2C200","width":350,"height":200,"srcset":"https:\/\/i0.wp.com\/noticiasribeiraopreto.com.br\/wp-content\/uploads\/2023\/12\/postimg-656cbe4d352ce5761.jpg?fit=1200%2C628&ssl=1&resize=350%2C200 1x, https:\/\/i0.wp.com\/noticiasribeiraopreto.com.br\/wp-content\/uploads\/2023\/12\/postimg-656cbe4d352ce5761.jpg?fit=1200%2C628&ssl=1&resize=525%2C300 1.5x, https:\/\/i0.wp.com\/noticiasribeiraopreto.com.br\/wp-content\/uploads\/2023\/12\/postimg-656cbe4d352ce5761.jpg?fit=1200%2C628&ssl=1&resize=700%2C400 2x, https:\/\/i0.wp.com\/noticiasribeiraopreto.com.br\/wp-content\/uploads\/2023\/12\/postimg-656cbe4d352ce5761.jpg?fit=1200%2C628&ssl=1&resize=1050%2C600 3x"},"classes":[]},{"id":70392,"url":"https:\/\/noticiasribeiraopreto.com.br\/index.php\/2025\/05\/25\/jornal-da-franca-tatuagem-interfere-na-nossa-energia-especialista-explica\/","url_meta":{"origin":74740,"position":4},"title":"Jornal da Franca &#8211; Tatuagem interfere na nossa energia? Especialista explica!","author":"noticiasribeiraopreto.com.br","date":"25 de May de 2025","format":false,"excerpt":"compartilhar no whatsapp compartilhar no telegram compartilhar no facebook compartilhar no linkedin Tatuagem \u00e9 um ritual energ\u00e9tico e simb\u00f3lico que pode mudar sua vida para o bem ou para o mal Uma tatuagem carrega uma for\u00e7a muito maior do que se imagina \u2013 foto Arquivo \u00a0 A tatuagem, muitas vezes\u2026","rel":"","context":"In &quot;Not\u00edcias de Franca-SP&quot;","block_context":{"text":"Not\u00edcias de Franca-SP","link":"https:\/\/noticiasribeiraopreto.com.br\/index.php\/category\/noticias-de-ribeirao-preto-sp-e-regiao-ismael-colosi\/noticias-franca-sp\/"},"img":{"alt_text":"","src":"https:\/\/i0.wp.com\/noticiasribeiraopreto.com.br\/wp-content\/uploads\/2025\/05\/Remocao-de-tatuagem.jpg?fit=1200%2C800&ssl=1&resize=350%2C200","width":350,"height":200,"srcset":"https:\/\/i0.wp.com\/noticiasribeiraopreto.com.br\/wp-content\/uploads\/2025\/05\/Remocao-de-tatuagem.jpg?fit=1200%2C800&ssl=1&resize=350%2C200 1x, https:\/\/i0.wp.com\/noticiasribeiraopreto.com.br\/wp-content\/uploads\/2025\/05\/Remocao-de-tatuagem.jpg?fit=1200%2C800&ssl=1&resize=525%2C300 1.5x, https:\/\/i0.wp.com\/noticiasribeiraopreto.com.br\/wp-content\/uploads\/2025\/05\/Remocao-de-tatuagem.jpg?fit=1200%2C800&ssl=1&resize=700%2C400 2x, https:\/\/i0.wp.com\/noticiasribeiraopreto.com.br\/wp-content\/uploads\/2025\/05\/Remocao-de-tatuagem.jpg?fit=1200%2C800&ssl=1&resize=1050%2C600 3x"},"classes":[]},{"id":73749,"url":"https:\/\/noticiasribeiraopreto.com.br\/index.php\/2025\/07\/09\/obras-de-revitalizacao-da-dbea-custam-r-650-mil\/","url_meta":{"origin":74740,"position":5},"title":"Obras de revitaliza\u00e7\u00e3o da DBEA custam R$ 650 mil","author":"noticiasribeiraopreto.com.br","date":"9 de July de 2025","format":false,"excerpt":"9 de julho de 2025 09:008 de julho de 2025 21:2910 Compartilhar0 A prefeitura de Ribeir\u00e3o Preto, por meio da Secretaria Municipal de Meio Ambiente, est\u00e1 finalizando as obras de revitaliza\u00e7\u00e3o da Divis\u00e3o de Bem-Estar Animal (DBEA). O espa\u00e7o, criado h\u00e1 25 anos, passa pela primeira grande reforma desde sua\u2026","rel":"","context":"In &quot;Not\u00edcias de Ribeir\u00e3o Preto-SP e Regi\u00e3o&quot;","block_context":{"text":"Not\u00edcias de Ribeir\u00e3o Preto-SP e Regi\u00e3o","link":"https:\/\/noticiasribeiraopreto.com.br\/index.php\/category\/noticias-de-ribeirao-preto-sp-e-regiao-ismael-colosi\/"},"img":{"alt_text":"","src":"https:\/\/i0.wp.com\/noticiasribeiraopreto.com.br\/wp-content\/uploads\/2025\/07\/DBEA-Divulgacao.jpg?fit=1000%2C666&ssl=1&resize=350%2C200","width":350,"height":200,"srcset":"https:\/\/i0.wp.com\/noticiasribeiraopreto.com.br\/wp-content\/uploads\/2025\/07\/DBEA-Divulgacao.jpg?fit=1000%2C666&ssl=1&resize=350%2C200 1x, https:\/\/i0.wp.com\/noticiasribeiraopreto.com.br\/wp-content\/uploads\/2025\/07\/DBEA-Divulgacao.jpg?fit=1000%2C666&ssl=1&resize=525%2C300 1.5x, https:\/\/i0.wp.com\/noticiasribeiraopreto.com.br\/wp-content\/uploads\/2025\/07\/DBEA-Divulgacao.jpg?fit=1000%2C666&ssl=1&resize=700%2C400 2x"},"classes":[]}],"jetpack_sharing_enabled":true,"jetpack_shortlink":"https:\/\/wp.me\/peQAOb-jru","_links":{"self":[{"href":"https:\/\/noticiasribeiraopreto.com.br\/index.php\/wp-json\/wp\/v2\/posts\/74740","targetHints":{"allow":["GET"]}}],"collection":[{"href":"https:\/\/noticiasribeiraopreto.com.br\/index.php\/wp-json\/wp\/v2\/posts"}],"about":[{"href":"https:\/\/noticiasribeiraopreto.com.br\/index.php\/wp-json\/wp\/v2\/types\/post"}],"author":[{"embeddable":true,"href":"https:\/\/noticiasribeiraopreto.com.br\/index.php\/wp-json\/wp\/v2\/users\/1"}],"replies":[{"embeddable":true,"href":"https:\/\/noticiasribeiraopreto.com.br\/index.php\/wp-json\/wp\/v2\/comments?post=74740"}],"version-history":[{"count":0,"href":"https:\/\/noticiasribeiraopreto.com.br\/index.php\/wp-json\/wp\/v2\/posts\/74740\/revisions"}],"wp:featuredmedia":[{"embeddable":true,"href":"https:\/\/noticiasribeiraopreto.com.br\/index.php\/wp-json\/wp\/v2\/media\/74741"}],"wp:attachment":[{"href":"https:\/\/noticiasribeiraopreto.com.br\/index.php\/wp-json\/wp\/v2\/media?parent=74740"}],"wp:term":[{"taxonomy":"category","embeddable":true,"href":"https:\/\/noticiasribeiraopreto.com.br\/index.php\/wp-json\/wp\/v2\/categories?post=74740"},{"taxonomy":"post_tag","embeddable":true,"href":"https:\/\/noticiasribeiraopreto.com.br\/index.php\/wp-json\/wp\/v2\/tags?post=74740"}],"curies":[{"name":"wp","href":"https:\/\/api.w.org\/{rel}","templated":true}]}}