{"id":74742,"date":"2025-07-28T16:21:19","date_gmt":"2025-07-28T19:21:19","guid":{"rendered":"https:\/\/noticiasribeiraopreto.com.br\/index.php\/2025\/07\/28\/policia-investiga-se-elizabete-arrabaca-matou-amiga-envenenada-ha-nove-anos\/"},"modified":"2025-07-28T16:21:19","modified_gmt":"2025-07-28T19:21:19","slug":"policia-investiga-se-elizabete-arrabaca-matou-amiga-envenenada-ha-nove-anos","status":"publish","type":"post","link":"https:\/\/noticiasribeiraopreto.com.br\/index.php\/2025\/07\/28\/policia-investiga-se-elizabete-arrabaca-matou-amiga-envenenada-ha-nove-anos\/","title":{"rendered":"Pol\u00edcia investiga se Elizabete Arraba\u00e7a matou amiga envenenada h\u00e1 nove anos"},"content":{"rendered":"<div class='code-block code-block-1' style='margin: 8px 0 8px auto; text-align: right; display: block; clear: both;'>\n<p><a href=\"https:\/\/wa.link\/vpicfd\"><img data-recalc-dims=\"1\" class=\"wp-image-4922\" style=\"aspect-ratio: 2.0253164556962027; width: 561px; height: auto;\" src=\"https:\/\/i0.wp.com\/ismaelcolosi.com.br\/wp-content\/uploads\/2023\/11\/grupo-de-empregos-whatsapp-e-facebook-ismael-colosi-vagas.jpg?ssl=1\" alt=\"\" \/><\/a><\/p>\n<!-- \/wp:image -->\n<\/div>\n<p> <br \/>\n<\/p>\n<div>\n<p>A Pol\u00edcia Civil de Ribeir\u00e3o Preto investiga <strong>uma terceira morte ligada a Elizabete Arraba\u00e7a<\/strong>, suspeita de envenenar a nora <strong>Larissa Rodrigues <\/strong>e de matar a pr\u00f3pria filha, <strong>Nath\u00e1lia Garnica<\/strong>, em Pontal. Nos dois casos, <strong>a investiga\u00e7\u00e3o concluiu que Elizabete usou chumbinho como subst\u00e2ncia t\u00f3xica.<\/strong><\/p>\n<p>A <strong>nova apura\u00e7\u00e3o envolve a morte de \u00c9lide Guide<\/strong>, amiga de Elizabete, <strong>encontrada morta dentro de casa h\u00e1 nove anos<\/strong>, tamb\u00e9m em Pontal. Segundo o delegado Jos\u00e9 Carvalho de Ara\u00fajo, os ind\u00edcios surgiram durante os depoimentos colhidos no curso das investiga\u00e7\u00f5es sobre as mortes mais recentes e por meio de den\u00fancias recebidas nos \u00faltimos meses.<\/p>\n<figure class=\"wp-block-pullquote\">\n<blockquote>\n<p>Chegou um depoimento de que teria acontecido com ela o mesmo que aconteceu com a filha e a nora da Elizabete. N\u00f3s vamos inicialmente analisar os documentos do Servi\u00e7o de Verifica\u00e7\u00e3o de \u00d3bito, ouvir as pessoas que tiveram de alguma forma envolvimento com essa pessoa e que tiveram algum conhecimento da rela\u00e7\u00e3o de amizade das duas. Isso \u00e9 importante para o inqu\u00e9rito<\/p>\n<p><cite>afirma o delegado<\/cite><\/p><\/blockquote>\n<\/figure>\n<p>O m\u00e9dico patologista<strong> D\u00eanis Welington Moura Ferreira<\/strong>, respons\u00e1vel pela aut\u00f3psia de \u00c9lide, registrou edema pulmonar como causa da morte. A v\u00edtima,<strong> que tinha 80 anos e morava sozinha<\/strong>, n\u00e3o chegou a ser submetida a exames toxicol\u00f3gicos na \u00e9poca. <mark style=\"background-color:#fcb900\" class=\"has-inline-color\">A pol\u00edcia avalia agora a possibilidade de exumar o corpo para an\u00e1lise dos restos mortais.<\/mark><\/p>\n<h3 class=\"wp-block-heading\"><strong>Morte da cadela Babi<\/strong><\/h3>\n<p>Outro inqu\u00e9rito foi aberto para apurar a morte da cadela Babi, que pertencia \u00e0 filha de Elizabete. O corpo do animal foi exumado com o objetivo de identificar tra\u00e7os do mesmo veneno. A suspeita \u00e9 que a subst\u00e2ncia tenha sido testada na cadela antes do crime contra Nath\u00e1lia.<\/p>\n<p><strong>Elizabete Arraba\u00e7a est\u00e1 presa desde o dia 6 de maio<\/strong>, ap\u00f3s o laudo toxicol\u00f3gico confirmar a presen\u00e7a de chumbinho no organismo de Larissa Rodrigues. A defesa da acusada foi procurada, <strong>mas n\u00e3o se manifestou at\u00e9 a publica\u00e7\u00e3o desta mat\u00e9ria<\/strong>, espa\u00e7o segue em aberto. <\/p>\n<p><sup><sub>Com informa\u00e7\u00f5es da EPTV<\/sub><\/sup><\/p>\n<hr class=\"wp-block-separator has-alpha-channel-opacity\"\/>\n<p>SAIBA MAIS<\/p>\n<p>Acidente com 5 ve\u00edculos trava tr\u00e2nsito na Anhanguera na regi\u00e3o de Ribeir\u00e3o Preto; Fotos<\/p>\n<h2 class=\"wp-block-heading\"><strong>FIQUE ON<\/strong><\/h2>\n<p>Quer ficar por dentro de tudo que acontece em Ribeir\u00e3o Preto e regi\u00e3o? Ent\u00e3o siga os perfis do\u202facidade on\u202fno\u202f<a href=\"https:\/\/www.instagram.com\/acidadeonribeirao\" target=\"_blank\" rel=\"noreferrer noopener\">Instagram<\/a>\u202fe no\u202f<a href=\"https:\/\/www.facebook.com\/acidadeonribeirao\/\" target=\"_blank\" rel=\"noreferrer noopener\">Facebook<\/a>.<\/p>\n<p>Al\u00e9m disso, voc\u00ea pode receber as principais not\u00edcias diretamente no WhatsApp. Para isso, basta\u00a0<a href=\"https:\/\/chat.whatsapp.com\/BjKQZ9oJwlz8VVT50NuePq\" target=\"_blank\" rel=\"noreferrer noopener\">entrar no grupo clicando aqui<\/a>.<\/p>\n<p>Por fim, se quiser fazer uma den\u00fancia ou sugerir uma reportagem sobre Ribeir\u00e3o Preto e regi\u00e3o, envie uma mensagem pelo WhatsApp: (16) 99117-7802.<\/p>\n<p>VEJA TAMB\u00c9M<\/p>\n<p>Qual o hor\u00e1rio em que celulares s\u00e3o mais furtados?<\/p>\n<p><!-- AI CONTENT END 1 -->\n<\/div>\n<p><script async src=\"\/\/www.instagram.com\/embed.js\"><\/script><br \/>\n<br \/><br \/>\n<br \/><a href=\"https:\/\/www.acidadeon.com\/ribeiraopreto\/cotidiano\/policia-investiga-se-elizabete-arrabaca-matou-amiga-envenenada-ha-nove-anos\/\">Source link <\/a><\/p>\n<!-- CONTENT END 1 -->\n","protected":false},"excerpt":{"rendered":"<p>A Pol\u00edcia Civil de Ribeir\u00e3o Preto investiga uma terceira morte ligada a Elizabete Arraba\u00e7a, suspeita de envenenar a nora Larissa Rodrigues e de matar a&#8230;<\/p>\n","protected":false},"author":1,"featured_media":73187,"comment_status":"open","ping_status":"open","sticky":false,"template":"","format":"standard","meta":{"advanced_seo_description":"","jetpack_seo_html_title":"","jetpack_seo_noindex":false,"jetpack_post_was_ever_published":false,"_jetpack_newsletter_access":"","_jetpack_dont_email_post_to_subs":false,"_jetpack_newsletter_tier_id":0,"_jetpack_memberships_contains_paywalled_content":false,"_jetpack_memberships_contains_paid_content":false,"footnotes":"","jetpack_publicize_message":"","jetpack_publicize_feature_enabled":true,"jetpack_social_post_already_shared":true,"jetpack_social_options":{"image_generator_settings":{"template":"highway","default_image_id":0,"font":"","enabled":false},"version":2}},"categories":[11],"tags":[],"class_list":["post-74742","post","type-post","status-publish","format-standard","has-post-thumbnail","hentry","category-noticias-de-ribeirao-preto-sp-e-regiao-ismael-colosi"],"jetpack_publicize_connections":[],"jetpack_featured_media_url":"https:\/\/i0.wp.com\/noticiasribeiraopreto.com.br\/wp-content\/uploads\/2025\/06\/ret_2025-06-26_17-04-24.webp.webp?fit=1200%2C675&ssl=1","jetpack-related-posts":[{"id":73340,"url":"https:\/\/noticiasribeiraopreto.com.br\/index.php\/2025\/06\/30\/policia-investigada-se-elizabete-envenenou-amiga-mulher-foi-parar-na-uti-apos-tomar-comprimido\/","url_meta":{"origin":74742,"position":0},"title":"Pol\u00edcia investigada se Elizabete envenenou amiga; Mulher foi parar na UTI ap\u00f3s tomar comprimido","author":"noticiasribeiraopreto.com.br","date":"30 de June de 2025","format":false,"excerpt":"O ex-marido de Elizabete Arraba\u00e7a, Ant\u00f4nio Garnica, disse \u00e0 Policia Civil que uma amiga dela, identificada como Neuza, passou mal e foi parar na UTI, ap\u00f3s tomar um comprimido oferecido por ela. Garnica, que \u00e9 ex-prefeito de Pontal, na regi\u00e3o de Ribeir\u00e3o Preto, prestou depoimento como testemunha. Elizabete e o\u2026","rel":"","context":"In &quot;Not\u00edcias de Ribeir\u00e3o Preto-SP e Regi\u00e3o&quot;","block_context":{"text":"Not\u00edcias de Ribeir\u00e3o Preto-SP e Regi\u00e3o","link":"https:\/\/noticiasribeiraopreto.com.br\/index.php\/category\/noticias-de-ribeirao-preto-sp-e-regiao-ismael-colosi\/"},"img":{"alt_text":"","src":"https:\/\/i0.wp.com\/noticiasribeiraopreto.com.br\/wp-content\/uploads\/2025\/06\/ELIZABETE_2025-06-30_17-33-46.webp.webp?fit=1200%2C757&ssl=1&resize=350%2C200","width":350,"height":200,"srcset":"https:\/\/i0.wp.com\/noticiasribeiraopreto.com.br\/wp-content\/uploads\/2025\/06\/ELIZABETE_2025-06-30_17-33-46.webp.webp?fit=1200%2C757&ssl=1&resize=350%2C200 1x, https:\/\/i0.wp.com\/noticiasribeiraopreto.com.br\/wp-content\/uploads\/2025\/06\/ELIZABETE_2025-06-30_17-33-46.webp.webp?fit=1200%2C757&ssl=1&resize=525%2C300 1.5x, https:\/\/i0.wp.com\/noticiasribeiraopreto.com.br\/wp-content\/uploads\/2025\/06\/ELIZABETE_2025-06-30_17-33-46.webp.webp?fit=1200%2C757&ssl=1&resize=700%2C400 2x, https:\/\/i0.wp.com\/noticiasribeiraopreto.com.br\/wp-content\/uploads\/2025\/06\/ELIZABETE_2025-06-30_17-33-46.webp.webp?fit=1200%2C757&ssl=1&resize=1050%2C600 3x"},"classes":[]},{"id":85354,"url":"https:\/\/noticiasribeiraopreto.com.br\/index.php\/2026\/04\/30\/policia-arquiva-inquerito-contra-elizabete\/","url_meta":{"origin":74742,"position":1},"title":"Pol\u00edcia arquiva inqu\u00e9rito contra Elizabete","author":"noticiasribeiraopreto.com.br","date":"30 de April de 2026","format":false,"excerpt":"| Por: Adalberto Luque | A Pol\u00edcia Civil encerrou o inqu\u00e9rito que apurava se \u00c9lede Guidi teria sido morta por envenenamento por sua amiga, Elizabete Eug\u00eanio Arraba\u00e7a. O caso foi arquivado por falta de provas e pela impossibilidade de realizar o exame no cad\u00e1ver. O caso foi arquivado pela Delegacia\u2026","rel":"","context":"In &quot;Not\u00edcias de Ribeir\u00e3o Preto-SP e Regi\u00e3o&quot;","block_context":{"text":"Not\u00edcias de Ribeir\u00e3o Preto-SP e Regi\u00e3o","link":"https:\/\/noticiasribeiraopreto.com.br\/index.php\/category\/noticias-de-ribeirao-preto-sp-e-regiao-ismael-colosi\/"},"img":{"alt_text":"","src":"https:\/\/i0.wp.com\/noticiasribeiraopreto.com.br\/wp-content\/uploads\/2026\/04\/MortePRO-Mae-Reproducao.jpg?fit=540%2C432&ssl=1&resize=350%2C200","width":350,"height":200,"srcset":"https:\/\/i0.wp.com\/noticiasribeiraopreto.com.br\/wp-content\/uploads\/2026\/04\/MortePRO-Mae-Reproducao.jpg?fit=540%2C432&ssl=1&resize=350%2C200 1x, https:\/\/i0.wp.com\/noticiasribeiraopreto.com.br\/wp-content\/uploads\/2026\/04\/MortePRO-Mae-Reproducao.jpg?fit=540%2C432&ssl=1&resize=525%2C300 1.5x"},"classes":[]},{"id":73773,"url":"https:\/\/noticiasribeiraopreto.com.br\/index.php\/2025\/07\/09\/exumacao-de-cachorrinha-que-estava-com-elizabete-arrabaca-sera-nesta-quinta-feira\/","url_meta":{"origin":74742,"position":2},"title":"Exuma\u00e7\u00e3o de cachorrinha que estava com Elizabete Arraba\u00e7a ser\u00e1 nesta quinta-feira","author":"noticiasribeiraopreto.com.br","date":"9 de July de 2025","format":false,"excerpt":"Os peritos do IML (Instituto M\u00e9dico Legal) de Ribeir\u00e3o Preto realizam nesta quinta-feira (10) a exuma\u00e7\u00e3o da cadela Babi, que morreu 15 dias antes da tutora, Nath\u00e1lia Garnica. O procedimento faz parte da investiga\u00e7\u00e3o que aponta Elizabete Arraba\u00e7a, m\u00e3e de Nath\u00e1lia, como principal suspeita pela morte da filha Nath\u00e1lia e\u2026","rel":"","context":"In &quot;Not\u00edcias de Ribeir\u00e3o Preto-SP e Regi\u00e3o&quot;","block_context":{"text":"Not\u00edcias de Ribeir\u00e3o Preto-SP e Regi\u00e3o","link":"https:\/\/noticiasribeiraopreto.com.br\/index.php\/category\/noticias-de-ribeirao-preto-sp-e-regiao-ismael-colosi\/"},"img":{"alt_text":"","src":"https:\/\/i0.wp.com\/noticiasribeiraopreto.com.br\/wp-content\/uploads\/2025\/07\/babi_2025-07-09_16-55-24.webp.webp?fit=957%2C676&ssl=1&resize=350%2C200","width":350,"height":200,"srcset":"https:\/\/i0.wp.com\/noticiasribeiraopreto.com.br\/wp-content\/uploads\/2025\/07\/babi_2025-07-09_16-55-24.webp.webp?fit=957%2C676&ssl=1&resize=350%2C200 1x, https:\/\/i0.wp.com\/noticiasribeiraopreto.com.br\/wp-content\/uploads\/2025\/07\/babi_2025-07-09_16-55-24.webp.webp?fit=957%2C676&ssl=1&resize=525%2C300 1.5x, https:\/\/i0.wp.com\/noticiasribeiraopreto.com.br\/wp-content\/uploads\/2025\/07\/babi_2025-07-09_16-55-24.webp.webp?fit=957%2C676&ssl=1&resize=700%2C400 2x"},"classes":[]},{"id":78650,"url":"https:\/\/noticiasribeiraopreto.com.br\/index.php\/2025\/10\/15\/elizabete-arrabaca-e-indiciada-pela-morte-da-propria-filha-por-envenenamento\/","url_meta":{"origin":74742,"position":3},"title":"Elizabete Arraba\u00e7a \u00e9 indiciada pela morte da pr\u00f3pria filha por envenenamento","author":"noticiasribeiraopreto.com.br","date":"15 de October de 2025","format":false,"excerpt":"A Pol\u00edcia Civil concluiu a investiga\u00e7\u00e3o e indiciou Elizabete Arraba\u00e7a pela morte da filha Nath\u00e1lia Garnica, morta em Pontal, na regi\u00e3o de Ribeir\u00e3o Preto, em fevereiro deste ano. Segundo o delegado Fernando Bravo, o crime teria sido motivado por motivos financeiros. O caso foi encaminhado pela pol\u00edcia para o MP-SP\u2026","rel":"","context":"In &quot;Not\u00edcias de Ribeir\u00e3o Preto-SP e Regi\u00e3o&quot;","block_context":{"text":"Not\u00edcias de Ribeir\u00e3o Preto-SP e Regi\u00e3o","link":"https:\/\/noticiasribeiraopreto.com.br\/index.php\/category\/noticias-de-ribeirao-preto-sp-e-regiao-ismael-colosi\/"},"img":{"alt_text":"","src":"https:\/\/i0.wp.com\/noticiasribeiraopreto.com.br\/wp-content\/uploads\/2025\/06\/ret_2025-06-26_17-04-24.webp.webp?fit=1200%2C675&ssl=1&resize=350%2C200","width":350,"height":200,"srcset":"https:\/\/i0.wp.com\/noticiasribeiraopreto.com.br\/wp-content\/uploads\/2025\/06\/ret_2025-06-26_17-04-24.webp.webp?fit=1200%2C675&ssl=1&resize=350%2C200 1x, https:\/\/i0.wp.com\/noticiasribeiraopreto.com.br\/wp-content\/uploads\/2025\/06\/ret_2025-06-26_17-04-24.webp.webp?fit=1200%2C675&ssl=1&resize=525%2C300 1.5x, https:\/\/i0.wp.com\/noticiasribeiraopreto.com.br\/wp-content\/uploads\/2025\/06\/ret_2025-06-26_17-04-24.webp.webp?fit=1200%2C675&ssl=1&resize=700%2C400 2x, https:\/\/i0.wp.com\/noticiasribeiraopreto.com.br\/wp-content\/uploads\/2025\/06\/ret_2025-06-26_17-04-24.webp.webp?fit=1200%2C675&ssl=1&resize=1050%2C600 3x"},"classes":[]},{"id":83847,"url":"https:\/\/noticiasribeiraopreto.com.br\/index.php\/2026\/03\/27\/elizabete-sera-julgada-em-pontal-por-morte-da-filha\/","url_meta":{"origin":74742,"position":4},"title":"Elizabete ser\u00e1 julgada em Pontal por morte da filha","author":"noticiasribeiraopreto.com.br","date":"27 de March de 2026","format":false,"excerpt":"\r Ju\u00edza respons\u00e1vel pelo caso havia declarado que o caso deveria ser julgado em Ribeir\u00e3o Preto\r \r 27 de mar\u00e7o de 2026 10:54 \r Compartilhar2 Por: Adalberto Luque A C\u00e2mara Especial do Tribunal de Justi\u00e7a de S\u00e3o Paulo (TJSP) confirmou para Pontal o julgamento de Elizabete Eug\u00eanio Arraba\u00e7a, de 68\u2026","rel":"","context":"In &quot;Not\u00edcias de Ribeir\u00e3o Preto-SP e Regi\u00e3o&quot;","block_context":{"text":"Not\u00edcias de Ribeir\u00e3o Preto-SP e Regi\u00e3o","link":"https:\/\/noticiasribeiraopreto.com.br\/index.php\/category\/noticias-de-ribeirao-preto-sp-e-regiao-ismael-colosi\/"},"img":{"alt_text":"","src":"https:\/\/i0.wp.com\/noticiasribeiraopreto.com.br\/wp-content\/uploads\/2026\/03\/12-set-2025-betechumbinhonathalia1.jpg?fit=906%2C752&ssl=1&resize=350%2C200","width":350,"height":200,"srcset":"https:\/\/i0.wp.com\/noticiasribeiraopreto.com.br\/wp-content\/uploads\/2026\/03\/12-set-2025-betechumbinhonathalia1.jpg?fit=906%2C752&ssl=1&resize=350%2C200 1x, https:\/\/i0.wp.com\/noticiasribeiraopreto.com.br\/wp-content\/uploads\/2026\/03\/12-set-2025-betechumbinhonathalia1.jpg?fit=906%2C752&ssl=1&resize=525%2C300 1.5x, https:\/\/i0.wp.com\/noticiasribeiraopreto.com.br\/wp-content\/uploads\/2026\/03\/12-set-2025-betechumbinhonathalia1.jpg?fit=906%2C752&ssl=1&resize=700%2C400 2x"},"classes":[]},{"id":78672,"url":"https:\/\/noticiasribeiraopreto.com.br\/index.php\/2025\/10\/15\/acusada-de-matar-filha-e-nora-elizabete-arrabaca-se-encaixa-em-perfil-de-serial-killer-afirma-mp\/","url_meta":{"origin":74742,"position":5},"title":"Acusada de matar filha e nora, Elizabete Arraba\u00e7a se encaixa em perfil de serial killer, afirma MP","author":"noticiasribeiraopreto.com.br","date":"15 de October de 2025","format":false,"excerpt":"Elizabete Arraba\u00e7a, de 68 anos, \u00e9 acusada de matar a filha e a nora, Larissa Rodrigues, em crimes que seguem o perfil de serial killer, segundo a Pol\u00edcia Civil e o Minist\u00e9rio P\u00fablico. Os homic\u00eddios ocorreram em fevereiro e mar\u00e7o deste ano, em Pontal e Ribeir\u00e3o Preto, e as v\u00edtimas\u2026","rel":"","context":"In &quot;Not\u00edcias de Ribeir\u00e3o Preto-SP e Regi\u00e3o&quot;","block_context":{"text":"Not\u00edcias de Ribeir\u00e3o Preto-SP e Regi\u00e3o","link":"https:\/\/noticiasribeiraopreto.com.br\/index.php\/category\/noticias-de-ribeirao-preto-sp-e-regiao-ismael-colosi\/"},"img":{"alt_text":"","src":"https:\/\/i0.wp.com\/noticiasribeiraopreto.com.br\/wp-content\/uploads\/2025\/06\/Copia-de-Copia-de-Copia-de-TAMANHO-EXATO-PARA-FOTOS-NO-SISTEMA-NOVO-2025-06-28T184923.591_2025-06-28_21-49-29.webp.webp?fit=1200%2C675&ssl=1&resize=350%2C200","width":350,"height":200,"srcset":"https:\/\/i0.wp.com\/noticiasribeiraopreto.com.br\/wp-content\/uploads\/2025\/06\/Copia-de-Copia-de-Copia-de-TAMANHO-EXATO-PARA-FOTOS-NO-SISTEMA-NOVO-2025-06-28T184923.591_2025-06-28_21-49-29.webp.webp?fit=1200%2C675&ssl=1&resize=350%2C200 1x, https:\/\/i0.wp.com\/noticiasribeiraopreto.com.br\/wp-content\/uploads\/2025\/06\/Copia-de-Copia-de-Copia-de-TAMANHO-EXATO-PARA-FOTOS-NO-SISTEMA-NOVO-2025-06-28T184923.591_2025-06-28_21-49-29.webp.webp?fit=1200%2C675&ssl=1&resize=525%2C300 1.5x, https:\/\/i0.wp.com\/noticiasribeiraopreto.com.br\/wp-content\/uploads\/2025\/06\/Copia-de-Copia-de-Copia-de-TAMANHO-EXATO-PARA-FOTOS-NO-SISTEMA-NOVO-2025-06-28T184923.591_2025-06-28_21-49-29.webp.webp?fit=1200%2C675&ssl=1&resize=700%2C400 2x, https:\/\/i0.wp.com\/noticiasribeiraopreto.com.br\/wp-content\/uploads\/2025\/06\/Copia-de-Copia-de-Copia-de-TAMANHO-EXATO-PARA-FOTOS-NO-SISTEMA-NOVO-2025-06-28T184923.591_2025-06-28_21-49-29.webp.webp?fit=1200%2C675&ssl=1&resize=1050%2C600 3x"},"classes":[]}],"jetpack_sharing_enabled":true,"jetpack_shortlink":"https:\/\/wp.me\/peQAOb-jrw","_links":{"self":[{"href":"https:\/\/noticiasribeiraopreto.com.br\/index.php\/wp-json\/wp\/v2\/posts\/74742","targetHints":{"allow":["GET"]}}],"collection":[{"href":"https:\/\/noticiasribeiraopreto.com.br\/index.php\/wp-json\/wp\/v2\/posts"}],"about":[{"href":"https:\/\/noticiasribeiraopreto.com.br\/index.php\/wp-json\/wp\/v2\/types\/post"}],"author":[{"embeddable":true,"href":"https:\/\/noticiasribeiraopreto.com.br\/index.php\/wp-json\/wp\/v2\/users\/1"}],"replies":[{"embeddable":true,"href":"https:\/\/noticiasribeiraopreto.com.br\/index.php\/wp-json\/wp\/v2\/comments?post=74742"}],"version-history":[{"count":0,"href":"https:\/\/noticiasribeiraopreto.com.br\/index.php\/wp-json\/wp\/v2\/posts\/74742\/revisions"}],"wp:featuredmedia":[{"embeddable":true,"href":"https:\/\/noticiasribeiraopreto.com.br\/index.php\/wp-json\/wp\/v2\/media\/73187"}],"wp:attachment":[{"href":"https:\/\/noticiasribeiraopreto.com.br\/index.php\/wp-json\/wp\/v2\/media?parent=74742"}],"wp:term":[{"taxonomy":"category","embeddable":true,"href":"https:\/\/noticiasribeiraopreto.com.br\/index.php\/wp-json\/wp\/v2\/categories?post=74742"},{"taxonomy":"post_tag","embeddable":true,"href":"https:\/\/noticiasribeiraopreto.com.br\/index.php\/wp-json\/wp\/v2\/tags?post=74742"}],"curies":[{"name":"wp","href":"https:\/\/api.w.org\/{rel}","templated":true}]}}