{"id":74743,"date":"2025-07-28T16:27:41","date_gmt":"2025-07-28T19:27:41","guid":{"rendered":"https:\/\/noticiasribeiraopreto.com.br\/index.php\/2025\/07\/28\/jacque-falcheti-convida-fernanda-marx-para-show-em-ribeirao-preto\/"},"modified":"2025-07-28T16:27:41","modified_gmt":"2025-07-28T19:27:41","slug":"jacque-falcheti-convida-fernanda-marx-para-show-em-ribeirao-preto","status":"publish","type":"post","link":"https:\/\/noticiasribeiraopreto.com.br\/index.php\/2025\/07\/28\/jacque-falcheti-convida-fernanda-marx-para-show-em-ribeirao-preto\/","title":{"rendered":"Jacque Falcheti convida Fernanda Marx para show em Ribeir\u00e3o Preto"},"content":{"rendered":"<div class='code-block code-block-1' style='margin: 8px 0 8px auto; text-align: right; display: block; clear: both;'>\n<p><a href=\"https:\/\/wa.link\/vpicfd\"><img data-recalc-dims=\"1\" class=\"wp-image-4922\" style=\"aspect-ratio: 2.0253164556962027; width: 561px; height: auto;\" src=\"https:\/\/i0.wp.com\/ismaelcolosi.com.br\/wp-content\/uploads\/2023\/11\/grupo-de-empregos-whatsapp-e-facebook-ismael-colosi-vagas.jpg?ssl=1\" alt=\"\" \/><\/a><\/p>\n<!-- \/wp:image -->\n<\/div>\n<p> <br \/>\n<\/p>\n<div data-td-block-uid=\"tdi_95\">\n<div class=\"tdb-block-inner td-fix-index\">\n<p>O Coletivo Fuligem, em <strong>Ribeir\u00e3o Preto<\/strong>, recebe a cantora e compositora <strong>Jacque Falcheti <\/strong>na pr\u00f3xima sexta-feira (1\u00ba de agosto). A artista convida a cantora <strong>Fernanda Marx<\/strong>, a partir das 20h30, para show com a entrada \u00e9 gratuita.<\/p>\n<p>Jacque Falcheti volta a Ribeir\u00e3o Preto onde se apresenta pela \u00faltima vez antes de embarcar para Europa, para realizar uma turn\u00ea passando por sete pa\u00edses. <mark style=\"background-color:#fcb900\" class=\"has-inline-color has-black-color\">O show \u00e9 inclusivo, contando com a participa\u00e7\u00e3o de uma tradutora de Libras.<\/mark><\/p>\n<p>Jacque Falcheti interpreta as m\u00fasicas do \u00e1lbum CRUA em um formato minimalista de voz e viol\u00e3o, al\u00e9m de composi\u00e7\u00f5es in\u00e9ditas que estar\u00e3o no pr\u00f3ximo \u00e1lbum da artista.<\/p>\n<h2 class=\"wp-block-heading\"><strong>Servi\u00e7o<\/strong><\/h2>\n<p><strong>Jacque Falcheti convida Fernanda Marx<br \/>Quando:<\/strong> sexta-feira, 1\u00ba de agosto, a partir das 20h30<br \/><strong>Onde:<\/strong> Coletivo Fuligem \u2013 rua Doutor Loiola, 532, Vila Tib\u00e9rio \u2013 Ribeir\u00e3o Preto<br \/><strong>Entrada gratuita<\/strong>.<\/p>\n<p>SAIBA MAIS<br \/>Ribeir\u00e3o Preto recebe alerta para tempestade e queda de granizo; Veja previs\u00e3o<\/p>\n<h2 class=\"wp-block-heading\"><strong>FIQUE ON<\/strong><\/h2>\n<p>Fique ligado em tudo que acontece em Ribeir\u00e3o Preto e regi\u00e3o. Siga os perfis do<strong>\u00a0acidade on<\/strong>\u00a0no<a href=\"https:\/\/www.instagram.com\/acidadeonribeirao\" target=\"_blank\" rel=\"noreferrer noopener\">\u00a0Instagram\u00a0<\/a>e no\u00a0<a href=\"https:\/\/www.facebook.com\/acidadeonribeirao\/\" target=\"_blank\" rel=\"noreferrer noopener\">Facebook<\/a>.<\/p>\n<p>Receba not\u00edcias do\u00a0<strong>acidade on<\/strong>\u00a0no WhatsApp.\u00a0<a href=\"https:\/\/chat.whatsapp.com\/BjKQZ9oJwlz8VVT50NuePq\" target=\"_blank\" rel=\"noreferrer noopener\">Para entrar no grupo, basta clicar aqui.<\/a><\/p>\n<p>Fa\u00e7a uma den\u00fancia ou sugira uma reportagem sobre Ribeir\u00e3o Preto e regi\u00e3o pelo WhatsApp: 16 99117 7802.<\/p>\n<p>VEJA TAMB\u00c9M<br \/>Quando ser\u00e1 o eclipse solar mais longo da hist\u00f3ria?<\/p>\n<p><!-- AI CONTENT END 1 -->\n<\/div>\n<\/div>\n<p><script async src=\"\/\/www.instagram.com\/embed.js\"><\/script><br \/>\n<br \/><br \/>\n<br \/><a href=\"https:\/\/www.acidadeon.com\/ribeiraopreto\/lazer-e-cultura\/jacque-falcheti-convida-fernanda-marx-para-show-em-ribeirao-preto\/\">Source link <\/a><\/p>\n<!-- CONTENT END 1 -->\n","protected":false},"excerpt":{"rendered":"<p>O Coletivo Fuligem, em Ribeir\u00e3o Preto, recebe a cantora e compositora Jacque Falcheti na pr\u00f3xima sexta-feira (1\u00ba de agosto). A artista convida a cantora Fernanda&#8230;<\/p>\n","protected":false},"author":1,"featured_media":74744,"comment_status":"open","ping_status":"open","sticky":false,"template":"","format":"standard","meta":{"advanced_seo_description":"","jetpack_seo_html_title":"","jetpack_seo_noindex":false,"jetpack_post_was_ever_published":false,"_jetpack_newsletter_access":"","_jetpack_dont_email_post_to_subs":false,"_jetpack_newsletter_tier_id":0,"_jetpack_memberships_contains_paywalled_content":false,"_jetpack_memberships_contains_paid_content":false,"footnotes":"","jetpack_publicize_message":"","jetpack_publicize_feature_enabled":true,"jetpack_social_post_already_shared":true,"jetpack_social_options":{"image_generator_settings":{"template":"highway","default_image_id":0,"font":"","enabled":false},"version":2}},"categories":[11],"tags":[],"class_list":["post-74743","post","type-post","status-publish","format-standard","has-post-thumbnail","hentry","category-noticias-de-ribeirao-preto-sp-e-regiao-ismael-colosi"],"jetpack_publicize_connections":[],"jetpack_featured_media_url":"https:\/\/i0.wp.com\/noticiasribeiraopreto.com.br\/wp-content\/uploads\/2025\/07\/jacque-falcheti_2025-07-28_16-29-51.webp.webp?fit=1200%2C800&ssl=1","jetpack-related-posts":[{"id":65850,"url":"https:\/\/noticiasribeiraopreto.com.br\/index.php\/2025\/03\/25\/jacque-falcheti-apresenta-show-gratuito-em-ribeirao-preto\/","url_meta":{"origin":74743,"position":0},"title":"Jacque Falcheti apresenta show gratuito em Ribeir\u00e3o Preto","author":"noticiasribeiraopreto.com.br","date":"25 de March de 2025","format":false,"excerpt":"O Centro Cultural Palace recebe nesta sexta-feira (28), \u00e0s 19h, um show gratuito de Jacque Falcheti. Neste show, Jacque Falcheti convida a cantora Ariane Santos para uma participa\u00e7\u00e3o especial. O repert\u00f3rio contar\u00e1 com m\u00fasicas do \u00e1lbum \u201cCRUA\u201d, com composi\u00e7\u00f5es in\u00e9ditas que Jacque fez durante suas viagens pelo mundo e que\u2026","rel":"","context":"In &quot;Not\u00edcias de Ribeir\u00e3o Preto-SP e Regi\u00e3o&quot;","block_context":{"text":"Not\u00edcias de Ribeir\u00e3o Preto-SP e Regi\u00e3o","link":"https:\/\/noticiasribeiraopreto.com.br\/index.php\/category\/noticias-de-ribeirao-preto-sp-e-regiao-ismael-colosi\/"},"img":{"alt_text":"","src":"https:\/\/i0.wp.com\/noticiasribeiraopreto.com.br\/wp-content\/uploads\/2025\/03\/jacque-falcheti_2024-07-24_16-51-56_jpg_2024-07-24_16-51-56.webp.webp?fit=1065%2C806&ssl=1&resize=350%2C200","width":350,"height":200,"srcset":"https:\/\/i0.wp.com\/noticiasribeiraopreto.com.br\/wp-content\/uploads\/2025\/03\/jacque-falcheti_2024-07-24_16-51-56_jpg_2024-07-24_16-51-56.webp.webp?fit=1065%2C806&ssl=1&resize=350%2C200 1x, https:\/\/i0.wp.com\/noticiasribeiraopreto.com.br\/wp-content\/uploads\/2025\/03\/jacque-falcheti_2024-07-24_16-51-56_jpg_2024-07-24_16-51-56.webp.webp?fit=1065%2C806&ssl=1&resize=525%2C300 1.5x, https:\/\/i0.wp.com\/noticiasribeiraopreto.com.br\/wp-content\/uploads\/2025\/03\/jacque-falcheti_2024-07-24_16-51-56_jpg_2024-07-24_16-51-56.webp.webp?fit=1065%2C806&ssl=1&resize=700%2C400 2x, https:\/\/i0.wp.com\/noticiasribeiraopreto.com.br\/wp-content\/uploads\/2025\/03\/jacque-falcheti_2024-07-24_16-51-56_jpg_2024-07-24_16-51-56.webp.webp?fit=1065%2C806&ssl=1&resize=1050%2C600 3x"},"classes":[]},{"id":71820,"url":"https:\/\/noticiasribeiraopreto.com.br\/index.php\/2025\/06\/10\/jacque-falcheti-realiza-show-gratuito-em-ribeirao-preto-veja-quando\/","url_meta":{"origin":74743,"position":1},"title":"Jacque Falcheti realiza show gratuito em Ribeir\u00e3o Preto; Veja quando","author":"noticiasribeiraopreto.com.br","date":"10 de June de 2025","format":false,"excerpt":"Jacque Falcheti retorna a Ribeir\u00e3o Preto com o projeto \u201cCantautoras de Ribeir\u00e3o Preto \u2013 II\u201d, nesta quinta-feira (12), na Biblioteca Sinh\u00e1 Junqueira, \u00e0s 20h. Com entrada gratuita e aberta ao p\u00fablico em geral, o show \u00e9 inclusivo, contando com a participa\u00e7\u00e3o de uma tradutora de libras. Depois de percorrer 16\u2026","rel":"","context":"In &quot;Not\u00edcias de Ribeir\u00e3o Preto-SP e Regi\u00e3o&quot;","block_context":{"text":"Not\u00edcias de Ribeir\u00e3o Preto-SP e Regi\u00e3o","link":"https:\/\/noticiasribeiraopreto.com.br\/index.php\/category\/noticias-de-ribeirao-preto-sp-e-regiao-ismael-colosi\/"},"img":{"alt_text":"","src":"https:\/\/i0.wp.com\/noticiasribeiraopreto.com.br\/wp-content\/uploads\/2025\/06\/WhatsApp-Image-2025-06-09-at-09.45.50_2025-06-10_13-18-38.webp.webp?fit=1200%2C801&ssl=1&resize=350%2C200","width":350,"height":200,"srcset":"https:\/\/i0.wp.com\/noticiasribeiraopreto.com.br\/wp-content\/uploads\/2025\/06\/WhatsApp-Image-2025-06-09-at-09.45.50_2025-06-10_13-18-38.webp.webp?fit=1200%2C801&ssl=1&resize=350%2C200 1x, https:\/\/i0.wp.com\/noticiasribeiraopreto.com.br\/wp-content\/uploads\/2025\/06\/WhatsApp-Image-2025-06-09-at-09.45.50_2025-06-10_13-18-38.webp.webp?fit=1200%2C801&ssl=1&resize=525%2C300 1.5x, https:\/\/i0.wp.com\/noticiasribeiraopreto.com.br\/wp-content\/uploads\/2025\/06\/WhatsApp-Image-2025-06-09-at-09.45.50_2025-06-10_13-18-38.webp.webp?fit=1200%2C801&ssl=1&resize=700%2C400 2x, https:\/\/i0.wp.com\/noticiasribeiraopreto.com.br\/wp-content\/uploads\/2025\/06\/WhatsApp-Image-2025-06-09-at-09.45.50_2025-06-10_13-18-38.webp.webp?fit=1200%2C801&ssl=1&resize=1050%2C600 3x"},"classes":[]},{"id":58967,"url":"https:\/\/noticiasribeiraopreto.com.br\/index.php\/2024\/10\/10\/ribeirao-preto-recebe-festival-de-musica-e-arte-veja-a-programacao\/","url_meta":{"origin":74743,"position":2},"title":"Ribeir\u00e3o Preto recebe festival de m\u00fasica e arte; Veja a programa\u00e7\u00e3o","author":"noticiasribeiraopreto.com.br","date":"10 de October de 2024","format":false,"excerpt":"Ribeir\u00e3o Preto recebe pela terceira vez o FestMAO, um festival de m\u00fasica e arte, que acontece entre os dias 16 e 19 de outubro em diferentes espa\u00e7os culturais da cidade. O evento re\u00fane artistas e talentos emergentes, al\u00e9m de proporcionar debates e experi\u00eancias. A abertura acontece \u00e0s 19h no deck\u2026","rel":"","context":"In &quot;Not\u00edcias de Ribeir\u00e3o Preto-SP e Regi\u00e3o&quot;","block_context":{"text":"Not\u00edcias de Ribeir\u00e3o Preto-SP e Regi\u00e3o","link":"https:\/\/noticiasribeiraopreto.com.br\/index.php\/category\/noticias-de-ribeirao-preto-sp-e-regiao-ismael-colosi\/"},"img":{"alt_text":"","src":"https:\/\/i0.wp.com\/noticiasribeiraopreto.com.br\/wp-content\/uploads\/2024\/10\/1ec65f67-3a36-4d9f-8c68-2764147adf3d_2024-10-10_16-25-29_jpg_2024-10-10_16-25-30.webp.webp?fit=1200%2C600&ssl=1&resize=350%2C200","width":350,"height":200,"srcset":"https:\/\/i0.wp.com\/noticiasribeiraopreto.com.br\/wp-content\/uploads\/2024\/10\/1ec65f67-3a36-4d9f-8c68-2764147adf3d_2024-10-10_16-25-29_jpg_2024-10-10_16-25-30.webp.webp?fit=1200%2C600&ssl=1&resize=350%2C200 1x, https:\/\/i0.wp.com\/noticiasribeiraopreto.com.br\/wp-content\/uploads\/2024\/10\/1ec65f67-3a36-4d9f-8c68-2764147adf3d_2024-10-10_16-25-29_jpg_2024-10-10_16-25-30.webp.webp?fit=1200%2C600&ssl=1&resize=525%2C300 1.5x, https:\/\/i0.wp.com\/noticiasribeiraopreto.com.br\/wp-content\/uploads\/2024\/10\/1ec65f67-3a36-4d9f-8c68-2764147adf3d_2024-10-10_16-25-29_jpg_2024-10-10_16-25-30.webp.webp?fit=1200%2C600&ssl=1&resize=700%2C400 2x, https:\/\/i0.wp.com\/noticiasribeiraopreto.com.br\/wp-content\/uploads\/2024\/10\/1ec65f67-3a36-4d9f-8c68-2764147adf3d_2024-10-10_16-25-29_jpg_2024-10-10_16-25-30.webp.webp?fit=1200%2C600&ssl=1&resize=1050%2C600 3x"},"classes":[]},{"id":75008,"url":"https:\/\/noticiasribeiraopreto.com.br\/index.php\/2025\/08\/01\/biquini-champions-beer-e-festa-do-peao-confira-atracoes-do-fim-de-semana-em-ribeirao-e-regiao\/","url_meta":{"origin":74743,"position":3},"title":"Biquini, Champions Beer e Festa do Pe\u00e3o: Confira atra\u00e7\u00f5es do fim de semana em Ribeir\u00e3o e regi\u00e3o","author":"noticiasribeiraopreto.com.br","date":"1 de August de 2025","format":false,"excerpt":"O m\u00eas de agosto come\u00e7a com uma programa\u00e7\u00e3o cultural recheada de atividades para diferentes gostos. Ribeir\u00e3o Preto e regi\u00e3o recebe a o show gratuito da banda Biquini, Champions Beer e a Festa do Pe\u00e3o de Pitangueiras. Confira a programa\u00e7\u00e3o completa abaixo. Biquini \u2013 A Vida Come\u00e7a Aos 40 A banda\u2026","rel":"","context":"In &quot;Not\u00edcias de Ribeir\u00e3o Preto-SP e Regi\u00e3o&quot;","block_context":{"text":"Not\u00edcias de Ribeir\u00e3o Preto-SP e Regi\u00e3o","link":"https:\/\/noticiasribeiraopreto.com.br\/index.php\/category\/noticias-de-ribeirao-preto-sp-e-regiao-ismael-colosi\/"},"img":{"alt_text":"","src":"https:\/\/i0.wp.com\/noticiasribeiraopreto.com.br\/wp-content\/uploads\/2025\/07\/biquini-show_2025-07-23_15-39-35.webp.webp?fit=1066%2C600&ssl=1&resize=350%2C200","width":350,"height":200,"srcset":"https:\/\/i0.wp.com\/noticiasribeiraopreto.com.br\/wp-content\/uploads\/2025\/07\/biquini-show_2025-07-23_15-39-35.webp.webp?fit=1066%2C600&ssl=1&resize=350%2C200 1x, https:\/\/i0.wp.com\/noticiasribeiraopreto.com.br\/wp-content\/uploads\/2025\/07\/biquini-show_2025-07-23_15-39-35.webp.webp?fit=1066%2C600&ssl=1&resize=525%2C300 1.5x, https:\/\/i0.wp.com\/noticiasribeiraopreto.com.br\/wp-content\/uploads\/2025\/07\/biquini-show_2025-07-23_15-39-35.webp.webp?fit=1066%2C600&ssl=1&resize=700%2C400 2x, https:\/\/i0.wp.com\/noticiasribeiraopreto.com.br\/wp-content\/uploads\/2025\/07\/biquini-show_2025-07-23_15-39-35.webp.webp?fit=1066%2C600&ssl=1&resize=1050%2C600 3x"},"classes":[]},{"id":66136,"url":"https:\/\/noticiasribeiraopreto.com.br\/index.php\/2025\/03\/28\/festival-com-coxinha-musica-e-stand-up-veja-agenda-cultural-do-fim-de-semana-em-ribeirao-preto\/","url_meta":{"origin":74743,"position":4},"title":"Festival com coxinha, m\u00fasica e stand-up: Veja agenda cultural do fim de semana em Ribeir\u00e3o Preto","author":"noticiasribeiraopreto.com.br","date":"28 de March de 2025","format":false,"excerpt":"A agenda cultural do \u00faltimo fim de semana de mar\u00e7o traz atra\u00e7\u00f5es para todas as idades em Ribeir\u00e3o Preto. Os destaques da programa\u00e7\u00e3o s\u00e3o o show da Faf\u00e1 de Bel\u00e9m, o Festival Vila Dion\u00edsio, que conta com mais de variados sabores de coxinha e o humorista Renato Albani. Confira: Faf\u00e1\u2026","rel":"","context":"In &quot;Not\u00edcias de Ribeir\u00e3o Preto-SP e Regi\u00e3o&quot;","block_context":{"text":"Not\u00edcias de Ribeir\u00e3o Preto-SP e Regi\u00e3o","link":"https:\/\/noticiasribeiraopreto.com.br\/index.php\/category\/noticias-de-ribeirao-preto-sp-e-regiao-ismael-colosi\/"},"img":{"alt_text":"","src":"https:\/\/i0.wp.com\/noticiasribeiraopreto.com.br\/wp-content\/uploads\/2025\/03\/Copia-de-Copia-de-Copia-de-TAMANHO-EXATO-PARA-FOTOS-NO-SISTEMA-NOVO-36_2025-03-28_12-16-27_jpg_2025-03-28_12-16-27.webp.webp?fit=1200%2C675&ssl=1&resize=350%2C200","width":350,"height":200,"srcset":"https:\/\/i0.wp.com\/noticiasribeiraopreto.com.br\/wp-content\/uploads\/2025\/03\/Copia-de-Copia-de-Copia-de-TAMANHO-EXATO-PARA-FOTOS-NO-SISTEMA-NOVO-36_2025-03-28_12-16-27_jpg_2025-03-28_12-16-27.webp.webp?fit=1200%2C675&ssl=1&resize=350%2C200 1x, https:\/\/i0.wp.com\/noticiasribeiraopreto.com.br\/wp-content\/uploads\/2025\/03\/Copia-de-Copia-de-Copia-de-TAMANHO-EXATO-PARA-FOTOS-NO-SISTEMA-NOVO-36_2025-03-28_12-16-27_jpg_2025-03-28_12-16-27.webp.webp?fit=1200%2C675&ssl=1&resize=525%2C300 1.5x, https:\/\/i0.wp.com\/noticiasribeiraopreto.com.br\/wp-content\/uploads\/2025\/03\/Copia-de-Copia-de-Copia-de-TAMANHO-EXATO-PARA-FOTOS-NO-SISTEMA-NOVO-36_2025-03-28_12-16-27_jpg_2025-03-28_12-16-27.webp.webp?fit=1200%2C675&ssl=1&resize=700%2C400 2x, https:\/\/i0.wp.com\/noticiasribeiraopreto.com.br\/wp-content\/uploads\/2025\/03\/Copia-de-Copia-de-Copia-de-TAMANHO-EXATO-PARA-FOTOS-NO-SISTEMA-NOVO-36_2025-03-28_12-16-27_jpg_2025-03-28_12-16-27.webp.webp?fit=1200%2C675&ssl=1&resize=1050%2C600 3x"},"classes":[]},{"id":55835,"url":"https:\/\/noticiasribeiraopreto.com.br\/index.php\/2024\/08\/07\/confira-a-programacao-da-feira-do-livro-de-ribeirao-preto-nesta-quarta-feira\/","url_meta":{"origin":74743,"position":5},"title":"Confira a programa\u00e7\u00e3o da Feira do Livro de Ribeir\u00e3o Preto nesta quarta-feira","author":"noticiasribeiraopreto.com.br","date":"7 de August de 2024","format":false,"excerpt":"A 23\u00aa Feira Internacional do Livro de Ribeir\u00e3o Preto completa uma semana de atividades no Centro de Ribeir\u00e3o Preto. A quarta-feira (7) ser\u00e1 marcada com a presen\u00e7a de Jacque Falcheti e Roberta Estrela D\u2019Alva O tema central da\u00a0Feira\u00a0este ano \u00e9: \u201cCotidianos po\u00e9ticos: Do \u00e9pico de Cam\u00f5es \u00e0s batalhas de rua\u201d.\u2026","rel":"","context":"In &quot;Not\u00edcias de Ribeir\u00e3o Preto-SP e Regi\u00e3o&quot;","block_context":{"text":"Not\u00edcias de Ribeir\u00e3o Preto-SP e Regi\u00e3o","link":"https:\/\/noticiasribeiraopreto.com.br\/index.php\/category\/noticias-de-ribeirao-preto-sp-e-regiao-ismael-colosi\/"},"img":{"alt_text":"","src":"https:\/\/i0.wp.com\/noticiasribeiraopreto.com.br\/wp-content\/uploads\/2024\/08\/a384ca67-ba2c-458d-b5bc-c1aa1591a44e_2024-08-06_16-06-42_jpg_2024-08-06_16-06-43.webp.webp?fit=990%2C660&ssl=1&resize=350%2C200","width":350,"height":200,"srcset":"https:\/\/i0.wp.com\/noticiasribeiraopreto.com.br\/wp-content\/uploads\/2024\/08\/a384ca67-ba2c-458d-b5bc-c1aa1591a44e_2024-08-06_16-06-42_jpg_2024-08-06_16-06-43.webp.webp?fit=990%2C660&ssl=1&resize=350%2C200 1x, https:\/\/i0.wp.com\/noticiasribeiraopreto.com.br\/wp-content\/uploads\/2024\/08\/a384ca67-ba2c-458d-b5bc-c1aa1591a44e_2024-08-06_16-06-42_jpg_2024-08-06_16-06-43.webp.webp?fit=990%2C660&ssl=1&resize=525%2C300 1.5x, https:\/\/i0.wp.com\/noticiasribeiraopreto.com.br\/wp-content\/uploads\/2024\/08\/a384ca67-ba2c-458d-b5bc-c1aa1591a44e_2024-08-06_16-06-42_jpg_2024-08-06_16-06-43.webp.webp?fit=990%2C660&ssl=1&resize=700%2C400 2x"},"classes":[]}],"jetpack_sharing_enabled":true,"jetpack_shortlink":"https:\/\/wp.me\/peQAOb-jrx","_links":{"self":[{"href":"https:\/\/noticiasribeiraopreto.com.br\/index.php\/wp-json\/wp\/v2\/posts\/74743","targetHints":{"allow":["GET"]}}],"collection":[{"href":"https:\/\/noticiasribeiraopreto.com.br\/index.php\/wp-json\/wp\/v2\/posts"}],"about":[{"href":"https:\/\/noticiasribeiraopreto.com.br\/index.php\/wp-json\/wp\/v2\/types\/post"}],"author":[{"embeddable":true,"href":"https:\/\/noticiasribeiraopreto.com.br\/index.php\/wp-json\/wp\/v2\/users\/1"}],"replies":[{"embeddable":true,"href":"https:\/\/noticiasribeiraopreto.com.br\/index.php\/wp-json\/wp\/v2\/comments?post=74743"}],"version-history":[{"count":0,"href":"https:\/\/noticiasribeiraopreto.com.br\/index.php\/wp-json\/wp\/v2\/posts\/74743\/revisions"}],"wp:featuredmedia":[{"embeddable":true,"href":"https:\/\/noticiasribeiraopreto.com.br\/index.php\/wp-json\/wp\/v2\/media\/74744"}],"wp:attachment":[{"href":"https:\/\/noticiasribeiraopreto.com.br\/index.php\/wp-json\/wp\/v2\/media?parent=74743"}],"wp:term":[{"taxonomy":"category","embeddable":true,"href":"https:\/\/noticiasribeiraopreto.com.br\/index.php\/wp-json\/wp\/v2\/categories?post=74743"},{"taxonomy":"post_tag","embeddable":true,"href":"https:\/\/noticiasribeiraopreto.com.br\/index.php\/wp-json\/wp\/v2\/tags?post=74743"}],"curies":[{"name":"wp","href":"https:\/\/api.w.org\/{rel}","templated":true}]}}