{"id":74745,"date":"2025-07-28T16:34:29","date_gmt":"2025-07-28T19:34:29","guid":{"rendered":"https:\/\/noticiasribeiraopreto.com.br\/index.php\/2025\/07\/28\/do-copo-a-casquinha-sorvete-de-cerveja-criado-por-jovem-de-ribeirao-e-eleito-o-melhor-do-brasil\/"},"modified":"2025-07-28T16:34:29","modified_gmt":"2025-07-28T19:34:29","slug":"do-copo-a-casquinha-sorvete-de-cerveja-criado-por-jovem-de-ribeirao-e-eleito-o-melhor-do-brasil","status":"publish","type":"post","link":"https:\/\/noticiasribeiraopreto.com.br\/index.php\/2025\/07\/28\/do-copo-a-casquinha-sorvete-de-cerveja-criado-por-jovem-de-ribeirao-e-eleito-o-melhor-do-brasil\/","title":{"rendered":"Do copo \u00e0 casquinha: sorvete de cerveja criado por jovem de Ribeir\u00e3o \u00e9 eleito o melhor do Brasil"},"content":{"rendered":"<div class='code-block code-block-1' style='margin: 8px 0 8px auto; text-align: right; display: block; clear: both;'>\n<p><a href=\"https:\/\/wa.link\/vpicfd\"><img data-recalc-dims=\"1\" class=\"wp-image-4922\" style=\"aspect-ratio: 2.0253164556962027; width: 561px; height: auto;\" src=\"https:\/\/i0.wp.com\/ismaelcolosi.com.br\/wp-content\/uploads\/2023\/11\/grupo-de-empregos-whatsapp-e-facebook-ismael-colosi-vagas.jpg?ssl=1\" alt=\"\" \/><\/a><\/p>\n<!-- \/wp:image -->\n<\/div>\n<p> <br \/>\n<\/p>\n<div>\n<p>O chef sorveteiro <strong>Guilherme Geraldini<\/strong>, de 24 anos, natural de Ribeir\u00e3o Preto, conquistou o<strong> primeiro lugar no concurso nacional da Gelato Festival World Masters<\/strong> com o sabor <em>Appia<\/em> \u2014 feito com a cerveja de mel da Colorado, marca da cidade \u2014 e vai representar o Brasil na final mundial da competi\u00e7\u00e3o, marcada para 2026, na It\u00e1lia.<\/p>\n<p>Em conversa com o<strong><em> acidade on<\/em><\/strong>, Guilherme contou um pouco sobre a trajet\u00f3ria e ressaltou que desenvolveu a receita como homenagem \u00e0s ra\u00edzes ribeir\u00e3o-pretanas.<\/p>\n<figure class=\"wp-block-pullquote\">\n<blockquote>\n<p>Acredito que o sabor representa uma boa lembran\u00e7a de uma mem\u00f3ria afetiva da minha cidade natal. N\u00e3o haveria homenagem melhor para a cidade do chope do que levar esse trof\u00e9u com uma cerveja produzida em Ribeir\u00e3o Preto.<\/p>\n<p><cite>destaca Guilherme<\/cite><\/p><\/blockquote>\n<\/figure>\n<figure class=\"wp-block-gallery has-nested-images columns-default is-cropped wp-block-gallery-1 is-layout-flex wp-block-gallery-is-layout-flex\">\n<figure class=\"wp-block-image size-large\"><img data-recalc-dims=\"1\" fetchpriority=\"high\" decoding=\"async\" width=\"768\" height=\"1024\" data-id=\"123850\" src=\"https:\/\/i0.wp.com\/cdn.media-acidadeon.com.br\/ribeiraopreto\/wp-content\/uploads\/sites\/3\/2025\/07\/%F0%9F%8F%86-CAMPEOES-NACIONAIS-DO-GELATO-FESTIVAL-WORLD-MASTERS-%F0%9F%8F%86Estamos-extasiados-em-compartilhar-que-_2025-07-25_19-06-40-768x1024.webp?resize=768%2C1024&#038;ssl=1\" alt=\"\" class=\"wp-image-123850\" srcset=\"https:\/\/cdn.media-acidadeon.com.br\/ribeiraopreto\/wp-content\/uploads\/sites\/3\/2025\/07\/\ud83c\udfc6-CAMPEOES-NACIONAIS-DO-GELATO-FESTIVAL-WORLD-MASTERS-\ud83c\udfc6Estamos-extasiados-em-compartilhar-que-_2025-07-25_19-06-40-768x1024.webp 768w, https:\/\/cdn.media-acidadeon.com.br\/ribeiraopreto\/wp-content\/uploads\/sites\/3\/2025\/07\/\ud83c\udfc6-CAMPEOES-NACIONAIS-DO-GELATO-FESTIVAL-WORLD-MASTERS-\ud83c\udfc6Estamos-extasiados-em-compartilhar-que-_2025-07-25_19-06-40-225x300.webp 225w, https:\/\/cdn.media-acidadeon.com.br\/ribeiraopreto\/wp-content\/uploads\/sites\/3\/2025\/07\/\ud83c\udfc6-CAMPEOES-NACIONAIS-DO-GELATO-FESTIVAL-WORLD-MASTERS-\ud83c\udfc6Estamos-extasiados-em-compartilhar-que-_2025-07-25_19-06-40-696x928.webp 696w, https:\/\/cdn.media-acidadeon.com.br\/ribeiraopreto\/wp-content\/uploads\/sites\/3\/2025\/07\/\ud83c\udfc6-CAMPEOES-NACIONAIS-DO-GELATO-FESTIVAL-WORLD-MASTERS-\ud83c\udfc6Estamos-extasiados-em-compartilhar-que-_2025-07-25_19-06-40-1068x1424.webp 1068w, https:\/\/cdn.media-acidadeon.com.br\/ribeiraopreto\/wp-content\/uploads\/sites\/3\/2025\/07\/\ud83c\udfc6-CAMPEOES-NACIONAIS-DO-GELATO-FESTIVAL-WORLD-MASTERS-\ud83c\udfc6Estamos-extasiados-em-compartilhar-que-_2025-07-25_19-06-40.webp 1080w\" sizes=\"(max-width: 768px) 100vw, 768px\"\/><\/figure>\n<figure class=\"wp-block-image size-large\"><img data-recalc-dims=\"1\" loading=\"lazy\" decoding=\"async\" width=\"768\" height=\"1024\" data-id=\"123851\" src=\"https:\/\/i0.wp.com\/cdn.media-acidadeon.com.br\/ribeiraopreto\/wp-content\/uploads\/sites\/3\/2025\/07\/%F0%9F%8F%86-CAMPEOES-NACIONAIS-DO-GELATO-FESTIVAL-WORLD-MASTERS-%F0%9F%8F%86Estamos-extasiados-em-compartilhar-que-1_2025-07-25_19-06-40-768x1024.webp?resize=768%2C1024&#038;ssl=1\" alt=\"\" class=\"wp-image-123851\" srcset=\"https:\/\/cdn.media-acidadeon.com.br\/ribeiraopreto\/wp-content\/uploads\/sites\/3\/2025\/07\/\ud83c\udfc6-CAMPEOES-NACIONAIS-DO-GELATO-FESTIVAL-WORLD-MASTERS-\ud83c\udfc6Estamos-extasiados-em-compartilhar-que-1_2025-07-25_19-06-40-768x1024.webp 768w, https:\/\/cdn.media-acidadeon.com.br\/ribeiraopreto\/wp-content\/uploads\/sites\/3\/2025\/07\/\ud83c\udfc6-CAMPEOES-NACIONAIS-DO-GELATO-FESTIVAL-WORLD-MASTERS-\ud83c\udfc6Estamos-extasiados-em-compartilhar-que-1_2025-07-25_19-06-40-225x300.webp 225w, https:\/\/cdn.media-acidadeon.com.br\/ribeiraopreto\/wp-content\/uploads\/sites\/3\/2025\/07\/\ud83c\udfc6-CAMPEOES-NACIONAIS-DO-GELATO-FESTIVAL-WORLD-MASTERS-\ud83c\udfc6Estamos-extasiados-em-compartilhar-que-1_2025-07-25_19-06-40-696x928.webp 696w, https:\/\/cdn.media-acidadeon.com.br\/ribeiraopreto\/wp-content\/uploads\/sites\/3\/2025\/07\/\ud83c\udfc6-CAMPEOES-NACIONAIS-DO-GELATO-FESTIVAL-WORLD-MASTERS-\ud83c\udfc6Estamos-extasiados-em-compartilhar-que-1_2025-07-25_19-06-40-1068x1424.webp 1068w, https:\/\/cdn.media-acidadeon.com.br\/ribeiraopreto\/wp-content\/uploads\/sites\/3\/2025\/07\/\ud83c\udfc6-CAMPEOES-NACIONAIS-DO-GELATO-FESTIVAL-WORLD-MASTERS-\ud83c\udfc6Estamos-extasiados-em-compartilhar-que-1_2025-07-25_19-06-40.webp 1080w\" sizes=\"auto, (max-width: 768px) 100vw, 768px\"\/><\/figure>\n<\/figure>\n<p>A ideia surgiu em 2022, durante o desenvolvimento de um sabor alco\u00f3lico para o Dia dos Pais na sorveteria Biju Mani \u2013 gelateria de Guilherme, que fica em S\u00e3o Paulo. A sugest\u00e3o de usar a cerveja Appia veio dos pais do chef. <\/p>\n<figure class=\"wp-block-pullquote\">\n<blockquote>\n<p>Pensamos em um casamento perfeito, unindo um produto com toda essa hist\u00f3ria \u00e0 nossa proposta de sorvete artesanal.<\/p>\n<p><cite>explica o chef<\/cite><\/p><\/blockquote>\n<\/figure>\n<h2 class=\"wp-block-heading\"><strong>Desde o come\u00e7o<\/strong><\/h2>\n<p>Guilherme come\u00e7ou sua <strong>trajet\u00f3ria com sorvetes em 2019<\/strong>, durante um est\u00e1gio em restaurante. Ainda na inf\u00e2ncia, <strong>j\u00e1 frequentava sorveterias tradicionais de Ribeir\u00e3o com a fam\u00edlia<\/strong>, o que despertou a paix\u00e3o pelo produto. Durante a faculdade de Gastronomia, aprofundou os estudos, fez cursos com mestres italianos e brasileiros e se especializou em produ\u00e7\u00e3o artesanal.<\/p>\n<p>A Biju Mani nasceu em 2022, como um projeto familiar.<\/p>\n<figure class=\"wp-block-pullquote\">\n<blockquote>\n<p> N\u00e3o foi f\u00e1cil convencer meu pai a investir tudo o que tinha, mas acreditamos juntos no plano. Come\u00e7amos com equipamentos usados e toda a fam\u00edlia envolvida na opera\u00e7\u00e3o<\/p>\n<p><cite>conta Guilherme, dono da Biju Mani<\/cite><\/p><\/blockquote>\n<\/figure>\n<h3 class=\"wp-block-heading\"><strong>Agora \u00e9 na It\u00e1lia<\/strong><\/h3>\n<p>O<strong> Gelato Festival World Masters<\/strong> \u00e9 considerado o maior torneio de sorvete artesanal do mundo e re\u00fane os melhores sorveteiros de diversos pa\u00edses. A competi\u00e7\u00e3o \u00e9 realizada em etapas ao longo de quatro anos. Na final, <strong>os participantes disputam o t\u00edtulo de melhor gelato do planeta em uma s\u00e9rie de avalia\u00e7\u00f5es t\u00e9cnicas e sensoriais<\/strong>, na It\u00e1lia, sob o olhar criterioso de mestres gelatieri e jurados internacionais.<\/p>\n<p>Agora, <strong>Guilherme se prepara para enfrentar os melhores sorveteiros do mundo na terra do gelato<\/strong>. Hoje, a sorveteria do jovem ribeir\u00e3o-pretano \u00e9 reconhecida por valorizar o sorvete brasileiro, sem aditivos artificiais. <\/p>\n<figure class=\"wp-block-pullquote\">\n<blockquote>\n<p>Vamos para a It\u00e1lia dar o nosso melhor. Sabemos que ser\u00e1 dif\u00edcil, mas vamos com o cora\u00e7\u00e3o ribeir\u00e3o-pretano e 110% de dedica\u00e7\u00e3o para representar o Brasil<\/p>\n<p><cite>afirmou.<\/cite><\/p><\/blockquote>\n<\/figure>\n<hr class=\"wp-block-separator has-alpha-channel-opacity\"\/>\n<p>SAIBA MAIS<\/p>\n<p>Acidente com 5 ve\u00edculos trava tr\u00e2nsito na Anhanguera na regi\u00e3o de Ribeir\u00e3o Preto; Fotos<\/p>\n<h2 class=\"wp-block-heading\"><strong>FIQUE ON<\/strong><\/h2>\n<p>Quer ficar por dentro de tudo que acontece em Ribeir\u00e3o Preto e regi\u00e3o? Ent\u00e3o siga os perfis do\u202facidade on\u202fno\u202f<a href=\"https:\/\/www.instagram.com\/acidadeonribeirao\" target=\"_blank\" rel=\"noreferrer noopener\">Instagram<\/a>\u202fe no\u202f<a href=\"https:\/\/www.facebook.com\/acidadeonribeirao\/\" target=\"_blank\" rel=\"noreferrer noopener\">Facebook<\/a>.<\/p>\n<p>Al\u00e9m disso, voc\u00ea pode receber as principais not\u00edcias diretamente no WhatsApp. Para isso, basta\u00a0<a href=\"https:\/\/chat.whatsapp.com\/BjKQZ9oJwlz8VVT50NuePq\" target=\"_blank\" rel=\"noreferrer noopener\">entrar no grupo clicando aqui<\/a>.<\/p>\n<p>Por fim, se quiser fazer uma den\u00fancia ou sugerir uma reportagem sobre Ribeir\u00e3o Preto e regi\u00e3o, envie uma mensagem pelo WhatsApp: (16) 99117-7802.<\/p>\n<p>VEJA TAMB\u00c9M<\/p>\n<p>Qual o hor\u00e1rio em que celulares s\u00e3o mais furtados?<\/p>\n<p><!-- AI CONTENT END 1 -->\n<\/div>\n<p><script async src=\"\/\/www.instagram.com\/embed.js\"><\/script><br \/>\n<br \/><br \/>\n<br \/><a href=\"https:\/\/www.acidadeon.com\/ribeiraopreto\/lazer-e-cultura\/do-copo-a-casquinha-sorvete-de-cerveja-criado-por-jovem-de-ribeirao-e-eleito-o-melhor-do-brasil\/\">Source link <\/a><\/p>\n<!-- CONTENT END 1 -->\n","protected":false},"excerpt":{"rendered":"<p>O chef sorveteiro Guilherme Geraldini, de 24 anos, natural de Ribeir\u00e3o Preto, conquistou o primeiro lugar no concurso nacional da Gelato Festival World Masters com&#8230;<\/p>\n","protected":false},"author":1,"featured_media":74746,"comment_status":"open","ping_status":"open","sticky":false,"template":"","format":"standard","meta":{"advanced_seo_description":"","jetpack_seo_html_title":"","jetpack_seo_noindex":false,"jetpack_post_was_ever_published":false,"_jetpack_newsletter_access":"","_jetpack_dont_email_post_to_subs":false,"_jetpack_newsletter_tier_id":0,"_jetpack_memberships_contains_paywalled_content":false,"_jetpack_memberships_contains_paid_content":false,"footnotes":"","jetpack_publicize_message":"","jetpack_publicize_feature_enabled":true,"jetpack_social_post_already_shared":true,"jetpack_social_options":{"image_generator_settings":{"template":"highway","default_image_id":0,"font":"","enabled":false},"version":2}},"categories":[11],"tags":[],"class_list":["post-74745","post","type-post","status-publish","format-standard","has-post-thumbnail","hentry","category-noticias-de-ribeirao-preto-sp-e-regiao-ismael-colosi"],"jetpack_publicize_connections":[],"jetpack_featured_media_url":"https:\/\/i0.wp.com\/noticiasribeiraopreto.com.br\/wp-content\/uploads\/2025\/07\/Copia-de-Copia-de-Copia-de-TAMANHO-EXATO-PARA-FOTOS-NO-SISTEMA-NOVO-2025-07-25T162623.218_2025-07-25_19-26-51.webp.webp?fit=1200%2C675&ssl=1","jetpack-related-posts":[{"id":84098,"url":"https:\/\/noticiasribeiraopreto.com.br\/index.php\/2026\/04\/01\/chef-de-ribeirao-preto-fica-entre-os-10-melhores-do-mundo-com-gelato-de-cerveja\/","url_meta":{"origin":74745,"position":0},"title":"Chef de Ribeir\u00e3o Preto fica entre os 10 melhores do mundo com gelato de cerveja","author":"noticiasribeiraopreto.com.br","date":"1 de April de 2026","format":false,"excerpt":"00:00 A+ A- Ler o resumo da not\u00edcia Guilherme Geraldini, chef de Ribeir\u00e3o Preto (SP), ficou entre os 10 primeiros do Gelato Festival World Masters, o maior concurso mundial de sorvete artesanal. A final aconteceu de 24 a 26 de mar\u00e7o, em Las Vegas (EUA), onde ele apresentou o gelato\u2026","rel":"","context":"In &quot;Not\u00edcias de Ribeir\u00e3o Preto-SP e Regi\u00e3o&quot;","block_context":{"text":"Not\u00edcias de Ribeir\u00e3o Preto-SP e Regi\u00e3o","link":"https:\/\/noticiasribeiraopreto.com.br\/index.php\/category\/noticias-de-ribeirao-preto-sp-e-regiao-ismael-colosi\/"},"img":{"alt_text":"","src":"https:\/\/i0.wp.com\/noticiasribeiraopreto.com.br\/wp-content\/uploads\/2026\/04\/palace-100_2026-04-01_18-05-14.webp.webp?fit=1200%2C675&ssl=1&resize=350%2C200","width":350,"height":200,"srcset":"https:\/\/i0.wp.com\/noticiasribeiraopreto.com.br\/wp-content\/uploads\/2026\/04\/palace-100_2026-04-01_18-05-14.webp.webp?fit=1200%2C675&ssl=1&resize=350%2C200 1x, https:\/\/i0.wp.com\/noticiasribeiraopreto.com.br\/wp-content\/uploads\/2026\/04\/palace-100_2026-04-01_18-05-14.webp.webp?fit=1200%2C675&ssl=1&resize=525%2C300 1.5x, https:\/\/i0.wp.com\/noticiasribeiraopreto.com.br\/wp-content\/uploads\/2026\/04\/palace-100_2026-04-01_18-05-14.webp.webp?fit=1200%2C675&ssl=1&resize=700%2C400 2x, https:\/\/i0.wp.com\/noticiasribeiraopreto.com.br\/wp-content\/uploads\/2026\/04\/palace-100_2026-04-01_18-05-14.webp.webp?fit=1200%2C675&ssl=1&resize=1050%2C600 3x"},"classes":[]},{"id":75009,"url":"https:\/\/noticiasribeiraopreto.com.br\/index.php\/2025\/08\/01\/dia-da-cerveja-ribeirao-preto-e-a-capital-do-chope-e-das-artesanais\/","url_meta":{"origin":74745,"position":1},"title":"Dia da Cerveja: Ribeir\u00e3o Preto \u00e9 a Capital do Chope e das Artesanais","author":"noticiasribeiraopreto.com.br","date":"1 de August de 2025","format":false,"excerpt":"O Dia da Cerveja \u00e9 comemorado nesta sexta-feira (1\u00ba de agosto) e, Ribeir\u00e3o Preto \u00e9 desde o ano passado a Capital do Chope e das Cervejas Artesanais. O t\u00edtulo foi concedido por meio de um projeto de lei aprovado pela Alesp (Assembleia Legislativa de S\u00e3o Paulo) e sancionado pelo governador\u2026","rel":"","context":"In &quot;Not\u00edcias de Ribeir\u00e3o Preto-SP e Regi\u00e3o&quot;","block_context":{"text":"Not\u00edcias de Ribeir\u00e3o Preto-SP e Regi\u00e3o","link":"https:\/\/noticiasribeiraopreto.com.br\/index.php\/category\/noticias-de-ribeirao-preto-sp-e-regiao-ismael-colosi\/"},"img":{"alt_text":"","src":"https:\/\/i0.wp.com\/noticiasribeiraopreto.com.br\/wp-content\/uploads\/2025\/06\/cerveja-artesanal_2025-06-17_14-49-37.webp.webp?fit=1200%2C675&ssl=1&resize=350%2C200","width":350,"height":200,"srcset":"https:\/\/i0.wp.com\/noticiasribeiraopreto.com.br\/wp-content\/uploads\/2025\/06\/cerveja-artesanal_2025-06-17_14-49-37.webp.webp?fit=1200%2C675&ssl=1&resize=350%2C200 1x, https:\/\/i0.wp.com\/noticiasribeiraopreto.com.br\/wp-content\/uploads\/2025\/06\/cerveja-artesanal_2025-06-17_14-49-37.webp.webp?fit=1200%2C675&ssl=1&resize=525%2C300 1.5x, https:\/\/i0.wp.com\/noticiasribeiraopreto.com.br\/wp-content\/uploads\/2025\/06\/cerveja-artesanal_2025-06-17_14-49-37.webp.webp?fit=1200%2C675&ssl=1&resize=700%2C400 2x, https:\/\/i0.wp.com\/noticiasribeiraopreto.com.br\/wp-content\/uploads\/2025\/06\/cerveja-artesanal_2025-06-17_14-49-37.webp.webp?fit=1200%2C675&ssl=1&resize=1050%2C600 3x"},"classes":[]},{"id":75363,"url":"https:\/\/noticiasribeiraopreto.com.br\/index.php\/2025\/08\/07\/ribeirao-preto-sobe-no-ranking-das-cervejas-confira-o-top-10\/","url_meta":{"origin":74745,"position":2},"title":"Ribeir\u00e3o Preto sobe no ranking das cervejas; Confira o top 10","author":"noticiasribeiraopreto.com.br","date":"7 de August de 2025","format":false,"excerpt":"Ribeir\u00e3o Preto subiu duas posi\u00e7\u00f5es no ranking de cervejas registradas, segundo o Anu\u00e1rio da Cerveja 2025*, divulgado pelo Minist\u00e9rio da Agricultura e Pecu\u00e1ria na \u00faltima ter\u00e7a-feira (5). De acordo com o levantamento, Ribeir\u00e3o Preto \u00e9 a oitava cidade com mais r\u00f3tulos registrados (755 no total), e subiu duas posi\u00e7\u00f5es em\u2026","rel":"","context":"In &quot;Not\u00edcias de Ribeir\u00e3o Preto-SP e Regi\u00e3o&quot;","block_context":{"text":"Not\u00edcias de Ribeir\u00e3o Preto-SP e Regi\u00e3o","link":"https:\/\/noticiasribeiraopreto.com.br\/index.php\/category\/noticias-de-ribeirao-preto-sp-e-regiao-ismael-colosi\/"},"img":{"alt_text":"","src":"https:\/\/i0.wp.com\/noticiasribeiraopreto.com.br\/wp-content\/uploads\/2025\/08\/cerveja_2025-08-07_14-50-54.webp.webp?fit=1200%2C800&ssl=1&resize=350%2C200","width":350,"height":200,"srcset":"https:\/\/i0.wp.com\/noticiasribeiraopreto.com.br\/wp-content\/uploads\/2025\/08\/cerveja_2025-08-07_14-50-54.webp.webp?fit=1200%2C800&ssl=1&resize=350%2C200 1x, https:\/\/i0.wp.com\/noticiasribeiraopreto.com.br\/wp-content\/uploads\/2025\/08\/cerveja_2025-08-07_14-50-54.webp.webp?fit=1200%2C800&ssl=1&resize=525%2C300 1.5x, https:\/\/i0.wp.com\/noticiasribeiraopreto.com.br\/wp-content\/uploads\/2025\/08\/cerveja_2025-08-07_14-50-54.webp.webp?fit=1200%2C800&ssl=1&resize=700%2C400 2x, https:\/\/i0.wp.com\/noticiasribeiraopreto.com.br\/wp-content\/uploads\/2025\/08\/cerveja_2025-08-07_14-50-54.webp.webp?fit=1200%2C800&ssl=1&resize=1050%2C600 3x"},"classes":[]},{"id":77963,"url":"https:\/\/noticiasribeiraopreto.com.br\/index.php\/2025\/09\/29\/usp-sedia-evento-que-une-ciencia-inovacao-e-o-universo-da-cerveja-em-ribeirao\/","url_meta":{"origin":74745,"position":3},"title":"USP sedia evento que une ci\u00eancia, inova\u00e7\u00e3o e o universo da cerveja em Ribeir\u00e3o","author":"noticiasribeiraopreto.com.br","date":"29 de September de 2025","format":false,"excerpt":"A USP (Universidade de S\u00e3o Paulo) de Ribeir\u00e3o Preto recebe entre os dias 7 e 9 de novembro, uma iniciativa que busca integrar ci\u00eancia, inova\u00e7\u00e3o e neg\u00f3cios, reunindo profissionais e especialistas do setor cervejeiro para palestras, apresenta\u00e7\u00f5es de cases, mesas-redondas e debates. O evento \u00e9 aberto ao p\u00fablico e acontece\u2026","rel":"","context":"In &quot;Not\u00edcias de Ribeir\u00e3o Preto-SP e Regi\u00e3o&quot;","block_context":{"text":"Not\u00edcias de Ribeir\u00e3o Preto-SP e Regi\u00e3o","link":"https:\/\/noticiasribeiraopreto.com.br\/index.php\/category\/noticias-de-ribeirao-preto-sp-e-regiao-ismael-colosi\/"},"img":{"alt_text":"","src":"https:\/\/i0.wp.com\/noticiasribeiraopreto.com.br\/wp-content\/uploads\/2025\/09\/close-up-homem-usando-laptop_2025-09-29_20-00-48.webp.webp?fit=1200%2C800&ssl=1&resize=350%2C200","width":350,"height":200,"srcset":"https:\/\/i0.wp.com\/noticiasribeiraopreto.com.br\/wp-content\/uploads\/2025\/09\/close-up-homem-usando-laptop_2025-09-29_20-00-48.webp.webp?fit=1200%2C800&ssl=1&resize=350%2C200 1x, https:\/\/i0.wp.com\/noticiasribeiraopreto.com.br\/wp-content\/uploads\/2025\/09\/close-up-homem-usando-laptop_2025-09-29_20-00-48.webp.webp?fit=1200%2C800&ssl=1&resize=525%2C300 1.5x, https:\/\/i0.wp.com\/noticiasribeiraopreto.com.br\/wp-content\/uploads\/2025\/09\/close-up-homem-usando-laptop_2025-09-29_20-00-48.webp.webp?fit=1200%2C800&ssl=1&resize=700%2C400 2x, https:\/\/i0.wp.com\/noticiasribeiraopreto.com.br\/wp-content\/uploads\/2025\/09\/close-up-homem-usando-laptop_2025-09-29_20-00-48.webp.webp?fit=1200%2C800&ssl=1&resize=1050%2C600 3x"},"classes":[]},{"id":757,"url":"https:\/\/noticiasribeiraopreto.com.br\/index.php\/2023\/11\/09\/o-brasil-a-alemanha-a-baviera-a-noticia-e-a-cerveja\/","url_meta":{"origin":74745,"position":4},"title":"O Brasil, a Alemanha, a Baviera, a not\u00edcia e a cerveja\u00a0","author":"noticiasribeiraopreto.com.br","date":"9 de November de 2023","format":false,"excerpt":"9 de novembro de 2023 | 8:158 de novembro de 2023 | 18:39 0Edwaldo Arantes *\u00a0[email\u00a0protected]\u00a0\u00a0Quando ocupava o honroso cargo de secret\u00e1rio adjunto de Governo, da Prefeitura Municipal de Ribeir\u00e3o Preto, ao lado do saudoso e querido, Dr. Newton Mendes Garcia, participei do \u201cSemin\u00e1rio Internacional de Prote\u00e7\u00e3o ao Aqu\u00edfero Guarani\u201d\u2026","rel":"","context":"In &quot;Not\u00edcias de Ribeir\u00e3o Preto-SP e Regi\u00e3o&quot;","block_context":{"text":"Not\u00edcias de Ribeir\u00e3o Preto-SP e Regi\u00e3o","link":"https:\/\/noticiasribeiraopreto.com.br\/index.php\/category\/noticias-de-ribeirao-preto-sp-e-regiao-ismael-colosi\/"},"img":{"alt_text":"","src":"https:\/\/i0.wp.com\/noticiasribeiraopreto.com.br\/wp-content\/uploads\/2023\/11\/edwaldoarantes.jpg?fit=700%2C450&ssl=1&resize=350%2C200","width":350,"height":200,"srcset":"https:\/\/i0.wp.com\/noticiasribeiraopreto.com.br\/wp-content\/uploads\/2023\/11\/edwaldoarantes.jpg?fit=700%2C450&ssl=1&resize=350%2C200 1x, https:\/\/i0.wp.com\/noticiasribeiraopreto.com.br\/wp-content\/uploads\/2023\/11\/edwaldoarantes.jpg?fit=700%2C450&ssl=1&resize=525%2C300 1.5x, https:\/\/i0.wp.com\/noticiasribeiraopreto.com.br\/wp-content\/uploads\/2023\/11\/edwaldoarantes.jpg?fit=700%2C450&ssl=1&resize=700%2C400 2x"},"classes":[]},{"id":80213,"url":"https:\/\/noticiasribeiraopreto.com.br\/index.php\/2025\/11\/17\/bate-papo-resgata-a-historia-da-cerveja-em-ribeirao-preto-veja-como-participar\/","url_meta":{"origin":74745,"position":5},"title":"Bate-papo resgata a hist\u00f3ria da cerveja em Ribeir\u00e3o Preto; Veja como participar","author":"noticiasribeiraopreto.com.br","date":"17 de November de 2025","format":false,"excerpt":"O audit\u00f3rio da Biblioteca Sinh\u00e1 Junqueira, em Ribeir\u00e3o Preto, ser\u00e1 palco da roda de conversa \u201cHist\u00f3ria e cerveja em Ribeir\u00e3o Preto: das brassagens dos italianos \u00e0 primeira IPA do Brasil\u201d. O evento tem entrada gratuita e acontece na quinta-feira (20), \u00e0s 14h. LEIA MAIS: Capital do Chope: dos imigrantes \u00e0\u2026","rel":"","context":"In &quot;Not\u00edcias de Ribeir\u00e3o Preto-SP e Regi\u00e3o&quot;","block_context":{"text":"Not\u00edcias de Ribeir\u00e3o Preto-SP e Regi\u00e3o","link":"https:\/\/noticiasribeiraopreto.com.br\/index.php\/category\/noticias-de-ribeirao-preto-sp-e-regiao-ismael-colosi\/"},"img":{"alt_text":"","src":"https:\/\/i0.wp.com\/noticiasribeiraopreto.com.br\/wp-content\/uploads\/2025\/08\/cerveja_2025-08-07_14-50-54.webp.webp?fit=1200%2C800&ssl=1&resize=350%2C200","width":350,"height":200,"srcset":"https:\/\/i0.wp.com\/noticiasribeiraopreto.com.br\/wp-content\/uploads\/2025\/08\/cerveja_2025-08-07_14-50-54.webp.webp?fit=1200%2C800&ssl=1&resize=350%2C200 1x, https:\/\/i0.wp.com\/noticiasribeiraopreto.com.br\/wp-content\/uploads\/2025\/08\/cerveja_2025-08-07_14-50-54.webp.webp?fit=1200%2C800&ssl=1&resize=525%2C300 1.5x, https:\/\/i0.wp.com\/noticiasribeiraopreto.com.br\/wp-content\/uploads\/2025\/08\/cerveja_2025-08-07_14-50-54.webp.webp?fit=1200%2C800&ssl=1&resize=700%2C400 2x, https:\/\/i0.wp.com\/noticiasribeiraopreto.com.br\/wp-content\/uploads\/2025\/08\/cerveja_2025-08-07_14-50-54.webp.webp?fit=1200%2C800&ssl=1&resize=1050%2C600 3x"},"classes":[]}],"jetpack_sharing_enabled":true,"jetpack_shortlink":"https:\/\/wp.me\/peQAOb-jrz","_links":{"self":[{"href":"https:\/\/noticiasribeiraopreto.com.br\/index.php\/wp-json\/wp\/v2\/posts\/74745","targetHints":{"allow":["GET"]}}],"collection":[{"href":"https:\/\/noticiasribeiraopreto.com.br\/index.php\/wp-json\/wp\/v2\/posts"}],"about":[{"href":"https:\/\/noticiasribeiraopreto.com.br\/index.php\/wp-json\/wp\/v2\/types\/post"}],"author":[{"embeddable":true,"href":"https:\/\/noticiasribeiraopreto.com.br\/index.php\/wp-json\/wp\/v2\/users\/1"}],"replies":[{"embeddable":true,"href":"https:\/\/noticiasribeiraopreto.com.br\/index.php\/wp-json\/wp\/v2\/comments?post=74745"}],"version-history":[{"count":0,"href":"https:\/\/noticiasribeiraopreto.com.br\/index.php\/wp-json\/wp\/v2\/posts\/74745\/revisions"}],"wp:featuredmedia":[{"embeddable":true,"href":"https:\/\/noticiasribeiraopreto.com.br\/index.php\/wp-json\/wp\/v2\/media\/74746"}],"wp:attachment":[{"href":"https:\/\/noticiasribeiraopreto.com.br\/index.php\/wp-json\/wp\/v2\/media?parent=74745"}],"wp:term":[{"taxonomy":"category","embeddable":true,"href":"https:\/\/noticiasribeiraopreto.com.br\/index.php\/wp-json\/wp\/v2\/categories?post=74745"},{"taxonomy":"post_tag","embeddable":true,"href":"https:\/\/noticiasribeiraopreto.com.br\/index.php\/wp-json\/wp\/v2\/tags?post=74745"}],"curies":[{"name":"wp","href":"https:\/\/api.w.org\/{rel}","templated":true}]}}