{"id":74747,"date":"2025-07-28T19:09:38","date_gmt":"2025-07-28T22:09:38","guid":{"rendered":"https:\/\/noticiasribeiraopreto.com.br\/index.php\/2025\/07\/28\/ossada-e-encontrada-em-area-de-mata-na-zona-leste-de-ribeirao-preto\/"},"modified":"2025-07-28T19:09:38","modified_gmt":"2025-07-28T22:09:38","slug":"ossada-e-encontrada-em-area-de-mata-na-zona-leste-de-ribeirao-preto","status":"publish","type":"post","link":"https:\/\/noticiasribeiraopreto.com.br\/index.php\/2025\/07\/28\/ossada-e-encontrada-em-area-de-mata-na-zona-leste-de-ribeirao-preto\/","title":{"rendered":"Ossada \u00e9 encontrada em \u00e1rea de mata na zona Leste de Ribeir\u00e3o Preto"},"content":{"rendered":"<div class='code-block code-block-1' style='margin: 8px 0 8px auto; text-align: right; display: block; clear: both;'>\n<p><a href=\"https:\/\/wa.link\/vpicfd\"><img data-recalc-dims=\"1\" class=\"wp-image-4922\" style=\"aspect-ratio: 2.0253164556962027; width: 561px; height: auto;\" src=\"https:\/\/i0.wp.com\/ismaelcolosi.com.br\/wp-content\/uploads\/2023\/11\/grupo-de-empregos-whatsapp-e-facebook-ismael-colosi-vagas.jpg?ssl=1\" alt=\"\" \/><\/a><\/p>\n<!-- \/wp:image -->\n<\/div>\n<p> <br \/>\n<\/p>\n<div data-td-block-uid=\"tdi_95\">\n<div class=\"tdb-block-inner td-fix-index\">\n<p><strong>Parte de uma ossada foi encontrada na manh\u00e3 desta segunda-feira (28)<\/strong> em uma \u00e1rea de mata do <strong>Complexo Ribeir\u00e3o Verde<\/strong>, na zona Leste de Ribeir\u00e3o Preto. <strong>A Pol\u00edcia Militar foi acionada por um cidad\u00e3o que localizou dois ossos cravados no solo<\/strong>, cobertos por um <mark style=\"background-color:#fcb900\" class=\"has-inline-color\">pano semelhante ao tecido usado pela corpora\u00e7\u00e3o \u2013 mas que est\u00e1 fora de uso h\u00e1 mais de dois anos.<\/mark><\/p>\n<p>De acordo com a Pol\u00edcia Militar, \u00e1rea foi isolada para preservar o local at\u00e9 a chegada da Pol\u00edcia Cient\u00edfica, respons\u00e1vel pela per\u00edcia t\u00e9cnica. <\/p>\n<p><strong>O material foram encaminhados ao Instituto M\u00e9dico Legal (IML)<\/strong>, onde passar\u00e3o por exames que devem confirmar se os ossos s\u00e3o humanos, al\u00e9m de tentar identificar a v\u00edtima e a causa da morte.<\/p>\n<hr class=\"wp-block-separator has-alpha-channel-opacity\"\/>\n<p>SAIBA MAIS<\/p>\n<p>Festival de cerveja artesanal em Ribeir\u00e3o Preto tem entrada gratuita e atra\u00e7\u00f5es musicais<\/p>\n<h2 class=\"wp-block-heading\"><strong>FIQUE ON<\/strong><\/h2>\n<p>Quer ficar por dentro de tudo que acontece em Ribeir\u00e3o Preto e regi\u00e3o? Ent\u00e3o siga os perfis do\u202facidade on\u202fno\u202f<a href=\"https:\/\/www.instagram.com\/acidadeonribeirao\" target=\"_blank\" rel=\"noreferrer noopener\">Instagram<\/a>\u202fe no\u202f<a href=\"https:\/\/www.facebook.com\/acidadeonribeirao\/\" target=\"_blank\" rel=\"noreferrer noopener\">Facebook<\/a>.<\/p>\n<p>Al\u00e9m disso, voc\u00ea pode receber as principais not\u00edcias diretamente no WhatsApp. Para isso, basta\u00a0<a href=\"https:\/\/chat.whatsapp.com\/BjKQZ9oJwlz8VVT50NuePq\" target=\"_blank\" rel=\"noreferrer noopener\">entrar no grupo clicando aqui<\/a>.<\/p>\n<p>Por fim, se quiser fazer uma den\u00fancia ou sugerir uma reportagem sobre Ribeir\u00e3o Preto e regi\u00e3o, envie uma mensagem pelo WhatsApp: (16) 99117-7802.<\/p>\n<p>VEJA TAMB\u00c9M<\/p>\n<p>Qual o hor\u00e1rio em que celulares s\u00e3o mais furtados?<\/p>\n<p><!-- AI CONTENT END 1 -->\n<\/div>\n<\/div>\n<p><script async src=\"\/\/www.instagram.com\/embed.js\"><\/script><br \/>\n<br \/><br \/>\n<br \/><a href=\"https:\/\/www.acidadeon.com\/ribeiraopreto\/cotidiano\/ossada-eencontrada-em-area-de-mata-na-zona-leste-de-ribeirao-preto\/\">Source link <\/a><\/p>\n<!-- CONTENT END 1 -->\n","protected":false},"excerpt":{"rendered":"<p>Parte de uma ossada foi encontrada na manh\u00e3 desta segunda-feira (28) em uma \u00e1rea de mata do Complexo Ribeir\u00e3o Verde, na zona Leste de Ribeir\u00e3o&#8230;<\/p>\n","protected":false},"author":1,"featured_media":74748,"comment_status":"open","ping_status":"open","sticky":false,"template":"","format":"standard","meta":{"advanced_seo_description":"","jetpack_seo_html_title":"","jetpack_seo_noindex":false,"jetpack_post_was_ever_published":false,"_jetpack_newsletter_access":"","_jetpack_dont_email_post_to_subs":false,"_jetpack_newsletter_tier_id":0,"_jetpack_memberships_contains_paywalled_content":false,"_jetpack_memberships_contains_paid_content":false,"footnotes":"","jetpack_publicize_message":"","jetpack_publicize_feature_enabled":true,"jetpack_social_post_already_shared":true,"jetpack_social_options":{"image_generator_settings":{"template":"highway","default_image_id":0,"font":"","enabled":false},"version":2}},"categories":[11],"tags":[],"class_list":["post-74747","post","type-post","status-publish","format-standard","has-post-thumbnail","hentry","category-noticias-de-ribeirao-preto-sp-e-regiao-ismael-colosi"],"jetpack_publicize_connections":[],"jetpack_featured_media_url":"https:\/\/i0.wp.com\/noticiasribeiraopreto.com.br\/wp-content\/uploads\/2025\/07\/Copia-de-Copia-de-Copia-de-TAMANHO-EXATO-PARA-FOTOS-NO-SISTEMA-NOVO-2025-07-28T184648.234_2025-07-28_21-47-22.webp.webp?fit=1200%2C675&ssl=1","jetpack-related-posts":[{"id":74755,"url":"https:\/\/noticiasribeiraopreto.com.br\/index.php\/2025\/07\/28\/ossada-com-casquete-policial-e-encontrada-na-zona-leste\/","url_meta":{"origin":74747,"position":0},"title":"Ossada com casquete policial \u00e9 encontrada na zona Leste","author":"noticiasribeiraopreto.com.br","date":"28 de July de 2025","format":false,"excerpt":"28 de julho de 2025 19:572 Compartilhar0 A Pol\u00edcia Militar foi acionada na manh\u00e3 desta segunda-feira (28) ap\u00f3s um morador localizar parte de uma ossada humana em uma \u00e1rea de mata no Complexo Ribeir\u00e3o Verde, na zona Leste da cidade. O que chamou a aten\u00e7\u00e3o das autoridades foi a presen\u00e7a\u2026","rel":"","context":"In &quot;Not\u00edcias de Ribeir\u00e3o Preto-SP e Regi\u00e3o&quot;","block_context":{"text":"Not\u00edcias de Ribeir\u00e3o Preto-SP e Regi\u00e3o","link":"https:\/\/noticiasribeiraopreto.com.br\/index.php\/category\/noticias-de-ribeirao-preto-sp-e-regiao-ismael-colosi\/"},"img":{"alt_text":"","src":"https:\/\/i0.wp.com\/noticiasribeiraopreto.com.br\/wp-content\/uploads\/2025\/07\/ossos_casquete-e1753743346596.jpg?fit=750%2C653&ssl=1&resize=350%2C200","width":350,"height":200,"srcset":"https:\/\/i0.wp.com\/noticiasribeiraopreto.com.br\/wp-content\/uploads\/2025\/07\/ossos_casquete-e1753743346596.jpg?fit=750%2C653&ssl=1&resize=350%2C200 1x, https:\/\/i0.wp.com\/noticiasribeiraopreto.com.br\/wp-content\/uploads\/2025\/07\/ossos_casquete-e1753743346596.jpg?fit=750%2C653&ssl=1&resize=525%2C300 1.5x, https:\/\/i0.wp.com\/noticiasribeiraopreto.com.br\/wp-content\/uploads\/2025\/07\/ossos_casquete-e1753743346596.jpg?fit=750%2C653&ssl=1&resize=700%2C400 2x"},"classes":[]},{"id":40064,"url":"https:\/\/noticiasribeiraopreto.com.br\/index.php\/2024\/02\/29\/ossada-humana-e-encontrada-as-margens-de-rio-na-regiao-de-ribeirao-preto\/","url_meta":{"origin":74747,"position":1},"title":"Ossada humana \u00e9 encontrada \u00e0s margens de rio na regi\u00e3o de Ribeir\u00e3o Preto","author":"noticiasribeiraopreto.com.br","date":"29 de February de 2024","format":false,"excerpt":"Uma ossada humana foi encontrada em uma fazenda, pr\u00f3ximo ao Rio Grande, em Col\u00f4mbia, cidade na regi\u00e3o de Ribeir\u00e3o Preto, nesta quinta-feira (29). De acordo com o boletim de ocorr\u00eancia (BO), os ossos foram encontrados por um funcion\u00e1rio da fazenda, enquanto o mesmo estava vigiando o gado do local. A\u2026","rel":"","context":"In &quot;Not\u00edcias de Ribeir\u00e3o Preto-SP e Regi\u00e3o&quot;","block_context":{"text":"Not\u00edcias de Ribeir\u00e3o Preto-SP e Regi\u00e3o","link":"https:\/\/noticiasribeiraopreto.com.br\/index.php\/category\/noticias-de-ribeirao-preto-sp-e-regiao-ismael-colosi\/"},"img":{"alt_text":"","src":"https:\/\/i0.wp.com\/noticiasribeiraopreto.com.br\/wp-content\/uploads\/2024\/02\/WhatsApp-Image-2024-02-29-at-18.42.57.jpeg?fit=1156%2C867&ssl=1&resize=350%2C200","width":350,"height":200,"srcset":"https:\/\/i0.wp.com\/noticiasribeiraopreto.com.br\/wp-content\/uploads\/2024\/02\/WhatsApp-Image-2024-02-29-at-18.42.57.jpeg?fit=1156%2C867&ssl=1&resize=350%2C200 1x, https:\/\/i0.wp.com\/noticiasribeiraopreto.com.br\/wp-content\/uploads\/2024\/02\/WhatsApp-Image-2024-02-29-at-18.42.57.jpeg?fit=1156%2C867&ssl=1&resize=525%2C300 1.5x, https:\/\/i0.wp.com\/noticiasribeiraopreto.com.br\/wp-content\/uploads\/2024\/02\/WhatsApp-Image-2024-02-29-at-18.42.57.jpeg?fit=1156%2C867&ssl=1&resize=700%2C400 2x, https:\/\/i0.wp.com\/noticiasribeiraopreto.com.br\/wp-content\/uploads\/2024\/02\/WhatsApp-Image-2024-02-29-at-18.42.57.jpeg?fit=1156%2C867&ssl=1&resize=1050%2C600 3x"},"classes":[]},{"id":46535,"url":"https:\/\/noticiasribeiraopreto.com.br\/index.php\/2024\/04\/12\/trabalhador-rural-encontra-cranio-perto-de-onde-ossada-humana-foi-achada-na-regiao-de-ribeirao\/","url_meta":{"origin":74747,"position":2},"title":"Trabalhador rural encontra cr\u00e2nio perto de onde ossada humana foi achada na regi\u00e3o de Ribeir\u00e3o","author":"noticiasribeiraopreto.com.br","date":"12 de April de 2024","format":false,"excerpt":"Um trabalhador rural encontrou um osso semelhante a um cr\u00e2nio humano na noite desta quinta-feira (11), em uma \u00e1rea pr\u00f3xima de onde foi achada uma ossada na \u00faltima segunda-feira (8), em Guatapar\u00e1, cidade a aproximadamente 60 quil\u00f4metros de Ribeir\u00e3o Preto. A Pol\u00edcia Civil informou que havia den\u00fancia de feminic\u00eddio em\u2026","rel":"","context":"In &quot;Not\u00edcias de Ribeir\u00e3o Preto-SP e Regi\u00e3o&quot;","block_context":{"text":"Not\u00edcias de Ribeir\u00e3o Preto-SP e Regi\u00e3o","link":"https:\/\/noticiasribeiraopreto.com.br\/index.php\/category\/noticias-de-ribeirao-preto-sp-e-regiao-ismael-colosi\/"},"img":{"alt_text":"","src":"https:\/\/i0.wp.com\/noticiasribeiraopreto.com.br\/wp-content\/uploads\/2024\/04\/policia_civil_1200x675_13122021212822.jpg?fit=1200%2C675&ssl=1&resize=350%2C200","width":350,"height":200,"srcset":"https:\/\/i0.wp.com\/noticiasribeiraopreto.com.br\/wp-content\/uploads\/2024\/04\/policia_civil_1200x675_13122021212822.jpg?fit=1200%2C675&ssl=1&resize=350%2C200 1x, https:\/\/i0.wp.com\/noticiasribeiraopreto.com.br\/wp-content\/uploads\/2024\/04\/policia_civil_1200x675_13122021212822.jpg?fit=1200%2C675&ssl=1&resize=525%2C300 1.5x, https:\/\/i0.wp.com\/noticiasribeiraopreto.com.br\/wp-content\/uploads\/2024\/04\/policia_civil_1200x675_13122021212822.jpg?fit=1200%2C675&ssl=1&resize=700%2C400 2x, https:\/\/i0.wp.com\/noticiasribeiraopreto.com.br\/wp-content\/uploads\/2024\/04\/policia_civil_1200x675_13122021212822.jpg?fit=1200%2C675&ssl=1&resize=1050%2C600 3x"},"classes":[]},{"id":57910,"url":"https:\/\/noticiasribeiraopreto.com.br\/index.php\/2024\/09\/13\/ossada-humana-e-encontrada-na-zona-norte-de-ribeirao-preto\/","url_meta":{"origin":74747,"position":3},"title":"Ossada humana \u00e9 encontrada na zona Norte de Ribeir\u00e3o Preto","author":"noticiasribeiraopreto.com.br","date":"13 de September de 2024","format":false,"excerpt":"Na tarde de quinta-feira (12), uma ossada humana foi encontrada em \u00e1rea de mata, no bairro Jardim Heitor Rigon, zona Norte de Ribeir\u00e3o Preto. De acordo com o Boletim de Ocorr\u00eancia, um supervisor de seguran\u00e7a que trabalha pelo local acionou a Pol\u00edcia ap\u00f3s ser informado que havia uma ossada, pr\u00f3ximo\u2026","rel":"","context":"In &quot;Not\u00edcias de Ribeir\u00e3o Preto-SP e Regi\u00e3o&quot;","block_context":{"text":"Not\u00edcias de Ribeir\u00e3o Preto-SP e Regi\u00e3o","link":"https:\/\/noticiasribeiraopreto.com.br\/index.php\/category\/noticias-de-ribeirao-preto-sp-e-regiao-ismael-colosi\/"},"img":{"alt_text":"","src":"https:\/\/i0.wp.com\/noticiasribeiraopreto.com.br\/wp-content\/uploads\/2024\/09\/policia_qru_1200x675_24052022175115_2024-09-13_14-18-22_jpg_2024-09-13_14-18-22.webp.webp?fit=1200%2C675&ssl=1&resize=350%2C200","width":350,"height":200,"srcset":"https:\/\/i0.wp.com\/noticiasribeiraopreto.com.br\/wp-content\/uploads\/2024\/09\/policia_qru_1200x675_24052022175115_2024-09-13_14-18-22_jpg_2024-09-13_14-18-22.webp.webp?fit=1200%2C675&ssl=1&resize=350%2C200 1x, https:\/\/i0.wp.com\/noticiasribeiraopreto.com.br\/wp-content\/uploads\/2024\/09\/policia_qru_1200x675_24052022175115_2024-09-13_14-18-22_jpg_2024-09-13_14-18-22.webp.webp?fit=1200%2C675&ssl=1&resize=525%2C300 1.5x, https:\/\/i0.wp.com\/noticiasribeiraopreto.com.br\/wp-content\/uploads\/2024\/09\/policia_qru_1200x675_24052022175115_2024-09-13_14-18-22_jpg_2024-09-13_14-18-22.webp.webp?fit=1200%2C675&ssl=1&resize=700%2C400 2x, https:\/\/i0.wp.com\/noticiasribeiraopreto.com.br\/wp-content\/uploads\/2024\/09\/policia_qru_1200x675_24052022175115_2024-09-13_14-18-22_jpg_2024-09-13_14-18-22.webp.webp?fit=1200%2C675&ssl=1&resize=1050%2C600 3x"},"classes":[]},{"id":45983,"url":"https:\/\/noticiasribeiraopreto.com.br\/index.php\/2024\/04\/09\/veja-o-que-se-sabe-sobre-a-ossada-humana-encontrada-na-regiao-de-ribeirao\/","url_meta":{"origin":74747,"position":4},"title":"Veja o que se sabe sobre a ossada humana encontrada na regi\u00e3o de Ribeir\u00e3o","author":"noticiasribeiraopreto.com.br","date":"9 de April de 2024","format":false,"excerpt":"A Pol\u00edcia Civil encontrou nesta segunda-feira (8) uma ossada humana enterrada em uma ch\u00e1cara na \u00e1rea rural de Guatapar\u00e1, cidade a aproximadamente 60 quil\u00f4metros de Ribeir\u00e3o Preto. A pol\u00edcia informou no boletim de ocorr\u00eancia (BO) que havia uma den\u00fancia de feminic\u00eddio no local, em que a v\u00edtima teria sido morta\u2026","rel":"","context":"In &quot;Not\u00edcias de Ribeir\u00e3o Preto-SP e Regi\u00e3o&quot;","block_context":{"text":"Not\u00edcias de Ribeir\u00e3o Preto-SP e Regi\u00e3o","link":"https:\/\/noticiasribeiraopreto.com.br\/index.php\/category\/noticias-de-ribeirao-preto-sp-e-regiao-ismael-colosi\/"},"img":{"alt_text":"","src":"https:\/\/i0.wp.com\/noticiasribeiraopreto.com.br\/wp-content\/uploads\/2024\/04\/viatura_policia_1024x576_30032021102532.jpg?fit=1024%2C576&ssl=1&resize=350%2C200","width":350,"height":200,"srcset":"https:\/\/i0.wp.com\/noticiasribeiraopreto.com.br\/wp-content\/uploads\/2024\/04\/viatura_policia_1024x576_30032021102532.jpg?fit=1024%2C576&ssl=1&resize=350%2C200 1x, https:\/\/i0.wp.com\/noticiasribeiraopreto.com.br\/wp-content\/uploads\/2024\/04\/viatura_policia_1024x576_30032021102532.jpg?fit=1024%2C576&ssl=1&resize=525%2C300 1.5x, https:\/\/i0.wp.com\/noticiasribeiraopreto.com.br\/wp-content\/uploads\/2024\/04\/viatura_policia_1024x576_30032021102532.jpg?fit=1024%2C576&ssl=1&resize=700%2C400 2x"},"classes":[]},{"id":45925,"url":"https:\/\/noticiasribeiraopreto.com.br\/index.php\/2024\/04\/08\/policia-encontra-ossada-humana-em-zona-rural-de-cidade-na-regiao-de-ribeirao-preto\/","url_meta":{"origin":74747,"position":5},"title":"Pol\u00edcia encontra ossada humana em zona rural de cidade na regi\u00e3o de Ribeir\u00e3o Preto","author":"noticiasribeiraopreto.com.br","date":"8 de April de 2024","format":false,"excerpt":"Uma ossada humana foi encontrada em uma ch\u00e1cara, na zona rural de Guatapar\u00e1, cidade na regi\u00e3o de Ribeir\u00e3o Preto, na tarde desta segunda-feira (8). De acordo com as informa\u00e7\u00f5es da Pol\u00edcia Civil, os ossos localizados s\u00e3o de uma mulher que estava desaparecida desde o m\u00eas de mar\u00e7o, e estavam enterrados\u2026","rel":"","context":"In &quot;Not\u00edcias de Ribeir\u00e3o Preto-SP e Regi\u00e3o&quot;","block_context":{"text":"Not\u00edcias de Ribeir\u00e3o Preto-SP e Regi\u00e3o","link":"https:\/\/noticiasribeiraopreto.com.br\/index.php\/category\/noticias-de-ribeirao-preto-sp-e-regiao-ismael-colosi\/"},"img":{"alt_text":"","src":"https:\/\/i0.wp.com\/noticiasribeiraopreto.com.br\/wp-content\/uploads\/2024\/04\/53408978572_b00e8879d4_k.jpg?fit=1200%2C800&ssl=1&resize=350%2C200","width":350,"height":200,"srcset":"https:\/\/i0.wp.com\/noticiasribeiraopreto.com.br\/wp-content\/uploads\/2024\/04\/53408978572_b00e8879d4_k.jpg?fit=1200%2C800&ssl=1&resize=350%2C200 1x, https:\/\/i0.wp.com\/noticiasribeiraopreto.com.br\/wp-content\/uploads\/2024\/04\/53408978572_b00e8879d4_k.jpg?fit=1200%2C800&ssl=1&resize=525%2C300 1.5x, https:\/\/i0.wp.com\/noticiasribeiraopreto.com.br\/wp-content\/uploads\/2024\/04\/53408978572_b00e8879d4_k.jpg?fit=1200%2C800&ssl=1&resize=700%2C400 2x, https:\/\/i0.wp.com\/noticiasribeiraopreto.com.br\/wp-content\/uploads\/2024\/04\/53408978572_b00e8879d4_k.jpg?fit=1200%2C800&ssl=1&resize=1050%2C600 3x"},"classes":[]}],"jetpack_sharing_enabled":true,"jetpack_shortlink":"https:\/\/wp.me\/peQAOb-jrB","_links":{"self":[{"href":"https:\/\/noticiasribeiraopreto.com.br\/index.php\/wp-json\/wp\/v2\/posts\/74747","targetHints":{"allow":["GET"]}}],"collection":[{"href":"https:\/\/noticiasribeiraopreto.com.br\/index.php\/wp-json\/wp\/v2\/posts"}],"about":[{"href":"https:\/\/noticiasribeiraopreto.com.br\/index.php\/wp-json\/wp\/v2\/types\/post"}],"author":[{"embeddable":true,"href":"https:\/\/noticiasribeiraopreto.com.br\/index.php\/wp-json\/wp\/v2\/users\/1"}],"replies":[{"embeddable":true,"href":"https:\/\/noticiasribeiraopreto.com.br\/index.php\/wp-json\/wp\/v2\/comments?post=74747"}],"version-history":[{"count":0,"href":"https:\/\/noticiasribeiraopreto.com.br\/index.php\/wp-json\/wp\/v2\/posts\/74747\/revisions"}],"wp:featuredmedia":[{"embeddable":true,"href":"https:\/\/noticiasribeiraopreto.com.br\/index.php\/wp-json\/wp\/v2\/media\/74748"}],"wp:attachment":[{"href":"https:\/\/noticiasribeiraopreto.com.br\/index.php\/wp-json\/wp\/v2\/media?parent=74747"}],"wp:term":[{"taxonomy":"category","embeddable":true,"href":"https:\/\/noticiasribeiraopreto.com.br\/index.php\/wp-json\/wp\/v2\/categories?post=74747"},{"taxonomy":"post_tag","embeddable":true,"href":"https:\/\/noticiasribeiraopreto.com.br\/index.php\/wp-json\/wp\/v2\/tags?post=74747"}],"curies":[{"name":"wp","href":"https:\/\/api.w.org\/{rel}","templated":true}]}}