{"id":74749,"date":"2025-07-28T19:16:14","date_gmt":"2025-07-28T22:16:14","guid":{"rendered":"https:\/\/noticiasribeiraopreto.com.br\/index.php\/2025\/07\/28\/termometros-podem-marcar-7c-em-ribeirao-preto-estado-de-sp-entra-em-alerta\/"},"modified":"2025-07-28T19:16:14","modified_gmt":"2025-07-28T22:16:14","slug":"termometros-podem-marcar-7c-em-ribeirao-preto-estado-de-sp-entra-em-alerta","status":"publish","type":"post","link":"https:\/\/noticiasribeiraopreto.com.br\/index.php\/2025\/07\/28\/termometros-podem-marcar-7c-em-ribeirao-preto-estado-de-sp-entra-em-alerta\/","title":{"rendered":"Term\u00f4metros podem marcar 7\u00b0C em Ribeir\u00e3o Preto; estado de SP entra em alerta"},"content":{"rendered":"<div class='code-block code-block-1' style='margin: 8px 0 8px auto; text-align: right; display: block; clear: both;'>\n<p><a href=\"https:\/\/wa.link\/vpicfd\"><img data-recalc-dims=\"1\" class=\"wp-image-4922\" style=\"aspect-ratio: 2.0253164556962027; width: 561px; height: auto;\" src=\"https:\/\/i0.wp.com\/ismaelcolosi.com.br\/wp-content\/uploads\/2023\/11\/grupo-de-empregos-whatsapp-e-facebook-ismael-colosi-vagas.jpg?ssl=1\" alt=\"\" \/><\/a><\/p>\n<!-- \/wp:image -->\n<\/div>\n<p> <br \/>\n<\/p>\n<div data-td-block-uid=\"tdi_95\">\n<div class=\"tdb-block-inner td-fix-index\">\n<p>Ribeir\u00e3o Preto deve enfrentar temperaturas de at\u00e9 <strong>7\u00b0C<\/strong> nos pr\u00f3ximos dias, segundo alerta emitido pela <strong>Defesa Civil do Estado de S\u00e3o Paulo<\/strong>. A previs\u00e3o indica uma forte <strong>queda nas temperaturas m\u00ednimas e m\u00e1ximas<\/strong> entre esta <strong>ter\u00e7a-feira (29)<\/strong> e <strong>sexta-feira (1)<\/strong> em v\u00e1rias regi\u00f5es paulistas, devido \u00e0 chegada de uma <strong>massa de ar polar<\/strong>.<\/p>\n<p>As menores temperaturas previstas no estado variam conforme a regi\u00e3o. Em <strong>Ribeir\u00e3o Preto<\/strong>, <strong>Franca<\/strong>, Araraquara, Campinas, <strong>Barretos<\/strong>, Sorocaba, Bauru, Mar\u00edlia, Presidente Prudente e a Regi\u00e3o Metropolitana de S\u00e3o Paulo podem registrar <strong>7\u00b0C<\/strong>. Em S\u00e3o Jos\u00e9 do Rio Preto e Ara\u00e7atuba, a m\u00ednima prevista \u00e9 de 8\u00b0C, enquanto o Litoral Norte deve marcar 11\u00b0C, e a Baixada Santista, 12\u00b0C.<\/p>\n<p>A <strong>Defesa Civil<\/strong> acompanha as condi\u00e7\u00f5es meteorol\u00f3gicas em tempo real e recomenda que todos fiquem atentos aos <strong>alertas enviados por SMS<\/strong>. Para receber as mensagens, basta enviar o <strong>CEP por SMS para o n\u00famero 40199<\/strong>. Em emerg\u00eancias, ligue para <strong>199<\/strong>.<\/p>\n<hr class=\"wp-block-separator has-alpha-channel-opacity\"\/>\n<p>SAIBA MAIS<\/p>\n<p>Festival de cerveja artesanal em Ribeir\u00e3o Preto tem entrada gratuita e atra\u00e7\u00f5es musicais<\/p>\n<h2 class=\"wp-block-heading\"><strong>FIQUE ON<\/strong><\/h2>\n<p>Quer ficar por dentro de tudo que acontece em Ribeir\u00e3o Preto e regi\u00e3o? Ent\u00e3o siga os perfis do\u202facidade on\u202fno\u202f<a href=\"https:\/\/www.instagram.com\/acidadeonribeirao\" target=\"_blank\" rel=\"noreferrer noopener\">Instagram<\/a>\u202fe no\u202f<a href=\"https:\/\/www.facebook.com\/acidadeonribeirao\/\" target=\"_blank\" rel=\"noreferrer noopener\">Facebook<\/a>.<\/p>\n<p>Al\u00e9m disso, voc\u00ea pode receber as principais not\u00edcias diretamente no WhatsApp. Para isso, basta\u00a0<a href=\"https:\/\/chat.whatsapp.com\/BjKQZ9oJwlz8VVT50NuePq\" target=\"_blank\" rel=\"noreferrer noopener\">entrar no grupo clicando aqui<\/a>.<\/p>\n<p>Por fim, se quiser fazer uma den\u00fancia ou sugerir uma reportagem sobre Ribeir\u00e3o Preto e regi\u00e3o, envie uma mensagem pelo WhatsApp: (16) 99117-7802.<\/p>\n<p>VEJA TAMB\u00c9M<\/p>\n<p>Qual o hor\u00e1rio em que celulares s\u00e3o mais furtados?<\/p>\n<p><!-- AI CONTENT END 1 -->\n<\/div>\n<\/div>\n<p><script async src=\"\/\/www.instagram.com\/embed.js\"><\/script><br \/>\n<br \/><br \/>\n<br \/><a href=\"https:\/\/www.acidadeon.com\/ribeiraopreto\/cotidiano\/termometros-podem-marcar-7c-em-ribeirao-preto-estado-de-sp-entra-em-alerta\/\">Source link <\/a><\/p>\n<!-- CONTENT END 1 -->\n","protected":false},"excerpt":{"rendered":"<p>Ribeir\u00e3o Preto deve enfrentar temperaturas de at\u00e9 7\u00b0C nos pr\u00f3ximos dias, segundo alerta emitido pela Defesa Civil do Estado de S\u00e3o Paulo. A previs\u00e3o indica&#8230;<\/p>\n","protected":false},"author":1,"featured_media":74750,"comment_status":"open","ping_status":"open","sticky":false,"template":"","format":"standard","meta":{"advanced_seo_description":"","jetpack_seo_html_title":"","jetpack_seo_noindex":false,"jetpack_post_was_ever_published":false,"_jetpack_newsletter_access":"","_jetpack_dont_email_post_to_subs":false,"_jetpack_newsletter_tier_id":0,"_jetpack_memberships_contains_paywalled_content":false,"_jetpack_memberships_contains_paid_content":false,"footnotes":"","jetpack_publicize_message":"","jetpack_publicize_feature_enabled":true,"jetpack_social_post_already_shared":true,"jetpack_social_options":{"image_generator_settings":{"template":"highway","default_image_id":0,"font":"","enabled":false},"version":2}},"categories":[11],"tags":[],"class_list":["post-74749","post","type-post","status-publish","format-standard","has-post-thumbnail","hentry","category-noticias-de-ribeirao-preto-sp-e-regiao-ismael-colosi"],"jetpack_publicize_connections":[],"jetpack_featured_media_url":"https:\/\/i0.wp.com\/noticiasribeiraopreto.com.br\/wp-content\/uploads\/2025\/07\/WhatsApp-Image-2024-02-18-at-09.57.43-1.jpeg?fit=1600%2C1008&ssl=1","jetpack-related-posts":[{"id":70638,"url":"https:\/\/noticiasribeiraopreto.com.br\/index.php\/2025\/05\/28\/defesa-civil-de-sp-emite-alerta-para-onda-de-frio-e-indica-minima-invertida\/","url_meta":{"origin":74749,"position":0},"title":"Defesa Civil de SP emite alerta para onda de frio e indica &#8216;m\u00ednima invertida&#8217;","author":"noticiasribeiraopreto.com.br","date":"28 de May de 2025","format":false,"excerpt":"A primeira onda de frio intenso chega ao Estado de S\u00e3o Paulo nesta quinta-feira (29), e diversas regi\u00f5es enfrentar\u00e3o uma queda acentuada nas temperaturas. H\u00e1, inclusive, previs\u00e3o de \u201cm\u00ednima invertida\u201d \u2013 quando as temperaturas m\u00ednimas s\u00e3o registradas no per\u00edodo da tarde e noite, e n\u00e3o pela manh\u00e3. De acordo com\u2026","rel":"","context":"In &quot;Not\u00edcias de Ribeir\u00e3o Preto-SP e Regi\u00e3o&quot;","block_context":{"text":"Not\u00edcias de Ribeir\u00e3o Preto-SP e Regi\u00e3o","link":"https:\/\/noticiasribeiraopreto.com.br\/index.php\/category\/noticias-de-ribeirao-preto-sp-e-regiao-ismael-colosi\/"},"img":{"alt_text":"","src":"https:\/\/i0.wp.com\/noticiasribeiraopreto.com.br\/wp-content\/uploads\/2025\/05\/WhatsApp-Image-2025-05-28-at-12.43.35-1_2025-05-28_15-55-13.webp.webp?fit=1200%2C540&ssl=1&resize=350%2C200","width":350,"height":200,"srcset":"https:\/\/i0.wp.com\/noticiasribeiraopreto.com.br\/wp-content\/uploads\/2025\/05\/WhatsApp-Image-2025-05-28-at-12.43.35-1_2025-05-28_15-55-13.webp.webp?fit=1200%2C540&ssl=1&resize=350%2C200 1x, https:\/\/i0.wp.com\/noticiasribeiraopreto.com.br\/wp-content\/uploads\/2025\/05\/WhatsApp-Image-2025-05-28-at-12.43.35-1_2025-05-28_15-55-13.webp.webp?fit=1200%2C540&ssl=1&resize=525%2C300 1.5x, https:\/\/i0.wp.com\/noticiasribeiraopreto.com.br\/wp-content\/uploads\/2025\/05\/WhatsApp-Image-2025-05-28-at-12.43.35-1_2025-05-28_15-55-13.webp.webp?fit=1200%2C540&ssl=1&resize=700%2C400 2x, https:\/\/i0.wp.com\/noticiasribeiraopreto.com.br\/wp-content\/uploads\/2025\/05\/WhatsApp-Image-2025-05-28-at-12.43.35-1_2025-05-28_15-55-13.webp.webp?fit=1200%2C540&ssl=1&resize=1050%2C600 3x"},"classes":[]},{"id":74766,"url":"https:\/\/noticiasribeiraopreto.com.br\/index.php\/2025\/07\/29\/massa-de-ar-polar-derruba-as-temperaturas-veja-previsao-para-semana-em-ribeirao-preto\/","url_meta":{"origin":74749,"position":1},"title":"Massa de ar polar derruba as temperaturas; Veja previs\u00e3o para semana em Ribeir\u00e3o Preto","author":"noticiasribeiraopreto.com.br","date":"29 de July de 2025","format":false,"excerpt":"Ap\u00f3s o avan\u00e7o de uma frente fria neste in\u00edcio de semana, o estado de S\u00e3o Paulo recebe uma massa de ar polar que deve manter o frio nos pr\u00f3ximos dias.\u00a0 Ribeir\u00e3o Preto registrou chuva nesta segunda-feira (28) e as temperaturas j\u00e1 come\u00e7aram a cair. H\u00e1 alerta da Defesa Civil para\u2026","rel":"","context":"In &quot;Not\u00edcias de Ribeir\u00e3o Preto-SP e Regi\u00e3o&quot;","block_context":{"text":"Not\u00edcias de Ribeir\u00e3o Preto-SP e Regi\u00e3o","link":"https:\/\/noticiasribeiraopreto.com.br\/index.php\/category\/noticias-de-ribeirao-preto-sp-e-regiao-ismael-colosi\/"},"img":{"alt_text":"","src":"https:\/\/i0.wp.com\/noticiasribeiraopreto.com.br\/wp-content\/uploads\/2025\/07\/frio_sp06_2025-07-29_09-28-55.webp.webp?fit=1200%2C808&ssl=1&resize=350%2C200","width":350,"height":200,"srcset":"https:\/\/i0.wp.com\/noticiasribeiraopreto.com.br\/wp-content\/uploads\/2025\/07\/frio_sp06_2025-07-29_09-28-55.webp.webp?fit=1200%2C808&ssl=1&resize=350%2C200 1x, https:\/\/i0.wp.com\/noticiasribeiraopreto.com.br\/wp-content\/uploads\/2025\/07\/frio_sp06_2025-07-29_09-28-55.webp.webp?fit=1200%2C808&ssl=1&resize=525%2C300 1.5x, https:\/\/i0.wp.com\/noticiasribeiraopreto.com.br\/wp-content\/uploads\/2025\/07\/frio_sp06_2025-07-29_09-28-55.webp.webp?fit=1200%2C808&ssl=1&resize=700%2C400 2x, https:\/\/i0.wp.com\/noticiasribeiraopreto.com.br\/wp-content\/uploads\/2025\/07\/frio_sp06_2025-07-29_09-28-55.webp.webp?fit=1200%2C808&ssl=1&resize=1050%2C600 3x"},"classes":[]},{"id":72887,"url":"https:\/\/noticiasribeiraopreto.com.br\/index.php\/2025\/06\/22\/defesa-civil-emite-alerta-para-temporais-e-frio-intenso-no-estado-de-sp-veja-regioes\/","url_meta":{"origin":74749,"position":2},"title":"Defesa Civil emite alerta para temporais e frio intenso no estado de SP; Veja regi\u00f5es","author":"noticiasribeiraopreto.com.br","date":"22 de June de 2025","format":false,"excerpt":"A Defesa Civil do Estado de S\u00e3o Paulo emitiu, neste domingo (22), um alerta v\u00e1lido para todo o territ\u00f3rio paulista devido \u00e0 aproxima\u00e7\u00e3o e passagem\u00a0uma frente fria prevista nesta segunda-feira (23), que dever\u00e1 provocar fortes chuvas. Na sequ\u00eancia, est\u00e1 prevista queda acentuada na temperatura, com m\u00ednima de 3\u00b0C em algumas\u2026","rel":"","context":"In &quot;Not\u00edcias de Ribeir\u00e3o Preto-SP e Regi\u00e3o&quot;","block_context":{"text":"Not\u00edcias de Ribeir\u00e3o Preto-SP e Regi\u00e3o","link":"https:\/\/noticiasribeiraopreto.com.br\/index.php\/category\/noticias-de-ribeirao-preto-sp-e-regiao-ismael-colosi\/"},"img":{"alt_text":"","src":"https:\/\/i0.wp.com\/noticiasribeiraopreto.com.br\/wp-content\/uploads\/2025\/06\/chuva_sexta_08_2024-12-30_19-10-10_jpg_2024-12-30_19-10-11-scaled.webp.webp?fit=1200%2C800&ssl=1&resize=350%2C200","width":350,"height":200,"srcset":"https:\/\/i0.wp.com\/noticiasribeiraopreto.com.br\/wp-content\/uploads\/2025\/06\/chuva_sexta_08_2024-12-30_19-10-10_jpg_2024-12-30_19-10-11-scaled.webp.webp?fit=1200%2C800&ssl=1&resize=350%2C200 1x, https:\/\/i0.wp.com\/noticiasribeiraopreto.com.br\/wp-content\/uploads\/2025\/06\/chuva_sexta_08_2024-12-30_19-10-10_jpg_2024-12-30_19-10-11-scaled.webp.webp?fit=1200%2C800&ssl=1&resize=525%2C300 1.5x, https:\/\/i0.wp.com\/noticiasribeiraopreto.com.br\/wp-content\/uploads\/2025\/06\/chuva_sexta_08_2024-12-30_19-10-10_jpg_2024-12-30_19-10-11-scaled.webp.webp?fit=1200%2C800&ssl=1&resize=700%2C400 2x, https:\/\/i0.wp.com\/noticiasribeiraopreto.com.br\/wp-content\/uploads\/2025\/06\/chuva_sexta_08_2024-12-30_19-10-10_jpg_2024-12-30_19-10-11-scaled.webp.webp?fit=1200%2C800&ssl=1&resize=1050%2C600 3x"},"classes":[]},{"id":70768,"url":"https:\/\/noticiasribeiraopreto.com.br\/index.php\/2025\/05\/29\/veja-ate-quando-vai-a-onda-de-frio-que-atinge-sp\/","url_meta":{"origin":74749,"position":3},"title":"Veja at\u00e9 quando vai a onda de frio que atinge SP","author":"noticiasribeiraopreto.com.br","date":"29 de May de 2025","format":false,"excerpt":"Uma intensa onda de frio come\u00e7ou a atingir o estado de S\u00e3o Paulo nesta quinta-feira (29) e deve persistir durante todo o final de semana. Nesta sexta-feira (30), por exemplo, a expectativa \u00e9 de que a temperatura caia ainda mais. >>>LEIA TAMB\u00c9M: Defesa Civil de SP emite alerta para onda\u2026","rel":"","context":"In &quot;Not\u00edcias de Ribeir\u00e3o Preto-SP e Regi\u00e3o&quot;","block_context":{"text":"Not\u00edcias de Ribeir\u00e3o Preto-SP e Regi\u00e3o","link":"https:\/\/noticiasribeiraopreto.com.br\/index.php\/category\/noticias-de-ribeirao-preto-sp-e-regiao-ismael-colosi\/"},"img":{"alt_text":"","src":"https:\/\/i0.wp.com\/noticiasribeiraopreto.com.br\/wp-content\/uploads\/2025\/05\/frio_mcamgo_abr_180520221818-3_2025-04-15_20-46-56_jpg_2025-04-15_20-46-58-scaled.webp.webp?fit=1200%2C800&ssl=1&resize=350%2C200","width":350,"height":200,"srcset":"https:\/\/i0.wp.com\/noticiasribeiraopreto.com.br\/wp-content\/uploads\/2025\/05\/frio_mcamgo_abr_180520221818-3_2025-04-15_20-46-56_jpg_2025-04-15_20-46-58-scaled.webp.webp?fit=1200%2C800&ssl=1&resize=350%2C200 1x, https:\/\/i0.wp.com\/noticiasribeiraopreto.com.br\/wp-content\/uploads\/2025\/05\/frio_mcamgo_abr_180520221818-3_2025-04-15_20-46-56_jpg_2025-04-15_20-46-58-scaled.webp.webp?fit=1200%2C800&ssl=1&resize=525%2C300 1.5x, https:\/\/i0.wp.com\/noticiasribeiraopreto.com.br\/wp-content\/uploads\/2025\/05\/frio_mcamgo_abr_180520221818-3_2025-04-15_20-46-56_jpg_2025-04-15_20-46-58-scaled.webp.webp?fit=1200%2C800&ssl=1&resize=700%2C400 2x, https:\/\/i0.wp.com\/noticiasribeiraopreto.com.br\/wp-content\/uploads\/2025\/05\/frio_mcamgo_abr_180520221818-3_2025-04-15_20-46-56_jpg_2025-04-15_20-46-58-scaled.webp.webp?fit=1200%2C800&ssl=1&resize=1050%2C600 3x"},"classes":[]},{"id":73356,"url":"https:\/\/noticiasribeiraopreto.com.br\/index.php\/2025\/06\/30\/frente-fria-defesa-civil-emite-alerta-para-queda-de-temperatura-em-ribeirao-preto\/","url_meta":{"origin":74749,"position":4},"title":"Frente fria: Defesa Civil emite alerta para queda de temperatura em Ribeir\u00e3o Preto","author":"noticiasribeiraopreto.com.br","date":"30 de June de 2025","format":false,"excerpt":"Entre os dias 1\u00ba e 3 de julho, uma frente fria vai avan\u00e7ar sobre o Estado de S\u00e3o Paulo e provocar queda nas temperaturas m\u00ednimas e m\u00e1ximas. Logo ap\u00f3s a frente fria, uma massa de ar frio tamb\u00e9m vai intensificar o resfriamento, segundo a Defesa Civil estadual. Ribeir\u00e3o Preto deve\u2026","rel":"","context":"In &quot;Not\u00edcias de Ribeir\u00e3o Preto-SP e Regi\u00e3o&quot;","block_context":{"text":"Not\u00edcias de Ribeir\u00e3o Preto-SP e Regi\u00e3o","link":"https:\/\/noticiasribeiraopreto.com.br\/index.php\/category\/noticias-de-ribeirao-preto-sp-e-regiao-ismael-colosi\/"},"img":{"alt_text":"","src":"https:\/\/i0.wp.com\/noticiasribeiraopreto.com.br\/wp-content\/uploads\/2025\/06\/1751319353_WhatsApp-Image-2024-02-18-at-09.57.43-1.jpeg?fit=1200%2C756&ssl=1&resize=350%2C200","width":350,"height":200,"srcset":"https:\/\/i0.wp.com\/noticiasribeiraopreto.com.br\/wp-content\/uploads\/2025\/06\/1751319353_WhatsApp-Image-2024-02-18-at-09.57.43-1.jpeg?fit=1200%2C756&ssl=1&resize=350%2C200 1x, https:\/\/i0.wp.com\/noticiasribeiraopreto.com.br\/wp-content\/uploads\/2025\/06\/1751319353_WhatsApp-Image-2024-02-18-at-09.57.43-1.jpeg?fit=1200%2C756&ssl=1&resize=525%2C300 1.5x, https:\/\/i0.wp.com\/noticiasribeiraopreto.com.br\/wp-content\/uploads\/2025\/06\/1751319353_WhatsApp-Image-2024-02-18-at-09.57.43-1.jpeg?fit=1200%2C756&ssl=1&resize=700%2C400 2x, https:\/\/i0.wp.com\/noticiasribeiraopreto.com.br\/wp-content\/uploads\/2025\/06\/1751319353_WhatsApp-Image-2024-02-18-at-09.57.43-1.jpeg?fit=1200%2C756&ssl=1&resize=1050%2C600 3x"},"classes":[]},{"id":70705,"url":"https:\/\/noticiasribeiraopreto.com.br\/index.php\/2025\/05\/29\/ribeirao-preto-registra-a-manha-mais-fria-do-ano-nesta-quinta-feira\/","url_meta":{"origin":74749,"position":5},"title":"Ribeir\u00e3o Preto registra a manh\u00e3 mais fria do ano nesta quinta-feira","author":"noticiasribeiraopreto.com.br","date":"29 de May de 2025","format":false,"excerpt":"Ribeir\u00e3o Preto registrou nesta quinta-feira (29) a manh\u00e3 mais fria de 2025. A m\u00ednima foi de 12\u00b0C \u00e0s 7h e \u00e0s 8h, no aeroporto Leite Lopes, segundo dados da Redmet (Rede de Meteorologia do Comando da Aeron\u00e1utica). Antes desse recorde, a m\u00ednima havia atingido 14\u00b0C no \u00faltimo dia 15 de\u2026","rel":"","context":"In &quot;Not\u00edcias de Ribeir\u00e3o Preto-SP e Regi\u00e3o&quot;","block_context":{"text":"Not\u00edcias de Ribeir\u00e3o Preto-SP e Regi\u00e3o","link":"https:\/\/noticiasribeiraopreto.com.br\/index.php\/category\/noticias-de-ribeirao-preto-sp-e-regiao-ismael-colosi\/"},"img":{"alt_text":"","src":"https:\/\/i0.wp.com\/noticiasribeiraopreto.com.br\/wp-content\/uploads\/2025\/05\/InmetemitealertadechuvasintensasparaolitoraleinteriordeSoPaulo_Tamanho_2_image.jpg?fit=1200%2C900&ssl=1&resize=350%2C200","width":350,"height":200,"srcset":"https:\/\/i0.wp.com\/noticiasribeiraopreto.com.br\/wp-content\/uploads\/2025\/05\/InmetemitealertadechuvasintensasparaolitoraleinteriordeSoPaulo_Tamanho_2_image.jpg?fit=1200%2C900&ssl=1&resize=350%2C200 1x, https:\/\/i0.wp.com\/noticiasribeiraopreto.com.br\/wp-content\/uploads\/2025\/05\/InmetemitealertadechuvasintensasparaolitoraleinteriordeSoPaulo_Tamanho_2_image.jpg?fit=1200%2C900&ssl=1&resize=525%2C300 1.5x, https:\/\/i0.wp.com\/noticiasribeiraopreto.com.br\/wp-content\/uploads\/2025\/05\/InmetemitealertadechuvasintensasparaolitoraleinteriordeSoPaulo_Tamanho_2_image.jpg?fit=1200%2C900&ssl=1&resize=700%2C400 2x, https:\/\/i0.wp.com\/noticiasribeiraopreto.com.br\/wp-content\/uploads\/2025\/05\/InmetemitealertadechuvasintensasparaolitoraleinteriordeSoPaulo_Tamanho_2_image.jpg?fit=1200%2C900&ssl=1&resize=1050%2C600 3x"},"classes":[]}],"jetpack_sharing_enabled":true,"jetpack_shortlink":"https:\/\/wp.me\/peQAOb-jrD","_links":{"self":[{"href":"https:\/\/noticiasribeiraopreto.com.br\/index.php\/wp-json\/wp\/v2\/posts\/74749","targetHints":{"allow":["GET"]}}],"collection":[{"href":"https:\/\/noticiasribeiraopreto.com.br\/index.php\/wp-json\/wp\/v2\/posts"}],"about":[{"href":"https:\/\/noticiasribeiraopreto.com.br\/index.php\/wp-json\/wp\/v2\/types\/post"}],"author":[{"embeddable":true,"href":"https:\/\/noticiasribeiraopreto.com.br\/index.php\/wp-json\/wp\/v2\/users\/1"}],"replies":[{"embeddable":true,"href":"https:\/\/noticiasribeiraopreto.com.br\/index.php\/wp-json\/wp\/v2\/comments?post=74749"}],"version-history":[{"count":0,"href":"https:\/\/noticiasribeiraopreto.com.br\/index.php\/wp-json\/wp\/v2\/posts\/74749\/revisions"}],"wp:featuredmedia":[{"embeddable":true,"href":"https:\/\/noticiasribeiraopreto.com.br\/index.php\/wp-json\/wp\/v2\/media\/74750"}],"wp:attachment":[{"href":"https:\/\/noticiasribeiraopreto.com.br\/index.php\/wp-json\/wp\/v2\/media?parent=74749"}],"wp:term":[{"taxonomy":"category","embeddable":true,"href":"https:\/\/noticiasribeiraopreto.com.br\/index.php\/wp-json\/wp\/v2\/categories?post=74749"},{"taxonomy":"post_tag","embeddable":true,"href":"https:\/\/noticiasribeiraopreto.com.br\/index.php\/wp-json\/wp\/v2\/tags?post=74749"}],"curies":[{"name":"wp","href":"https:\/\/api.w.org\/{rel}","templated":true}]}}