{"id":7475,"date":"2023-11-28T09:33:19","date_gmt":"2023-11-28T12:33:19","guid":{"rendered":"https:\/\/noticiasribeiraopreto.com.br\/index.php\/2023\/11\/28\/faetec-abre-quase-7-mil-vagas-cursos-gratuitos-veja-lista\/"},"modified":"2023-11-28T09:33:19","modified_gmt":"2023-11-28T12:33:19","slug":"faetec-abre-quase-7-mil-vagas-cursos-gratuitos-veja-lista","status":"publish","type":"post","link":"https:\/\/noticiasribeiraopreto.com.br\/index.php\/2023\/11\/28\/faetec-abre-quase-7-mil-vagas-cursos-gratuitos-veja-lista\/","title":{"rendered":"Faetec abre quase 7 mil vagas cursos gratuitos; veja lista"},"content":{"rendered":"<div class='code-block code-block-1' style='margin: 8px 0 8px auto; text-align: right; display: block; clear: both;'>\n<p><a href=\"https:\/\/wa.link\/vpicfd\"><img data-recalc-dims=\"1\" class=\"wp-image-4922\" style=\"aspect-ratio: 2.0253164556962027; width: 561px; height: auto;\" src=\"https:\/\/i0.wp.com\/ismaelcolosi.com.br\/wp-content\/uploads\/2023\/11\/grupo-de-empregos-whatsapp-e-facebook-ismael-colosi-vagas.jpg?ssl=1\" alt=\"\" \/><\/a><\/p>\n<!-- \/wp:image -->\n<\/div>\n<p> <br \/>\n<\/p>\n<div>\n<p>A <a href=\"http:\/\/www.faetec.rj.gov.br\/\" target=\"_blank\" rel=\"noopener\">Funda\u00e7\u00e3o de Apoio \u00e0 Escola T\u00e9cnica<\/a> (Faetec) est\u00e1 com inscri\u00e7\u00f5es abertas cursos gratuitos, que v\u00e3o da educa\u00e7\u00e3o infantil ao <a href=\"https:\/\/catracalivre.com.br\/educacao\/usp-abre-vagas-em-cursos-online-e-presenciais-gratuitos\/\">ensino superior<\/a> e tamb\u00e9m t\u00e9cnico.<\/p>\n<p>Ao todo, s\u00e3o 6.993 vagas no processo seletivo para ingresso em 2024. As inscri\u00e7\u00f5es ficam abertas at\u00e9 o dia 20 de dezembro e devem ser feitas pelo site da Faetec (acesse <a href=\"http:\/\/www.faetec.rj.gov.br\/\" target=\"_blank\" rel=\"noopener\">aqui<\/a>).<\/p>\n<div id=\"attachment_2220528\" class=\"wp-caption aligncenter\">\n<div class=\"d-flex justify-content-center\" data-attachment-id=\"2220528\">\n<div class=\"position-relative d-inline-block\"><img data-recalc-dims=\"1\" data-portal-copyright=\"Divulga\u00e7\u00e3o\" decoding=\"async\" fetchpriority=\"high\" class=\"wp-image-2220528 size-large\" src=\"https:\/\/i0.wp.com\/catracalivre.com.br\/wp-content\/uploads\/2022\/07\/faetec-rj-cursos-gratuitos-910x570.jpg?resize=910%2C570&#038;ssl=1\" alt=\"Faetec oferece quase 7 mil vagas em cursos gratuitos\" width=\"910\" height=\"570\" srcset=\"https:\/\/catracalivre.com.br\/wp-content\/uploads\/2022\/07\/faetec-rj-cursos-gratuitos-910x570.jpg 910w, https:\/\/catracalivre.com.br\/wp-content\/uploads\/2022\/07\/faetec-rj-cursos-gratuitos-450x282.jpg 450w, https:\/\/catracalivre.com.br\/wp-content\/uploads\/2022\/07\/faetec-rj-cursos-gratuitos-768x481.jpg 768w\" sizes=\"(max-width: 910px) 100vw, 910px\"\/><\/p>\n<p>Cr\u00e9ditos: Divulga\u00e7\u00e3o<\/p>\n<\/div>\n<\/div>\n<p><span class=\"post-imagem__legenda\">Faetec oferece quase 7 mil vagas em cursos gratuitos<\/span><\/p>\n<\/div>\n<h3>Como se inscrever nos cursos gratuitos da Faetec?<\/h3>\n<p>Para quem deseja uma forma\u00e7\u00e3o t\u00e9cnica, 5.285 vagas est\u00e3o sendo ofertadas. Destas, 2.154 s\u00e3o destinadas aos candidatos que desejam cursar o ensino m\u00e9dio junto ao t\u00e9cnico e 3.131 vagas s\u00e3o para aqueles que j\u00e1 possuem o ensino m\u00e9dio ou estejam matriculados a partir do 2\u00ba ano.<\/p>\n<p>Entre as forma\u00e7\u00f5es dispon\u00edveis, est\u00e3o os cursos de Administra\u00e7\u00e3o; Inform\u00e1tica; Seguran\u00e7a do Trabalho; Eletrot\u00e9cnica; An\u00e1lises Cl\u00ednicas; Mec\u00e2nica; Enfermagem; Log\u00edstica; e Produ\u00e7\u00e3o de Moda.<\/p>\n<p>O vestibular para ingresso em cursos de gradua\u00e7\u00e3o contempla 552 vagas, distribu\u00eddas entre as Faculdades de Educa\u00e7\u00e3o Tecnol\u00f3gica do Rio de Janeiro presentes nas cidades de Barra Mansa; Paracambi; Duque de Caxias; Tr\u00eas Rios; Santo Ant\u00f4nio de P\u00e1dua; Itaperuna; e Petr\u00f3polis; al\u00e9m dos Institutos de Educa\u00e7\u00e3o Superior do Rio de Janeiro (Isepam e Iserj).<\/p>\n<h3>Educa\u00e7\u00e3o infantil e ensino fundamental<\/h3>\n<p>A educa\u00e7\u00e3o infantil \u00e9 destinada a crian\u00e7as de 3 a 5 anos, com 218 vagas distribu\u00eddas em unidades localizadas na capital e em Campos dos Goytacazes. O ingresso ser\u00e1 por meio de sorteio e sem taxa de inscri\u00e7\u00e3o.<\/p>\n<p>Para o ensino fundamental, s\u00e3o 798 vagas espalhadas. Nas unidades: Iserj (capital), Isepam e Ant\u00f4nio Sarlo (ambas em Campos dos Goytacazes), a inscri\u00e7\u00e3o \u00e9 gratuita e o processo seletivo por sorteio.<\/p>\n<p>Nas escolas de ensino fundamental Rep\u00fablica, Visconde de Mau\u00e1 (ambas na capital) e Henrique Lage (Niter\u00f3i), ser\u00e1 cobrada uma taxa de inscri\u00e7\u00e3o no valor de R$35 e o ingresso \u00e9 por meio de prova.<br \/>Para ensino m\u00e9dio, s\u00e3o 100 vagas.<\/p>\n<p>N\u00e3o ser\u00e1 cobrada taxa de inscri\u00e7\u00e3o. O ingresso ser\u00e1 por meio de sorteio.<\/p>\n<p>J\u00e1 os cursos t\u00e9cnicos, especializa\u00e7\u00e3o em Enfermagem do Trabalho, e vestibular, a taxa de inscri\u00e7\u00e3o \u00e9 de R$35 at\u00e9 22 de dezembro.<\/p>\n<p>Todas as provas ser\u00e3o realizadas em 14 de janeiro. O resultado preliminar dos processos seletivos por sorteios ser\u00e1 divulgado no dia 17 de janeiro.<\/p>\n<p>Os candidatos aos cursos T\u00e9cnicos em Teatro e Instrumento Musical ser\u00e3o submetidos ao Teste de Habilidades Espec\u00edficas, nos dias 13 e 14 de janeiro.<\/p>\n<\/div>\n<p><script>\n\t\t! function(f, b, e, v, n, t, s) {\n\t\t\tif (f.fbq) return;\n\t\t\tn = f.fbq = function() {\n\t\t\t\tn.callMethod ?\n\t\t\t\t\tn.callMethod.apply(n, arguments) : n.queue.push(arguments)\n\t\t\t};\n\t\t\tif (!f._fbq) f._fbq = n;\n\t\t\tn.push = n;\n\t\t\tn.loaded = !0;\n\t\t\tn.version = '2.0';\n\t\t\tn.queue = [];\n\t\t\tt = b.createElement(e);\n\t\t\tt.async = !0;\n\t\t\tt.src = v;\n\t\t\ts = b.getElementsByTagName(e)[0];\n\t\t\ts.parentNode.insertBefore(t, s)\n\t\t}(window, document, 'script',\n\t\t\t'https:\/\/connect.facebook.net\/en_US\/fbevents.js');\n\t\tfbq('init', '338315473262380');\n\t\tfbq('track', 'PageView');\n\t<\/script><br \/>\n<br \/><br \/>\n<br \/><a href=\"https:\/\/catracalivre.com.br\/educacao\/faetec-abre-quase-7-mil-vagas-cursos-gratuitos-veja-lista\/\">Source link <\/a><\/p>\n<!-- CONTENT END 1 -->\n","protected":false},"excerpt":{"rendered":"<p>A Funda\u00e7\u00e3o de Apoio \u00e0 Escola T\u00e9cnica (Faetec) est\u00e1 com inscri\u00e7\u00f5es abertas cursos gratuitos, que v\u00e3o da educa\u00e7\u00e3o infantil ao ensino superior e tamb\u00e9m t\u00e9cnico&#8230;.<\/p>\n","protected":false},"author":1,"featured_media":7476,"comment_status":"open","ping_status":"open","sticky":false,"template":"","format":"standard","meta":{"advanced_seo_description":"","jetpack_seo_html_title":"","jetpack_seo_noindex":false,"jetpack_post_was_ever_published":false,"_jetpack_newsletter_access":"","_jetpack_dont_email_post_to_subs":false,"_jetpack_newsletter_tier_id":0,"_jetpack_memberships_contains_paywalled_content":false,"_jetpack_memberships_contains_paid_content":false,"footnotes":"","jetpack_publicize_message":"","jetpack_publicize_feature_enabled":true,"jetpack_social_post_already_shared":true,"jetpack_social_options":{"image_generator_settings":{"template":"highway","default_image_id":0,"font":"","enabled":false},"version":2}},"categories":[19],"tags":[],"class_list":["post-7475","post","type-post","status-publish","format-standard","has-post-thumbnail","hentry","category-variedades"],"jetpack_publicize_connections":[],"jetpack_featured_media_url":"https:\/\/i0.wp.com\/noticiasribeiraopreto.com.br\/wp-content\/uploads\/2023\/11\/faetec-rj-cursos-gratuitos.jpg?fit=1200%2C638&ssl=1","jetpack-related-posts":[{"id":71899,"url":"https:\/\/noticiasribeiraopreto.com.br\/index.php\/2025\/06\/11\/jornal-da-franca-curso-superior-gratuito-e-online-universidade-aberta-do-brasil-recebe-inscricoes\/","url_meta":{"origin":7475,"position":0},"title":"Jornal da Franca &#8211; Curso superior gratuito e online: Universidade Aberta do Brasil recebe inscri\u00e7\u00f5es","author":"noticiasribeiraopreto.com.br","date":"11 de June de 2025","format":false,"excerpt":"compartilhar no whatsapp compartilhar no telegram compartilhar no facebook compartilhar no linkedin A Universidade Aberta do Brasil oferece cursos gratuitos e \u00e0 dist\u00e2ncia, de gradua\u00e7\u00e3o e especializa\u00e7\u00e3o em diversas \u00e1reas. A UAB (Universidade Aberta do Brasil) recebe, at\u00e9 \u00e0s 17h59 do dia 18 de junho, as inscri\u00e7\u00f5es para o processo\u2026","rel":"","context":"In &quot;Not\u00edcias de Franca-SP&quot;","block_context":{"text":"Not\u00edcias de Franca-SP","link":"https:\/\/noticiasribeiraopreto.com.br\/index.php\/category\/noticias-de-ribeirao-preto-sp-e-regiao-ismael-colosi\/noticias-franca-sp\/"},"img":{"alt_text":"","src":"https:\/\/i0.wp.com\/noticiasribeiraopreto.com.br\/wp-content\/uploads\/2025\/06\/essa-10.jpg?fit=1200%2C794&ssl=1&resize=350%2C200","width":350,"height":200,"srcset":"https:\/\/i0.wp.com\/noticiasribeiraopreto.com.br\/wp-content\/uploads\/2025\/06\/essa-10.jpg?fit=1200%2C794&ssl=1&resize=350%2C200 1x, https:\/\/i0.wp.com\/noticiasribeiraopreto.com.br\/wp-content\/uploads\/2025\/06\/essa-10.jpg?fit=1200%2C794&ssl=1&resize=525%2C300 1.5x, https:\/\/i0.wp.com\/noticiasribeiraopreto.com.br\/wp-content\/uploads\/2025\/06\/essa-10.jpg?fit=1200%2C794&ssl=1&resize=700%2C400 2x, https:\/\/i0.wp.com\/noticiasribeiraopreto.com.br\/wp-content\/uploads\/2025\/06\/essa-10.jpg?fit=1200%2C794&ssl=1&resize=1050%2C600 3x"},"classes":[]},{"id":32677,"url":"https:\/\/noticiasribeiraopreto.com.br\/index.php\/2024\/01\/26\/funtec-esta-com-inscricoes-abertas-para-29-cursos-gratuitos-em-ribeirao-preto\/","url_meta":{"origin":7475,"position":1},"title":"Funtec est\u00e1 com inscri\u00e7\u00f5es abertas para 29 cursos gratuitos em Ribeir\u00e3o Preto","author":"noticiasribeiraopreto.com.br","date":"26 de January de 2024","format":false,"excerpt":"A Prefeitura de Ribeir\u00e3o Preto informou, nesta quinta-feira (25), que a Funtec (Funda\u00e7\u00e3o de Forma\u00e7\u00e3o Tecnol\u00f3gica) est\u00e1 com as inscri\u00e7\u00f5es abertas para 29 cursos de qualifica\u00e7\u00e3o profissional. Os interessados devem procurar a sede da funda\u00e7\u00e3o na rua \u00c1lvares Cabral, 629, no Centro da cidade, entre \u00e0s 9h e \u00e0s 16h30h,\u2026","rel":"","context":"In &quot;Not\u00edcias de Ribeir\u00e3o Preto-SP e Regi\u00e3o&quot;","block_context":{"text":"Not\u00edcias de Ribeir\u00e3o Preto-SP e Regi\u00e3o","link":"https:\/\/noticiasribeiraopreto.com.br\/index.php\/category\/noticias-de-ribeirao-preto-sp-e-regiao-ismael-colosi\/"},"img":{"alt_text":"","src":"https:\/\/i0.wp.com\/noticiasribeiraopreto.com.br\/wp-content\/uploads\/2024\/01\/cursos_funtec_-_foto_guilherme_sircili_4.jpg?fit=1200%2C799&ssl=1&resize=350%2C200","width":350,"height":200,"srcset":"https:\/\/i0.wp.com\/noticiasribeiraopreto.com.br\/wp-content\/uploads\/2024\/01\/cursos_funtec_-_foto_guilherme_sircili_4.jpg?fit=1200%2C799&ssl=1&resize=350%2C200 1x, https:\/\/i0.wp.com\/noticiasribeiraopreto.com.br\/wp-content\/uploads\/2024\/01\/cursos_funtec_-_foto_guilherme_sircili_4.jpg?fit=1200%2C799&ssl=1&resize=525%2C300 1.5x, https:\/\/i0.wp.com\/noticiasribeiraopreto.com.br\/wp-content\/uploads\/2024\/01\/cursos_funtec_-_foto_guilherme_sircili_4.jpg?fit=1200%2C799&ssl=1&resize=700%2C400 2x, https:\/\/i0.wp.com\/noticiasribeiraopreto.com.br\/wp-content\/uploads\/2024\/01\/cursos_funtec_-_foto_guilherme_sircili_4.jpg?fit=1200%2C799&ssl=1&resize=1050%2C600 3x"},"classes":[]},{"id":6678,"url":"https:\/\/noticiasribeiraopreto.com.br\/index.php\/2023\/11\/26\/guri-abre-vagas-para-cursos-on-line-gratuitos-de-musica\/","url_meta":{"origin":7475,"position":2},"title":"Guri abre vagas para cursos on-line gratuitos de m\u00fasica","author":"noticiasribeiraopreto.com.br","date":"26 de November de 2023","format":false,"excerpt":"O Projeto Guri, programa da Secretaria da Cultura, Economia e Ind\u00fastria Criativas, abriu vagas para cinco cursos on-line gratuitos, abertos a diversas faixas et\u00e1rias e n\u00edveis de ensino. Essa \u00e9 uma excelente oportunidade de aprendizado para todos.Cr\u00e9ditos: Divulga\u00e7\u00e3oGuri abre vagas para cursos on-line gratuitos de m\u00fasicaAs inscri\u00e7\u00f5es est\u00e3o abertas desde\u2026","rel":"","context":"In &quot;Variedades&quot;","block_context":{"text":"Variedades","link":"https:\/\/noticiasribeiraopreto.com.br\/index.php\/category\/variedades\/"},"img":{"alt_text":"","src":"https:\/\/i0.wp.com\/noticiasribeiraopreto.com.br\/wp-content\/uploads\/2023\/11\/projeto-guri-prorroga-inscricoes-para-cursos-de-musica.jpg?fit=1200%2C638&ssl=1&resize=350%2C200","width":350,"height":200,"srcset":"https:\/\/i0.wp.com\/noticiasribeiraopreto.com.br\/wp-content\/uploads\/2023\/11\/projeto-guri-prorroga-inscricoes-para-cursos-de-musica.jpg?fit=1200%2C638&ssl=1&resize=350%2C200 1x, https:\/\/i0.wp.com\/noticiasribeiraopreto.com.br\/wp-content\/uploads\/2023\/11\/projeto-guri-prorroga-inscricoes-para-cursos-de-musica.jpg?fit=1200%2C638&ssl=1&resize=525%2C300 1.5x, https:\/\/i0.wp.com\/noticiasribeiraopreto.com.br\/wp-content\/uploads\/2023\/11\/projeto-guri-prorroga-inscricoes-para-cursos-de-musica.jpg?fit=1200%2C638&ssl=1&resize=700%2C400 2x, https:\/\/i0.wp.com\/noticiasribeiraopreto.com.br\/wp-content\/uploads\/2023\/11\/projeto-guri-prorroga-inscricoes-para-cursos-de-musica.jpg?fit=1200%2C638&ssl=1&resize=1050%2C600 3x"},"classes":[]},{"id":11054,"url":"https:\/\/noticiasribeiraopreto.com.br\/index.php\/2023\/12\/05\/ufscar-recebe-inscricoes-em-8-cursos-gratuitos-de-pos-graduacao\/","url_meta":{"origin":7475,"position":3},"title":"UFSCar recebe inscri\u00e7\u00f5es em 8 cursos gratuitos de p\u00f3s-gradua\u00e7\u00e3o","author":"noticiasribeiraopreto.com.br","date":"5 de December de 2023","format":false,"excerpt":"A Universidade Federal de S\u00e3o Carlos (UFSCar) est\u00e1 com inscri\u00e7\u00f5es abertas em oito cursos gratuitos de p\u00f3s-gradua\u00e7\u00e3o \u2013todos com certificado ao final. Ao todo, s\u00e3o 357 vagas ofertadas, distribu\u00eddas entre mestrado e doutorado. Cr\u00e9ditos: Milanetto\/Divulga\u00e7\u00e3oUFSCar recebe inscri\u00e7\u00f5es em 8 cursos gratuitos de p\u00f3s-gradua\u00e7\u00e3o Para conferir detalhes a respeito dos programas\u2026","rel":"","context":"In &quot;Variedades&quot;","block_context":{"text":"Variedades","link":"https:\/\/noticiasribeiraopreto.com.br\/index.php\/category\/variedades\/"},"img":{"alt_text":"","src":"https:\/\/i0.wp.com\/noticiasribeiraopreto.com.br\/wp-content\/uploads\/2023\/12\/ufscar-cursos-gratuitos-scaled.jpg?fit=1200%2C638&ssl=1&resize=350%2C200","width":350,"height":200,"srcset":"https:\/\/i0.wp.com\/noticiasribeiraopreto.com.br\/wp-content\/uploads\/2023\/12\/ufscar-cursos-gratuitos-scaled.jpg?fit=1200%2C638&ssl=1&resize=350%2C200 1x, https:\/\/i0.wp.com\/noticiasribeiraopreto.com.br\/wp-content\/uploads\/2023\/12\/ufscar-cursos-gratuitos-scaled.jpg?fit=1200%2C638&ssl=1&resize=525%2C300 1.5x, https:\/\/i0.wp.com\/noticiasribeiraopreto.com.br\/wp-content\/uploads\/2023\/12\/ufscar-cursos-gratuitos-scaled.jpg?fit=1200%2C638&ssl=1&resize=700%2C400 2x, https:\/\/i0.wp.com\/noticiasribeiraopreto.com.br\/wp-content\/uploads\/2023\/12\/ufscar-cursos-gratuitos-scaled.jpg?fit=1200%2C638&ssl=1&resize=1050%2C600 3x"},"classes":[]},{"id":71881,"url":"https:\/\/noticiasribeiraopreto.com.br\/index.php\/2025\/06\/11\/jornal-da-franca-uab-abre-vagas-para-cursos-tecnicos-gratuitos-e-on-line-em-franca\/","url_meta":{"origin":7475,"position":4},"title":"Jornal da Franca &#8211; UAB abre vagas para cursos t\u00e9cnicos gratuitos e on-line em Franca","author":"noticiasribeiraopreto.com.br","date":"11 de June de 2025","format":false,"excerpt":"compartilhar no whatsapp compartilhar no telegram compartilhar no facebook compartilhar no linkedin Sele\u00e7\u00e3o ser\u00e1 feita por sorteio eletr\u00f4nico; taxa simb\u00f3lica de R$ 10 \u00e9 exigida na inscri\u00e7\u00e3o S\u00e3o 35 oportunidades gratuitas para quem j\u00e1 concluiu o Ensino M\u00e9dio; inscri\u00e7\u00f5es v\u00e3o at\u00e9 18 de junho \u00a0 A Universidade Aberta do Brasil\u2026","rel":"","context":"In &quot;Not\u00edcias de Franca-SP&quot;","block_context":{"text":"Not\u00edcias de Franca-SP","link":"https:\/\/noticiasribeiraopreto.com.br\/index.php\/category\/noticias-de-ribeirao-preto-sp-e-regiao-ismael-colosi\/noticias-franca-sp\/"},"img":{"alt_text":"","src":"https:\/\/i0.wp.com\/noticiasribeiraopreto.com.br\/wp-content\/uploads\/2025\/06\/aluna-ead.jpg?fit=1200%2C705&ssl=1&resize=350%2C200","width":350,"height":200,"srcset":"https:\/\/i0.wp.com\/noticiasribeiraopreto.com.br\/wp-content\/uploads\/2025\/06\/aluna-ead.jpg?fit=1200%2C705&ssl=1&resize=350%2C200 1x, https:\/\/i0.wp.com\/noticiasribeiraopreto.com.br\/wp-content\/uploads\/2025\/06\/aluna-ead.jpg?fit=1200%2C705&ssl=1&resize=525%2C300 1.5x, https:\/\/i0.wp.com\/noticiasribeiraopreto.com.br\/wp-content\/uploads\/2025\/06\/aluna-ead.jpg?fit=1200%2C705&ssl=1&resize=700%2C400 2x, https:\/\/i0.wp.com\/noticiasribeiraopreto.com.br\/wp-content\/uploads\/2025\/06\/aluna-ead.jpg?fit=1200%2C705&ssl=1&resize=1050%2C600 3x"},"classes":[]},{"id":69332,"url":"https:\/\/noticiasribeiraopreto.com.br\/index.php\/2025\/05\/05\/jornal-da-franca-franca-oferece-23-vagas-em-cursos-gratuitos-nas-areas-administrativas-confira\/","url_meta":{"origin":7475,"position":5},"title":"Jornal da Franca &#8211; Franca oferece 23 vagas em cursos gratuitos nas \u00e1reas administrativas; confira!","author":"noticiasribeiraopreto.com.br","date":"5 de May de 2025","format":false,"excerpt":"compartilhar no whatsapp compartilhar no telegram compartilhar no facebook compartilhar no linkedin Cursos t\u00eam in\u00edcio em maio e oferecem certificado; aulas ocorrem aos s\u00e1bados e durante a semana Escola Profissionalizante de Franca tem vagas abertas para cursos gratuitos na \u00e1rea administrativa \u00a0 A Prefeitura de Franca, por meio da Secretaria\u2026","rel":"","context":"In &quot;Not\u00edcias de Franca-SP&quot;","block_context":{"text":"Not\u00edcias de Franca-SP","link":"https:\/\/noticiasribeiraopreto.com.br\/index.php\/category\/noticias-de-ribeirao-preto-sp-e-regiao-ismael-colosi\/noticias-franca-sp\/"},"img":{"alt_text":"","src":"https:\/\/i0.wp.com\/noticiasribeiraopreto.com.br\/wp-content\/uploads\/2025\/05\/Escola-Profissionalizante-scaled.jpg?fit=1200%2C795&ssl=1&resize=350%2C200","width":350,"height":200,"srcset":"https:\/\/i0.wp.com\/noticiasribeiraopreto.com.br\/wp-content\/uploads\/2025\/05\/Escola-Profissionalizante-scaled.jpg?fit=1200%2C795&ssl=1&resize=350%2C200 1x, https:\/\/i0.wp.com\/noticiasribeiraopreto.com.br\/wp-content\/uploads\/2025\/05\/Escola-Profissionalizante-scaled.jpg?fit=1200%2C795&ssl=1&resize=525%2C300 1.5x, https:\/\/i0.wp.com\/noticiasribeiraopreto.com.br\/wp-content\/uploads\/2025\/05\/Escola-Profissionalizante-scaled.jpg?fit=1200%2C795&ssl=1&resize=700%2C400 2x, https:\/\/i0.wp.com\/noticiasribeiraopreto.com.br\/wp-content\/uploads\/2025\/05\/Escola-Profissionalizante-scaled.jpg?fit=1200%2C795&ssl=1&resize=1050%2C600 3x"},"classes":[]}],"jetpack_sharing_enabled":true,"jetpack_shortlink":"https:\/\/wp.me\/peQAOb-1Wz","_links":{"self":[{"href":"https:\/\/noticiasribeiraopreto.com.br\/index.php\/wp-json\/wp\/v2\/posts\/7475","targetHints":{"allow":["GET"]}}],"collection":[{"href":"https:\/\/noticiasribeiraopreto.com.br\/index.php\/wp-json\/wp\/v2\/posts"}],"about":[{"href":"https:\/\/noticiasribeiraopreto.com.br\/index.php\/wp-json\/wp\/v2\/types\/post"}],"author":[{"embeddable":true,"href":"https:\/\/noticiasribeiraopreto.com.br\/index.php\/wp-json\/wp\/v2\/users\/1"}],"replies":[{"embeddable":true,"href":"https:\/\/noticiasribeiraopreto.com.br\/index.php\/wp-json\/wp\/v2\/comments?post=7475"}],"version-history":[{"count":0,"href":"https:\/\/noticiasribeiraopreto.com.br\/index.php\/wp-json\/wp\/v2\/posts\/7475\/revisions"}],"wp:featuredmedia":[{"embeddable":true,"href":"https:\/\/noticiasribeiraopreto.com.br\/index.php\/wp-json\/wp\/v2\/media\/7476"}],"wp:attachment":[{"href":"https:\/\/noticiasribeiraopreto.com.br\/index.php\/wp-json\/wp\/v2\/media?parent=7475"}],"wp:term":[{"taxonomy":"category","embeddable":true,"href":"https:\/\/noticiasribeiraopreto.com.br\/index.php\/wp-json\/wp\/v2\/categories?post=7475"},{"taxonomy":"post_tag","embeddable":true,"href":"https:\/\/noticiasribeiraopreto.com.br\/index.php\/wp-json\/wp\/v2\/tags?post=7475"}],"curies":[{"name":"wp","href":"https:\/\/api.w.org\/{rel}","templated":true}]}}