{"id":74751,"date":"2025-07-28T19:23:42","date_gmt":"2025-07-28T22:23:42","guid":{"rendered":"https:\/\/noticiasribeiraopreto.com.br\/index.php\/2025\/07\/28\/ferrari-e-flagrada-a-201-km-h-em-rodovia-no-interior-de-sp\/"},"modified":"2025-07-28T19:23:42","modified_gmt":"2025-07-28T22:23:42","slug":"ferrari-e-flagrada-a-201-km-h-em-rodovia-no-interior-de-sp","status":"publish","type":"post","link":"https:\/\/noticiasribeiraopreto.com.br\/index.php\/2025\/07\/28\/ferrari-e-flagrada-a-201-km-h-em-rodovia-no-interior-de-sp\/","title":{"rendered":"Ferrari \u00e9 flagrada a 201 km\/h em rodovia no interior de SP"},"content":{"rendered":"<div class='code-block code-block-1' style='margin: 8px 0 8px auto; text-align: right; display: block; clear: both;'>\n<p><a href=\"https:\/\/wa.link\/vpicfd\"><img data-recalc-dims=\"1\" class=\"wp-image-4922\" style=\"aspect-ratio: 2.0253164556962027; width: 561px; height: auto;\" src=\"https:\/\/i0.wp.com\/ismaelcolosi.com.br\/wp-content\/uploads\/2023\/11\/grupo-de-empregos-whatsapp-e-facebook-ismael-colosi-vagas.jpg?ssl=1\" alt=\"\" \/><\/a><\/p>\n<!-- \/wp:image -->\n<\/div>\n<p> <br \/>\n<\/p>\n<div>\n<p>O motorista de uma<strong> Ferrari<\/strong> foi flagrado a 201 km\/h em uma rodovia do<strong> interior de S\u00e3o Paulo<\/strong> neste domingo (27). No local em que houve o flagra, a velocidade m\u00e1xima permitida \u00e9 de 80 km\/h.<\/p>\n<p>O autom\u00f3vel de luxo, de cor vermelha, foi identificado por um radar m\u00f3vel durante a opera\u00e7\u00e3o Impacto\/Speed, realizada pela Pol\u00edcia Militar Rodovi\u00e1ria na rodovia Engenheiro Jo\u00e3o Tosello (SP-147), em Limeira. O condutor foi autuado por infra\u00e7\u00e3o grav\u00edssima.<\/p>\n<p>A opera\u00e7\u00e3o era realizada por policiais da 4\u00aa Companhia do 4\u00ba Batalh\u00e3o da PM Rodovi\u00e1ria em rodovias da regi\u00e3o. A Ferrari passou pelo ponto focado pelo radar a uma velocidade superior a mais de 50% do limite da rodovia, o que configura infra\u00e7\u00e3o grav\u00edssima.<\/p>\n<h2 class=\"wp-block-heading\"><strong>CNH suspensa<\/strong><\/h2>\n<p>O motorista, que n\u00e3o foi identificado, <mark style=\"background-color:#fcb900\" class=\"has-inline-color has-black-color\">vai receber sete pontos em seu prontu\u00e1rio, ter\u00e1 suspensa a carteira de habilita\u00e7\u00e3o por at\u00e9 8 meses (se n\u00e3o for reincidente) e pagar multa de R$ 880,41<\/mark>.<\/p>\n<p>A Ferrari multada \u00e9 de um modelo equipado com motor V8 biturbo, capaz de atingir velocidade m\u00e1xima de 340 km\/h. Em finais de semana, \u00e9 comum ve\u00edculos de alta performance, como BMW, Porsche e Ferrari, excursionarem por rodovias do interior.<\/p>\n<p>Conforme a PM Rodovi\u00e1ria, a opera\u00e7\u00e3o visa a combater atitudes imprudentes no tr\u00e2nsito, al\u00e9m da preven\u00e7\u00e3o de acidentes e crimes nas rodovias. A opera\u00e7\u00e3o tem foco em ve\u00edculos esportivos.<\/p>\n<p>A a\u00e7\u00e3o, realizada entre 7 horas e 13 horas, aplicou 229 multas apenas na regi\u00e3o de Limeira, sendo 62 em motocicletas. Foram feitas 20 apreens\u00f5es de documentos e seis remo\u00e7\u00f5es de ve\u00edculos (com informa\u00e7\u00f5es<strong> Jos\u00e9 Maria Tomazela\/Estad\u00e3o Conte\u00fado<\/strong>).<\/p>\n<p>SAIBA MAIS<br \/>Ribeir\u00e3o Preto recebe alerta para tempestade e queda de granizo; Veja previs\u00e3o<\/p>\n<h2 class=\"wp-block-heading\"><strong>FIQUE ON<\/strong><\/h2>\n<p>Fique ligado em tudo que acontece em Ribeir\u00e3o Preto e regi\u00e3o. Siga os perfis do<strong>\u00a0acidade on<\/strong>\u00a0no<a href=\"https:\/\/www.instagram.com\/acidadeonribeirao\" target=\"_blank\" rel=\"noreferrer noopener\">\u00a0Instagram\u00a0<\/a>e no\u00a0<a href=\"https:\/\/www.facebook.com\/acidadeonribeirao\/\" target=\"_blank\" rel=\"noreferrer noopener\">Facebook<\/a>.<\/p>\n<p>Receba not\u00edcias do\u00a0<strong>acidade on<\/strong>\u00a0no WhatsApp.\u00a0<a href=\"https:\/\/chat.whatsapp.com\/BjKQZ9oJwlz8VVT50NuePq\" target=\"_blank\" rel=\"noreferrer noopener\">Para entrar no grupo, basta clicar aqui.<\/a><\/p>\n<p>Fa\u00e7a uma den\u00fancia ou sugira uma reportagem sobre Ribeir\u00e3o Preto e regi\u00e3o pelo WhatsApp: 16 99117 7802.<\/p>\n<p>VEJA TAMB\u00c9M<br \/>Quando ser\u00e1 o eclipse solar mais longo da hist\u00f3ria?<\/p>\n<p><!-- AI CONTENT END 1 -->\n<\/div>\n<p><script async src=\"\/\/www.instagram.com\/embed.js\"><\/script><br \/>\n<br \/><br \/>\n<br \/><a href=\"https:\/\/www.acidadeon.com\/ribeiraopreto\/cotidiano\/ferrari-e-flagrada-a-201-km-h-em-rodovia-no-interior-de-sp\/\">Source link <\/a><\/p>\n<!-- CONTENT END 1 -->\n","protected":false},"excerpt":{"rendered":"<p>O motorista de uma Ferrari foi flagrado a 201 km\/h em uma rodovia do interior de S\u00e3o Paulo neste domingo (27). No local em que&#8230;<\/p>\n","protected":false},"author":1,"featured_media":74752,"comment_status":"open","ping_status":"open","sticky":false,"template":"","format":"standard","meta":{"advanced_seo_description":"","jetpack_seo_html_title":"","jetpack_seo_noindex":false,"jetpack_post_was_ever_published":false,"_jetpack_newsletter_access":"","_jetpack_dont_email_post_to_subs":false,"_jetpack_newsletter_tier_id":0,"_jetpack_memberships_contains_paywalled_content":false,"_jetpack_memberships_contains_paid_content":false,"footnotes":"","jetpack_publicize_message":"","jetpack_publicize_feature_enabled":true,"jetpack_social_post_already_shared":true,"jetpack_social_options":{"image_generator_settings":{"template":"highway","default_image_id":0,"font":"","enabled":false},"version":2}},"categories":[11],"tags":[],"class_list":["post-74751","post","type-post","status-publish","format-standard","has-post-thumbnail","hentry","category-noticias-de-ribeirao-preto-sp-e-regiao-ismael-colosi"],"jetpack_publicize_connections":[],"jetpack_featured_media_url":"https:\/\/i0.wp.com\/noticiasribeiraopreto.com.br\/wp-content\/uploads\/2025\/07\/ferrari-201-km-hora_2025-07-28_19-32-49.webp.webp?fit=1024%2C576&ssl=1","jetpack-related-posts":[{"id":77926,"url":"https:\/\/noticiasribeiraopreto.com.br\/index.php\/2025\/09\/29\/radares-passam-a-operar-hoje-na-anhanguera\/","url_meta":{"origin":74751,"position":0},"title":"Radares passam a operar hoje na Anhanguera \u00a0","author":"noticiasribeiraopreto.com.br","date":"29 de September de 2025","format":false,"excerpt":"A partir da zero hora desta segunda-feira, 29 de setembro, dois novos radares fixos entraram em opera\u00e7\u00e3o em dois trechos da Rodovia Anhanguera (SP-330), ambos no sentido norte da via (capital-interior). No per\u00edmetro de Ribeir\u00e3o Preto, o aparelho est\u00e1 instalado no km 302,2. Em Cravinhos, na regi\u00e3o metropolitana, fica no\u2026","rel":"","context":"In &quot;Not\u00edcias de Ribeir\u00e3o Preto-SP e Regi\u00e3o&quot;","block_context":{"text":"Not\u00edcias de Ribeir\u00e3o Preto-SP e Regi\u00e3o","link":"https:\/\/noticiasribeiraopreto.com.br\/index.php\/category\/noticias-de-ribeirao-preto-sp-e-regiao-ismael-colosi\/"},"img":{"alt_text":"","src":"https:\/\/i0.wp.com\/noticiasribeiraopreto.com.br\/wp-content\/uploads\/2025\/09\/Radar-Divulgacao-Arteris-ViaPaulista.jpg?fit=1200%2C540&ssl=1&resize=350%2C200","width":350,"height":200,"srcset":"https:\/\/i0.wp.com\/noticiasribeiraopreto.com.br\/wp-content\/uploads\/2025\/09\/Radar-Divulgacao-Arteris-ViaPaulista.jpg?fit=1200%2C540&ssl=1&resize=350%2C200 1x, https:\/\/i0.wp.com\/noticiasribeiraopreto.com.br\/wp-content\/uploads\/2025\/09\/Radar-Divulgacao-Arteris-ViaPaulista.jpg?fit=1200%2C540&ssl=1&resize=525%2C300 1.5x, https:\/\/i0.wp.com\/noticiasribeiraopreto.com.br\/wp-content\/uploads\/2025\/09\/Radar-Divulgacao-Arteris-ViaPaulista.jpg?fit=1200%2C540&ssl=1&resize=700%2C400 2x, https:\/\/i0.wp.com\/noticiasribeiraopreto.com.br\/wp-content\/uploads\/2025\/09\/Radar-Divulgacao-Arteris-ViaPaulista.jpg?fit=1200%2C540&ssl=1&resize=1050%2C600 3x"},"classes":[]},{"id":64053,"url":"https:\/\/noticiasribeiraopreto.com.br\/index.php\/2025\/02\/28\/novos-radares-de-velocidade-entram-em-operacao-no-interior-de-sp-veja-rodovias\/","url_meta":{"origin":74751,"position":1},"title":"Novos radares de velocidade entram em opera\u00e7\u00e3o no interior de SP; Veja rodovias","author":"noticiasribeiraopreto.com.br","date":"28 de February de 2025","format":false,"excerpt":"Cinco novos radares de velocidade devem entrar em opera\u00e7\u00e3o na pr\u00f3xima ter\u00e7a-feira (4), em rodovias no interior de S\u00e3o Paulo, nos munic\u00edpios de Guatapar\u00e1, S\u00e3o Sim\u00e3o, Brodowski, Itirapu\u00e3, na regi\u00e3o de Ribeir\u00e3o Preto, e em Ita\u00ed, na regi\u00e3o de Avar\u00e9. Os trechos s\u00e3o administrados pela concession\u00e1ria Arteris ViaPaulista. Confira a\u2026","rel":"","context":"In &quot;Not\u00edcias de Ribeir\u00e3o Preto-SP e Regi\u00e3o&quot;","block_context":{"text":"Not\u00edcias de Ribeir\u00e3o Preto-SP e Regi\u00e3o","link":"https:\/\/noticiasribeiraopreto.com.br\/index.php\/category\/noticias-de-ribeirao-preto-sp-e-regiao-ismael-colosi\/"},"img":{"alt_text":"","src":"https:\/\/i0.wp.com\/noticiasribeiraopreto.com.br\/wp-content\/uploads\/2025\/02\/RADAR_2025-02-28_11-59-47_jpg_2025-02-28_11-59-47.webp.webp?fit=1200%2C760&ssl=1&resize=350%2C200","width":350,"height":200,"srcset":"https:\/\/i0.wp.com\/noticiasribeiraopreto.com.br\/wp-content\/uploads\/2025\/02\/RADAR_2025-02-28_11-59-47_jpg_2025-02-28_11-59-47.webp.webp?fit=1200%2C760&ssl=1&resize=350%2C200 1x, https:\/\/i0.wp.com\/noticiasribeiraopreto.com.br\/wp-content\/uploads\/2025\/02\/RADAR_2025-02-28_11-59-47_jpg_2025-02-28_11-59-47.webp.webp?fit=1200%2C760&ssl=1&resize=525%2C300 1.5x, https:\/\/i0.wp.com\/noticiasribeiraopreto.com.br\/wp-content\/uploads\/2025\/02\/RADAR_2025-02-28_11-59-47_jpg_2025-02-28_11-59-47.webp.webp?fit=1200%2C760&ssl=1&resize=700%2C400 2x, https:\/\/i0.wp.com\/noticiasribeiraopreto.com.br\/wp-content\/uploads\/2025\/02\/RADAR_2025-02-28_11-59-47_jpg_2025-02-28_11-59-47.webp.webp?fit=1200%2C760&ssl=1&resize=1050%2C600 3x"},"classes":[]},{"id":77640,"url":"https:\/\/noticiasribeiraopreto.com.br\/index.php\/2025\/09\/23\/rodovias-da-regiao-ganham-mais-radares\/","url_meta":{"origin":74751,"position":2},"title":"Rodovias da regi\u00e3o ganham mais radares","author":"noticiasribeiraopreto.com.br","date":"23 de September de 2025","format":false,"excerpt":"Com os 50 ativados nesta ter\u00e7a-feira (23), DER-SP passa a contar com 270 equipamentos em opera\u00e7\u00e3o; cinco dos novos aparelhos est\u00e3o na regi\u00e3o \u2028\u2028\u00c0 zero hora desta ter\u00e7a-feira, 23 de setembro, o Departamento de Estradas de Rodagem de S\u00e3o Paulo (DER-SP), vinculado \u00e0 Secretaria de Meio Ambiente, Infraestrutura e Log\u00edstica\u2026","rel":"","context":"In &quot;Not\u00edcias de Ribeir\u00e3o Preto-SP e Regi\u00e3o&quot;","block_context":{"text":"Not\u00edcias de Ribeir\u00e3o Preto-SP e Regi\u00e3o","link":"https:\/\/noticiasribeiraopreto.com.br\/index.php\/category\/noticias-de-ribeirao-preto-sp-e-regiao-ismael-colosi\/"},"img":{"alt_text":"","src":"https:\/\/i0.wp.com\/noticiasribeiraopreto.com.br\/wp-content\/uploads\/2025\/09\/RadarDER-Alfredo-Risk-2-scaled.jpg?fit=1170%2C780&ssl=1&resize=350%2C200","width":350,"height":200,"srcset":"https:\/\/i0.wp.com\/noticiasribeiraopreto.com.br\/wp-content\/uploads\/2025\/09\/RadarDER-Alfredo-Risk-2-scaled.jpg?fit=1170%2C780&ssl=1&resize=350%2C200 1x, https:\/\/i0.wp.com\/noticiasribeiraopreto.com.br\/wp-content\/uploads\/2025\/09\/RadarDER-Alfredo-Risk-2-scaled.jpg?fit=1170%2C780&ssl=1&resize=525%2C300 1.5x, https:\/\/i0.wp.com\/noticiasribeiraopreto.com.br\/wp-content\/uploads\/2025\/09\/RadarDER-Alfredo-Risk-2-scaled.jpg?fit=1170%2C780&ssl=1&resize=700%2C400 2x, https:\/\/i0.wp.com\/noticiasribeiraopreto.com.br\/wp-content\/uploads\/2025\/09\/RadarDER-Alfredo-Risk-2-scaled.jpg?fit=1170%2C780&ssl=1&resize=1050%2C600 3x"},"classes":[]},{"id":79982,"url":"https:\/\/noticiasribeiraopreto.com.br\/index.php\/2025\/11\/12\/rodovias-da-regiao-ganham-radares-agora-sao-mais-de-400-em-sp\/","url_meta":{"origin":74751,"position":3},"title":"Rodovias da regi\u00e3o ganham radares; agora s\u00e3o mais de 400 em SP","author":"noticiasribeiraopreto.com.br","date":"12 de November de 2025","format":false,"excerpt":"DER-SP ativou mais 26 novos radares de fiscaliza\u00e7\u00e3o eletr\u00f4nica em trechos estrat\u00e9gicos de rodovias sob sua gest\u00e3o; tr\u00eas deles ficam na macrorregi\u00e3o de Ribeir\u00e3o Preto\u00c0 zero hora desta quarta-feira, 12 de novembro, o Departamento de Estradas de Rodagem de S\u00e3o Paulo (DER-SP), vinculado \u00e0 Secretaria de Meio Ambiente, Infraestrutura e\u2026","rel":"","context":"In &quot;Not\u00edcias de Ribeir\u00e3o Preto-SP e Regi\u00e3o&quot;","block_context":{"text":"Not\u00edcias de Ribeir\u00e3o Preto-SP e Regi\u00e3o","link":"https:\/\/noticiasribeiraopreto.com.br\/index.php\/category\/noticias-de-ribeirao-preto-sp-e-regiao-ismael-colosi\/"},"img":{"alt_text":"","src":"https:\/\/i0.wp.com\/noticiasribeiraopreto.com.br\/wp-content\/uploads\/2025\/11\/RadarDER-Divulgacao-DER-scaled.jpg?fit=1200%2C648&ssl=1&resize=350%2C200","width":350,"height":200,"srcset":"https:\/\/i0.wp.com\/noticiasribeiraopreto.com.br\/wp-content\/uploads\/2025\/11\/RadarDER-Divulgacao-DER-scaled.jpg?fit=1200%2C648&ssl=1&resize=350%2C200 1x, https:\/\/i0.wp.com\/noticiasribeiraopreto.com.br\/wp-content\/uploads\/2025\/11\/RadarDER-Divulgacao-DER-scaled.jpg?fit=1200%2C648&ssl=1&resize=525%2C300 1.5x, https:\/\/i0.wp.com\/noticiasribeiraopreto.com.br\/wp-content\/uploads\/2025\/11\/RadarDER-Divulgacao-DER-scaled.jpg?fit=1200%2C648&ssl=1&resize=700%2C400 2x, https:\/\/i0.wp.com\/noticiasribeiraopreto.com.br\/wp-content\/uploads\/2025\/11\/RadarDER-Divulgacao-DER-scaled.jpg?fit=1200%2C648&ssl=1&resize=1050%2C600 3x"},"classes":[]},{"id":77314,"url":"https:\/\/noticiasribeiraopreto.com.br\/index.php\/2025\/09\/16\/rodovias-paulistas-ganham-29-radares\/","url_meta":{"origin":74751,"position":4},"title":"Rodovias paulistas\u2028 ganham 29 radares","author":"noticiasribeiraopreto.com.br","date":"16 de September de 2025","format":false,"excerpt":"Com os 191 j\u00e1 em funcionamento desde 12 de agosto, DER-SP passa a contar com 220 equipamentos ativos \u2028\u2028 \u00c0 zero hora desta ter\u00e7a-feira, 16 de setembro, o Departamento de Estradas de Rodagem de S\u00e3o Paulo (DER-SP), vinculado \u00e0 Secretaria de Meio Ambiente, Infraestrutura e Log\u00edstica (Semil), ativou mais 29\u2026","rel":"","context":"In &quot;Not\u00edcias de Ribeir\u00e3o Preto-SP e Regi\u00e3o&quot;","block_context":{"text":"Not\u00edcias de Ribeir\u00e3o Preto-SP e Regi\u00e3o","link":"https:\/\/noticiasribeiraopreto.com.br\/index.php\/category\/noticias-de-ribeirao-preto-sp-e-regiao-ismael-colosi\/"},"img":{"alt_text":"","src":"https:\/\/i0.wp.com\/noticiasribeiraopreto.com.br\/wp-content\/uploads\/2025\/09\/RadarDER-Alfredo-Risk-scaled.jpg?fit=1200%2C628&ssl=1&resize=350%2C200","width":350,"height":200,"srcset":"https:\/\/i0.wp.com\/noticiasribeiraopreto.com.br\/wp-content\/uploads\/2025\/09\/RadarDER-Alfredo-Risk-scaled.jpg?fit=1200%2C628&ssl=1&resize=350%2C200 1x, https:\/\/i0.wp.com\/noticiasribeiraopreto.com.br\/wp-content\/uploads\/2025\/09\/RadarDER-Alfredo-Risk-scaled.jpg?fit=1200%2C628&ssl=1&resize=525%2C300 1.5x, https:\/\/i0.wp.com\/noticiasribeiraopreto.com.br\/wp-content\/uploads\/2025\/09\/RadarDER-Alfredo-Risk-scaled.jpg?fit=1200%2C628&ssl=1&resize=700%2C400 2x, https:\/\/i0.wp.com\/noticiasribeiraopreto.com.br\/wp-content\/uploads\/2025\/09\/RadarDER-Alfredo-Risk-scaled.jpg?fit=1200%2C628&ssl=1&resize=1050%2C600 3x"},"classes":[]},{"id":63029,"url":"https:\/\/noticiasribeiraopreto.com.br\/index.php\/2025\/01\/31\/novo-radar-vai-comecar-a-funcionar-em-rodovia-do-interior-de-sp-veja-quando\/","url_meta":{"origin":74751,"position":5},"title":"Novo radar vai come\u00e7ar a funcionar em rodovia do interior de SP; Veja quando","author":"noticiasribeiraopreto.com.br","date":"31 de January de 2025","format":false,"excerpt":"A partir de segunda-feira (3), um novo equipamento de fiscaliza\u00e7\u00e3o de velocidade vai come\u00e7ar a funcionar na rodovia Engenheiro Ronan Rocha (SP-345), em Franca, a 90 quil\u00f4metros de Ribeir\u00e3o Preto. A autoriza\u00e7\u00e3o para opera\u00e7\u00e3o do radar foi publicada na edi\u00e7\u00e3o de segunda-feira (27) do Di\u00e1rio Oficial do Estado de S\u00e3o\u2026","rel":"","context":"In &quot;Not\u00edcias de Ribeir\u00e3o Preto-SP e Regi\u00e3o&quot;","block_context":{"text":"Not\u00edcias de Ribeir\u00e3o Preto-SP e Regi\u00e3o","link":"https:\/\/noticiasribeiraopreto.com.br\/index.php\/category\/noticias-de-ribeirao-preto-sp-e-regiao-ismael-colosi\/"},"img":{"alt_text":"","src":"https:\/\/i0.wp.com\/noticiasribeiraopreto.com.br\/wp-content\/uploads\/2025\/01\/Copia-de-Copia-de-Copia-de-TAMANHO-EXATO-PARA-FOTOS-NO-SISTEMA-NOVO-2025-01-31T115938.677_2025-01-31_14-59-46_png_2025-01-31_14-59-46.webp.webp?fit=1200%2C675&ssl=1&resize=350%2C200","width":350,"height":200,"srcset":"https:\/\/i0.wp.com\/noticiasribeiraopreto.com.br\/wp-content\/uploads\/2025\/01\/Copia-de-Copia-de-Copia-de-TAMANHO-EXATO-PARA-FOTOS-NO-SISTEMA-NOVO-2025-01-31T115938.677_2025-01-31_14-59-46_png_2025-01-31_14-59-46.webp.webp?fit=1200%2C675&ssl=1&resize=350%2C200 1x, https:\/\/i0.wp.com\/noticiasribeiraopreto.com.br\/wp-content\/uploads\/2025\/01\/Copia-de-Copia-de-Copia-de-TAMANHO-EXATO-PARA-FOTOS-NO-SISTEMA-NOVO-2025-01-31T115938.677_2025-01-31_14-59-46_png_2025-01-31_14-59-46.webp.webp?fit=1200%2C675&ssl=1&resize=525%2C300 1.5x, https:\/\/i0.wp.com\/noticiasribeiraopreto.com.br\/wp-content\/uploads\/2025\/01\/Copia-de-Copia-de-Copia-de-TAMANHO-EXATO-PARA-FOTOS-NO-SISTEMA-NOVO-2025-01-31T115938.677_2025-01-31_14-59-46_png_2025-01-31_14-59-46.webp.webp?fit=1200%2C675&ssl=1&resize=700%2C400 2x, https:\/\/i0.wp.com\/noticiasribeiraopreto.com.br\/wp-content\/uploads\/2025\/01\/Copia-de-Copia-de-Copia-de-TAMANHO-EXATO-PARA-FOTOS-NO-SISTEMA-NOVO-2025-01-31T115938.677_2025-01-31_14-59-46_png_2025-01-31_14-59-46.webp.webp?fit=1200%2C675&ssl=1&resize=1050%2C600 3x"},"classes":[]}],"jetpack_sharing_enabled":true,"jetpack_shortlink":"https:\/\/wp.me\/peQAOb-jrF","_links":{"self":[{"href":"https:\/\/noticiasribeiraopreto.com.br\/index.php\/wp-json\/wp\/v2\/posts\/74751","targetHints":{"allow":["GET"]}}],"collection":[{"href":"https:\/\/noticiasribeiraopreto.com.br\/index.php\/wp-json\/wp\/v2\/posts"}],"about":[{"href":"https:\/\/noticiasribeiraopreto.com.br\/index.php\/wp-json\/wp\/v2\/types\/post"}],"author":[{"embeddable":true,"href":"https:\/\/noticiasribeiraopreto.com.br\/index.php\/wp-json\/wp\/v2\/users\/1"}],"replies":[{"embeddable":true,"href":"https:\/\/noticiasribeiraopreto.com.br\/index.php\/wp-json\/wp\/v2\/comments?post=74751"}],"version-history":[{"count":0,"href":"https:\/\/noticiasribeiraopreto.com.br\/index.php\/wp-json\/wp\/v2\/posts\/74751\/revisions"}],"wp:featuredmedia":[{"embeddable":true,"href":"https:\/\/noticiasribeiraopreto.com.br\/index.php\/wp-json\/wp\/v2\/media\/74752"}],"wp:attachment":[{"href":"https:\/\/noticiasribeiraopreto.com.br\/index.php\/wp-json\/wp\/v2\/media?parent=74751"}],"wp:term":[{"taxonomy":"category","embeddable":true,"href":"https:\/\/noticiasribeiraopreto.com.br\/index.php\/wp-json\/wp\/v2\/categories?post=74751"},{"taxonomy":"post_tag","embeddable":true,"href":"https:\/\/noticiasribeiraopreto.com.br\/index.php\/wp-json\/wp\/v2\/tags?post=74751"}],"curies":[{"name":"wp","href":"https:\/\/api.w.org\/{rel}","templated":true}]}}