{"id":74753,"date":"2025-07-28T19:30:18","date_gmt":"2025-07-28T22:30:18","guid":{"rendered":"https:\/\/noticiasribeiraopreto.com.br\/index.php\/2025\/07\/28\/festival-de-cerveja-artesanal-em-ribeirao-preto-tem-entrada-gratuita-e-atracoes-musicais\/"},"modified":"2025-07-28T19:30:18","modified_gmt":"2025-07-28T22:30:18","slug":"festival-de-cerveja-artesanal-em-ribeirao-preto-tem-entrada-gratuita-e-atracoes-musicais","status":"publish","type":"post","link":"https:\/\/noticiasribeiraopreto.com.br\/index.php\/2025\/07\/28\/festival-de-cerveja-artesanal-em-ribeirao-preto-tem-entrada-gratuita-e-atracoes-musicais\/","title":{"rendered":"Festival de cerveja artesanal em Ribeir\u00e3o Preto tem entrada gratuita e atra\u00e7\u00f5es musicais"},"content":{"rendered":"<div class='code-block code-block-1' style='margin: 8px 0 8px auto; text-align: right; display: block; clear: both;'>\n<p><a href=\"https:\/\/wa.link\/vpicfd\"><img data-recalc-dims=\"1\" class=\"wp-image-4922\" style=\"aspect-ratio: 2.0253164556962027; width: 561px; height: auto;\" src=\"https:\/\/i0.wp.com\/ismaelcolosi.com.br\/wp-content\/uploads\/2023\/11\/grupo-de-empregos-whatsapp-e-facebook-ismael-colosi-vagas.jpg?ssl=1\" alt=\"\" \/><\/a><\/p>\n<!-- \/wp:image -->\n<\/div>\n<p> <br \/>\n<\/p>\n<div data-td-block-uid=\"tdi_95\">\n<div class=\"tdb-block-inner td-fix-index\">\n<p><strong>Ribeir\u00e3o Preto <\/strong>sedia, nos dois pr\u00f3ximos fins de semana, o festival de cervejas artesanais <strong>Champions Beer<\/strong>, no estacionamento do <strong>Shopping Iguatemi<\/strong>. O evento tem <strong>entrada gratuita<\/strong> e re\u00fane <strong>15 cervejarias de diferentes cidades de S\u00e3o Paulo<\/strong>, al\u00e9m de <strong>shows ao vivo<\/strong>, <strong>pra\u00e7a de alimenta\u00e7\u00e3o<\/strong>, <strong>espa\u00e7o pet-friendly<\/strong> e \u00e1rea kids.<\/p>\n<p>A programa\u00e7\u00e3o come\u00e7a na <strong>sexta-feira (1\u00ba de agosto)<\/strong>, \u00e0s 17h. No <strong>s\u00e1bado (2)<\/strong> e no <strong>domingo (3)<\/strong>, o p\u00fablico poder\u00e1 aproveitar as atra\u00e7\u00f5es a partir das 14h. O festival retorna entre os dias <strong>8 e 10 de agosto<\/strong>, com mais r\u00f3tulos, m\u00fasica e gastronomia.<\/p>\n<p>Os visitantes poder\u00e3o <strong>degustar diferentes estilos de cerveja artesanal<\/strong> e votar na sua favorita. A organiza\u00e7\u00e3o divulgar\u00e1 o resultado da melhor cerveja no <strong>domingo, \u00e0s 17h<\/strong>.<\/p>\n<h3 class=\"wp-block-heading\"><strong>Cervejarias confirmadas:<\/strong><\/h3>\n<ul class=\"wp-block-list\">\n<li>Cervejaria Invicta<\/li>\n<li>Cerveja Madalena<\/li>\n<li>Memento.Brew<\/li>\n<li>Cervejaria Maltvs<\/li>\n<li>Nordlands Cervejaria<\/li>\n<li>Cervejaria Walf\u00e4nger<\/li>\n<li>Cervejaria Hebling<\/li>\n<li>BodeBrown<\/li>\n<li>Cervejaria Maltesa<\/li>\n<li>Cervejaria Campinas<\/li>\n<li>Cervejaria Amarillo<\/li>\n<li>Cervejaria Bragantina<\/li>\n<li>Cerveja Opera<\/li>\n<li>Cervejaria Berggren<\/li>\n<li>A Tutta Birra<\/li>\n<\/ul>\n<h3 class=\"wp-block-heading\"><strong>Programa\u00e7\u00e3o musical<\/strong><\/h3>\n<p><strong>Sexta-feira (1\/8)<\/strong><\/p>\n<ul class=\"wp-block-list\">\n<li>17h \u2013 Abertura<\/li>\n<li>18h \u2013 Banda Rock Friends<\/li>\n<li>20h \u2013 Hardwired Metallica Tributo<\/li>\n<\/ul>\n<p><strong>S\u00e1bado (2\/8)<\/strong><\/p>\n<ul class=\"wp-block-list\">\n<li>14h \u2013 House Band<\/li>\n<li>17h \u2013 Super Show Space Loops<\/li>\n<li>20h \u2013 Paradise | Especial Coldplay e Imagine Dragons<\/li>\n<\/ul>\n<p><strong>Domingo (3\/8)<\/strong><\/p>\n<ul class=\"wp-block-list\">\n<li>14h \u2013 Master Band<\/li>\n<li>17h \u2013 Nil Guimar\u00e3es<\/li>\n<li>20h \u2013 Tonantes (pela primeira vez no festival)<\/li>\n<\/ul>\n<hr class=\"wp-block-separator has-alpha-channel-opacity\"\/>\n<p>SAIBA MAIS<\/p>\n<p>Acidente com 5 ve\u00edculos trava tr\u00e2nsito na Anhanguera na regi\u00e3o de Ribeir\u00e3o Preto; Fotos<\/p>\n<h2 class=\"wp-block-heading\"><strong>FIQUE ON<\/strong><\/h2>\n<p>Quer ficar por dentro de tudo que acontece em Ribeir\u00e3o Preto e regi\u00e3o? Ent\u00e3o siga os perfis do\u202facidade on\u202fno\u202f<a href=\"https:\/\/www.instagram.com\/acidadeonribeirao\" target=\"_blank\" rel=\"noreferrer noopener\">Instagram<\/a>\u202fe no\u202f<a href=\"https:\/\/www.facebook.com\/acidadeonribeirao\/\" target=\"_blank\" rel=\"noreferrer noopener\">Facebook<\/a>.<\/p>\n<p>Al\u00e9m disso, voc\u00ea pode receber as principais not\u00edcias diretamente no WhatsApp. Para isso, basta\u00a0<a href=\"https:\/\/chat.whatsapp.com\/BjKQZ9oJwlz8VVT50NuePq\" target=\"_blank\" rel=\"noreferrer noopener\">entrar no grupo clicando aqui<\/a>.<\/p>\n<p>Por fim, se quiser fazer uma den\u00fancia ou sugerir uma reportagem sobre Ribeir\u00e3o Preto e regi\u00e3o, envie uma mensagem pelo WhatsApp: (16) 99117-7802.<\/p>\n<p>VEJA TAMB\u00c9M<\/p>\n<p>Qual o hor\u00e1rio em que celulares s\u00e3o mais furtados?<\/p>\n<p><!-- AI CONTENT END 1 -->\n<\/div>\n<\/div>\n<p><script async src=\"\/\/www.instagram.com\/embed.js\"><\/script><br \/>\n<br \/><br \/>\n<br \/><a href=\"https:\/\/www.acidadeon.com\/ribeiraopreto\/lazer-e-cultura\/festival-de-cerveja-artesanal-em-ribeirao-preto-tem-entrada-gratuita-e-atracoes-musicais\/\">Source link <\/a><\/p>\n<!-- CONTENT END 1 -->\n","protected":false},"excerpt":{"rendered":"<p>Ribeir\u00e3o Preto sedia, nos dois pr\u00f3ximos fins de semana, o festival de cervejas artesanais Champions Beer, no estacionamento do Shopping Iguatemi. O evento tem entrada&#8230;<\/p>\n","protected":false},"author":1,"featured_media":74754,"comment_status":"open","ping_status":"open","sticky":false,"template":"","format":"standard","meta":{"advanced_seo_description":"","jetpack_seo_html_title":"","jetpack_seo_noindex":false,"jetpack_post_was_ever_published":false,"_jetpack_newsletter_access":"","_jetpack_dont_email_post_to_subs":false,"_jetpack_newsletter_tier_id":0,"_jetpack_memberships_contains_paywalled_content":false,"_jetpack_memberships_contains_paid_content":false,"footnotes":"","jetpack_publicize_message":"","jetpack_publicize_feature_enabled":true,"jetpack_social_post_already_shared":true,"jetpack_social_options":{"image_generator_settings":{"template":"highway","default_image_id":0,"font":"","enabled":false},"version":2}},"categories":[11],"tags":[],"class_list":["post-74753","post","type-post","status-publish","format-standard","has-post-thumbnail","hentry","category-noticias-de-ribeirao-preto-sp-e-regiao-ismael-colosi"],"jetpack_publicize_connections":[],"jetpack_featured_media_url":"https:\/\/i0.wp.com\/noticiasribeiraopreto.com.br\/wp-content\/uploads\/2025\/07\/Copia-de-Copia-de-Copia-de-TAMANHO-EXATO-PARA-FOTOS-NO-SISTEMA-NOVO-2025-07-28T161641.051_2025-07-28_19-17-00.webp.webp?fit=1200%2C675&ssl=1","jetpack-related-posts":[{"id":53602,"url":"https:\/\/noticiasribeiraopreto.com.br\/index.php\/2024\/06\/21\/ribeirao-recebe-festival-de-cerveja-artesanal-com-shows-de-rock-entrada-e-gratuita\/","url_meta":{"origin":74753,"position":0},"title":"Ribeir\u00e3o recebe festival de cerveja artesanal com shows de rock; entrada \u00e9 gratuita","author":"noticiasribeiraopreto.com.br","date":"21 de June de 2024","format":false,"excerpt":"O Palco Orgulho RP, no estacionamento do Teatro Municipal, no Morro do S\u00e3o Bento, recebe neste s\u00e1bado (22), a partir das 14h, o \u201cRibeir\u00e3o Beer Festival\u201d, um festival de cerveja artesanal com shows de rock ao vivo e com entrada gratuita. O evento celebra os 168 anos de Ribeir\u00e3o Preto.\u2026","rel":"","context":"In &quot;Not\u00edcias de Ribeir\u00e3o Preto-SP e Regi\u00e3o&quot;","block_context":{"text":"Not\u00edcias de Ribeir\u00e3o Preto-SP e Regi\u00e3o","link":"https:\/\/noticiasribeiraopreto.com.br\/index.php\/category\/noticias-de-ribeirao-preto-sp-e-regiao-ismael-colosi\/"},"img":{"alt_text":"","src":"https:\/\/i0.wp.com\/noticiasribeiraopreto.com.br\/wp-content\/uploads\/2024\/06\/pexels-elevate-1269043_2024-06-21_14-40-13_jpg_2024-06-21_14-40-16-scaled.webp.webp?fit=1200%2C801&ssl=1&resize=350%2C200","width":350,"height":200,"srcset":"https:\/\/i0.wp.com\/noticiasribeiraopreto.com.br\/wp-content\/uploads\/2024\/06\/pexels-elevate-1269043_2024-06-21_14-40-13_jpg_2024-06-21_14-40-16-scaled.webp.webp?fit=1200%2C801&ssl=1&resize=350%2C200 1x, https:\/\/i0.wp.com\/noticiasribeiraopreto.com.br\/wp-content\/uploads\/2024\/06\/pexels-elevate-1269043_2024-06-21_14-40-13_jpg_2024-06-21_14-40-16-scaled.webp.webp?fit=1200%2C801&ssl=1&resize=525%2C300 1.5x, https:\/\/i0.wp.com\/noticiasribeiraopreto.com.br\/wp-content\/uploads\/2024\/06\/pexels-elevate-1269043_2024-06-21_14-40-13_jpg_2024-06-21_14-40-16-scaled.webp.webp?fit=1200%2C801&ssl=1&resize=700%2C400 2x, https:\/\/i0.wp.com\/noticiasribeiraopreto.com.br\/wp-content\/uploads\/2024\/06\/pexels-elevate-1269043_2024-06-21_14-40-13_jpg_2024-06-21_14-40-16-scaled.webp.webp?fit=1200%2C801&ssl=1&resize=1050%2C600 3x"},"classes":[]},{"id":74971,"url":"https:\/\/noticiasribeiraopreto.com.br\/index.php\/2025\/07\/31\/festival-com-cerveja-gastronomia-e-entrada-gratuita-comeca-nesta-sexta-em-ribeirao-preto-2\/","url_meta":{"origin":74753,"position":1},"title":"Festival com cerveja, gastronomia e entrada gratuita come\u00e7a nesta sexta em Ribeir\u00e3o Preto","author":"noticiasribeiraopreto.com.br","date":"31 de July de 2025","format":false,"excerpt":"O maior festival de cervejas artesanais do estado de S\u00e3o Paulo, o Champions Beer, come\u00e7a nesta quinta-feira (1\u00ba) no estacionamento do Shopping Iguatemi, em Ribeir\u00e3o Preto. O evento tem entrada gratuita e acontece durante dois finais de semana: de 1 a 3 de agosto e de 8 a 10 de\u2026","rel":"","context":"In &quot;Not\u00edcias de Ribeir\u00e3o Preto-SP e Regi\u00e3o&quot;","block_context":{"text":"Not\u00edcias de Ribeir\u00e3o Preto-SP e Regi\u00e3o","link":"https:\/\/noticiasribeiraopreto.com.br\/index.php\/category\/noticias-de-ribeirao-preto-sp-e-regiao-ismael-colosi\/"},"img":{"alt_text":"","src":"https:\/\/i0.wp.com\/noticiasribeiraopreto.com.br\/wp-content\/uploads\/2025\/07\/Copia-de-Copia-de-Copia-de-TAMANHO-EXATO-PARA-FOTOS-NO-SISTEMA-NOVO-2025-07-28T161641.051_2025-07-28_19-17-00.webp.webp?fit=1200%2C675&ssl=1&resize=350%2C200","width":350,"height":200,"srcset":"https:\/\/i0.wp.com\/noticiasribeiraopreto.com.br\/wp-content\/uploads\/2025\/07\/Copia-de-Copia-de-Copia-de-TAMANHO-EXATO-PARA-FOTOS-NO-SISTEMA-NOVO-2025-07-28T161641.051_2025-07-28_19-17-00.webp.webp?fit=1200%2C675&ssl=1&resize=350%2C200 1x, https:\/\/i0.wp.com\/noticiasribeiraopreto.com.br\/wp-content\/uploads\/2025\/07\/Copia-de-Copia-de-Copia-de-TAMANHO-EXATO-PARA-FOTOS-NO-SISTEMA-NOVO-2025-07-28T161641.051_2025-07-28_19-17-00.webp.webp?fit=1200%2C675&ssl=1&resize=525%2C300 1.5x, https:\/\/i0.wp.com\/noticiasribeiraopreto.com.br\/wp-content\/uploads\/2025\/07\/Copia-de-Copia-de-Copia-de-TAMANHO-EXATO-PARA-FOTOS-NO-SISTEMA-NOVO-2025-07-28T161641.051_2025-07-28_19-17-00.webp.webp?fit=1200%2C675&ssl=1&resize=700%2C400 2x, https:\/\/i0.wp.com\/noticiasribeiraopreto.com.br\/wp-content\/uploads\/2025\/07\/Copia-de-Copia-de-Copia-de-TAMANHO-EXATO-PARA-FOTOS-NO-SISTEMA-NOVO-2025-07-28T161641.051_2025-07-28_19-17-00.webp.webp?fit=1200%2C675&ssl=1&resize=1050%2C600 3x"},"classes":[]},{"id":74938,"url":"https:\/\/noticiasribeiraopreto.com.br\/index.php\/2025\/07\/31\/festival-com-cerveja-gastronomia-e-entrada-gratuita-comeca-nesta-sexta-em-ribeirao-preto\/","url_meta":{"origin":74753,"position":2},"title":"Festival com cerveja, gastronomia e entrada gratuita come\u00e7a nesta sexta em Ribeir\u00e3o Preto","author":"noticiasribeiraopreto.com.br","date":"31 de July de 2025","format":false,"excerpt":"O maior festival de cervejas artesanais do estado de S\u00e3o Paulo, o Champions Beer, come\u00e7a nesta quinta-feira (1\u00ba) no estacionamento do Shopping Iguatemi, em Ribeir\u00e3o Preto. O evento tem entrada gratuita e acontece durante dois finais de semana: de 1 a 3 de agosto e de 8 a 10 de\u2026","rel":"","context":"In &quot;Not\u00edcias de Ribeir\u00e3o Preto-SP e Regi\u00e3o&quot;","block_context":{"text":"Not\u00edcias de Ribeir\u00e3o Preto-SP e Regi\u00e3o","link":"https:\/\/noticiasribeiraopreto.com.br\/index.php\/category\/noticias-de-ribeirao-preto-sp-e-regiao-ismael-colosi\/"},"img":{"alt_text":"","src":"https:\/\/i0.wp.com\/noticiasribeiraopreto.com.br\/wp-content\/uploads\/2025\/07\/Copia-de-Copia-de-Copia-de-TAMANHO-EXATO-PARA-FOTOS-NO-SISTEMA-NOVO-2025-07-28T161641.051_2025-07-28_19-17-00.webp.webp?fit=1200%2C675&ssl=1&resize=350%2C200","width":350,"height":200,"srcset":"https:\/\/i0.wp.com\/noticiasribeiraopreto.com.br\/wp-content\/uploads\/2025\/07\/Copia-de-Copia-de-Copia-de-TAMANHO-EXATO-PARA-FOTOS-NO-SISTEMA-NOVO-2025-07-28T161641.051_2025-07-28_19-17-00.webp.webp?fit=1200%2C675&ssl=1&resize=350%2C200 1x, https:\/\/i0.wp.com\/noticiasribeiraopreto.com.br\/wp-content\/uploads\/2025\/07\/Copia-de-Copia-de-Copia-de-TAMANHO-EXATO-PARA-FOTOS-NO-SISTEMA-NOVO-2025-07-28T161641.051_2025-07-28_19-17-00.webp.webp?fit=1200%2C675&ssl=1&resize=525%2C300 1.5x, https:\/\/i0.wp.com\/noticiasribeiraopreto.com.br\/wp-content\/uploads\/2025\/07\/Copia-de-Copia-de-Copia-de-TAMANHO-EXATO-PARA-FOTOS-NO-SISTEMA-NOVO-2025-07-28T161641.051_2025-07-28_19-17-00.webp.webp?fit=1200%2C675&ssl=1&resize=700%2C400 2x, https:\/\/i0.wp.com\/noticiasribeiraopreto.com.br\/wp-content\/uploads\/2025\/07\/Copia-de-Copia-de-Copia-de-TAMANHO-EXATO-PARA-FOTOS-NO-SISTEMA-NOVO-2025-07-28T161641.051_2025-07-28_19-17-00.webp.webp?fit=1200%2C675&ssl=1&resize=1050%2C600 3x"},"classes":[]},{"id":57616,"url":"https:\/\/noticiasribeiraopreto.com.br\/index.php\/2024\/09\/05\/teatro-de-arena-recebe-evento-de-samba-com-cerveja-artesanal-e-food-trucks\/","url_meta":{"origin":74753,"position":3},"title":"Teatro de Arena recebe evento de samba com cerveja artesanal e food trucks","author":"noticiasribeiraopreto.com.br","date":"5 de September de 2024","format":false,"excerpt":"No s\u00e1bado de feriado (7), o Teatro de Arena de Ribeir\u00e3o Preto recebe o \u201cArena do Samba\u201d, das 15h \u00e0s 22h. O evento conta com entrada gratuita at\u00e9 as 17h \u2013 ap\u00f3s o hor\u00e1rio, ser\u00e1 cobrado o valor de R$ 15. O dia ser\u00e1 marcado com apresenta\u00e7\u00f5es dos grupos Samba\u2026","rel":"","context":"In &quot;Not\u00edcias de Ribeir\u00e3o Preto-SP e Regi\u00e3o&quot;","block_context":{"text":"Not\u00edcias de Ribeir\u00e3o Preto-SP e Regi\u00e3o","link":"https:\/\/noticiasribeiraopreto.com.br\/index.php\/category\/noticias-de-ribeirao-preto-sp-e-regiao-ismael-colosi\/"},"img":{"alt_text":"","src":"https:\/\/i0.wp.com\/noticiasribeiraopreto.com.br\/wp-content\/uploads\/2024\/06\/TEATRO-DE-ARENA-ENTRADA_2024-06-24_11-51-10_jpeg_2024-06-24_11-51-11.webp.webp?fit=1200%2C800&ssl=1&resize=350%2C200","width":350,"height":200,"srcset":"https:\/\/i0.wp.com\/noticiasribeiraopreto.com.br\/wp-content\/uploads\/2024\/06\/TEATRO-DE-ARENA-ENTRADA_2024-06-24_11-51-10_jpeg_2024-06-24_11-51-11.webp.webp?fit=1200%2C800&ssl=1&resize=350%2C200 1x, https:\/\/i0.wp.com\/noticiasribeiraopreto.com.br\/wp-content\/uploads\/2024\/06\/TEATRO-DE-ARENA-ENTRADA_2024-06-24_11-51-10_jpeg_2024-06-24_11-51-11.webp.webp?fit=1200%2C800&ssl=1&resize=525%2C300 1.5x, https:\/\/i0.wp.com\/noticiasribeiraopreto.com.br\/wp-content\/uploads\/2024\/06\/TEATRO-DE-ARENA-ENTRADA_2024-06-24_11-51-10_jpeg_2024-06-24_11-51-11.webp.webp?fit=1200%2C800&ssl=1&resize=700%2C400 2x, https:\/\/i0.wp.com\/noticiasribeiraopreto.com.br\/wp-content\/uploads\/2024\/06\/TEATRO-DE-ARENA-ENTRADA_2024-06-24_11-51-10_jpeg_2024-06-24_11-51-11.webp.webp?fit=1200%2C800&ssl=1&resize=1050%2C600 3x"},"classes":[]},{"id":14376,"url":"https:\/\/noticiasribeiraopreto.com.br\/index.php\/2023\/12\/12\/ribeirao-preto-tem-feira-com-cerveja-artesanal-food-trucks-e-musica\/","url_meta":{"origin":74753,"position":4},"title":"Ribeir\u00e3o Preto tem feira com cerveja artesanal, food trucks e m\u00fasica","author":"noticiasribeiraopreto.com.br","date":"12 de December de 2023","format":false,"excerpt":"Ribeir\u00e3o Preto recebe, no dia 17 de dezembro, a Feira do Coletivo em edi\u00e7\u00e3o especial de Natal, na Pra\u00e7a 7 de Setembro, no Centro da cidade. O evento \u00e9 gratuito e aberto ao p\u00fablico. \u00a0 A feira acontece das 14h \u00e0s 21h e conta com cerveja artesanal, foodtrucks, expositores, oficinas,\u2026","rel":"","context":"In &quot;Not\u00edcias de Ribeir\u00e3o Preto-SP e Regi\u00e3o&quot;","block_context":{"text":"Not\u00edcias de Ribeir\u00e3o Preto-SP e Regi\u00e3o","link":"https:\/\/noticiasribeiraopreto.com.br\/index.php\/category\/noticias-de-ribeirao-preto-sp-e-regiao-ismael-colosi\/"},"img":{"alt_text":"","src":"https:\/\/i0.wp.com\/noticiasribeiraopreto.com.br\/wp-content\/uploads\/2023\/12\/WhatsApp-Image-2023-12-11-at-11.28.049.jpeg?fit=1150%2C614&ssl=1&resize=350%2C200","width":350,"height":200,"srcset":"https:\/\/i0.wp.com\/noticiasribeiraopreto.com.br\/wp-content\/uploads\/2023\/12\/WhatsApp-Image-2023-12-11-at-11.28.049.jpeg?fit=1150%2C614&ssl=1&resize=350%2C200 1x, https:\/\/i0.wp.com\/noticiasribeiraopreto.com.br\/wp-content\/uploads\/2023\/12\/WhatsApp-Image-2023-12-11-at-11.28.049.jpeg?fit=1150%2C614&ssl=1&resize=525%2C300 1.5x, https:\/\/i0.wp.com\/noticiasribeiraopreto.com.br\/wp-content\/uploads\/2023\/12\/WhatsApp-Image-2023-12-11-at-11.28.049.jpeg?fit=1150%2C614&ssl=1&resize=700%2C400 2x, https:\/\/i0.wp.com\/noticiasribeiraopreto.com.br\/wp-content\/uploads\/2023\/12\/WhatsApp-Image-2023-12-11-at-11.28.049.jpeg?fit=1150%2C614&ssl=1&resize=1050%2C600 3x"},"classes":[]},{"id":51740,"url":"https:\/\/noticiasribeiraopreto.com.br\/index.php\/2024\/05\/29\/ribeirao-preto-tem-festival-de-cerveja-artesanal-com-food-trucks-e-musica-veja-quando\/","url_meta":{"origin":74753,"position":5},"title":"Ribeir\u00e3o Preto tem festival de cerveja artesanal com food trucks e m\u00fasica; Veja quando","author":"noticiasribeiraopreto.com.br","date":"29 de May de 2024","format":false,"excerpt":"A 3\u00aa edi\u00e7\u00e3o do Craft Beer, festival de cervejas artesanais em Ribeir\u00e3o Preto, acontece neste s\u00e1bado (1\u00ba) e domingo (2), no Teatro de Arena do mun\u00edcipio. Ser\u00e3o mais de 80 r\u00f3tulos de cerveja artesanal, food trucks e diversas atra\u00e7\u00f5es que somam 16 horas de m\u00fasica. O line-up de shows do\u2026","rel":"","context":"In &quot;Not\u00edcias de Ribeir\u00e3o Preto-SP e Regi\u00e3o&quot;","block_context":{"text":"Not\u00edcias de Ribeir\u00e3o Preto-SP e Regi\u00e3o","link":"https:\/\/noticiasribeiraopreto.com.br\/index.php\/category\/noticias-de-ribeirao-preto-sp-e-regiao-ismael-colosi\/"},"img":{"alt_text":"","src":"https:\/\/i0.wp.com\/noticiasribeiraopreto.com.br\/wp-content\/uploads\/2024\/05\/chopp_cerveja_1024x576_15102020113247.jpg?fit=1024%2C576&ssl=1&resize=350%2C200","width":350,"height":200,"srcset":"https:\/\/i0.wp.com\/noticiasribeiraopreto.com.br\/wp-content\/uploads\/2024\/05\/chopp_cerveja_1024x576_15102020113247.jpg?fit=1024%2C576&ssl=1&resize=350%2C200 1x, https:\/\/i0.wp.com\/noticiasribeiraopreto.com.br\/wp-content\/uploads\/2024\/05\/chopp_cerveja_1024x576_15102020113247.jpg?fit=1024%2C576&ssl=1&resize=525%2C300 1.5x, https:\/\/i0.wp.com\/noticiasribeiraopreto.com.br\/wp-content\/uploads\/2024\/05\/chopp_cerveja_1024x576_15102020113247.jpg?fit=1024%2C576&ssl=1&resize=700%2C400 2x"},"classes":[]}],"jetpack_sharing_enabled":true,"jetpack_shortlink":"https:\/\/wp.me\/peQAOb-jrH","_links":{"self":[{"href":"https:\/\/noticiasribeiraopreto.com.br\/index.php\/wp-json\/wp\/v2\/posts\/74753","targetHints":{"allow":["GET"]}}],"collection":[{"href":"https:\/\/noticiasribeiraopreto.com.br\/index.php\/wp-json\/wp\/v2\/posts"}],"about":[{"href":"https:\/\/noticiasribeiraopreto.com.br\/index.php\/wp-json\/wp\/v2\/types\/post"}],"author":[{"embeddable":true,"href":"https:\/\/noticiasribeiraopreto.com.br\/index.php\/wp-json\/wp\/v2\/users\/1"}],"replies":[{"embeddable":true,"href":"https:\/\/noticiasribeiraopreto.com.br\/index.php\/wp-json\/wp\/v2\/comments?post=74753"}],"version-history":[{"count":0,"href":"https:\/\/noticiasribeiraopreto.com.br\/index.php\/wp-json\/wp\/v2\/posts\/74753\/revisions"}],"wp:featuredmedia":[{"embeddable":true,"href":"https:\/\/noticiasribeiraopreto.com.br\/index.php\/wp-json\/wp\/v2\/media\/74754"}],"wp:attachment":[{"href":"https:\/\/noticiasribeiraopreto.com.br\/index.php\/wp-json\/wp\/v2\/media?parent=74753"}],"wp:term":[{"taxonomy":"category","embeddable":true,"href":"https:\/\/noticiasribeiraopreto.com.br\/index.php\/wp-json\/wp\/v2\/categories?post=74753"},{"taxonomy":"post_tag","embeddable":true,"href":"https:\/\/noticiasribeiraopreto.com.br\/index.php\/wp-json\/wp\/v2\/tags?post=74753"}],"curies":[{"name":"wp","href":"https:\/\/api.w.org\/{rel}","templated":true}]}}