{"id":74757,"date":"2025-07-28T21:11:55","date_gmt":"2025-07-29T00:11:55","guid":{"rendered":"https:\/\/noticiasribeiraopreto.com.br\/index.php\/2025\/07\/28\/com-lei-do-ex-botafogo-e-goleado-pelo-avai\/"},"modified":"2025-07-28T21:11:55","modified_gmt":"2025-07-29T00:11:55","slug":"com-lei-do-ex-botafogo-e-goleado-pelo-avai","status":"publish","type":"post","link":"https:\/\/noticiasribeiraopreto.com.br\/index.php\/2025\/07\/28\/com-lei-do-ex-botafogo-e-goleado-pelo-avai\/","title":{"rendered":"Com \u2018lei do ex\u2019, Botafogo \u00e9 goleado pelo Ava\u00ed"},"content":{"rendered":"<div class='code-block code-block-1' style='margin: 8px 0 8px auto; text-align: right; display: block; clear: both;'>\n<p><a href=\"https:\/\/wa.link\/vpicfd\"><img data-recalc-dims=\"1\" class=\"wp-image-4922\" style=\"aspect-ratio: 2.0253164556962027; width: 561px; height: auto;\" src=\"https:\/\/i0.wp.com\/ismaelcolosi.com.br\/wp-content\/uploads\/2023\/11\/grupo-de-empregos-whatsapp-e-facebook-ismael-colosi-vagas.jpg?ssl=1\" alt=\"\" \/><\/a><\/p>\n<!-- \/wp:image -->\n<\/div>\n<p> <br \/>\n<\/p>\n<div>\n<p><strong><em>Por Hugo Luque<\/em><\/strong><\/p>\n<p>O Botafogo foi goleado pelo Ava\u00ed por 5 a 0 na noite desta segunda-feira (28), na Ressacada, em duelo da 19\u00aa rodada da S\u00e9rie B do Campeonato Brasileiro. Abalado e desfalcado pela prov\u00e1vel sa\u00edda de tr\u00eas jogadores, que negociam com equipes do exterior, o Pantera sofreu sua pior derrota no ano e encerrou o primeiro turno afundado na lanterna da competi\u00e7\u00e3o nacional.<\/p>\n<p>O zagueiro Matheus Costa, o volante Sabit e o atacante Alexandre Jesus, que est\u00e3o de sa\u00edda, n\u00e3o viajaram com o grupo para Florian\u00f3polis (SC). Logo de cara, ficou evidente a falta que ao menos os dois \u00faltimos, titulares na maior parte da temporada, fizeram.<\/p>\n<p>O Ava\u00ed saiu na frente logo de cara, como tem se tornado rotineiro nos jogos do Tricolor. Mas, dessa vez, n\u00e3o houve dom\u00ednio botafoguense.<\/p>\n<p>Os catarinenses trocavam passes com tranquilidade e pouco sofriam. Agora, o Bota aumentou o n\u00famero de rodadas consecutivas sem anotar gols na S\u00e9rie B: cinco. E o time perdeu seu artilheiro de 2025.<\/p>\n<p>A goleada sofrida mant\u00e9m o Pantera na \u00faltima coloca\u00e7\u00e3o do nacional, com 18 pontos, tr\u00eas atr\u00e1s do Volta Redonda, que tem 21 e ocupa o primeiro posto fora da zona de rebaixamento.<\/p>\n<p>O pr\u00f3ximo compromisso \u00e9 contra o Am\u00e9rica-MG, s\u00e1bado, \u00e0s 18h30, no Est\u00e1dio Santa Cruz\/Arena Nicnet. Antes, o \u201ctime B\u201d tricolor entra em campo pela Copa Paulista na quarta-feira, \u00e0s 19h, fora de casa, diante do Uni\u00e3o S\u00e3o Jo\u00e3o.<\/p>\n<p><strong>O jogo<\/strong><\/p>\n<p>Parece ter virado rotina: um in\u00edcio de jogo apagado e um gol logo nos primeiros instantes. O roteiro foi seguido \u00e0 risca no Sul. Aos oito minutos, Emerson Negueba abriu o marcador contra seu ex-clube em finaliza\u00e7\u00e3o de longe. O atacante celebrou de forma en\u00e9rgica.<\/p>\n<p>Logo em seguida, aos 12, JP marcou um belo gol ao finalizar chutado de p\u00e9 direito. Perdido e sem algumas de suas principais pe\u00e7as, de sa\u00edda, o Botafogo n\u00e3o demonstrava poder de rea\u00e7\u00e3o.<\/p>\n<p>Diferente das \u00faltimas derrotas, em que ainda mostrou ter a capacidade de criar chances, o Pantera praticamente n\u00e3o jogou no campo ofensivo nesta segunda. O Ava\u00ed continuou em cima, em busca do terceiro, at\u00e9 que, aos 38, Negueba marcou de novo, com direito a tabela em contra-ataque.<\/p>\n<p>O primeiro tempo desastroso ainda teve mais um \u00faltimo ato. Aos 44, Gabriel Bispo derrubiou JP dentro da \u00e1rea e cometeu p\u00eanalti. Cl\u00e9ber bateu com categoria e transformou a vit\u00f3ria confort\u00e1vel em goleada.<\/p>\n<p>Na volta do intervalo, Allan Aal tentou mudar a equipe e fortaleceu a marca\u00e7\u00e3o no meio de campo. Por\u00e9m, pouco mudou. Jefferson Nem e Leandro Maciel at\u00e9 tentaram, mas n\u00e3o conseguiram marcar nos minutos iniciais. Depois, o \u00edmpeto visitante diminuiu.<\/p>\n<p>Aos 40, o Ava\u00ed marcou o que seria o quinto, mas o tento foi anulado por impedimento. Todavia, o VAR chamou o \u00e1rbitro para olhar um poss\u00edvel toque de m\u00e3o de um dos defensores do Pantera dentro da \u00e1rea. Confirmado o p\u00eanalti, Alef Manga marcou o quinto.<\/p>\n<p>Ainda deu tempo de, nos acr\u00e9scimos, o Bota ter um p\u00eanalti a favor. Entretanto, o VAR entrou em a\u00e7\u00e3o mais uma vez e a infra\u00e7\u00e3o foi cancelada, o que confirmou a terceira derrota consecutiva dos paulistas.<\/p>\n<pre>Jornal Tribuna Ribeir\u00e3o&#13;\nUm Jornal com a cara de Ribeir\u00e3o!&#13;\nImpresso | WEB | Redes sociais&#13;\n&#13;\nTribuna Ribeir\u00e3o - Fone: (16) 3632-2200 - Whatsapp: (16) 98161-8743&#13;\nAv. Bar\u00e3o do Bananal, 880 - Jardim Anhanguera, Ribeir\u00e3o Preto&#13;\n&#13;\n@tribunaribeirao @jornaltribuna&#13;\n@jornaltribunaribeirao @jornalribeiraopreto&#13;\n@noticiasribeiraopreto @meiamaratona&#13;\n@meiamaratonainternacionalderibeiraopreto&#13;\n@meiamaratonatribunaribeirao&#13;\n&#13;\n#TribunaRibeir\u00e3o #News #Not\u00edcia #Ribeir\u00e3oPreto #Not\u00edciasDeRibeir\u00e3oPreto #ClassificadosTribunaRibeir\u00e3o #Jornalismo #ClassificadosRibeir\u00e3o<\/pre>\n<\/div>\n<p><br \/>\n<br \/><a href=\"https:\/\/www.tribunaribeirao.com.br\/com-lei-do-ex-botafogo-e-goleado-pelo-avai\/\">Source link <\/a><\/p>\n<!-- CONTENT END 1 -->\n","protected":false},"excerpt":{"rendered":"<p>Por Hugo Luque O Botafogo foi goleado pelo Ava\u00ed por 5 a 0 na noite desta segunda-feira (28), na Ressacada, em duelo da 19\u00aa rodada&#8230;<\/p>\n","protected":false},"author":1,"featured_media":74758,"comment_status":"open","ping_status":"open","sticky":false,"template":"","format":"standard","meta":{"advanced_seo_description":"","jetpack_seo_html_title":"","jetpack_seo_noindex":false,"jetpack_post_was_ever_published":false,"_jetpack_newsletter_access":"","_jetpack_dont_email_post_to_subs":false,"_jetpack_newsletter_tier_id":0,"_jetpack_memberships_contains_paywalled_content":false,"_jetpack_memberships_contains_paid_content":false,"footnotes":"","jetpack_publicize_message":"","jetpack_publicize_feature_enabled":true,"jetpack_social_post_already_shared":true,"jetpack_social_options":{"image_generator_settings":{"template":"highway","default_image_id":0,"font":"","enabled":false},"version":2}},"categories":[11],"tags":[],"class_list":["post-74757","post","type-post","status-publish","format-standard","has-post-thumbnail","hentry","category-noticias-de-ribeirao-preto-sp-e-regiao-ismael-colosi"],"jetpack_publicize_connections":[],"jetpack_featured_media_url":"https:\/\/i0.wp.com\/noticiasribeiraopreto.com.br\/wp-content\/uploads\/2025\/07\/Imagem-do-WhatsApp-de-2025-07-28-as-21.10.22_904b8f0c.jpg?fit=1024%2C722&ssl=1","jetpack-related-posts":[{"id":74759,"url":"https:\/\/noticiasribeiraopreto.com.br\/index.php\/2025\/07\/28\/botafogo-e-goleado-pelo-avai-e-segue-na-lanterna-da-serie-b\/","url_meta":{"origin":74757,"position":0},"title":"Botafogo \u00e9 goleado pelo Ava\u00ed e segue na lanterna da S\u00e9rie B","author":"noticiasribeiraopreto.com.br","date":"28 de July de 2025","format":false,"excerpt":"O Botafogo sofreu uma goleada por 5 a 0 diante do Ava\u00ed na noite desta segunda-feira (28), em Florian\u00f3polis, pela 19\u00aa rodada da S\u00e9rie B do Campeonato Brasileiro. Com o resultado, o Pantera chega a quinta rodada sem vencer e permanece na lanterna da competi\u00e7\u00e3o, com apenas 18 pontos. O\u2026","rel":"","context":"In &quot;Not\u00edcias de Ribeir\u00e3o Preto-SP e Regi\u00e3o&quot;","block_context":{"text":"Not\u00edcias de Ribeir\u00e3o Preto-SP e Regi\u00e3o","link":"https:\/\/noticiasribeiraopreto.com.br\/index.php\/category\/noticias-de-ribeirao-preto-sp-e-regiao-ismael-colosi\/"},"img":{"alt_text":"","src":"https:\/\/i0.wp.com\/noticiasribeiraopreto.com.br\/wp-content\/uploads\/2025\/07\/Copia-de-Copia-de-Copia-de-TAMANHO-EXATO-PARA-FOTOS-NO-SISTEMA-NOVO-2025-07-28T210232.679_2025-07-29_00-02-51.webp.webp?fit=1200%2C675&ssl=1&resize=350%2C200","width":350,"height":200,"srcset":"https:\/\/i0.wp.com\/noticiasribeiraopreto.com.br\/wp-content\/uploads\/2025\/07\/Copia-de-Copia-de-Copia-de-TAMANHO-EXATO-PARA-FOTOS-NO-SISTEMA-NOVO-2025-07-28T210232.679_2025-07-29_00-02-51.webp.webp?fit=1200%2C675&ssl=1&resize=350%2C200 1x, https:\/\/i0.wp.com\/noticiasribeiraopreto.com.br\/wp-content\/uploads\/2025\/07\/Copia-de-Copia-de-Copia-de-TAMANHO-EXATO-PARA-FOTOS-NO-SISTEMA-NOVO-2025-07-28T210232.679_2025-07-29_00-02-51.webp.webp?fit=1200%2C675&ssl=1&resize=525%2C300 1.5x, https:\/\/i0.wp.com\/noticiasribeiraopreto.com.br\/wp-content\/uploads\/2025\/07\/Copia-de-Copia-de-Copia-de-TAMANHO-EXATO-PARA-FOTOS-NO-SISTEMA-NOVO-2025-07-28T210232.679_2025-07-29_00-02-51.webp.webp?fit=1200%2C675&ssl=1&resize=700%2C400 2x, https:\/\/i0.wp.com\/noticiasribeiraopreto.com.br\/wp-content\/uploads\/2025\/07\/Copia-de-Copia-de-Copia-de-TAMANHO-EXATO-PARA-FOTOS-NO-SISTEMA-NOVO-2025-07-28T210232.679_2025-07-29_00-02-51.webp.webp?fit=1200%2C675&ssl=1&resize=1050%2C600 3x"},"classes":[]},{"id":60400,"url":"https:\/\/noticiasribeiraopreto.com.br\/index.php\/2024\/11\/12\/serie-b-botafogo-e-goleado-pelo-ceara-em-ribeirao-preto\/","url_meta":{"origin":74757,"position":1},"title":"S\u00e9rie B: Botafogo \u00e9 goleado pelo Cear\u00e1 em Ribeir\u00e3o Preto","author":"noticiasribeiraopreto.com.br","date":"12 de November de 2024","format":false,"excerpt":"O Botafogo foi goleado por 4 a 1 pelo Cear\u00e1 na noite desta ter\u00e7a-feira (12), na Arena Nicnet\/est\u00e1dio Santa Cruz, em Ribeir\u00e3o Preto. A partida foi v\u00e1lida pela 36\u00aa rodada do Campeonato Brasileiro da S\u00e9rie B. Os gols do Cear\u00e1 na partida foram marcados por Saulo Mineiro, aos 38 minutos\u2026","rel":"","context":"In &quot;Not\u00edcias de Ribeir\u00e3o Preto-SP e Regi\u00e3o&quot;","block_context":{"text":"Not\u00edcias de Ribeir\u00e3o Preto-SP e Regi\u00e3o","link":"https:\/\/noticiasribeiraopreto.com.br\/index.php\/category\/noticias-de-ribeirao-preto-sp-e-regiao-ismael-colosi\/"},"img":{"alt_text":"","src":"https:\/\/i0.wp.com\/noticiasribeiraopreto.com.br\/wp-content\/uploads\/2024\/11\/botafogo-ceara_2024-11-13_02-27-43_jpeg_2024-11-13_02-27-43.webp.webp?fit=1200%2C800&ssl=1&resize=350%2C200","width":350,"height":200,"srcset":"https:\/\/i0.wp.com\/noticiasribeiraopreto.com.br\/wp-content\/uploads\/2024\/11\/botafogo-ceara_2024-11-13_02-27-43_jpeg_2024-11-13_02-27-43.webp.webp?fit=1200%2C800&ssl=1&resize=350%2C200 1x, https:\/\/i0.wp.com\/noticiasribeiraopreto.com.br\/wp-content\/uploads\/2024\/11\/botafogo-ceara_2024-11-13_02-27-43_jpeg_2024-11-13_02-27-43.webp.webp?fit=1200%2C800&ssl=1&resize=525%2C300 1.5x, https:\/\/i0.wp.com\/noticiasribeiraopreto.com.br\/wp-content\/uploads\/2024\/11\/botafogo-ceara_2024-11-13_02-27-43_jpeg_2024-11-13_02-27-43.webp.webp?fit=1200%2C800&ssl=1&resize=700%2C400 2x, https:\/\/i0.wp.com\/noticiasribeiraopreto.com.br\/wp-content\/uploads\/2024\/11\/botafogo-ceara_2024-11-13_02-27-43_jpeg_2024-11-13_02-27-43.webp.webp?fit=1200%2C800&ssl=1&resize=1050%2C600 3x"},"classes":[]},{"id":50762,"url":"https:\/\/noticiasribeiraopreto.com.br\/index.php\/2024\/05\/18\/botafogo-e-goleado-pelo-goias-no-brasileiro-da-serie-b\/","url_meta":{"origin":74757,"position":2},"title":"Botafogo \u00e9 goleado pelo Goi\u00e1s no Brasileiro da S\u00e9rie B","author":"noticiasribeiraopreto.com.br","date":"18 de May de 2024","format":false,"excerpt":"O Botafogo foi goleado por 4 a 0 pelo Goi\u00e1s, na noite deste s\u00e1bado (18), pela 6\u00aa rodada do Campeonato Brasileiro da S\u00e9rie B. A equipe de Ribeir\u00e3o Preto viajou para enfrentar o Goi\u00e1s no est\u00e1dio Hail\u00e9 Pinheiro, em Goi\u00e2nia. Os gols do Goi\u00e1s foram marcados por Marc\u00e3o, aos 24\u2026","rel":"","context":"In &quot;Not\u00edcias de Ribeir\u00e3o Preto-SP e Regi\u00e3o&quot;","block_context":{"text":"Not\u00edcias de Ribeir\u00e3o Preto-SP e Regi\u00e3o","link":"https:\/\/noticiasribeiraopreto.com.br\/index.php\/category\/noticias-de-ribeirao-preto-sp-e-regiao-ismael-colosi\/"},"img":{"alt_text":"","src":"https:\/\/i0.wp.com\/noticiasribeiraopreto.com.br\/wp-content\/uploads\/2024\/05\/goias-botafogo_2024-05-18_23-24-11_jpeg_2024-05-18_23-24-12.webp.webp?fit=1200%2C866&ssl=1&resize=350%2C200","width":350,"height":200,"srcset":"https:\/\/i0.wp.com\/noticiasribeiraopreto.com.br\/wp-content\/uploads\/2024\/05\/goias-botafogo_2024-05-18_23-24-11_jpeg_2024-05-18_23-24-12.webp.webp?fit=1200%2C866&ssl=1&resize=350%2C200 1x, https:\/\/i0.wp.com\/noticiasribeiraopreto.com.br\/wp-content\/uploads\/2024\/05\/goias-botafogo_2024-05-18_23-24-11_jpeg_2024-05-18_23-24-12.webp.webp?fit=1200%2C866&ssl=1&resize=525%2C300 1.5x, https:\/\/i0.wp.com\/noticiasribeiraopreto.com.br\/wp-content\/uploads\/2024\/05\/goias-botafogo_2024-05-18_23-24-11_jpeg_2024-05-18_23-24-12.webp.webp?fit=1200%2C866&ssl=1&resize=700%2C400 2x, https:\/\/i0.wp.com\/noticiasribeiraopreto.com.br\/wp-content\/uploads\/2024\/05\/goias-botafogo_2024-05-18_23-24-11_jpeg_2024-05-18_23-24-12.webp.webp?fit=1200%2C866&ssl=1&resize=1050%2C600 3x"},"classes":[]},{"id":74338,"url":"https:\/\/noticiasribeiraopreto.com.br\/index.php\/2025\/07\/20\/botafogo-e-goleado-pelo-amazonas-e-cai-para-vice-lanterna-da-serie-b\/","url_meta":{"origin":74757,"position":3},"title":"Botafogo \u00e9 goleado pelo Amazonas e cai para vice-lanterna da S\u00e9rie B","author":"noticiasribeiraopreto.com.br","date":"20 de July de 2025","format":false,"excerpt":"O Botafogo foi goleado pelo Amazonas por 3 a 0 na tarde deste domingo (20), no Est\u00e1dio Carlos Zamith, em Manaus, em partida v\u00e1lida pela 17\u00aa rodada da S\u00e9rie B do Campeonato Brasileiro. Com o resultado, a equipe de Ribeir\u00e3o Preto caiu duas posi\u00e7\u00f5es na tabela e agora ocupa a\u2026","rel":"","context":"In &quot;Not\u00edcias de Ribeir\u00e3o Preto-SP e Regi\u00e3o&quot;","block_context":{"text":"Not\u00edcias de Ribeir\u00e3o Preto-SP e Regi\u00e3o","link":"https:\/\/noticiasribeiraopreto.com.br\/index.php\/category\/noticias-de-ribeirao-preto-sp-e-regiao-ismael-colosi\/"},"img":{"alt_text":"","src":"https:\/\/i0.wp.com\/noticiasribeiraopreto.com.br\/wp-content\/uploads\/2025\/07\/GwU2L-uW8AAEZVk_2025-07-20_21-08-46.webp.webp?fit=1200%2C803&ssl=1&resize=350%2C200","width":350,"height":200,"srcset":"https:\/\/i0.wp.com\/noticiasribeiraopreto.com.br\/wp-content\/uploads\/2025\/07\/GwU2L-uW8AAEZVk_2025-07-20_21-08-46.webp.webp?fit=1200%2C803&ssl=1&resize=350%2C200 1x, https:\/\/i0.wp.com\/noticiasribeiraopreto.com.br\/wp-content\/uploads\/2025\/07\/GwU2L-uW8AAEZVk_2025-07-20_21-08-46.webp.webp?fit=1200%2C803&ssl=1&resize=525%2C300 1.5x, https:\/\/i0.wp.com\/noticiasribeiraopreto.com.br\/wp-content\/uploads\/2025\/07\/GwU2L-uW8AAEZVk_2025-07-20_21-08-46.webp.webp?fit=1200%2C803&ssl=1&resize=700%2C400 2x, https:\/\/i0.wp.com\/noticiasribeiraopreto.com.br\/wp-content\/uploads\/2025\/07\/GwU2L-uW8AAEZVk_2025-07-20_21-08-46.webp.webp?fit=1200%2C803&ssl=1&resize=1050%2C600 3x"},"classes":[]},{"id":60583,"url":"https:\/\/noticiasribeiraopreto.com.br\/index.php\/2024\/11\/18\/serie-b-botafogo-leva-virada-e-perde-para-o-avai-em-ribeirao-preto\/","url_meta":{"origin":74757,"position":4},"title":"S\u00e9rie B: Botafogo leva virada e perde para o Ava\u00ed em Ribeir\u00e3o Preto","author":"noticiasribeiraopreto.com.br","date":"18 de November de 2024","format":false,"excerpt":"O\u00a0Botafogo\u00a0perdeu por 3 a 1 para o Ava\u00ed, na noite desta segunda-feira (18), na\u00a0Arena Nicnet\/est\u00e1dio Santa Cruz, em\u00a0Ribeir\u00e3o Preto. A partida foi v\u00e1lida pela 37\u00aa rodada do\u00a0Campeonato Brasileiro da S\u00e9rie B. O Pantera abriu o placar com Emerson Negueba, aos 36 minutos do primeiro tempo. O Ava\u00ed empatou a partida\u2026","rel":"","context":"In &quot;Not\u00edcias de Ribeir\u00e3o Preto-SP e Regi\u00e3o&quot;","block_context":{"text":"Not\u00edcias de Ribeir\u00e3o Preto-SP e Regi\u00e3o","link":"https:\/\/noticiasribeiraopreto.com.br\/index.php\/category\/noticias-de-ribeirao-preto-sp-e-regiao-ismael-colosi\/"},"img":{"alt_text":"","src":"https:\/\/i0.wp.com\/noticiasribeiraopreto.com.br\/wp-content\/uploads\/2024\/11\/botafogo-de-ribeirao-preto_2024-11-19_01-54-28_jpg_2024-11-19_01-54-28.webp.webp?fit=1200%2C800&ssl=1&resize=350%2C200","width":350,"height":200,"srcset":"https:\/\/i0.wp.com\/noticiasribeiraopreto.com.br\/wp-content\/uploads\/2024\/11\/botafogo-de-ribeirao-preto_2024-11-19_01-54-28_jpg_2024-11-19_01-54-28.webp.webp?fit=1200%2C800&ssl=1&resize=350%2C200 1x, https:\/\/i0.wp.com\/noticiasribeiraopreto.com.br\/wp-content\/uploads\/2024\/11\/botafogo-de-ribeirao-preto_2024-11-19_01-54-28_jpg_2024-11-19_01-54-28.webp.webp?fit=1200%2C800&ssl=1&resize=525%2C300 1.5x, https:\/\/i0.wp.com\/noticiasribeiraopreto.com.br\/wp-content\/uploads\/2024\/11\/botafogo-de-ribeirao-preto_2024-11-19_01-54-28_jpg_2024-11-19_01-54-28.webp.webp?fit=1200%2C800&ssl=1&resize=700%2C400 2x, https:\/\/i0.wp.com\/noticiasribeiraopreto.com.br\/wp-content\/uploads\/2024\/11\/botafogo-de-ribeirao-preto_2024-11-19_01-54-28_jpg_2024-11-19_01-54-28.webp.webp?fit=1200%2C800&ssl=1&resize=1050%2C600 3x"},"classes":[]},{"id":55243,"url":"https:\/\/noticiasribeiraopreto.com.br\/index.php\/2024\/07\/31\/botafogo-empata-com-avai-nos-acrescimos-do-segundo-tempo\/","url_meta":{"origin":74757,"position":5},"title":"Botafogo empata com Ava\u00ed nos acr\u00e9scimos do segundo tempo","author":"noticiasribeiraopreto.com.br","date":"31 de July de 2024","format":false,"excerpt":"O Botafogo empatou, aos 52 minutos do segundo tempo, com o Ava\u00ed em 1 a 1 pela 18\u00aa rodada da S\u00e9rie B do Campeonato Brasileiro. O jogo aconteceu na noite desta ter\u00e7a-feira (30), no est\u00e1dio da Ressacada em Florian\u00f3polis. Mesmo com o empate, o Pantera segue na zona de rebaixamento.\u2026","rel":"","context":"In &quot;Not\u00edcias de Ribeir\u00e3o Preto-SP e Regi\u00e3o&quot;","block_context":{"text":"Not\u00edcias de Ribeir\u00e3o Preto-SP e Regi\u00e3o","link":"https:\/\/noticiasribeiraopreto.com.br\/index.php\/category\/noticias-de-ribeirao-preto-sp-e-regiao-ismael-colosi\/"},"img":{"alt_text":"","src":"https:\/\/i0.wp.com\/noticiasribeiraopreto.com.br\/wp-content\/uploads\/2024\/07\/Copia-de-Copia-de-TAMANHO-EXATO-PARA-FOTOS-NO-SISTEMA-NOVO_2024-07-31_02-28-20_png_2024-07-31_02-28-21.webp.webp?fit=1200%2C675&ssl=1&resize=350%2C200","width":350,"height":200,"srcset":"https:\/\/i0.wp.com\/noticiasribeiraopreto.com.br\/wp-content\/uploads\/2024\/07\/Copia-de-Copia-de-TAMANHO-EXATO-PARA-FOTOS-NO-SISTEMA-NOVO_2024-07-31_02-28-20_png_2024-07-31_02-28-21.webp.webp?fit=1200%2C675&ssl=1&resize=350%2C200 1x, https:\/\/i0.wp.com\/noticiasribeiraopreto.com.br\/wp-content\/uploads\/2024\/07\/Copia-de-Copia-de-TAMANHO-EXATO-PARA-FOTOS-NO-SISTEMA-NOVO_2024-07-31_02-28-20_png_2024-07-31_02-28-21.webp.webp?fit=1200%2C675&ssl=1&resize=525%2C300 1.5x, https:\/\/i0.wp.com\/noticiasribeiraopreto.com.br\/wp-content\/uploads\/2024\/07\/Copia-de-Copia-de-TAMANHO-EXATO-PARA-FOTOS-NO-SISTEMA-NOVO_2024-07-31_02-28-20_png_2024-07-31_02-28-21.webp.webp?fit=1200%2C675&ssl=1&resize=700%2C400 2x, https:\/\/i0.wp.com\/noticiasribeiraopreto.com.br\/wp-content\/uploads\/2024\/07\/Copia-de-Copia-de-TAMANHO-EXATO-PARA-FOTOS-NO-SISTEMA-NOVO_2024-07-31_02-28-20_png_2024-07-31_02-28-21.webp.webp?fit=1200%2C675&ssl=1&resize=1050%2C600 3x"},"classes":[]}],"jetpack_sharing_enabled":true,"jetpack_shortlink":"https:\/\/wp.me\/peQAOb-jrL","_links":{"self":[{"href":"https:\/\/noticiasribeiraopreto.com.br\/index.php\/wp-json\/wp\/v2\/posts\/74757","targetHints":{"allow":["GET"]}}],"collection":[{"href":"https:\/\/noticiasribeiraopreto.com.br\/index.php\/wp-json\/wp\/v2\/posts"}],"about":[{"href":"https:\/\/noticiasribeiraopreto.com.br\/index.php\/wp-json\/wp\/v2\/types\/post"}],"author":[{"embeddable":true,"href":"https:\/\/noticiasribeiraopreto.com.br\/index.php\/wp-json\/wp\/v2\/users\/1"}],"replies":[{"embeddable":true,"href":"https:\/\/noticiasribeiraopreto.com.br\/index.php\/wp-json\/wp\/v2\/comments?post=74757"}],"version-history":[{"count":0,"href":"https:\/\/noticiasribeiraopreto.com.br\/index.php\/wp-json\/wp\/v2\/posts\/74757\/revisions"}],"wp:featuredmedia":[{"embeddable":true,"href":"https:\/\/noticiasribeiraopreto.com.br\/index.php\/wp-json\/wp\/v2\/media\/74758"}],"wp:attachment":[{"href":"https:\/\/noticiasribeiraopreto.com.br\/index.php\/wp-json\/wp\/v2\/media?parent=74757"}],"wp:term":[{"taxonomy":"category","embeddable":true,"href":"https:\/\/noticiasribeiraopreto.com.br\/index.php\/wp-json\/wp\/v2\/categories?post=74757"},{"taxonomy":"post_tag","embeddable":true,"href":"https:\/\/noticiasribeiraopreto.com.br\/index.php\/wp-json\/wp\/v2\/tags?post=74757"}],"curies":[{"name":"wp","href":"https:\/\/api.w.org\/{rel}","templated":true}]}}