{"id":74759,"date":"2025-07-28T22:11:22","date_gmt":"2025-07-29T01:11:22","guid":{"rendered":"https:\/\/noticiasribeiraopreto.com.br\/index.php\/2025\/07\/28\/botafogo-e-goleado-pelo-avai-e-segue-na-lanterna-da-serie-b\/"},"modified":"2025-07-28T22:11:22","modified_gmt":"2025-07-29T01:11:22","slug":"botafogo-e-goleado-pelo-avai-e-segue-na-lanterna-da-serie-b","status":"publish","type":"post","link":"https:\/\/noticiasribeiraopreto.com.br\/index.php\/2025\/07\/28\/botafogo-e-goleado-pelo-avai-e-segue-na-lanterna-da-serie-b\/","title":{"rendered":"Botafogo \u00e9 goleado pelo Ava\u00ed e segue na lanterna da S\u00e9rie B"},"content":{"rendered":"<div class='code-block code-block-1' style='margin: 8px 0 8px auto; text-align: right; display: block; clear: both;'>\n<p><a href=\"https:\/\/wa.link\/vpicfd\"><img data-recalc-dims=\"1\" class=\"wp-image-4922\" style=\"aspect-ratio: 2.0253164556962027; width: 561px; height: auto;\" src=\"https:\/\/i0.wp.com\/ismaelcolosi.com.br\/wp-content\/uploads\/2023\/11\/grupo-de-empregos-whatsapp-e-facebook-ismael-colosi-vagas.jpg?ssl=1\" alt=\"\" \/><\/a><\/p>\n<!-- \/wp:image -->\n<\/div>\n<p> <br \/>\n<\/p>\n<div>\n<p>O <strong>Botafogo sofreu uma goleada por 5 a 0 diante do Ava\u00ed na noite desta segunda-feira (28)<\/strong>, em Florian\u00f3polis, pela 19\u00aa rodada da <strong>S\u00e9rie B do Campeonato Brasileiro<\/strong>. Com o resultado, <mark style=\"background-color:#fcb900\" class=\"has-inline-color\">o Pantera chega a quinta rodada sem vencer e permanece na lanterna da competi\u00e7\u00e3o, com apenas 18 pontos<\/mark>.<\/p>\n<p>O Ava\u00ed dominou o jogo desde os minutos iniciais e marcou os quatro gols ainda no primeiro tempo. Aos oito minutos,<strong> Emerson Negueba abriu o placar contra seu ex-clube<\/strong>, ap\u00f3s assist\u00eancia de JP. O camisa 94 acertou um chute de longa dist\u00e2ncia com a perna direita e balan\u00e7ou a rede.<\/p>\n<p>Quatro minutos depois, <strong>JP ampliou<\/strong>. O volante chutou colocado, tamb\u00e9m com a perna direita, e <strong>fez 2 a 0 para o Le\u00e3o.<\/strong> Aos 38 minutos, <strong>Negueba voltou a marcar. <\/strong>Em r\u00e1pido contra-ataque, tabelou com Cl\u00e9ber e finalizou com precis\u00e3o para fazer o terceiro.<\/p>\n<p>O quarto gol veio dos p\u00e9s de Cl\u00e9ber, aos 45 minutos do primeiro tempo, em cobran\u00e7a de p\u00eanalti. J\u00e1 o quinto e \u00faltimo gol, que selou a goleada, foi marcado no segundo tempo por Alef Manga, tamb\u00e9m em penalidade m\u00e1xima.<\/p>\n<h3 class=\"wp-block-heading\"><strong>Pr\u00f3ximos jogos<\/strong><\/h3>\n<p>O <strong>Botafogo volta a campo no s\u00e1bado (2)<\/strong>, quando enfrenta o <strong>Am\u00e9rica-MG<\/strong>, \u00e0s <strong>18h30<\/strong>, no Est\u00e1dio Santa Cruz, em Ribeir\u00e3o Preto. J\u00e1 o Ava\u00ed encara o Novorizontino, tamb\u00e9m no s\u00e1bado, \u00e0s 16h, no interior de S\u00e3o Paulo.<\/p>\n<hr class=\"wp-block-separator has-alpha-channel-opacity\"\/>\n<p>SAIBA MAIS<\/p>\n<p>Festival de cerveja artesanal em Ribeir\u00e3o Preto tem entrada gratuita e atra\u00e7\u00f5es musicais<\/p>\n<h2 class=\"wp-block-heading\"><strong>FIQUE ON<\/strong><\/h2>\n<p>Quer ficar por dentro de tudo que acontece em Ribeir\u00e3o Preto e regi\u00e3o? Ent\u00e3o siga os perfis do\u202facidade on\u202fno\u202f<a href=\"https:\/\/www.instagram.com\/acidadeonribeirao\" target=\"_blank\" rel=\"noreferrer noopener\">Instagram<\/a>\u202fe no\u202f<a href=\"https:\/\/www.facebook.com\/acidadeonribeirao\/\" target=\"_blank\" rel=\"noreferrer noopener\">Facebook<\/a>.<\/p>\n<p>Al\u00e9m disso, voc\u00ea pode receber as principais not\u00edcias diretamente no WhatsApp. Para isso, basta\u00a0<a href=\"https:\/\/chat.whatsapp.com\/BjKQZ9oJwlz8VVT50NuePq\" target=\"_blank\" rel=\"noreferrer noopener\">entrar no grupo clicando aqui<\/a>.<\/p>\n<p>Por fim, se quiser fazer uma den\u00fancia ou sugerir uma reportagem sobre Ribeir\u00e3o Preto e regi\u00e3o, envie uma mensagem pelo WhatsApp: (16) 99117-7802.<\/p>\n<p>VEJA TAMB\u00c9M<\/p>\n<p>Qual o hor\u00e1rio em que celulares s\u00e3o mais furtados?<\/p>\n<p><!-- AI CONTENT END 1 -->\n<\/div>\n<p><script async src=\"\/\/www.instagram.com\/embed.js\"><\/script><br \/>\n<br \/><br \/>\n<br \/><a href=\"https:\/\/www.acidadeon.com\/ribeiraopreto\/esportes\/botafogo-e-goleado-pelo-avai-e-segue-na-lanterna-da-serie-b\/\">Source link <\/a><\/p>\n<!-- CONTENT END 1 -->\n","protected":false},"excerpt":{"rendered":"<p>O Botafogo sofreu uma goleada por 5 a 0 diante do Ava\u00ed na noite desta segunda-feira (28), em Florian\u00f3polis, pela 19\u00aa rodada da S\u00e9rie B&#8230;<\/p>\n","protected":false},"author":1,"featured_media":74760,"comment_status":"open","ping_status":"open","sticky":false,"template":"","format":"standard","meta":{"advanced_seo_description":"","jetpack_seo_html_title":"","jetpack_seo_noindex":false,"jetpack_post_was_ever_published":false,"_jetpack_newsletter_access":"","_jetpack_dont_email_post_to_subs":false,"_jetpack_newsletter_tier_id":0,"_jetpack_memberships_contains_paywalled_content":false,"_jetpack_memberships_contains_paid_content":false,"footnotes":"","jetpack_publicize_message":"","jetpack_publicize_feature_enabled":true,"jetpack_social_post_already_shared":true,"jetpack_social_options":{"image_generator_settings":{"template":"highway","default_image_id":0,"font":"","enabled":false},"version":2}},"categories":[11],"tags":[],"class_list":["post-74759","post","type-post","status-publish","format-standard","has-post-thumbnail","hentry","category-noticias-de-ribeirao-preto-sp-e-regiao-ismael-colosi"],"jetpack_publicize_connections":[],"jetpack_featured_media_url":"https:\/\/i0.wp.com\/noticiasribeiraopreto.com.br\/wp-content\/uploads\/2025\/07\/Copia-de-Copia-de-Copia-de-TAMANHO-EXATO-PARA-FOTOS-NO-SISTEMA-NOVO-2025-07-28T210232.679_2025-07-29_00-02-51.webp.webp?fit=1200%2C675&ssl=1","jetpack-related-posts":[{"id":60583,"url":"https:\/\/noticiasribeiraopreto.com.br\/index.php\/2024\/11\/18\/serie-b-botafogo-leva-virada-e-perde-para-o-avai-em-ribeirao-preto\/","url_meta":{"origin":74759,"position":0},"title":"S\u00e9rie B: Botafogo leva virada e perde para o Ava\u00ed em Ribeir\u00e3o Preto","author":"noticiasribeiraopreto.com.br","date":"18 de November de 2024","format":false,"excerpt":"O\u00a0Botafogo\u00a0perdeu por 3 a 1 para o Ava\u00ed, na noite desta segunda-feira (18), na\u00a0Arena Nicnet\/est\u00e1dio Santa Cruz, em\u00a0Ribeir\u00e3o Preto. A partida foi v\u00e1lida pela 37\u00aa rodada do\u00a0Campeonato Brasileiro da S\u00e9rie B. O Pantera abriu o placar com Emerson Negueba, aos 36 minutos do primeiro tempo. O Ava\u00ed empatou a partida\u2026","rel":"","context":"In &quot;Not\u00edcias de Ribeir\u00e3o Preto-SP e Regi\u00e3o&quot;","block_context":{"text":"Not\u00edcias de Ribeir\u00e3o Preto-SP e Regi\u00e3o","link":"https:\/\/noticiasribeiraopreto.com.br\/index.php\/category\/noticias-de-ribeirao-preto-sp-e-regiao-ismael-colosi\/"},"img":{"alt_text":"","src":"https:\/\/i0.wp.com\/noticiasribeiraopreto.com.br\/wp-content\/uploads\/2024\/11\/botafogo-de-ribeirao-preto_2024-11-19_01-54-28_jpg_2024-11-19_01-54-28.webp.webp?fit=1200%2C800&ssl=1&resize=350%2C200","width":350,"height":200,"srcset":"https:\/\/i0.wp.com\/noticiasribeiraopreto.com.br\/wp-content\/uploads\/2024\/11\/botafogo-de-ribeirao-preto_2024-11-19_01-54-28_jpg_2024-11-19_01-54-28.webp.webp?fit=1200%2C800&ssl=1&resize=350%2C200 1x, https:\/\/i0.wp.com\/noticiasribeiraopreto.com.br\/wp-content\/uploads\/2024\/11\/botafogo-de-ribeirao-preto_2024-11-19_01-54-28_jpg_2024-11-19_01-54-28.webp.webp?fit=1200%2C800&ssl=1&resize=525%2C300 1.5x, https:\/\/i0.wp.com\/noticiasribeiraopreto.com.br\/wp-content\/uploads\/2024\/11\/botafogo-de-ribeirao-preto_2024-11-19_01-54-28_jpg_2024-11-19_01-54-28.webp.webp?fit=1200%2C800&ssl=1&resize=700%2C400 2x, https:\/\/i0.wp.com\/noticiasribeiraopreto.com.br\/wp-content\/uploads\/2024\/11\/botafogo-de-ribeirao-preto_2024-11-19_01-54-28_jpg_2024-11-19_01-54-28.webp.webp?fit=1200%2C800&ssl=1&resize=1050%2C600 3x"},"classes":[]},{"id":74757,"url":"https:\/\/noticiasribeiraopreto.com.br\/index.php\/2025\/07\/28\/com-lei-do-ex-botafogo-e-goleado-pelo-avai\/","url_meta":{"origin":74759,"position":1},"title":"Com \u2018lei do ex\u2019, Botafogo \u00e9 goleado pelo Ava\u00ed","author":"noticiasribeiraopreto.com.br","date":"28 de July de 2025","format":false,"excerpt":"Por Hugo Luque O Botafogo foi goleado pelo Ava\u00ed por 5 a 0 na noite desta segunda-feira (28), na Ressacada, em duelo da 19\u00aa rodada da S\u00e9rie B do Campeonato Brasileiro. Abalado e desfalcado pela prov\u00e1vel sa\u00edda de tr\u00eas jogadores, que negociam com equipes do exterior, o Pantera sofreu sua\u2026","rel":"","context":"In &quot;Not\u00edcias de Ribeir\u00e3o Preto-SP e Regi\u00e3o&quot;","block_context":{"text":"Not\u00edcias de Ribeir\u00e3o Preto-SP e Regi\u00e3o","link":"https:\/\/noticiasribeiraopreto.com.br\/index.php\/category\/noticias-de-ribeirao-preto-sp-e-regiao-ismael-colosi\/"},"img":{"alt_text":"","src":"https:\/\/i0.wp.com\/noticiasribeiraopreto.com.br\/wp-content\/uploads\/2025\/07\/Imagem-do-WhatsApp-de-2025-07-28-as-21.10.22_904b8f0c.jpg?fit=1024%2C722&ssl=1&resize=350%2C200","width":350,"height":200,"srcset":"https:\/\/i0.wp.com\/noticiasribeiraopreto.com.br\/wp-content\/uploads\/2025\/07\/Imagem-do-WhatsApp-de-2025-07-28-as-21.10.22_904b8f0c.jpg?fit=1024%2C722&ssl=1&resize=350%2C200 1x, https:\/\/i0.wp.com\/noticiasribeiraopreto.com.br\/wp-content\/uploads\/2025\/07\/Imagem-do-WhatsApp-de-2025-07-28-as-21.10.22_904b8f0c.jpg?fit=1024%2C722&ssl=1&resize=525%2C300 1.5x, https:\/\/i0.wp.com\/noticiasribeiraopreto.com.br\/wp-content\/uploads\/2025\/07\/Imagem-do-WhatsApp-de-2025-07-28-as-21.10.22_904b8f0c.jpg?fit=1024%2C722&ssl=1&resize=700%2C400 2x"},"classes":[]},{"id":55243,"url":"https:\/\/noticiasribeiraopreto.com.br\/index.php\/2024\/07\/31\/botafogo-empata-com-avai-nos-acrescimos-do-segundo-tempo\/","url_meta":{"origin":74759,"position":2},"title":"Botafogo empata com Ava\u00ed nos acr\u00e9scimos do segundo tempo","author":"noticiasribeiraopreto.com.br","date":"31 de July de 2024","format":false,"excerpt":"O Botafogo empatou, aos 52 minutos do segundo tempo, com o Ava\u00ed em 1 a 1 pela 18\u00aa rodada da S\u00e9rie B do Campeonato Brasileiro. O jogo aconteceu na noite desta ter\u00e7a-feira (30), no est\u00e1dio da Ressacada em Florian\u00f3polis. Mesmo com o empate, o Pantera segue na zona de rebaixamento.\u2026","rel":"","context":"In &quot;Not\u00edcias de Ribeir\u00e3o Preto-SP e Regi\u00e3o&quot;","block_context":{"text":"Not\u00edcias de Ribeir\u00e3o Preto-SP e Regi\u00e3o","link":"https:\/\/noticiasribeiraopreto.com.br\/index.php\/category\/noticias-de-ribeirao-preto-sp-e-regiao-ismael-colosi\/"},"img":{"alt_text":"","src":"https:\/\/i0.wp.com\/noticiasribeiraopreto.com.br\/wp-content\/uploads\/2024\/07\/Copia-de-Copia-de-TAMANHO-EXATO-PARA-FOTOS-NO-SISTEMA-NOVO_2024-07-31_02-28-20_png_2024-07-31_02-28-21.webp.webp?fit=1200%2C675&ssl=1&resize=350%2C200","width":350,"height":200,"srcset":"https:\/\/i0.wp.com\/noticiasribeiraopreto.com.br\/wp-content\/uploads\/2024\/07\/Copia-de-Copia-de-TAMANHO-EXATO-PARA-FOTOS-NO-SISTEMA-NOVO_2024-07-31_02-28-20_png_2024-07-31_02-28-21.webp.webp?fit=1200%2C675&ssl=1&resize=350%2C200 1x, https:\/\/i0.wp.com\/noticiasribeiraopreto.com.br\/wp-content\/uploads\/2024\/07\/Copia-de-Copia-de-TAMANHO-EXATO-PARA-FOTOS-NO-SISTEMA-NOVO_2024-07-31_02-28-20_png_2024-07-31_02-28-21.webp.webp?fit=1200%2C675&ssl=1&resize=525%2C300 1.5x, https:\/\/i0.wp.com\/noticiasribeiraopreto.com.br\/wp-content\/uploads\/2024\/07\/Copia-de-Copia-de-TAMANHO-EXATO-PARA-FOTOS-NO-SISTEMA-NOVO_2024-07-31_02-28-20_png_2024-07-31_02-28-21.webp.webp?fit=1200%2C675&ssl=1&resize=700%2C400 2x, https:\/\/i0.wp.com\/noticiasribeiraopreto.com.br\/wp-content\/uploads\/2024\/07\/Copia-de-Copia-de-TAMANHO-EXATO-PARA-FOTOS-NO-SISTEMA-NOVO_2024-07-31_02-28-20_png_2024-07-31_02-28-21.webp.webp?fit=1200%2C675&ssl=1&resize=1050%2C600 3x"},"classes":[]},{"id":58939,"url":"https:\/\/noticiasribeiraopreto.com.br\/index.php\/2024\/10\/09\/com-gol-no-ultimo-minuto-botafogo-vence-o-guarani-e-deixa-o-z-4-da-serie-b\/","url_meta":{"origin":74759,"position":3},"title":"Com gol no \u00faltimo minuto, Botafogo vence o Guarani e deixa o Z-4 da S\u00e9rie B","author":"noticiasribeiraopreto.com.br","date":"9 de October de 2024","format":false,"excerpt":"O Botafogo ganhou do Guarani, no Est\u00e1dio Santa Cruz, na noite desta quarta-feira (9), em jogo v\u00e1lido pela 23\u00aa rodada da S\u00e9rie B\u00a0do Campeonato Brasileiro. O gol que deu a vit\u00f3ria para o Pantera saiu no \u00faltimo minuto da partida, dos p\u00e9s do atacante Alexandre Jesus. Aos 2 minutos de\u2026","rel":"","context":"In &quot;Not\u00edcias de Ribeir\u00e3o Preto-SP e Regi\u00e3o&quot;","block_context":{"text":"Not\u00edcias de Ribeir\u00e3o Preto-SP e Regi\u00e3o","link":"https:\/\/noticiasribeiraopreto.com.br\/index.php\/category\/noticias-de-ribeirao-preto-sp-e-regiao-ismael-colosi\/"},"img":{"alt_text":"","src":"https:\/\/i0.wp.com\/noticiasribeiraopreto.com.br\/wp-content\/uploads\/2024\/10\/WhatsApp-Image-2024-10-09-at-22.07.18_2024-10-10_01-07-52_jpeg_2024-10-10_01-07-54-scaled.webp.webp?fit=1200%2C800&ssl=1&resize=350%2C200","width":350,"height":200,"srcset":"https:\/\/i0.wp.com\/noticiasribeiraopreto.com.br\/wp-content\/uploads\/2024\/10\/WhatsApp-Image-2024-10-09-at-22.07.18_2024-10-10_01-07-52_jpeg_2024-10-10_01-07-54-scaled.webp.webp?fit=1200%2C800&ssl=1&resize=350%2C200 1x, https:\/\/i0.wp.com\/noticiasribeiraopreto.com.br\/wp-content\/uploads\/2024\/10\/WhatsApp-Image-2024-10-09-at-22.07.18_2024-10-10_01-07-52_jpeg_2024-10-10_01-07-54-scaled.webp.webp?fit=1200%2C800&ssl=1&resize=525%2C300 1.5x, https:\/\/i0.wp.com\/noticiasribeiraopreto.com.br\/wp-content\/uploads\/2024\/10\/WhatsApp-Image-2024-10-09-at-22.07.18_2024-10-10_01-07-52_jpeg_2024-10-10_01-07-54-scaled.webp.webp?fit=1200%2C800&ssl=1&resize=700%2C400 2x, https:\/\/i0.wp.com\/noticiasribeiraopreto.com.br\/wp-content\/uploads\/2024\/10\/WhatsApp-Image-2024-10-09-at-22.07.18_2024-10-10_01-07-52_jpeg_2024-10-10_01-07-54-scaled.webp.webp?fit=1200%2C800&ssl=1&resize=1050%2C600 3x"},"classes":[]},{"id":60400,"url":"https:\/\/noticiasribeiraopreto.com.br\/index.php\/2024\/11\/12\/serie-b-botafogo-e-goleado-pelo-ceara-em-ribeirao-preto\/","url_meta":{"origin":74759,"position":4},"title":"S\u00e9rie B: Botafogo \u00e9 goleado pelo Cear\u00e1 em Ribeir\u00e3o Preto","author":"noticiasribeiraopreto.com.br","date":"12 de November de 2024","format":false,"excerpt":"O Botafogo foi goleado por 4 a 1 pelo Cear\u00e1 na noite desta ter\u00e7a-feira (12), na Arena Nicnet\/est\u00e1dio Santa Cruz, em Ribeir\u00e3o Preto. A partida foi v\u00e1lida pela 36\u00aa rodada do Campeonato Brasileiro da S\u00e9rie B. Os gols do Cear\u00e1 na partida foram marcados por Saulo Mineiro, aos 38 minutos\u2026","rel":"","context":"In &quot;Not\u00edcias de Ribeir\u00e3o Preto-SP e Regi\u00e3o&quot;","block_context":{"text":"Not\u00edcias de Ribeir\u00e3o Preto-SP e Regi\u00e3o","link":"https:\/\/noticiasribeiraopreto.com.br\/index.php\/category\/noticias-de-ribeirao-preto-sp-e-regiao-ismael-colosi\/"},"img":{"alt_text":"","src":"https:\/\/i0.wp.com\/noticiasribeiraopreto.com.br\/wp-content\/uploads\/2024\/11\/botafogo-ceara_2024-11-13_02-27-43_jpeg_2024-11-13_02-27-43.webp.webp?fit=1200%2C800&ssl=1&resize=350%2C200","width":350,"height":200,"srcset":"https:\/\/i0.wp.com\/noticiasribeiraopreto.com.br\/wp-content\/uploads\/2024\/11\/botafogo-ceara_2024-11-13_02-27-43_jpeg_2024-11-13_02-27-43.webp.webp?fit=1200%2C800&ssl=1&resize=350%2C200 1x, https:\/\/i0.wp.com\/noticiasribeiraopreto.com.br\/wp-content\/uploads\/2024\/11\/botafogo-ceara_2024-11-13_02-27-43_jpeg_2024-11-13_02-27-43.webp.webp?fit=1200%2C800&ssl=1&resize=525%2C300 1.5x, https:\/\/i0.wp.com\/noticiasribeiraopreto.com.br\/wp-content\/uploads\/2024\/11\/botafogo-ceara_2024-11-13_02-27-43_jpeg_2024-11-13_02-27-43.webp.webp?fit=1200%2C800&ssl=1&resize=700%2C400 2x, https:\/\/i0.wp.com\/noticiasribeiraopreto.com.br\/wp-content\/uploads\/2024\/11\/botafogo-ceara_2024-11-13_02-27-43_jpeg_2024-11-13_02-27-43.webp.webp?fit=1200%2C800&ssl=1&resize=1050%2C600 3x"},"classes":[]},{"id":80164,"url":"https:\/\/noticiasribeiraopreto.com.br\/index.php\/2025\/11\/16\/botafogo-perde-para-o-criciuma-e-continua-na-luta-para-evitar-o-rebaixamento\/","url_meta":{"origin":74759,"position":5},"title":"Botafogo perde para o Crici\u00fama e continua na luta para evitar o rebaixamento","author":"noticiasribeiraopreto.com.br","date":"16 de November de 2025","format":false,"excerpt":"O Botafogo sofreu derrota por 2 a 0 para o Crici\u00fama na tarde deste domingo (16), fora de casa, e manteve a 16\u00aa posi\u00e7\u00e3o na S\u00e9rie B. O Pantera entrou em campo pressionado pela zona de rebaixamento. Com a derrota em Crici\u00fama, o Botafogo entra na \u00faltima rodada precisando vencer\u2026","rel":"","context":"In &quot;Not\u00edcias de Ribeir\u00e3o Preto-SP e Regi\u00e3o&quot;","block_context":{"text":"Not\u00edcias de Ribeir\u00e3o Preto-SP e Regi\u00e3o","link":"https:\/\/noticiasribeiraopreto.com.br\/index.php\/category\/noticias-de-ribeirao-preto-sp-e-regiao-ismael-colosi\/"},"img":{"alt_text":"","src":"https:\/\/i0.wp.com\/noticiasribeiraopreto.com.br\/wp-content\/uploads\/2025\/11\/IMG_0768_2025-11-16_21-33-34.webp.webp?fit=1200%2C873&ssl=1&resize=350%2C200","width":350,"height":200,"srcset":"https:\/\/i0.wp.com\/noticiasribeiraopreto.com.br\/wp-content\/uploads\/2025\/11\/IMG_0768_2025-11-16_21-33-34.webp.webp?fit=1200%2C873&ssl=1&resize=350%2C200 1x, https:\/\/i0.wp.com\/noticiasribeiraopreto.com.br\/wp-content\/uploads\/2025\/11\/IMG_0768_2025-11-16_21-33-34.webp.webp?fit=1200%2C873&ssl=1&resize=525%2C300 1.5x, https:\/\/i0.wp.com\/noticiasribeiraopreto.com.br\/wp-content\/uploads\/2025\/11\/IMG_0768_2025-11-16_21-33-34.webp.webp?fit=1200%2C873&ssl=1&resize=700%2C400 2x, https:\/\/i0.wp.com\/noticiasribeiraopreto.com.br\/wp-content\/uploads\/2025\/11\/IMG_0768_2025-11-16_21-33-34.webp.webp?fit=1200%2C873&ssl=1&resize=1050%2C600 3x"},"classes":[]}],"jetpack_sharing_enabled":true,"jetpack_shortlink":"https:\/\/wp.me\/peQAOb-jrN","_links":{"self":[{"href":"https:\/\/noticiasribeiraopreto.com.br\/index.php\/wp-json\/wp\/v2\/posts\/74759","targetHints":{"allow":["GET"]}}],"collection":[{"href":"https:\/\/noticiasribeiraopreto.com.br\/index.php\/wp-json\/wp\/v2\/posts"}],"about":[{"href":"https:\/\/noticiasribeiraopreto.com.br\/index.php\/wp-json\/wp\/v2\/types\/post"}],"author":[{"embeddable":true,"href":"https:\/\/noticiasribeiraopreto.com.br\/index.php\/wp-json\/wp\/v2\/users\/1"}],"replies":[{"embeddable":true,"href":"https:\/\/noticiasribeiraopreto.com.br\/index.php\/wp-json\/wp\/v2\/comments?post=74759"}],"version-history":[{"count":0,"href":"https:\/\/noticiasribeiraopreto.com.br\/index.php\/wp-json\/wp\/v2\/posts\/74759\/revisions"}],"wp:featuredmedia":[{"embeddable":true,"href":"https:\/\/noticiasribeiraopreto.com.br\/index.php\/wp-json\/wp\/v2\/media\/74760"}],"wp:attachment":[{"href":"https:\/\/noticiasribeiraopreto.com.br\/index.php\/wp-json\/wp\/v2\/media?parent=74759"}],"wp:term":[{"taxonomy":"category","embeddable":true,"href":"https:\/\/noticiasribeiraopreto.com.br\/index.php\/wp-json\/wp\/v2\/categories?post=74759"},{"taxonomy":"post_tag","embeddable":true,"href":"https:\/\/noticiasribeiraopreto.com.br\/index.php\/wp-json\/wp\/v2\/tags?post=74759"}],"curies":[{"name":"wp","href":"https:\/\/api.w.org\/{rel}","templated":true}]}}