{"id":74761,"date":"2025-07-28T22:19:02","date_gmt":"2025-07-29T01:19:02","guid":{"rendered":"https:\/\/noticiasribeiraopreto.com.br\/index.php\/2025\/07\/28\/moradores-tentam-expulsar-fazendeiro-preso-por-ameacas-mas-justica-nega-pedido\/"},"modified":"2025-07-28T22:19:02","modified_gmt":"2025-07-29T01:19:02","slug":"moradores-tentam-expulsar-fazendeiro-preso-por-ameacas-mas-justica-nega-pedido","status":"publish","type":"post","link":"https:\/\/noticiasribeiraopreto.com.br\/index.php\/2025\/07\/28\/moradores-tentam-expulsar-fazendeiro-preso-por-ameacas-mas-justica-nega-pedido\/","title":{"rendered":"Moradores tentam expulsar fazendeiro preso por amea\u00e7as, mas Justi\u00e7a nega pedido"},"content":{"rendered":"<div class='code-block code-block-1' style='margin: 8px 0 8px auto; text-align: right; display: block; clear: both;'>\n<p><a href=\"https:\/\/wa.link\/vpicfd\"><img data-recalc-dims=\"1\" class=\"wp-image-4922\" style=\"aspect-ratio: 2.0253164556962027; width: 561px; height: auto;\" src=\"https:\/\/i0.wp.com\/ismaelcolosi.com.br\/wp-content\/uploads\/2023\/11\/grupo-de-empregos-whatsapp-e-facebook-ismael-colosi-vagas.jpg?ssl=1\" alt=\"\" \/><\/a><\/p>\n<!-- \/wp:image -->\n<\/div>\n<p> <br \/>\n<\/p>\n<div>\n<p>A<strong> Justi\u00e7a de Ribeir\u00e3o Preto negou<\/strong>, nesta segunda-feira (28), o <strong>pedido de liminar para expulsar o fazendeiro Al\u00edpio Jo\u00e3o J\u00fanio<\/strong> do condom\u00ednio onde mora. Al\u00edpio est\u00e1 preso preventivamente no Centro de Deten\u00e7\u00e3o Provis\u00f3ria (CDP) da cidade, acusado de uma s\u00e9rie de crimes, incluindo <strong>amea\u00e7as<\/strong>, <strong>perturba\u00e7\u00e3o do sossego<\/strong>, <strong>inj\u00faria racial<\/strong>, <strong>persegui\u00e7\u00e3o <\/strong>e <strong>coa\u00e7\u00e3o contra vizinhos.<\/strong><\/p>\n<p>Moradores ingressaram com a a\u00e7\u00e3o na \u00faltima quarta-feira (23) para tentar impedir o retorno de Al\u00edpio ao condom\u00ednio, caso ele conseguisse um habeas corpus. No entanto, a <strong>ju\u00edza Roberta Luchiari Villela destacou que a expuls\u00e3o de um cond\u00f4mino exige uma assembleia com qu\u00f3rum qualificado<\/strong> \u2013 aprova\u00e7\u00e3o de ao menos tr\u00eas quartos dos moradores \u2013 e o direito de defesa ao acusado.<\/p>\n<p>Nos autos, o <strong>condom\u00ednio apresentou apenas um abaixo-assinado<\/strong>. O documento n\u00e3o incluiu ata de assembleia nem mencionava, de forma clara, a inten\u00e7\u00e3o de expulsar o morador.<\/p>\n<p>A Justi\u00e7a tamb\u00e9m determinou a inclus\u00e3o do propriet\u00e1rio do im\u00f3vel alugado por Al\u00edpio como parte da a\u00e7\u00e3o. A decis\u00e3o esclarece que o caso poder\u00e1 ser reavaliado se os documentos exigidos forem apresentados, como a ata da assembleia extraordin\u00e1ria com a vota\u00e7\u00e3o necess\u00e1ria e a Conven\u00e7\u00e3o do Condom\u00ednio.<\/p>\n<h3 class=\"wp-block-heading\"><strong>O que diz a defesa?<\/strong><\/h3>\n<p><strong>Segundo o advogado Hamilton Paulino Pereira J\u00fanio<\/strong>r, que representa os moradores, o <strong>pedido liminar buscava garantir a retirada imediata do fazendeiro. <\/strong><\/p>\n<p><em>\u201cA ju\u00edza corretamente entendeu que, antes de apreciar o pedido, \u00e9 preciso realizar uma assembleia. Caso haja um qu\u00f3rum de tr\u00eas quartos dos cond\u00f4minos votando a favor da expuls\u00e3o, a magistrada ir\u00e1 reavaliar sua decis\u00e3o\u201d,<\/em> explicou.<\/p>\n<hr class=\"wp-block-separator has-alpha-channel-opacity\"\/>\n<p>SAIBA MAIS<\/p>\n<p>Festival de cerveja artesanal em Ribeir\u00e3o Preto tem entrada gratuita e atra\u00e7\u00f5es musicais<\/p>\n<h2 class=\"wp-block-heading\"><strong>FIQUE ON<\/strong><\/h2>\n<p>Quer ficar por dentro de tudo que acontece em Ribeir\u00e3o Preto e regi\u00e3o? Ent\u00e3o siga os perfis do\u202facidade on\u202fno\u202f<a href=\"https:\/\/www.instagram.com\/acidadeonribeirao\" target=\"_blank\" rel=\"noreferrer noopener\">Instagram<\/a>\u202fe no\u202f<a href=\"https:\/\/www.facebook.com\/acidadeonribeirao\/\" target=\"_blank\" rel=\"noreferrer noopener\">Facebook<\/a>.<\/p>\n<p>Al\u00e9m disso, voc\u00ea pode receber as principais not\u00edcias diretamente no WhatsApp. Para isso, basta\u00a0<a href=\"https:\/\/chat.whatsapp.com\/BjKQZ9oJwlz8VVT50NuePq\" target=\"_blank\" rel=\"noreferrer noopener\">entrar no grupo clicando aqui<\/a>.<\/p>\n<p>Por fim, se quiser fazer uma den\u00fancia ou sugerir uma reportagem sobre Ribeir\u00e3o Preto e regi\u00e3o, envie uma mensagem pelo WhatsApp: (16) 99117-7802.<\/p>\n<p>VEJA TAMB\u00c9M<\/p>\n<p>Qual o hor\u00e1rio em que celulares s\u00e3o mais furtados?<\/p>\n<p><!-- AI CONTENT END 1 -->\n<\/div>\n<p><script async src=\"\/\/www.instagram.com\/embed.js\"><\/script><br \/>\n<br \/><br \/>\n<br \/><a href=\"https:\/\/www.acidadeon.com\/ribeiraopreto\/cotidiano\/moradores-tentam-expulsar-fazendeiro-preso-por-ameacas-mas-justica-nega-pedido\/\">Source link <\/a><\/p>\n<!-- CONTENT END 1 -->\n","protected":false},"excerpt":{"rendered":"<p>A Justi\u00e7a de Ribeir\u00e3o Preto negou, nesta segunda-feira (28), o pedido de liminar para expulsar o fazendeiro Al\u00edpio Jo\u00e3o J\u00fanio do condom\u00ednio onde mora. Al\u00edpio&#8230;<\/p>\n","protected":false},"author":1,"featured_media":74129,"comment_status":"open","ping_status":"open","sticky":false,"template":"","format":"standard","meta":{"advanced_seo_description":"","jetpack_seo_html_title":"","jetpack_seo_noindex":false,"jetpack_post_was_ever_published":false,"_jetpack_newsletter_access":"","_jetpack_dont_email_post_to_subs":false,"_jetpack_newsletter_tier_id":0,"_jetpack_memberships_contains_paywalled_content":false,"_jetpack_memberships_contains_paid_content":false,"footnotes":"","jetpack_publicize_message":"","jetpack_publicize_feature_enabled":true,"jetpack_social_post_already_shared":true,"jetpack_social_options":{"image_generator_settings":{"template":"highway","default_image_id":0,"font":"","enabled":false},"version":2}},"categories":[11],"tags":[],"class_list":["post-74761","post","type-post","status-publish","format-standard","has-post-thumbnail","hentry","category-noticias-de-ribeirao-preto-sp-e-regiao-ismael-colosi"],"jetpack_publicize_connections":[],"jetpack_featured_media_url":"https:\/\/i0.wp.com\/noticiasribeiraopreto.com.br\/wp-content\/uploads\/2025\/07\/Copia-de-Copia-de-Copia-de-TAMANHO-EXATO-PARA-FOTOS-NO-SISTEMA-NOVO-2025-07-16T150138.301_2025-07-16_18-02-17.webp.webp?fit=1200%2C675&ssl=1","jetpack-related-posts":[{"id":75597,"url":"https:\/\/noticiasribeiraopreto.com.br\/index.php\/2025\/08\/12\/moradores-aprovam-expulsao-de-fazendeiro-acusado-de-ameacar-vizinhos-em-condominio\/","url_meta":{"origin":74761,"position":0},"title":"Moradores aprovam expuls\u00e3o de fazendeiro acusado de amea\u00e7ar vizinhos em condom\u00ednio","author":"noticiasribeiraopreto.com.br","date":"12 de August de 2025","format":false,"excerpt":"Os moradores do pr\u00e9dio onde o fazendeiro Al\u00edpio Jo\u00e3o J\u00fanior mantinha resid\u00eancia at\u00e9 ser preso, na regi\u00e3o central de Ribeir\u00e3o Preto, aprovaram a expuls\u00e3o dele do condom\u00ednio, em assembleia realizada nesta segunda-feira (11). Al\u00edpio est\u00e1 preso preventivamente no Centro de Deten\u00e7\u00e3o Provis\u00f3ria (CDP) da cidade, acusado de uma s\u00e9rie de\u2026","rel":"","context":"In &quot;Not\u00edcias de Ribeir\u00e3o Preto-SP e Regi\u00e3o&quot;","block_context":{"text":"Not\u00edcias de Ribeir\u00e3o Preto-SP e Regi\u00e3o","link":"https:\/\/noticiasribeiraopreto.com.br\/index.php\/category\/noticias-de-ribeirao-preto-sp-e-regiao-ismael-colosi\/"},"img":{"alt_text":"","src":"https:\/\/i0.wp.com\/noticiasribeiraopreto.com.br\/wp-content\/uploads\/2025\/07\/ALIPIO_2025-07-15_10-05-18.webp.webp?fit=1200%2C829&ssl=1&resize=350%2C200","width":350,"height":200,"srcset":"https:\/\/i0.wp.com\/noticiasribeiraopreto.com.br\/wp-content\/uploads\/2025\/07\/ALIPIO_2025-07-15_10-05-18.webp.webp?fit=1200%2C829&ssl=1&resize=350%2C200 1x, https:\/\/i0.wp.com\/noticiasribeiraopreto.com.br\/wp-content\/uploads\/2025\/07\/ALIPIO_2025-07-15_10-05-18.webp.webp?fit=1200%2C829&ssl=1&resize=525%2C300 1.5x, https:\/\/i0.wp.com\/noticiasribeiraopreto.com.br\/wp-content\/uploads\/2025\/07\/ALIPIO_2025-07-15_10-05-18.webp.webp?fit=1200%2C829&ssl=1&resize=700%2C400 2x, https:\/\/i0.wp.com\/noticiasribeiraopreto.com.br\/wp-content\/uploads\/2025\/07\/ALIPIO_2025-07-15_10-05-18.webp.webp?fit=1200%2C829&ssl=1&resize=1050%2C600 3x"},"classes":[]},{"id":75608,"url":"https:\/\/noticiasribeiraopreto.com.br\/index.php\/2025\/08\/12\/moradores-aprovam-expulsao-de-fazendeiro-do-condominio-no-centro\/","url_meta":{"origin":74761,"position":1},"title":"Moradores aprovam expuls\u00e3o de fazendeiro do condom\u00ednio no Centro","author":"noticiasribeiraopreto.com.br","date":"12 de August de 2025","format":false,"excerpt":"Por: Adalberto Luque Moradores do condom\u00ednio onde mora o fazendeiro Al\u00edpio Jo\u00e3o J\u00fanior, de 58 anos, aprovaram, na noite desta segunda-feira (11), sua expuls\u00e3o. Os moradores do pr\u00e9dio, que fica na rua Garibaldi, Centro de Ribeir\u00e3o Preto, realizaram uma assembleia para decidir a quest\u00e3o. Dos 48 moradores do pr\u00e9dio, 41\u2026","rel":"","context":"In &quot;Not\u00edcias de Ribeir\u00e3o Preto-SP e Regi\u00e3o&quot;","block_context":{"text":"Not\u00edcias de Ribeir\u00e3o Preto-SP e Regi\u00e3o","link":"https:\/\/noticiasribeiraopreto.com.br\/index.php\/category\/noticias-de-ribeirao-preto-sp-e-regiao-ismael-colosi\/"},"img":{"alt_text":"","src":"https:\/\/i0.wp.com\/noticiasribeiraopreto.com.br\/wp-content\/uploads\/2025\/08\/12-ago-2025-predioalipio5-scaled.jpg?fit=1200%2C474&ssl=1&resize=350%2C200","width":350,"height":200,"srcset":"https:\/\/i0.wp.com\/noticiasribeiraopreto.com.br\/wp-content\/uploads\/2025\/08\/12-ago-2025-predioalipio5-scaled.jpg?fit=1200%2C474&ssl=1&resize=350%2C200 1x, https:\/\/i0.wp.com\/noticiasribeiraopreto.com.br\/wp-content\/uploads\/2025\/08\/12-ago-2025-predioalipio5-scaled.jpg?fit=1200%2C474&ssl=1&resize=525%2C300 1.5x, https:\/\/i0.wp.com\/noticiasribeiraopreto.com.br\/wp-content\/uploads\/2025\/08\/12-ago-2025-predioalipio5-scaled.jpg?fit=1200%2C474&ssl=1&resize=700%2C400 2x, https:\/\/i0.wp.com\/noticiasribeiraopreto.com.br\/wp-content\/uploads\/2025\/08\/12-ago-2025-predioalipio5-scaled.jpg?fit=1200%2C474&ssl=1&resize=1050%2C600 3x"},"classes":[]},{"id":74523,"url":"https:\/\/noticiasribeiraopreto.com.br\/index.php\/2025\/07\/24\/condominos-entram-na-justica-para-expulsar-furioso-da-cancela\/","url_meta":{"origin":74761,"position":2},"title":"Cond\u00f4minos entram na Justi\u00e7a para expulsar \u201cfurioso da cancela\u201d","author":"noticiasribeiraopreto.com.br","date":"24 de July de 2025","format":false,"excerpt":"A\u00e7\u00e3o reuniu moradores do pr\u00e9dio onde mora Al\u00edpio Jo\u00e3o J\u00fanior, que alegam terem sido aterrorizados por vizinho 24 de julho de 2025 10:541 Compartilhar0 Por: Adalberto Luque Moradores de um condom\u00ednio em Ribeir\u00e3o Preto ingressaram na Justi\u00e7a com um pedido para impedir o retorno do fazendeiro Al\u00edpio Jo\u00e3o J\u00fanior, de\u2026","rel":"","context":"In &quot;Not\u00edcias de Ribeir\u00e3o Preto-SP e Regi\u00e3o&quot;","block_context":{"text":"Not\u00edcias de Ribeir\u00e3o Preto-SP e Regi\u00e3o","link":"https:\/\/noticiasribeiraopreto.com.br\/index.php\/category\/noticias-de-ribeirao-preto-sp-e-regiao-ismael-colosi\/"},"img":{"alt_text":"","src":"https:\/\/i0.wp.com\/noticiasribeiraopreto.com.br\/wp-content\/uploads\/2025\/07\/1753365364_16-jul-2025-alipiojoaojunior2.jpg?fit=984%2C616&ssl=1&resize=350%2C200","width":350,"height":200,"srcset":"https:\/\/i0.wp.com\/noticiasribeiraopreto.com.br\/wp-content\/uploads\/2025\/07\/1753365364_16-jul-2025-alipiojoaojunior2.jpg?fit=984%2C616&ssl=1&resize=350%2C200 1x, https:\/\/i0.wp.com\/noticiasribeiraopreto.com.br\/wp-content\/uploads\/2025\/07\/1753365364_16-jul-2025-alipiojoaojunior2.jpg?fit=984%2C616&ssl=1&resize=525%2C300 1.5x, https:\/\/i0.wp.com\/noticiasribeiraopreto.com.br\/wp-content\/uploads\/2025\/07\/1753365364_16-jul-2025-alipiojoaojunior2.jpg?fit=984%2C616&ssl=1&resize=700%2C400 2x"},"classes":[]},{"id":74116,"url":"https:\/\/noticiasribeiraopreto.com.br\/index.php\/2025\/07\/16\/fazendeiro-e-preso-em-ribeirao-preto-apos-ameacas-contra-vizinhos-em-condominio\/","url_meta":{"origin":74761,"position":3},"title":"Fazendeiro \u00e9 preso em Ribeir\u00e3o Preto ap\u00f3s amea\u00e7as contra vizinhos em condom\u00ednio","author":"noticiasribeiraopreto.com.br","date":"16 de July de 2025","format":false,"excerpt":"O TJ-SP (Tribunal de Justi\u00e7a de S\u00e3o Paulo) determinou a pris\u00e3o do fazendeiro Al\u00edpio Jo\u00e3o J\u00fanior, de 58 anos, nesta quarta-feira (16). O fazendeiro \u00e9 acusado de realizar amea\u00e7as contra vizinhos em um condom\u00ednio no Centro de Ribeir\u00e3o Preto. Ele j\u00e1 se apresentou na delegacia e foi preso. Na decis\u00e3o,\u2026","rel":"","context":"In &quot;Not\u00edcias de Ribeir\u00e3o Preto-SP e Regi\u00e3o&quot;","block_context":{"text":"Not\u00edcias de Ribeir\u00e3o Preto-SP e Regi\u00e3o","link":"https:\/\/noticiasribeiraopreto.com.br\/index.php\/category\/noticias-de-ribeirao-preto-sp-e-regiao-ismael-colosi\/"},"img":{"alt_text":"","src":"https:\/\/i0.wp.com\/noticiasribeiraopreto.com.br\/wp-content\/uploads\/2025\/07\/Copia-de-Copia-de-Copia-de-TAMANHO-EXATO-PARA-FOTOS-NO-SISTEMA-NOVO-2025-07-11T152431.680_2025-07-11_18-24-38.webp.webp?fit=1200%2C675&ssl=1&resize=350%2C200","width":350,"height":200,"srcset":"https:\/\/i0.wp.com\/noticiasribeiraopreto.com.br\/wp-content\/uploads\/2025\/07\/Copia-de-Copia-de-Copia-de-TAMANHO-EXATO-PARA-FOTOS-NO-SISTEMA-NOVO-2025-07-11T152431.680_2025-07-11_18-24-38.webp.webp?fit=1200%2C675&ssl=1&resize=350%2C200 1x, https:\/\/i0.wp.com\/noticiasribeiraopreto.com.br\/wp-content\/uploads\/2025\/07\/Copia-de-Copia-de-Copia-de-TAMANHO-EXATO-PARA-FOTOS-NO-SISTEMA-NOVO-2025-07-11T152431.680_2025-07-11_18-24-38.webp.webp?fit=1200%2C675&ssl=1&resize=525%2C300 1.5x, https:\/\/i0.wp.com\/noticiasribeiraopreto.com.br\/wp-content\/uploads\/2025\/07\/Copia-de-Copia-de-Copia-de-TAMANHO-EXATO-PARA-FOTOS-NO-SISTEMA-NOVO-2025-07-11T152431.680_2025-07-11_18-24-38.webp.webp?fit=1200%2C675&ssl=1&resize=700%2C400 2x, https:\/\/i0.wp.com\/noticiasribeiraopreto.com.br\/wp-content\/uploads\/2025\/07\/Copia-de-Copia-de-Copia-de-TAMANHO-EXATO-PARA-FOTOS-NO-SISTEMA-NOVO-2025-07-11T152431.680_2025-07-11_18-24-38.webp.webp?fit=1200%2C675&ssl=1&resize=1050%2C600 3x"},"classes":[]},{"id":74210,"url":"https:\/\/noticiasribeiraopreto.com.br\/index.php\/2025\/07\/17\/fazendeiro-acusado-de-ameacas-em-condominio-vai-passar-por-exame-de-sanidade-em-ribeirao\/","url_meta":{"origin":74761,"position":4},"title":"Fazendeiro acusado de amea\u00e7as em condom\u00ednio vai passar por exame de sanidade em Ribeir\u00e3o","author":"noticiasribeiraopreto.com.br","date":"17 de July de 2025","format":false,"excerpt":"A Justi\u00e7a de Ribeir\u00e3o Preto determinou que o fazendeiro Al\u00edpio Jo\u00e3o J\u00fanior passe por exames para avalia\u00e7\u00e3o da sa\u00fade mental. A decis\u00e3o ocorreu durante audi\u00eancia de cust\u00f3dia realizada nesta quinta-feira (17), no F\u00f3rum da cidade. A pol\u00edcia prendeu Al\u00edpio preventivamente na quarta-feira (16), ap\u00f3s uma investiga\u00e7\u00e3o por amea\u00e7as contra vizinhos\u2026","rel":"","context":"In &quot;Not\u00edcias de Ribeir\u00e3o Preto-SP e Regi\u00e3o&quot;","block_context":{"text":"Not\u00edcias de Ribeir\u00e3o Preto-SP e Regi\u00e3o","link":"https:\/\/noticiasribeiraopreto.com.br\/index.php\/category\/noticias-de-ribeirao-preto-sp-e-regiao-ismael-colosi\/"},"img":{"alt_text":"","src":"https:\/\/i0.wp.com\/noticiasribeiraopreto.com.br\/wp-content\/uploads\/2025\/07\/Copia-de-Copia-de-Copia-de-TAMANHO-EXATO-PARA-FOTOS-NO-SISTEMA-NOVO-2025-07-17T165650.873_2025-07-17_19-57-01.webp.webp?fit=1200%2C675&ssl=1&resize=350%2C200","width":350,"height":200,"srcset":"https:\/\/i0.wp.com\/noticiasribeiraopreto.com.br\/wp-content\/uploads\/2025\/07\/Copia-de-Copia-de-Copia-de-TAMANHO-EXATO-PARA-FOTOS-NO-SISTEMA-NOVO-2025-07-17T165650.873_2025-07-17_19-57-01.webp.webp?fit=1200%2C675&ssl=1&resize=350%2C200 1x, https:\/\/i0.wp.com\/noticiasribeiraopreto.com.br\/wp-content\/uploads\/2025\/07\/Copia-de-Copia-de-Copia-de-TAMANHO-EXATO-PARA-FOTOS-NO-SISTEMA-NOVO-2025-07-17T165650.873_2025-07-17_19-57-01.webp.webp?fit=1200%2C675&ssl=1&resize=525%2C300 1.5x, https:\/\/i0.wp.com\/noticiasribeiraopreto.com.br\/wp-content\/uploads\/2025\/07\/Copia-de-Copia-de-Copia-de-TAMANHO-EXATO-PARA-FOTOS-NO-SISTEMA-NOVO-2025-07-17T165650.873_2025-07-17_19-57-01.webp.webp?fit=1200%2C675&ssl=1&resize=700%2C400 2x, https:\/\/i0.wp.com\/noticiasribeiraopreto.com.br\/wp-content\/uploads\/2025\/07\/Copia-de-Copia-de-Copia-de-TAMANHO-EXATO-PARA-FOTOS-NO-SISTEMA-NOVO-2025-07-17T165650.873_2025-07-17_19-57-01.webp.webp?fit=1200%2C675&ssl=1&resize=1050%2C600 3x"},"classes":[]},{"id":74798,"url":"https:\/\/noticiasribeiraopreto.com.br\/index.php\/2025\/07\/29\/justica-nega-expulsao-de-fazendeiro\/","url_meta":{"origin":74761,"position":5},"title":"Justi\u00e7a nega expuls\u00e3o de fazendeiro","author":"noticiasribeiraopreto.com.br","date":"29 de July de 2025","format":false,"excerpt":"Na decis\u00e3o, ju\u00edza destacou ser fundamental a realiza\u00e7\u00e3o de uma assembleia entre os cond\u00f4minos 29 de julho de 2025 13:132 Compartilhar0 Por: Adalberto Luque A ju\u00edza Roberta Luchiari Villela indeferiu o pedido dos moradores do condom\u00ednio Portinari, que ingressaram com a\u00e7\u00e3o pedindo a expuls\u00e3o do fazendeiro Al\u00edpio Jo\u00e3o J\u00fanior, de\u2026","rel":"","context":"In &quot;Not\u00edcias de Ribeir\u00e3o Preto-SP e Regi\u00e3o&quot;","block_context":{"text":"Not\u00edcias de Ribeir\u00e3o Preto-SP e Regi\u00e3o","link":"https:\/\/noticiasribeiraopreto.com.br\/index.php\/category\/noticias-de-ribeirao-preto-sp-e-regiao-ismael-colosi\/"},"img":{"alt_text":"","src":"https:\/\/i0.wp.com\/noticiasribeiraopreto.com.br\/wp-content\/uploads\/2025\/07\/1753805981_25-jul-2025-alipiojoaojunior2.jpg?fit=1192%2C1200&ssl=1&resize=350%2C200","width":350,"height":200,"srcset":"https:\/\/i0.wp.com\/noticiasribeiraopreto.com.br\/wp-content\/uploads\/2025\/07\/1753805981_25-jul-2025-alipiojoaojunior2.jpg?fit=1192%2C1200&ssl=1&resize=350%2C200 1x, https:\/\/i0.wp.com\/noticiasribeiraopreto.com.br\/wp-content\/uploads\/2025\/07\/1753805981_25-jul-2025-alipiojoaojunior2.jpg?fit=1192%2C1200&ssl=1&resize=525%2C300 1.5x, https:\/\/i0.wp.com\/noticiasribeiraopreto.com.br\/wp-content\/uploads\/2025\/07\/1753805981_25-jul-2025-alipiojoaojunior2.jpg?fit=1192%2C1200&ssl=1&resize=700%2C400 2x, https:\/\/i0.wp.com\/noticiasribeiraopreto.com.br\/wp-content\/uploads\/2025\/07\/1753805981_25-jul-2025-alipiojoaojunior2.jpg?fit=1192%2C1200&ssl=1&resize=1050%2C600 3x"},"classes":[]}],"jetpack_sharing_enabled":true,"jetpack_shortlink":"https:\/\/wp.me\/peQAOb-jrP","_links":{"self":[{"href":"https:\/\/noticiasribeiraopreto.com.br\/index.php\/wp-json\/wp\/v2\/posts\/74761","targetHints":{"allow":["GET"]}}],"collection":[{"href":"https:\/\/noticiasribeiraopreto.com.br\/index.php\/wp-json\/wp\/v2\/posts"}],"about":[{"href":"https:\/\/noticiasribeiraopreto.com.br\/index.php\/wp-json\/wp\/v2\/types\/post"}],"author":[{"embeddable":true,"href":"https:\/\/noticiasribeiraopreto.com.br\/index.php\/wp-json\/wp\/v2\/users\/1"}],"replies":[{"embeddable":true,"href":"https:\/\/noticiasribeiraopreto.com.br\/index.php\/wp-json\/wp\/v2\/comments?post=74761"}],"version-history":[{"count":0,"href":"https:\/\/noticiasribeiraopreto.com.br\/index.php\/wp-json\/wp\/v2\/posts\/74761\/revisions"}],"wp:featuredmedia":[{"embeddable":true,"href":"https:\/\/noticiasribeiraopreto.com.br\/index.php\/wp-json\/wp\/v2\/media\/74129"}],"wp:attachment":[{"href":"https:\/\/noticiasribeiraopreto.com.br\/index.php\/wp-json\/wp\/v2\/media?parent=74761"}],"wp:term":[{"taxonomy":"category","embeddable":true,"href":"https:\/\/noticiasribeiraopreto.com.br\/index.php\/wp-json\/wp\/v2\/categories?post=74761"},{"taxonomy":"post_tag","embeddable":true,"href":"https:\/\/noticiasribeiraopreto.com.br\/index.php\/wp-json\/wp\/v2\/tags?post=74761"}],"curies":[{"name":"wp","href":"https:\/\/api.w.org\/{rel}","templated":true}]}}