{"id":74764,"date":"2025-07-29T08:23:30","date_gmt":"2025-07-29T11:23:30","guid":{"rendered":"https:\/\/noticiasribeiraopreto.com.br\/index.php\/2025\/07\/29\/motorista-envolvido-em-batida-que-deixou-dois-mortos-tem-prisao-convertida-em-preventiva\/"},"modified":"2025-07-29T08:23:30","modified_gmt":"2025-07-29T11:23:30","slug":"motorista-envolvido-em-batida-que-deixou-dois-mortos-tem-prisao-convertida-em-preventiva","status":"publish","type":"post","link":"https:\/\/noticiasribeiraopreto.com.br\/index.php\/2025\/07\/29\/motorista-envolvido-em-batida-que-deixou-dois-mortos-tem-prisao-convertida-em-preventiva\/","title":{"rendered":"Motorista envolvido em batida que deixou dois mortos tem pris\u00e3o convertida em preventiva"},"content":{"rendered":"<div class='code-block code-block-1' style='margin: 8px 0 8px auto; text-align: right; display: block; clear: both;'>\n<p><a href=\"https:\/\/wa.link\/vpicfd\"><img data-recalc-dims=\"1\" class=\"wp-image-4922\" style=\"aspect-ratio: 2.0253164556962027; width: 561px; height: auto;\" src=\"https:\/\/i0.wp.com\/ismaelcolosi.com.br\/wp-content\/uploads\/2023\/11\/grupo-de-empregos-whatsapp-e-facebook-ismael-colosi-vagas.jpg?ssl=1\" alt=\"\" \/><\/a><\/p>\n<!-- \/wp:image -->\n<\/div>\n<p> <br \/>\n<\/p>\n<div>\n<p><strong><b>A <a href=\"https:\/\/www.tjsp.jus.br\/\" data-type=\"link\" data-id=\"https:\/\/www.tjsp.jus.br\/\" target=\"_blank\" rel=\"noopener\">Tribunal de Justi\u00e7a de S\u00e3o Paulo (TJ-SP)<\/a> converteu a pris\u00e3o em flagrante para pris\u00e3o\u00a0preventiva do motorista de uma caminhonete que trafegava <\/b>na contram\u00e3o, atingiu um carro de frente e deixou dois mortos na noite deste domingo (27), na rodovia Brigadeiro Faria Lima (SP-326), em Guariba, a 50 quil\u00f4metros de Ribeir\u00e3o Preto.<\/strong><\/p>\n<p>Segundo o <strong>boletim de ocorr\u00eancia (BO)<\/strong>, <mark style=\"background-color:#fcb900\" class=\"has-inline-color has-black-color\">Luis Henrique do Prado Manoel, de 28 anos, apresentava sinais de ingest\u00e3o de bebida alco\u00f3lica, como fala pastosa e andar cambaleante.<\/mark> Ele <strong>recusou <\/strong>o teste do <strong>baf\u00f4metro <\/strong>e o delegado determinou sua <strong>pris\u00e3o <\/strong>em <strong>flagrante <\/strong>pelos <mark style=\"background-color:#fcb900\" class=\"has-inline-color has-black-color\">crimes de duplo homic\u00eddio e tentativa de homic\u00eddio, com dolo eventual, quando se assume o risco de matar.<\/mark><\/p>\n<p>Celso Novello Filho, de 42 anos, e Gislaine Cristiane da Silva Pereira Novello, de 38 anos, estavam com o filho de 13 anos em um carro atingido pela caminhonete. O casal morreu no local da colis\u00e3o, no km 326+400.<\/p>\n<p>O adolescente foi socorrido e transferido ao Hospital das Cl\u00ednicas \u2013 Unidade de Emerg\u00eancia (HC-UE), em Ribeir\u00e3o.<\/p>\n<p>O condutor da caminhonete tamb\u00e9m ficou ferido e apresentava risco de morte, de acordo com o BO. Por isso, ele tamb\u00e9m foi transferido a um hospital em Ribeir\u00e3o, onde permanecia sob escolta policial nesta segunda.<\/p>\n<p>O caso foi registrado no Plant\u00e3o da Pol\u00edcia Civil de Jaboticabal como homic\u00eddio e tentativa de homic\u00eddio.<\/p>\n<h2 class=\"wp-block-heading\"><strong>Outro lado<\/strong><\/h2>\n<p>O <strong>acidade on<\/strong> tenta contato com a defesa do motorista Luis Henrique do Prado Manoel. <\/p>\n<p>SAIBA MAIS<\/p>\n<p>Massa de ar polar derruba as temperaturas; Veja previs\u00e3o para semana em Ribeir\u00e3o Preto<\/p>\n<h3 class=\"wp-block-heading\"><strong>FIQUE ON<\/strong><\/h3>\n<p>Quer ficar por dentro de tudo que acontece em Ribeir\u00e3o Preto e regi\u00e3o? Ent\u00e3o siga os perfis do\u202facidade on\u202fno\u202f<a href=\"https:\/\/www.instagram.com\/acidadeonribeirao\" target=\"_blank\" rel=\"noreferrer noopener\">Instagram<\/a>\u202fe no\u202f<a href=\"https:\/\/www.facebook.com\/acidadeonribeirao\/\" target=\"_blank\" rel=\"noreferrer noopener\">Facebook<\/a>.<\/p>\n<p>Al\u00e9m disso, voc\u00ea pode receber as principais not\u00edcias diretamente no WhatsApp. Para isso, basta\u00a0<a href=\"https:\/\/chat.whatsapp.com\/BjKQZ9oJwlz8VVT50NuePq\" target=\"_blank\" rel=\"noreferrer noopener\">entrar no grupo clicando aqui<\/a>.<\/p>\n<p>Por fim, se quiser fazer uma den\u00fancia ou sugerir uma reportagem sobre Ribeir\u00e3o Preto e regi\u00e3o, envie uma mensagem pelo WhatsApp: (16) 99117-7802.<\/p>\n<p>VEJA TAMB\u00c9M<\/p>\n<p>O que \u00e9 o Mapa da Fome da ONU?<\/p>\n<p><!-- AI CONTENT END 1 -->\n<\/div>\n<p><script async src=\"\/\/www.instagram.com\/embed.js\"><\/script><br \/>\n<br \/><br \/>\n<br \/><a href=\"https:\/\/www.acidadeon.com\/ribeiraopreto\/cotidiano\/motorista-envolvido-em-batida-que-deixou-dois-mortos-tem-prisao-convertida-em-preventiva\/\">Source link <\/a><\/p>\n<!-- CONTENT END 1 -->\n","protected":false},"excerpt":{"rendered":"<p>A Tribunal de Justi\u00e7a de S\u00e3o Paulo (TJ-SP) converteu a pris\u00e3o em flagrante para pris\u00e3o\u00a0preventiva do motorista de uma caminhonete que trafegava na contram\u00e3o, atingiu&#8230;<\/p>\n","protected":false},"author":1,"featured_media":74765,"comment_status":"open","ping_status":"open","sticky":false,"template":"","format":"standard","meta":{"advanced_seo_description":"","jetpack_seo_html_title":"","jetpack_seo_noindex":false,"jetpack_post_was_ever_published":false,"_jetpack_newsletter_access":"","_jetpack_dont_email_post_to_subs":false,"_jetpack_newsletter_tier_id":0,"_jetpack_memberships_contains_paywalled_content":false,"_jetpack_memberships_contains_paid_content":false,"footnotes":"","jetpack_publicize_message":"","jetpack_publicize_feature_enabled":true,"jetpack_social_post_already_shared":true,"jetpack_social_options":{"image_generator_settings":{"template":"highway","default_image_id":0,"font":"","enabled":false},"version":2}},"categories":[11],"tags":[],"class_list":["post-74764","post","type-post","status-publish","format-standard","has-post-thumbnail","hentry","category-noticias-de-ribeirao-preto-sp-e-regiao-ismael-colosi"],"jetpack_publicize_connections":[],"jetpack_featured_media_url":"https:\/\/i0.wp.com\/noticiasribeiraopreto.com.br\/wp-content\/uploads\/2025\/07\/WhatsApp-Image-2025-07-29-at-07.21.26-1_2025-07-29_10-35-01.webp.webp?fit=1200%2C825&ssl=1","jetpack-related-posts":[{"id":42308,"url":"https:\/\/noticiasribeiraopreto.com.br\/index.php\/2024\/03\/13\/acusados-de-matar-engenheiro-em-ribeirao-preto-tem-prisao-preventiva-decretada\/","url_meta":{"origin":74764,"position":0},"title":"Acusados de matar engenheiro em Ribeir\u00e3o Preto t\u00eam pris\u00e3o preventiva decretada","author":"noticiasribeiraopreto.com.br","date":"13 de March de 2024","format":false,"excerpt":"O TJ-SP (Tribunal de Justi\u00e7a de S\u00e3o Paulo) converteu em preventiva as pris\u00f5es dos acusados de matar o engenheiro Paulo Roberto de Carvalho Braga Filho. Gabriel Sousa Brito e Marcelo Fernandes da Fonseca s\u00e3o acusados pelo crime de homic\u00eddio (artigo 121 do C\u00f3digo Penal). De acordo com a pol\u00edcia, o\u2026","rel":"","context":"In &quot;Not\u00edcias de Ribeir\u00e3o Preto-SP e Regi\u00e3o&quot;","block_context":{"text":"Not\u00edcias de Ribeir\u00e3o Preto-SP e Regi\u00e3o","link":"https:\/\/noticiasribeiraopreto.com.br\/index.php\/category\/noticias-de-ribeirao-preto-sp-e-regiao-ismael-colosi\/"},"img":{"alt_text":"","src":"https:\/\/i0.wp.com\/noticiasribeiraopreto.com.br\/wp-content\/uploads\/2024\/03\/AnyConv.com__beto-braga.webp.webp?fit=979%2C610&ssl=1&resize=350%2C200","width":350,"height":200,"srcset":"https:\/\/i0.wp.com\/noticiasribeiraopreto.com.br\/wp-content\/uploads\/2024\/03\/AnyConv.com__beto-braga.webp.webp?fit=979%2C610&ssl=1&resize=350%2C200 1x, https:\/\/i0.wp.com\/noticiasribeiraopreto.com.br\/wp-content\/uploads\/2024\/03\/AnyConv.com__beto-braga.webp.webp?fit=979%2C610&ssl=1&resize=525%2C300 1.5x, https:\/\/i0.wp.com\/noticiasribeiraopreto.com.br\/wp-content\/uploads\/2024\/03\/AnyConv.com__beto-braga.webp.webp?fit=979%2C610&ssl=1&resize=700%2C400 2x"},"classes":[]},{"id":15494,"url":"https:\/\/noticiasribeiraopreto.com.br\/index.php\/2023\/12\/13\/acusada-de-tentativa-de-homicidio-em-ribeirao-tem-prisao-preventiva-decretada-na-espanha\/","url_meta":{"origin":74764,"position":1},"title":"Acusada de tentativa de homic\u00eddio em Ribeir\u00e3o tem pris\u00e3o preventiva decretada na Espanha","author":"noticiasribeiraopreto.com.br","date":"13 de December de 2023","format":false,"excerpt":"A Justi\u00e7a da Espanha decretou, nesta quarta-feira (13), a pris\u00e3o preventiva da mulher acusada de tentativa de homic\u00eddio em Ribeir\u00e3o Preto. Aline Fernanda de Siqueira Maschietto, de 37 anos, \u00e9 investigada pela tentativa de assassinar um estudante de medicina em mar\u00e7o de 2022, e est\u00e1 presa desde a \u00faltima ter\u00e7a-feira\u2026","rel":"","context":"In &quot;Not\u00edcias de Ribeir\u00e3o Preto-SP e Regi\u00e3o&quot;","block_context":{"text":"Not\u00edcias de Ribeir\u00e3o Preto-SP e Regi\u00e3o","link":"https:\/\/noticiasribeiraopreto.com.br\/index.php\/category\/noticias-de-ribeirao-preto-sp-e-regiao-ismael-colosi\/"},"img":{"alt_text":"","src":"https:\/\/i0.wp.com\/noticiasribeiraopreto.com.br\/wp-content\/uploads\/2023\/12\/Aline-Maschietto.jpg?fit=1200%2C872&ssl=1&resize=350%2C200","width":350,"height":200,"srcset":"https:\/\/i0.wp.com\/noticiasribeiraopreto.com.br\/wp-content\/uploads\/2023\/12\/Aline-Maschietto.jpg?fit=1200%2C872&ssl=1&resize=350%2C200 1x, https:\/\/i0.wp.com\/noticiasribeiraopreto.com.br\/wp-content\/uploads\/2023\/12\/Aline-Maschietto.jpg?fit=1200%2C872&ssl=1&resize=525%2C300 1.5x, https:\/\/i0.wp.com\/noticiasribeiraopreto.com.br\/wp-content\/uploads\/2023\/12\/Aline-Maschietto.jpg?fit=1200%2C872&ssl=1&resize=700%2C400 2x, https:\/\/i0.wp.com\/noticiasribeiraopreto.com.br\/wp-content\/uploads\/2023\/12\/Aline-Maschietto.jpg?fit=1200%2C872&ssl=1&resize=1050%2C600 3x"},"classes":[]},{"id":57381,"url":"https:\/\/noticiasribeiraopreto.com.br\/index.php\/2024\/08\/30\/caminhoneiro-e-roubado-em-rodovia-de-ribeirao-ladroes-foram-presos\/","url_meta":{"origin":74764,"position":2},"title":"Caminhoneiro \u00e9 roubado em rodovia de Ribeir\u00e3o; ladr\u00f5es foram presos","author":"noticiasribeiraopreto.com.br","date":"30 de August de 2024","format":false,"excerpt":"Um caminhoneiro foi roubado na manh\u00e3 de quinta-feira (29), na rodovia Anhanguera, em Ribeir\u00e3o Preto. A Pol\u00edcia Militar foi acionada e os dois ladr\u00f5es foram presos em flagrante. De acordo com o boletim de ocorr\u00eancia, a v\u00edtima de 43 anos parou o caminh\u00e3o no acostamento porque o sistema de rastreador\u2026","rel":"","context":"In &quot;Not\u00edcias de Ribeir\u00e3o Preto-SP e Regi\u00e3o&quot;","block_context":{"text":"Not\u00edcias de Ribeir\u00e3o Preto-SP e Regi\u00e3o","link":"https:\/\/noticiasribeiraopreto.com.br\/index.php\/category\/noticias-de-ribeirao-preto-sp-e-regiao-ismael-colosi\/"},"img":{"alt_text":"","src":"https:\/\/i0.wp.com\/noticiasribeiraopreto.com.br\/wp-content\/uploads\/2024\/08\/anhanguera_2024-08-30_13-24-56_png_2024-08-30_13-24-57-e1725024313980.webp.webp?fit=1007%2C579&ssl=1&resize=350%2C200","width":350,"height":200,"srcset":"https:\/\/i0.wp.com\/noticiasribeiraopreto.com.br\/wp-content\/uploads\/2024\/08\/anhanguera_2024-08-30_13-24-56_png_2024-08-30_13-24-57-e1725024313980.webp.webp?fit=1007%2C579&ssl=1&resize=350%2C200 1x, https:\/\/i0.wp.com\/noticiasribeiraopreto.com.br\/wp-content\/uploads\/2024\/08\/anhanguera_2024-08-30_13-24-56_png_2024-08-30_13-24-57-e1725024313980.webp.webp?fit=1007%2C579&ssl=1&resize=525%2C300 1.5x, https:\/\/i0.wp.com\/noticiasribeiraopreto.com.br\/wp-content\/uploads\/2024\/08\/anhanguera_2024-08-30_13-24-56_png_2024-08-30_13-24-57-e1725024313980.webp.webp?fit=1007%2C579&ssl=1&resize=700%2C400 2x"},"classes":[]},{"id":67319,"url":"https:\/\/noticiasribeiraopreto.com.br\/index.php\/2025\/04\/12\/casal-que-simulou-o-sequestro-do-proprio-filho-tem-prisao-preventiva-decretada\/","url_meta":{"origin":74764,"position":3},"title":"Casal que simulou o sequestro do pr\u00f3prio filho\u00a0tem pris\u00e3o preventiva decretada","author":"noticiasribeiraopreto.com.br","date":"12 de April de 2025","format":false,"excerpt":"O casal preso por tentar simular um sequestro do pr\u00f3prio filho de 6 anos\u00a0e escond\u00ea-lo no porta-malas do carro em\u00a0Jardin\u00f3polis, na regi\u00e3o de Ribeir\u00e3o Preto, teve a pris\u00e3o preventiva decretada. De acordo com o Tribunal de Justi\u00e7a, Fabr\u00edcio Bonetti e Mayara Maria dos Santos, passaram por audi\u00eancia de cust\u00f3dia e\u2026","rel":"","context":"In &quot;Not\u00edcias de Ribeir\u00e3o Preto-SP e Regi\u00e3o&quot;","block_context":{"text":"Not\u00edcias de Ribeir\u00e3o Preto-SP e Regi\u00e3o","link":"https:\/\/noticiasribeiraopreto.com.br\/index.php\/category\/noticias-de-ribeirao-preto-sp-e-regiao-ismael-colosi\/"},"img":{"alt_text":"","src":"https:\/\/i0.wp.com\/noticiasribeiraopreto.com.br\/wp-content\/uploads\/2025\/04\/Copia-de-Copia-de-Copia-de-TAMANHO-EXATO-PARA-FOTOS-NO-SISTEMA-NOVO-2025-04-11T171934.625_2025-04-11_20-19-45_png_2025-04-11_20-19-45.webp.webp?fit=1200%2C675&ssl=1&resize=350%2C200","width":350,"height":200,"srcset":"https:\/\/i0.wp.com\/noticiasribeiraopreto.com.br\/wp-content\/uploads\/2025\/04\/Copia-de-Copia-de-Copia-de-TAMANHO-EXATO-PARA-FOTOS-NO-SISTEMA-NOVO-2025-04-11T171934.625_2025-04-11_20-19-45_png_2025-04-11_20-19-45.webp.webp?fit=1200%2C675&ssl=1&resize=350%2C200 1x, https:\/\/i0.wp.com\/noticiasribeiraopreto.com.br\/wp-content\/uploads\/2025\/04\/Copia-de-Copia-de-Copia-de-TAMANHO-EXATO-PARA-FOTOS-NO-SISTEMA-NOVO-2025-04-11T171934.625_2025-04-11_20-19-45_png_2025-04-11_20-19-45.webp.webp?fit=1200%2C675&ssl=1&resize=525%2C300 1.5x, https:\/\/i0.wp.com\/noticiasribeiraopreto.com.br\/wp-content\/uploads\/2025\/04\/Copia-de-Copia-de-Copia-de-TAMANHO-EXATO-PARA-FOTOS-NO-SISTEMA-NOVO-2025-04-11T171934.625_2025-04-11_20-19-45_png_2025-04-11_20-19-45.webp.webp?fit=1200%2C675&ssl=1&resize=700%2C400 2x, https:\/\/i0.wp.com\/noticiasribeiraopreto.com.br\/wp-content\/uploads\/2025\/04\/Copia-de-Copia-de-Copia-de-TAMANHO-EXATO-PARA-FOTOS-NO-SISTEMA-NOVO-2025-04-11T171934.625_2025-04-11_20-19-45_png_2025-04-11_20-19-45.webp.webp?fit=1200%2C675&ssl=1&resize=1050%2C600 3x"},"classes":[]},{"id":74729,"url":"https:\/\/noticiasribeiraopreto.com.br\/index.php\/2025\/07\/28\/casal-morto-apos-ter-carro-atingido-por-caminhonete-na-contramao-e-identificado\/","url_meta":{"origin":74764,"position":4},"title":"Casal morto ap\u00f3s ter carro atingido por caminhonete na contram\u00e3o \u00e9 identificado","author":"noticiasribeiraopreto.com.br","date":"28 de July de 2025","format":false,"excerpt":"A Pol\u00edcia Civil identificou o casal que morreu na noite deste domingo (27), depois de ter o carro atingido de frente por uma caminhonete na contram\u00e3o, na rodovia Brigadeiro Faria Lima (SP-326), em Guariba, a 50 quil\u00f4metros de Ribeir\u00e3o Preto. Segundo o boletim de ocorr\u00eancia (BO), Celso Novello Filho, de\u2026","rel":"","context":"In &quot;Not\u00edcias de Ribeir\u00e3o Preto-SP e Regi\u00e3o&quot;","block_context":{"text":"Not\u00edcias de Ribeir\u00e3o Preto-SP e Regi\u00e3o","link":"https:\/\/noticiasribeiraopreto.com.br\/index.php\/category\/noticias-de-ribeirao-preto-sp-e-regiao-ismael-colosi\/"},"img":{"alt_text":"","src":"https:\/\/i0.wp.com\/noticiasribeiraopreto.com.br\/wp-content\/uploads\/2025\/07\/CASAL_2025-07-28_13-32-32.webp.webp?fit=1200%2C886&ssl=1&resize=350%2C200","width":350,"height":200,"srcset":"https:\/\/i0.wp.com\/noticiasribeiraopreto.com.br\/wp-content\/uploads\/2025\/07\/CASAL_2025-07-28_13-32-32.webp.webp?fit=1200%2C886&ssl=1&resize=350%2C200 1x, https:\/\/i0.wp.com\/noticiasribeiraopreto.com.br\/wp-content\/uploads\/2025\/07\/CASAL_2025-07-28_13-32-32.webp.webp?fit=1200%2C886&ssl=1&resize=525%2C300 1.5x, https:\/\/i0.wp.com\/noticiasribeiraopreto.com.br\/wp-content\/uploads\/2025\/07\/CASAL_2025-07-28_13-32-32.webp.webp?fit=1200%2C886&ssl=1&resize=700%2C400 2x, https:\/\/i0.wp.com\/noticiasribeiraopreto.com.br\/wp-content\/uploads\/2025\/07\/CASAL_2025-07-28_13-32-32.webp.webp?fit=1200%2C886&ssl=1&resize=1050%2C600 3x"},"classes":[]},{"id":9829,"url":"https:\/\/noticiasribeiraopreto.com.br\/index.php\/2023\/12\/02\/utm_sourcerssutm_mediumrssutm_campaignjustica-decreta-prisao-preventiva-do-vagabundo-que-tentou-matar-a-ex-gravida-na-favela-do-sbt\/","url_meta":{"origin":74764,"position":5},"title":"Justi\u00e7a decreta pris\u00e3o preventiva do VAGABUNDO que tentou matar a ex gr\u00e1vida na Favela do SBT \u2013 X Tudo Ribeir\u00e3o","author":"noticiasribeiraopreto.com.br","date":"2 de December de 2023","format":false,"excerpt":"A Justi\u00e7a decretou neste s\u00e1bado (2\/12), a pris\u00e3o preventiva do valent\u00e3o que tentou matar a ex-mulher que esta gr\u00e1vida com golpes de madeira na tarde desta sexta-feira, na Favela do SBT, na zona Oeste de Ribeir\u00e3o Preto.\u00a0 Segundo informa\u00e7\u00f5es obtidas com EXCLUSIVIDADE pelo Jornal X TUDO RIBEIR\u00c3O, a decis\u00e3o favor\u00e1vel\u2026","rel":"","context":"In &quot;Not\u00edcias de Ribeir\u00e3o Preto-SP e Regi\u00e3o&quot;","block_context":{"text":"Not\u00edcias de Ribeir\u00e3o Preto-SP e Regi\u00e3o","link":"https:\/\/noticiasribeiraopreto.com.br\/index.php\/category\/noticias-de-ribeirao-preto-sp-e-regiao-ismael-colosi\/"},"img":{"alt_text":"","src":"https:\/\/i0.wp.com\/noticiasribeiraopreto.com.br\/wp-content\/uploads\/2023\/12\/6c30ff76-11a1-4512-9745-6ddba92366e8.jpeg?fit=1196%2C1101&ssl=1&resize=350%2C200","width":350,"height":200,"srcset":"https:\/\/i0.wp.com\/noticiasribeiraopreto.com.br\/wp-content\/uploads\/2023\/12\/6c30ff76-11a1-4512-9745-6ddba92366e8.jpeg?fit=1196%2C1101&ssl=1&resize=350%2C200 1x, https:\/\/i0.wp.com\/noticiasribeiraopreto.com.br\/wp-content\/uploads\/2023\/12\/6c30ff76-11a1-4512-9745-6ddba92366e8.jpeg?fit=1196%2C1101&ssl=1&resize=525%2C300 1.5x, https:\/\/i0.wp.com\/noticiasribeiraopreto.com.br\/wp-content\/uploads\/2023\/12\/6c30ff76-11a1-4512-9745-6ddba92366e8.jpeg?fit=1196%2C1101&ssl=1&resize=700%2C400 2x, https:\/\/i0.wp.com\/noticiasribeiraopreto.com.br\/wp-content\/uploads\/2023\/12\/6c30ff76-11a1-4512-9745-6ddba92366e8.jpeg?fit=1196%2C1101&ssl=1&resize=1050%2C600 3x"},"classes":[]}],"jetpack_sharing_enabled":true,"jetpack_shortlink":"https:\/\/wp.me\/peQAOb-jrS","_links":{"self":[{"href":"https:\/\/noticiasribeiraopreto.com.br\/index.php\/wp-json\/wp\/v2\/posts\/74764","targetHints":{"allow":["GET"]}}],"collection":[{"href":"https:\/\/noticiasribeiraopreto.com.br\/index.php\/wp-json\/wp\/v2\/posts"}],"about":[{"href":"https:\/\/noticiasribeiraopreto.com.br\/index.php\/wp-json\/wp\/v2\/types\/post"}],"author":[{"embeddable":true,"href":"https:\/\/noticiasribeiraopreto.com.br\/index.php\/wp-json\/wp\/v2\/users\/1"}],"replies":[{"embeddable":true,"href":"https:\/\/noticiasribeiraopreto.com.br\/index.php\/wp-json\/wp\/v2\/comments?post=74764"}],"version-history":[{"count":0,"href":"https:\/\/noticiasribeiraopreto.com.br\/index.php\/wp-json\/wp\/v2\/posts\/74764\/revisions"}],"wp:featuredmedia":[{"embeddable":true,"href":"https:\/\/noticiasribeiraopreto.com.br\/index.php\/wp-json\/wp\/v2\/media\/74765"}],"wp:attachment":[{"href":"https:\/\/noticiasribeiraopreto.com.br\/index.php\/wp-json\/wp\/v2\/media?parent=74764"}],"wp:term":[{"taxonomy":"category","embeddable":true,"href":"https:\/\/noticiasribeiraopreto.com.br\/index.php\/wp-json\/wp\/v2\/categories?post=74764"},{"taxonomy":"post_tag","embeddable":true,"href":"https:\/\/noticiasribeiraopreto.com.br\/index.php\/wp-json\/wp\/v2\/tags?post=74764"}],"curies":[{"name":"wp","href":"https:\/\/api.w.org\/{rel}","templated":true}]}}