{"id":74766,"date":"2025-07-29T08:31:52","date_gmt":"2025-07-29T11:31:52","guid":{"rendered":"https:\/\/noticiasribeiraopreto.com.br\/index.php\/2025\/07\/29\/massa-de-ar-polar-derruba-as-temperaturas-veja-previsao-para-semana-em-ribeirao-preto\/"},"modified":"2025-07-29T08:31:52","modified_gmt":"2025-07-29T11:31:52","slug":"massa-de-ar-polar-derruba-as-temperaturas-veja-previsao-para-semana-em-ribeirao-preto","status":"publish","type":"post","link":"https:\/\/noticiasribeiraopreto.com.br\/index.php\/2025\/07\/29\/massa-de-ar-polar-derruba-as-temperaturas-veja-previsao-para-semana-em-ribeirao-preto\/","title":{"rendered":"Massa de ar polar derruba as temperaturas; Veja previs\u00e3o para semana em Ribeir\u00e3o Preto"},"content":{"rendered":"<div class='code-block code-block-1' style='margin: 8px 0 8px auto; text-align: right; display: block; clear: both;'>\n<p><a href=\"https:\/\/wa.link\/vpicfd\"><img data-recalc-dims=\"1\" class=\"wp-image-4922\" style=\"aspect-ratio: 2.0253164556962027; width: 561px; height: auto;\" src=\"https:\/\/i0.wp.com\/ismaelcolosi.com.br\/wp-content\/uploads\/2023\/11\/grupo-de-empregos-whatsapp-e-facebook-ismael-colosi-vagas.jpg?ssl=1\" alt=\"\" \/><\/a><\/p>\n<!-- \/wp:image -->\n<\/div>\n<p> <br \/>\n<\/p>\n<div data-td-block-uid=\"tdi_95\">\n<div class=\"tdb-block-inner td-fix-index\">\n<p><strong>Ap\u00f3s o avan\u00e7o de uma frente fria neste in\u00edcio de semana, o estado de S\u00e3o Paulo recebe uma massa de ar polar que deve manter o frio nos pr\u00f3ximos dias.\u00a0<\/strong><\/p>\n<p>Ribeir\u00e3o Preto registrou <strong>chuva <\/strong>nesta<strong> segunda-feira (28)<\/strong> e as <strong>temperaturas <\/strong>j\u00e1 <strong>come\u00e7aram <\/strong>a <strong>cair<\/strong>.<\/p>\n<p>H\u00e1 alerta da Defesa Civil para queda acentuada nas temperaturas m\u00ednimas e m\u00e1ximas entre esta ter\u00e7a-feira (29) e sexta-feira (1). Em Ribeir\u00e3o, a m\u00ednima pode chegar a 7\u00b0C, segundo o \u00f3rg\u00e3o.<\/p>\n<h2 class=\"wp-block-heading\"><strong>Veja a previs\u00e3o do tempo em Ribeir\u00e3o Preto:<\/strong><\/h2>\n<p>12\u00b0C \/ 23\u00b0C<\/p>\n<p>Chuva: 0 mm \/ 0%<\/p>\n<p>Umidade do ar: 33% \/ 93%<\/p>\n<p>9\u00b0C \/ 24\u00b0C<\/p>\n<p>Chuva: 0 mm \/ 0%<\/p>\n<p>Umidade do ar: 21% \/ 70%<\/p>\n<p>9\u00b0C \/ 28\u00b0C<\/p>\n<p>Chuva: 0 mm \/ 0%<\/p>\n<p>Umidade do ar: 26% \/ 70%<\/p>\n<p>14\u00b0C \/ 30\u00b0C<\/p>\n<p>Chuva: 0 mm \/ 0%<\/p>\n<p>Umidade do ar: 28% \/ 72%<\/p>\n<p>15\u00b0C \/ 29\u00b0C<\/p>\n<p>Chuva: 0 mm \/ 0%<\/p>\n<p>Umidade do ar: 23% \/ 71%<\/p>\n<p>Fonte: Climatempo<\/p>\n<p>SAIBA MAIS<\/p>\n<p>Term\u00f4metros podem marcar 7\u00b0C em Ribeir\u00e3o Preto; estado de SP entra em alerta<\/p>\n<h3 class=\"wp-block-heading\"><strong>FIQUE ON<\/strong><\/h3>\n<p>Quer ficar por dentro de tudo que acontece em Ribeir\u00e3o Preto e regi\u00e3o? Ent\u00e3o siga os perfis do\u202facidade on\u202fno\u202f<a href=\"https:\/\/www.instagram.com\/acidadeonribeirao\" target=\"_blank\" rel=\"noreferrer noopener\">Instagram<\/a>\u202fe no\u202f<a href=\"https:\/\/www.facebook.com\/acidadeonribeirao\/\" target=\"_blank\" rel=\"noreferrer noopener\">Facebook<\/a>.<\/p>\n<p>Al\u00e9m disso, voc\u00ea pode receber as principais not\u00edcias diretamente no WhatsApp. Para isso, basta\u00a0<a href=\"https:\/\/chat.whatsapp.com\/BjKQZ9oJwlz8VVT50NuePq\" target=\"_blank\" rel=\"noreferrer noopener\">entrar no grupo clicando aqui<\/a>.<\/p>\n<p>Por fim, se quiser fazer uma den\u00fancia ou sugerir uma reportagem sobre Ribeir\u00e3o Preto e regi\u00e3o, envie uma mensagem pelo WhatsApp: (16) 99117-7802.<\/p>\n<p>VEJA TAMB\u00c9M<\/p>\n<p>Qual o hor\u00e1rio em que celulares s\u00e3o mais furtados?<\/p>\n<p><!-- AI CONTENT END 1 -->\n<\/div>\n<\/div>\n<p><script async src=\"\/\/www.instagram.com\/embed.js\"><\/script><br \/>\n<br \/><br \/>\n<br \/><a href=\"https:\/\/www.acidadeon.com\/ribeiraopreto\/cotidiano\/massa-de-ar-polar-derruba-as-temperaturas-veja-previsao-para-semana-em-ribeirao-preto\/\">Source link <\/a><\/p>\n<!-- CONTENT END 1 -->\n","protected":false},"excerpt":{"rendered":"<p>Ap\u00f3s o avan\u00e7o de uma frente fria neste in\u00edcio de semana, o estado de S\u00e3o Paulo recebe uma massa de ar polar que deve manter&#8230;<\/p>\n","protected":false},"author":1,"featured_media":74767,"comment_status":"open","ping_status":"open","sticky":false,"template":"","format":"standard","meta":{"advanced_seo_description":"","jetpack_seo_html_title":"","jetpack_seo_noindex":false,"jetpack_post_was_ever_published":false,"_jetpack_newsletter_access":"","_jetpack_dont_email_post_to_subs":false,"_jetpack_newsletter_tier_id":0,"_jetpack_memberships_contains_paywalled_content":false,"_jetpack_memberships_contains_paid_content":false,"footnotes":"","jetpack_publicize_message":"","jetpack_publicize_feature_enabled":true,"jetpack_social_post_already_shared":true,"jetpack_social_options":{"image_generator_settings":{"template":"highway","default_image_id":0,"font":"","enabled":false},"version":2}},"categories":[11],"tags":[],"class_list":["post-74766","post","type-post","status-publish","format-standard","has-post-thumbnail","hentry","category-noticias-de-ribeirao-preto-sp-e-regiao-ismael-colosi"],"jetpack_publicize_connections":[],"jetpack_featured_media_url":"https:\/\/i0.wp.com\/noticiasribeiraopreto.com.br\/wp-content\/uploads\/2025\/07\/frio_sp06_2025-07-29_09-28-55.webp.webp?fit=1200%2C808&ssl=1","jetpack-related-posts":[{"id":79870,"url":"https:\/\/noticiasribeiraopreto.com.br\/index.php\/2025\/11\/10\/ribeirao-preto-registra-minima-de-13c-nesta-segunda-feira-veja-previsao-para-semana\/","url_meta":{"origin":74766,"position":0},"title":"Ribeir\u00e3o Preto registra m\u00ednima de 13\u00b0C nesta segunda-feira; Veja previs\u00e3o para semana","author":"noticiasribeiraopreto.com.br","date":"10 de November de 2025","format":false,"excerpt":"Ribeir\u00e3o Preto registrou m\u00ednima de 13,9\u00b0C \u00e0s 5h desta segunda-feira (10), de acordo com o Ciiagro (Centro Integrado de Informa\u00e7\u00f5es Agrometeorol\u00f3gicas). Segundo a Climatempo, a massa de ar polar que chegou na retaguarda da frente fria durante o fim semana deixa a temperatura mais amena. Ainda conforme a meteorologia, a\u2026","rel":"","context":"In &quot;Not\u00edcias de Ribeir\u00e3o Preto-SP e Regi\u00e3o&quot;","block_context":{"text":"Not\u00edcias de Ribeir\u00e3o Preto-SP e Regi\u00e3o","link":"https:\/\/noticiasribeiraopreto.com.br\/index.php\/category\/noticias-de-ribeirao-preto-sp-e-regiao-ismael-colosi\/"},"img":{"alt_text":"","src":"https:\/\/i0.wp.com\/noticiasribeiraopreto.com.br\/wp-content\/uploads\/2025\/11\/WhatsApp-Image-2025-10-21-at-06.51.40_2025-10-21_10-00-03.webp.webp?fit=1200%2C900&ssl=1&resize=350%2C200","width":350,"height":200,"srcset":"https:\/\/i0.wp.com\/noticiasribeiraopreto.com.br\/wp-content\/uploads\/2025\/11\/WhatsApp-Image-2025-10-21-at-06.51.40_2025-10-21_10-00-03.webp.webp?fit=1200%2C900&ssl=1&resize=350%2C200 1x, https:\/\/i0.wp.com\/noticiasribeiraopreto.com.br\/wp-content\/uploads\/2025\/11\/WhatsApp-Image-2025-10-21-at-06.51.40_2025-10-21_10-00-03.webp.webp?fit=1200%2C900&ssl=1&resize=525%2C300 1.5x, https:\/\/i0.wp.com\/noticiasribeiraopreto.com.br\/wp-content\/uploads\/2025\/11\/WhatsApp-Image-2025-10-21-at-06.51.40_2025-10-21_10-00-03.webp.webp?fit=1200%2C900&ssl=1&resize=700%2C400 2x, https:\/\/i0.wp.com\/noticiasribeiraopreto.com.br\/wp-content\/uploads\/2025\/11\/WhatsApp-Image-2025-10-21-at-06.51.40_2025-10-21_10-00-03.webp.webp?fit=1200%2C900&ssl=1&resize=1050%2C600 3x"},"classes":[]},{"id":84595,"url":"https:\/\/noticiasribeiraopreto.com.br\/index.php\/2026\/04\/13\/esfria-esquenta-veja-previsao-do-tempo-para-semana-em-ribeirao-preto\/","url_meta":{"origin":74766,"position":1},"title":"Esfria, esquenta: Veja previs\u00e3o do tempo para semana em Ribeir\u00e3o Preto","author":"noticiasribeiraopreto.com.br","date":"13 de April de 2026","format":false,"excerpt":"Ler o resumo da not\u00edcia Previs\u00e3o do tempo para Ribeir\u00e3o Preto nesta semana indica sol entre poucas nuvens, segundo a Climatempo. H\u00e1 possibilidade de chuvas fracas em pontos isolados da regi\u00e3o nesta segunda-feira (13) devido ao transporte de umidade mar\u00edtima. As temperaturas devem variar entre 17\u00b0C e 31\u00b0C, com umidade\u2026","rel":"","context":"In &quot;Not\u00edcias de Ribeir\u00e3o Preto-SP e Regi\u00e3o&quot;","block_context":{"text":"Not\u00edcias de Ribeir\u00e3o Preto-SP e Regi\u00e3o","link":"https:\/\/noticiasribeiraopreto.com.br\/index.php\/category\/noticias-de-ribeirao-preto-sp-e-regiao-ismael-colosi\/"},"img":{"alt_text":"","src":"https:\/\/i0.wp.com\/noticiasribeiraopreto.com.br\/wp-content\/uploads\/2026\/04\/WhatsApp-Image-2026-02-20-at-06.25.44_2026-02-20_09-34-34-e1771580117829.webp.webp?fit=914%2C540&ssl=1&resize=350%2C200","width":350,"height":200,"srcset":"https:\/\/i0.wp.com\/noticiasribeiraopreto.com.br\/wp-content\/uploads\/2026\/04\/WhatsApp-Image-2026-02-20-at-06.25.44_2026-02-20_09-34-34-e1771580117829.webp.webp?fit=914%2C540&ssl=1&resize=350%2C200 1x, https:\/\/i0.wp.com\/noticiasribeiraopreto.com.br\/wp-content\/uploads\/2026\/04\/WhatsApp-Image-2026-02-20-at-06.25.44_2026-02-20_09-34-34-e1771580117829.webp.webp?fit=914%2C540&ssl=1&resize=525%2C300 1.5x, https:\/\/i0.wp.com\/noticiasribeiraopreto.com.br\/wp-content\/uploads\/2026\/04\/WhatsApp-Image-2026-02-20-at-06.25.44_2026-02-20_09-34-34-e1771580117829.webp.webp?fit=914%2C540&ssl=1&resize=700%2C400 2x"},"classes":[]},{"id":80280,"url":"https:\/\/noticiasribeiraopreto.com.br\/index.php\/2025\/11\/19\/manha-comeca-com-minima-de-13c-em-ribeirao-preto-veja-previsao-no-feriado-prolongado\/","url_meta":{"origin":74766,"position":2},"title":"Manh\u00e3 come\u00e7a com m\u00ednima de 13\u00b0C em Ribeir\u00e3o Preto; Veja previs\u00e3o no feriado prolongado","author":"noticiasribeiraopreto.com.br","date":"19 de November de 2025","format":false,"excerpt":"Ribeir\u00e3o Preto registrou m\u00ednima de 13,1\u00b0C \u00e0s 6h desta quarta-feira (19), v\u00e9spera do feriado prolongado da Consci\u00eancia Negra. O dado \u00e9 do\u00a0Ciiagro (Centro Integrado de Informa\u00e7\u00f5es Agrometeorol\u00f3gicas), que mant\u00e9m esta\u00e7\u00e3o na zona sul da cidade. Segundo a Climatempo,\u00a0a massa de ar polar que chegou ap\u00f3s a passagem da frente fria\u2026","rel":"","context":"In &quot;Not\u00edcias de Ribeir\u00e3o Preto-SP e Regi\u00e3o&quot;","block_context":{"text":"Not\u00edcias de Ribeir\u00e3o Preto-SP e Regi\u00e3o","link":"https:\/\/noticiasribeiraopreto.com.br\/index.php\/category\/noticias-de-ribeirao-preto-sp-e-regiao-ismael-colosi\/"},"img":{"alt_text":"","src":"https:\/\/i0.wp.com\/noticiasribeiraopreto.com.br\/wp-content\/uploads\/2025\/02\/WhatsApp-Image-2025-02-27-at-06.44.11_2025-02-27_09-58-35_jpeg_2025-02-27_09-58-36.webp.webp?fit=1200%2C540&ssl=1&resize=350%2C200","width":350,"height":200,"srcset":"https:\/\/i0.wp.com\/noticiasribeiraopreto.com.br\/wp-content\/uploads\/2025\/02\/WhatsApp-Image-2025-02-27-at-06.44.11_2025-02-27_09-58-35_jpeg_2025-02-27_09-58-36.webp.webp?fit=1200%2C540&ssl=1&resize=350%2C200 1x, https:\/\/i0.wp.com\/noticiasribeiraopreto.com.br\/wp-content\/uploads\/2025\/02\/WhatsApp-Image-2025-02-27-at-06.44.11_2025-02-27_09-58-35_jpeg_2025-02-27_09-58-36.webp.webp?fit=1200%2C540&ssl=1&resize=525%2C300 1.5x, https:\/\/i0.wp.com\/noticiasribeiraopreto.com.br\/wp-content\/uploads\/2025\/02\/WhatsApp-Image-2025-02-27-at-06.44.11_2025-02-27_09-58-35_jpeg_2025-02-27_09-58-36.webp.webp?fit=1200%2C540&ssl=1&resize=700%2C400 2x, https:\/\/i0.wp.com\/noticiasribeiraopreto.com.br\/wp-content\/uploads\/2025\/02\/WhatsApp-Image-2025-02-27-at-06.44.11_2025-02-27_09-58-35_jpeg_2025-02-27_09-58-36.webp.webp?fit=1200%2C540&ssl=1&resize=1050%2C600 3x"},"classes":[]},{"id":74915,"url":"https:\/\/noticiasribeiraopreto.com.br\/index.php\/2025\/07\/31\/ate-quando-vai-o-frio-veja-previsao-nos-proximos-dias\/","url_meta":{"origin":74766,"position":3},"title":"At\u00e9 quando vai o frio? Veja previs\u00e3o nos pr\u00f3ximos dias","author":"noticiasribeiraopreto.com.br","date":"31 de July de 2025","format":false,"excerpt":"A temperatura segue com as m\u00ednimas mais baixas pela manh\u00e3 nesta quinta-feira (31), no estado de S\u00e3o Paulo. No in\u00edcio da manh\u00e3, Ribeir\u00e3o Preto registrava 7\u00baC no aeroporto Leite Lopes, segundo a RedeMet (Rede de Meteorologia do Comando da Aeron\u00e1utica). De acordo com a Climatempo, o sol deve predominar entre\u2026","rel":"","context":"In &quot;Not\u00edcias de Ribeir\u00e3o Preto-SP e Regi\u00e3o&quot;","block_context":{"text":"Not\u00edcias de Ribeir\u00e3o Preto-SP e Regi\u00e3o","link":"https:\/\/noticiasribeiraopreto.com.br\/index.php\/category\/noticias-de-ribeirao-preto-sp-e-regiao-ismael-colosi\/"},"img":{"alt_text":"","src":"https:\/\/i0.wp.com\/noticiasribeiraopreto.com.br\/wp-content\/uploads\/2025\/06\/AnyConv.com__frio.webp.webp?fit=1200%2C800&ssl=1&resize=350%2C200","width":350,"height":200,"srcset":"https:\/\/i0.wp.com\/noticiasribeiraopreto.com.br\/wp-content\/uploads\/2025\/06\/AnyConv.com__frio.webp.webp?fit=1200%2C800&ssl=1&resize=350%2C200 1x, https:\/\/i0.wp.com\/noticiasribeiraopreto.com.br\/wp-content\/uploads\/2025\/06\/AnyConv.com__frio.webp.webp?fit=1200%2C800&ssl=1&resize=525%2C300 1.5x, https:\/\/i0.wp.com\/noticiasribeiraopreto.com.br\/wp-content\/uploads\/2025\/06\/AnyConv.com__frio.webp.webp?fit=1200%2C800&ssl=1&resize=700%2C400 2x, https:\/\/i0.wp.com\/noticiasribeiraopreto.com.br\/wp-content\/uploads\/2025\/06\/AnyConv.com__frio.webp.webp?fit=1200%2C800&ssl=1&resize=1050%2C600 3x"},"classes":[]},{"id":75482,"url":"https:\/\/noticiasribeiraopreto.com.br\/index.php\/2025\/08\/09\/inmet-prorroga-alerta-de-declinio-de-temperatura-no-estado-de-sp\/","url_meta":{"origin":74766,"position":4},"title":"Inmet prorroga alerta de decl\u00ednio de temperatura no estado de SP","author":"noticiasribeiraopreto.com.br","date":"9 de August de 2025","format":false,"excerpt":"O\u00a0Inmet (Instituto Nacional de Meteorologia)\u00a0prorrogou o alerta de perigo potencial para decl\u00ednio de temperatura no estado de S\u00e3o Paulo. Ribeir\u00e3o Preto e cidades da regi\u00e3o est\u00e3o inclu\u00eddas na faixa amarela, a primeira em uma escala at\u00e9 tr\u00eas n\u00edveis de severidade, que abrange todo o estado paulista. O aviso em vigor\u2026","rel":"","context":"In &quot;Not\u00edcias de Ribeir\u00e3o Preto-SP e Regi\u00e3o&quot;","block_context":{"text":"Not\u00edcias de Ribeir\u00e3o Preto-SP e Regi\u00e3o","link":"https:\/\/noticiasribeiraopreto.com.br\/index.php\/category\/noticias-de-ribeirao-preto-sp-e-regiao-ismael-colosi\/"},"img":{"alt_text":"","src":"","width":0,"height":0},"classes":[]},{"id":75541,"url":"https:\/\/noticiasribeiraopreto.com.br\/index.php\/2025\/08\/11\/ate-quando-vai-o-frio-veja-como-ficam-as-temperaturas-nos-proximos-dias\/","url_meta":{"origin":74766,"position":5},"title":"At\u00e9 quando vai o frio? Veja como ficam as temperaturas nos pr\u00f3ximos dias","author":"noticiasribeiraopreto.com.br","date":"11 de August de 2025","format":false,"excerpt":"A massa de ar polar segue em atua\u00e7\u00e3o sobre o estado de S\u00e3o Paulo e mant\u00e9m as temperaturas mais baixas. Segundo a Climatempo, esta segunda-feira (11) e ter\u00e7a-feira (12) devem ser os dias com o frio mais intenso. J\u00e1 a partir de quarta-feira (13), as m\u00ednimas voltam a subir um\u2026","rel":"","context":"In &quot;Not\u00edcias de Ribeir\u00e3o Preto-SP e Regi\u00e3o&quot;","block_context":{"text":"Not\u00edcias de Ribeir\u00e3o Preto-SP e Regi\u00e3o","link":"https:\/\/noticiasribeiraopreto.com.br\/index.php\/category\/noticias-de-ribeirao-preto-sp-e-regiao-ismael-colosi\/"},"img":{"alt_text":"","src":"https:\/\/i0.wp.com\/noticiasribeiraopreto.com.br\/wp-content\/uploads\/2025\/07\/AnyConv.com__onda-de-frio_2024-07-05_16-31-44.webp.webp?fit=1200%2C800&ssl=1&resize=350%2C200","width":350,"height":200,"srcset":"https:\/\/i0.wp.com\/noticiasribeiraopreto.com.br\/wp-content\/uploads\/2025\/07\/AnyConv.com__onda-de-frio_2024-07-05_16-31-44.webp.webp?fit=1200%2C800&ssl=1&resize=350%2C200 1x, https:\/\/i0.wp.com\/noticiasribeiraopreto.com.br\/wp-content\/uploads\/2025\/07\/AnyConv.com__onda-de-frio_2024-07-05_16-31-44.webp.webp?fit=1200%2C800&ssl=1&resize=525%2C300 1.5x, https:\/\/i0.wp.com\/noticiasribeiraopreto.com.br\/wp-content\/uploads\/2025\/07\/AnyConv.com__onda-de-frio_2024-07-05_16-31-44.webp.webp?fit=1200%2C800&ssl=1&resize=700%2C400 2x, https:\/\/i0.wp.com\/noticiasribeiraopreto.com.br\/wp-content\/uploads\/2025\/07\/AnyConv.com__onda-de-frio_2024-07-05_16-31-44.webp.webp?fit=1200%2C800&ssl=1&resize=1050%2C600 3x"},"classes":[]}],"jetpack_sharing_enabled":true,"jetpack_shortlink":"https:\/\/wp.me\/peQAOb-jrU","_links":{"self":[{"href":"https:\/\/noticiasribeiraopreto.com.br\/index.php\/wp-json\/wp\/v2\/posts\/74766","targetHints":{"allow":["GET"]}}],"collection":[{"href":"https:\/\/noticiasribeiraopreto.com.br\/index.php\/wp-json\/wp\/v2\/posts"}],"about":[{"href":"https:\/\/noticiasribeiraopreto.com.br\/index.php\/wp-json\/wp\/v2\/types\/post"}],"author":[{"embeddable":true,"href":"https:\/\/noticiasribeiraopreto.com.br\/index.php\/wp-json\/wp\/v2\/users\/1"}],"replies":[{"embeddable":true,"href":"https:\/\/noticiasribeiraopreto.com.br\/index.php\/wp-json\/wp\/v2\/comments?post=74766"}],"version-history":[{"count":0,"href":"https:\/\/noticiasribeiraopreto.com.br\/index.php\/wp-json\/wp\/v2\/posts\/74766\/revisions"}],"wp:featuredmedia":[{"embeddable":true,"href":"https:\/\/noticiasribeiraopreto.com.br\/index.php\/wp-json\/wp\/v2\/media\/74767"}],"wp:attachment":[{"href":"https:\/\/noticiasribeiraopreto.com.br\/index.php\/wp-json\/wp\/v2\/media?parent=74766"}],"wp:term":[{"taxonomy":"category","embeddable":true,"href":"https:\/\/noticiasribeiraopreto.com.br\/index.php\/wp-json\/wp\/v2\/categories?post=74766"},{"taxonomy":"post_tag","embeddable":true,"href":"https:\/\/noticiasribeiraopreto.com.br\/index.php\/wp-json\/wp\/v2\/tags?post=74766"}],"curies":[{"name":"wp","href":"https:\/\/api.w.org\/{rel}","templated":true}]}}