{"id":74768,"date":"2025-07-29T09:18:18","date_gmt":"2025-07-29T12:18:18","guid":{"rendered":"https:\/\/noticiasribeiraopreto.com.br\/index.php\/2025\/07\/29\/fies-lanca-plano-para-renegociacao-de-dividas\/"},"modified":"2025-07-29T09:18:18","modified_gmt":"2025-07-29T12:18:18","slug":"fies-lanca-plano-para-renegociacao-de-dividas","status":"publish","type":"post","link":"https:\/\/noticiasribeiraopreto.com.br\/index.php\/2025\/07\/29\/fies-lanca-plano-para-renegociacao-de-dividas\/","title":{"rendered":"Fies lan\u00e7a plano para renegocia\u00e7\u00e3o de d\u00edvidas"},"content":{"rendered":"<div class='code-block code-block-1' style='margin: 8px 0 8px auto; text-align: right; display: block; clear: both;'>\n<p><a href=\"https:\/\/wa.link\/vpicfd\"><img data-recalc-dims=\"1\" class=\"wp-image-4922\" style=\"aspect-ratio: 2.0253164556962027; width: 561px; height: auto;\" src=\"https:\/\/i0.wp.com\/ismaelcolosi.com.br\/wp-content\/uploads\/2023\/11\/grupo-de-empregos-whatsapp-e-facebook-ismael-colosi-vagas.jpg?ssl=1\" alt=\"\" \/><\/a><\/p>\n<!-- \/wp:image -->\n<\/div>\n<p> <br \/>\n<\/p>\n<div id=\"\">\n<p>\n\t\t\t\t\t\t\t\t\t<span class=\"entry-meta-item penci-posted-on\"><i class=\"fa fa-clock-o\"\/><time class=\"entry-date published updated\" datetime=\"2025-07-29T09:15:14-03:00\">29 de julho de 2025 09:15<\/time><\/span><span class=\"entry-meta-item penci-post-countview\"><span class=\"entry-meta-item penci-post-countview penci_post-meta_item\"><i class=\"fa fa-eye\"\/><span class=\"penci-post-countview-number penci-post-countview-p432990\">4<\/span><\/span><\/span>\t\t\t\t\t\t\t\t<\/p>\n<p><!-- .entry-meta --><br \/>\n\t\t\t\t\t\t\t\t<span class=\"penci-social-buttons penci-social-share-footer\"><span class=\"penci-social-share-text\">Compartilhar<\/span><a href=\"#\" class=\"penci-post-like penci_post-meta_item  single-like-button penci-social-item like\" data-post_id=\"432990\" title=\"Like\" data-like=\"Like\" data-unlike=\"Unlike\"><i class=\"fa fa-thumbs-o-up\"\/><span class=\"penci-share-number\">0<\/span><\/a><i class=\"fa fa-facebook\"\/><a class=\"penci-social-item twitter\" target=\"_blank\" rel=\"noopener\" title=\"\" href=\"https:\/\/twitter.com\/intent\/tweet?text=Fies%20lan\u00e7a%20plano%20para%20renegocia\u00e7\u00e3o%20de%20d\u00edvidas%20-%20https:\/\/www.tribunaribeirao.com.br\/fies-lanca-plano-para-renegociacao-de-dividas\/\"><i class=\"fa fa-twitter\"\/><\/a><i class=\"fa fa-linkedin\"\/><i class=\"fa fa-whatsapp\"\/><i class=\"fa fa-telegram\"\/><i class=\"fa fa-envelope\"\/><\/span>\t\t\t\t\t\t\t<\/div>\n<div>\n<p>O governo federal anunciou que estudantes com contratos do Fundo de Financiamento Estudantil (Fies) formalizados a partir de 2018 poder\u00e3o renegociar as suas d\u00edvidas. Os benefici\u00e1rios poder\u00e3o solicitar a renegocia\u00e7\u00e3o diretamente junto ao agente financeiro do contrato, de 1\u00ba de novembro de 2025 a 31 de dezembro de 2026.<\/p>\n<p>A medida \u00e9 voltada para estudantes que estejam inadimplentes h\u00e1 mais de 90 dias, contados at\u00e9 o dia 31 de julho de 2025. A nova regra prev\u00ea o parcelamento do saldo devedor em at\u00e9 180 parcelas mensais, com valor m\u00ednimo de R$ 200 por parcela, e ainda garante desconto de 100% nos encargos morat\u00f3rios, como juros e multas por atraso.<\/p>\n<p>O Minist\u00e9rio da Educa\u00e7\u00e3o (MEC), por meio do Fundo Nacional de Desenvolvimento da Educa\u00e7\u00e3o (FNDE), publicou na \u00faltima sexta-feira (25), em edi\u00e7\u00e3o extra do Di\u00e1rio Oficial da Uni\u00e3o (DOU), a Resolu\u00e7\u00e3o n\u00ba 64\/2025 que estabelece as condi\u00e7\u00f5es para a renegocia\u00e7\u00e3o de d\u00edvidas. O objetivo \u00e9 ajudar os estudantes que enfrentam dificuldades financeiras.<\/p>\n<p>A resolu\u00e7\u00e3o esclarece que a renegocia\u00e7\u00e3o se aplica apenas ao saldo devedor do financiamento, n\u00e3o incluindo valores de coparticipa\u00e7\u00e3o com as institui\u00e7\u00f5es de ensino, seguros prestamistas ou tarifas banc\u00e1rias. Os d\u00e9bitos com as institui\u00e7\u00f5es dever\u00e3o ser negociados diretamente com cada institui\u00e7\u00e3o de ensino superior.<\/p>\n<p>A renegocia\u00e7\u00e3o ainda poder\u00e1 se aplicar aos contratos cuja d\u00edvida tenha sido coberta pelo Fundo Garantidor do Fies (FG-Fies), desde que estejam dentro das regras estabelecidas pelo pr\u00f3prio fundo. A formaliza\u00e7\u00e3o da renegocia\u00e7\u00e3o ser\u00e1 feita por meio de termo aditivo ao contrato original, com a concord\u00e2ncia expressa do estudante e, se aplic\u00e1vel, de seus fiadores.<\/p>\n<p>Em caso de inadimplemento das novas condi\u00e7\u00f5es acordadas, os nomes dos estudantes e fiadores ser\u00e3o inclu\u00eddos nos cadastros restritivos de cr\u00e9dito. Al\u00e9m disso, ficam suspensas at\u00e9 o fim de 2026 as solicita\u00e7\u00f5es para que o FG-Fies honre as d\u00edvidas inadimplidas.<\/p>\n<p>Ainda na sexta-feira, o governo federal aumentou em 30% o teto de financiamento por semestre do Fies para o curso de medicina. O limite passa a ser de R$ 78 mil semestrais a partir do segundo semestre de 2025, quando ser\u00e1 aplicado aos novos contratos formalizados e aos aditamentos de renova\u00e7\u00e3o. A medida valer\u00e1 integralmente a partir do primeiro semestre de 2026.<\/p>\n<p>\u00a0<\/p>\n<\/div>\n<p><script async src=\"\/\/platform.twitter.com\/widgets.js\" charset=\"utf-8\"><\/script><br \/>\n<br \/><br \/>\n<br \/><a href=\"https:\/\/www.tribunaribeirao.com.br\/fies-lanca-plano-para-renegociacao-de-dividas\/\">Source link <\/a><\/p>\n<!-- CONTENT END 1 -->\n","protected":false},"excerpt":{"rendered":"<p>29 de julho de 2025 09:154 Compartilhar0 O governo federal anunciou que estudantes com contratos do Fundo de Financiamento Estudantil (Fies) formalizados a partir de&#8230;<\/p>\n","protected":false},"author":1,"featured_media":74769,"comment_status":"open","ping_status":"open","sticky":false,"template":"","format":"standard","meta":{"advanced_seo_description":"","jetpack_seo_html_title":"","jetpack_seo_noindex":false,"jetpack_post_was_ever_published":false,"_jetpack_newsletter_access":"","_jetpack_dont_email_post_to_subs":false,"_jetpack_newsletter_tier_id":0,"_jetpack_memberships_contains_paywalled_content":false,"_jetpack_memberships_contains_paid_content":false,"footnotes":"","jetpack_publicize_message":"","jetpack_publicize_feature_enabled":true,"jetpack_social_post_already_shared":true,"jetpack_social_options":{"image_generator_settings":{"template":"highway","default_image_id":0,"font":"","enabled":false},"version":2}},"categories":[11],"tags":[],"class_list":["post-74768","post","type-post","status-publish","format-standard","has-post-thumbnail","hentry","category-noticias-de-ribeirao-preto-sp-e-regiao-ismael-colosi"],"jetpack_publicize_connections":[],"jetpack_featured_media_url":"https:\/\/i0.wp.com\/noticiasribeiraopreto.com.br\/wp-content\/uploads\/2025\/07\/1753791498_fies-app_00769119_0_-B7m7Zo-696x400-1-scaled.jpeg?fit=800%2C450&ssl=1","jetpack-related-posts":[{"id":60802,"url":"https:\/\/noticiasribeiraopreto.com.br\/index.php\/2024\/11\/26\/ribeirao-preto-recebe-mutirao-de-renegociacao-de-dividas-do-ipva-nesta-terca\/","url_meta":{"origin":74768,"position":0},"title":"Ribeir\u00e3o Preto recebe mutir\u00e3o de renegocia\u00e7\u00e3o de d\u00edvidas do IPVA nesta ter\u00e7a","author":"noticiasribeiraopreto.com.br","date":"26 de November de 2024","format":false,"excerpt":"Ribeir\u00e3o Preto recebe, nesta ter\u00e7a-feira (26), o programa Acordo Paulista para a renegocia\u00e7\u00e3o de d\u00edvidas com mais de dois anos de atraso, principalmente do IPVA (Imposto sobre a Propriedade de Ve\u00edculos Automotores). A a\u00e7\u00e3o ser\u00e1 realizada no Poupatempo, das 13h \u00e0s 17h, na avenida Presidente Kennedy, 1.500, no bairro Ribeir\u00e2nia.\u2026","rel":"","context":"In &quot;Not\u00edcias de Ribeir\u00e3o Preto-SP e Regi\u00e3o&quot;","block_context":{"text":"Not\u00edcias de Ribeir\u00e3o Preto-SP e Regi\u00e3o","link":"https:\/\/noticiasribeiraopreto.com.br\/index.php\/category\/noticias-de-ribeirao-preto-sp-e-regiao-ismael-colosi\/"},"img":{"alt_text":"","src":"https:\/\/i0.wp.com\/noticiasribeiraopreto.com.br\/wp-content\/uploads\/2024\/11\/ipva_podera_1200x675_14122021113202.jpg?fit=1200%2C675&ssl=1&resize=350%2C200","width":350,"height":200,"srcset":"https:\/\/i0.wp.com\/noticiasribeiraopreto.com.br\/wp-content\/uploads\/2024\/11\/ipva_podera_1200x675_14122021113202.jpg?fit=1200%2C675&ssl=1&resize=350%2C200 1x, https:\/\/i0.wp.com\/noticiasribeiraopreto.com.br\/wp-content\/uploads\/2024\/11\/ipva_podera_1200x675_14122021113202.jpg?fit=1200%2C675&ssl=1&resize=525%2C300 1.5x, https:\/\/i0.wp.com\/noticiasribeiraopreto.com.br\/wp-content\/uploads\/2024\/11\/ipva_podera_1200x675_14122021113202.jpg?fit=1200%2C675&ssl=1&resize=700%2C400 2x, https:\/\/i0.wp.com\/noticiasribeiraopreto.com.br\/wp-content\/uploads\/2024\/11\/ipva_podera_1200x675_14122021113202.jpg?fit=1200%2C675&ssl=1&resize=1050%2C600 3x"},"classes":[]},{"id":75933,"url":"https:\/\/noticiasribeiraopreto.com.br\/index.php\/2025\/08\/18\/camara-de-ribeirao-aprova-programa-refis-para-renegociacao-de-dividas-municipais\/","url_meta":{"origin":74768,"position":1},"title":"C\u00e2mara de Ribeir\u00e3o aprova Programa Refis para renegocia\u00e7\u00e3o de d\u00edvidas municipais","author":"noticiasribeiraopreto.com.br","date":"18 de August de 2025","format":false,"excerpt":"A C\u00e2mara Municipal de Ribeir\u00e3o Preto aprovou, em primeira discuss\u00e3o nesta segunda-feira (18), o Programa Refis Ribeir\u00e3o, que prev\u00ea a renegocia\u00e7\u00e3o de d\u00edvidas com a Administra\u00e7\u00e3o Municipal e com a Saerp (Secretaria de \u00c1gua e Esgoto de Ribeir\u00e3o Preto). O projeto foi aprovado por 16 vereadores, com voto contr\u00e1rio apenas\u2026","rel":"","context":"In &quot;Not\u00edcias de Ribeir\u00e3o Preto-SP e Regi\u00e3o&quot;","block_context":{"text":"Not\u00edcias de Ribeir\u00e3o Preto-SP e Regi\u00e3o","link":"https:\/\/noticiasribeiraopreto.com.br\/index.php\/category\/noticias-de-ribeirao-preto-sp-e-regiao-ismael-colosi\/"},"img":{"alt_text":"","src":"https:\/\/i0.wp.com\/noticiasribeiraopreto.com.br\/wp-content\/uploads\/2025\/08\/DSC6100_0_2025-08-18_23-05-17.webp.webp?fit=1200%2C800&ssl=1&resize=350%2C200","width":350,"height":200,"srcset":"https:\/\/i0.wp.com\/noticiasribeiraopreto.com.br\/wp-content\/uploads\/2025\/08\/DSC6100_0_2025-08-18_23-05-17.webp.webp?fit=1200%2C800&ssl=1&resize=350%2C200 1x, https:\/\/i0.wp.com\/noticiasribeiraopreto.com.br\/wp-content\/uploads\/2025\/08\/DSC6100_0_2025-08-18_23-05-17.webp.webp?fit=1200%2C800&ssl=1&resize=525%2C300 1.5x, https:\/\/i0.wp.com\/noticiasribeiraopreto.com.br\/wp-content\/uploads\/2025\/08\/DSC6100_0_2025-08-18_23-05-17.webp.webp?fit=1200%2C800&ssl=1&resize=700%2C400 2x, https:\/\/i0.wp.com\/noticiasribeiraopreto.com.br\/wp-content\/uploads\/2025\/08\/DSC6100_0_2025-08-18_23-05-17.webp.webp?fit=1200%2C800&ssl=1&resize=1050%2C600 3x"},"classes":[]},{"id":77426,"url":"https:\/\/noticiasribeiraopreto.com.br\/index.php\/2025\/09\/18\/saerp-lanca-plano-sos-falta-dagua-em-ribeirao-preto-veja-como-vai-funcionar\/","url_meta":{"origin":74768,"position":2},"title":"Saerp lan\u00e7a Plano SOS Falta d\u2019\u00c1gua em Ribeir\u00e3o Preto; Veja como vai funcionar","author":"noticiasribeiraopreto.com.br","date":"18 de September de 2025","format":false,"excerpt":"A Saerp (Secretaria de \u00c1gua e Esgoto) lan\u00e7ou o Plano SOS Falta d\u2019\u00c1gua, uma for\u00e7a-tarefa criada para ampliar a efic\u00e1cia no atendimento \u00e0 popula\u00e7\u00e3o durante o per\u00edodo de estiagem, quando aumentam as ocorr\u00eancias de falta de \u00e1gua na cidade. O programa tem um canal direto de comunica\u00e7\u00e3o com a popula\u00e7\u00e3o\u2026","rel":"","context":"In &quot;Not\u00edcias de Ribeir\u00e3o Preto-SP e Regi\u00e3o&quot;","block_context":{"text":"Not\u00edcias de Ribeir\u00e3o Preto-SP e Regi\u00e3o","link":"https:\/\/noticiasribeiraopreto.com.br\/index.php\/category\/noticias-de-ribeirao-preto-sp-e-regiao-ismael-colosi\/"},"img":{"alt_text":"","src":"https:\/\/i0.wp.com\/noticiasribeiraopreto.com.br\/wp-content\/uploads\/2025\/09\/mao-na-torneira_2025-01-22_13-12-20.webp.webp?fit=1024%2C684&ssl=1&resize=350%2C200","width":350,"height":200,"srcset":"https:\/\/i0.wp.com\/noticiasribeiraopreto.com.br\/wp-content\/uploads\/2025\/09\/mao-na-torneira_2025-01-22_13-12-20.webp.webp?fit=1024%2C684&ssl=1&resize=350%2C200 1x, https:\/\/i0.wp.com\/noticiasribeiraopreto.com.br\/wp-content\/uploads\/2025\/09\/mao-na-torneira_2025-01-22_13-12-20.webp.webp?fit=1024%2C684&ssl=1&resize=525%2C300 1.5x, https:\/\/i0.wp.com\/noticiasribeiraopreto.com.br\/wp-content\/uploads\/2025\/09\/mao-na-torneira_2025-01-22_13-12-20.webp.webp?fit=1024%2C684&ssl=1&resize=700%2C400 2x"},"classes":[]},{"id":32411,"url":"https:\/\/noticiasribeiraopreto.com.br\/index.php\/2024\/01\/25\/banco-do-brasil-renegocia-r-2-bilhoes-em-dividas-do-fies\/","url_meta":{"origin":74768,"position":3},"title":"Banco do Brasil renegocia R$ 2 bilh\u00f5es em d\u00edvidas do Fies","author":"noticiasribeiraopreto.com.br","date":"25 de January de 2024","format":false,"excerpt":"24 de janeiro de 2024 | 16:3024 de janeiro de 2024 | 11:12 0O Banco do Brasil (BB) renegociou R$ 2 bilh\u00f5es em d\u00edvidas do Fies, o programa de financiamento estudantil para o ensino superior do governo federal, desde o in\u00edcio das repactua\u00e7\u00f5es, em novembro do ano passado. Segundo o\u2026","rel":"","context":"In &quot;Not\u00edcias de Ribeir\u00e3o Preto-SP e Regi\u00e3o&quot;","block_context":{"text":"Not\u00edcias de Ribeir\u00e3o Preto-SP e Regi\u00e3o","link":"https:\/\/noticiasribeiraopreto.com.br\/index.php\/category\/noticias-de-ribeirao-preto-sp-e-regiao-ismael-colosi\/"},"img":{"alt_text":"","src":"https:\/\/i0.wp.com\/noticiasribeiraopreto.com.br\/wp-content\/uploads\/2024\/01\/07836b48-7a60-4701-af3c-efcca017bacf-scaled.jpg?fit=967%2C645&ssl=1&resize=350%2C200","width":350,"height":200,"srcset":"https:\/\/i0.wp.com\/noticiasribeiraopreto.com.br\/wp-content\/uploads\/2024\/01\/07836b48-7a60-4701-af3c-efcca017bacf-scaled.jpg?fit=967%2C645&ssl=1&resize=350%2C200 1x, https:\/\/i0.wp.com\/noticiasribeiraopreto.com.br\/wp-content\/uploads\/2024\/01\/07836b48-7a60-4701-af3c-efcca017bacf-scaled.jpg?fit=967%2C645&ssl=1&resize=525%2C300 1.5x, https:\/\/i0.wp.com\/noticiasribeiraopreto.com.br\/wp-content\/uploads\/2024\/01\/07836b48-7a60-4701-af3c-efcca017bacf-scaled.jpg?fit=967%2C645&ssl=1&resize=700%2C400 2x"},"classes":[]},{"id":49769,"url":"https:\/\/noticiasribeiraopreto.com.br\/index.php\/2024\/05\/13\/veja-como-participar-do-desenrola-para-meis-e-micro-e-pequenas-empresas\/","url_meta":{"origin":74768,"position":4},"title":"Veja como participar do Desenrola para MEIs e micro e pequenas empresas","author":"noticiasribeiraopreto.com.br","date":"13 de May de 2024","format":false,"excerpt":"Os bancos come\u00e7am a oferecer, a partir desta segunda-feira (13), uma alternativa para renegocia\u00e7\u00e3o de d\u00edvidas banc\u00e1rias de MEI (Microempreendedores Individuais) e micro e pequenas empresas que faturem at\u00e9 R$ 4,8 milh\u00f5es anuais. Ser\u00e3o renegociadas d\u00edvidas n\u00e3o pagas at\u00e9 23 de janeiro de 2024. Essa renegocia\u00e7\u00e3o \u00e9 importante para o\u2026","rel":"","context":"In &quot;Not\u00edcias de Ribeir\u00e3o Preto-SP e Regi\u00e3o&quot;","block_context":{"text":"Not\u00edcias de Ribeir\u00e3o Preto-SP e Regi\u00e3o","link":"https:\/\/noticiasribeiraopreto.com.br\/index.php\/category\/noticias-de-ribeirao-preto-sp-e-regiao-ismael-colosi\/"},"img":{"alt_text":"","src":"https:\/\/i0.wp.com\/noticiasribeiraopreto.com.br\/wp-content\/uploads\/2024\/05\/AnyConv.com__desenrola_2024-05-13_14-03-37.webp.webp?fit=1159%2C691&ssl=1&resize=350%2C200","width":350,"height":200,"srcset":"https:\/\/i0.wp.com\/noticiasribeiraopreto.com.br\/wp-content\/uploads\/2024\/05\/AnyConv.com__desenrola_2024-05-13_14-03-37.webp.webp?fit=1159%2C691&ssl=1&resize=350%2C200 1x, https:\/\/i0.wp.com\/noticiasribeiraopreto.com.br\/wp-content\/uploads\/2024\/05\/AnyConv.com__desenrola_2024-05-13_14-03-37.webp.webp?fit=1159%2C691&ssl=1&resize=525%2C300 1.5x, https:\/\/i0.wp.com\/noticiasribeiraopreto.com.br\/wp-content\/uploads\/2024\/05\/AnyConv.com__desenrola_2024-05-13_14-03-37.webp.webp?fit=1159%2C691&ssl=1&resize=700%2C400 2x, https:\/\/i0.wp.com\/noticiasribeiraopreto.com.br\/wp-content\/uploads\/2024\/05\/AnyConv.com__desenrola_2024-05-13_14-03-37.webp.webp?fit=1159%2C691&ssl=1&resize=1050%2C600 3x"},"classes":[]},{"id":68103,"url":"https:\/\/noticiasribeiraopreto.com.br\/index.php\/2025\/04\/22\/jornal-da-franca-nubank-lanca-programa-de-renegociacao-de-divida-com-descontos-de-ate-99\/","url_meta":{"origin":74768,"position":5},"title":"Jornal da Franca &#8211; Nubank lan\u00e7a programa de renegocia\u00e7\u00e3o de d\u00edvida com descontos de at\u00e9 99%","author":"noticiasribeiraopreto.com.br","date":"22 de April de 2025","format":false,"excerpt":"compartilhar no whatsapp compartilhar no telegram compartilhar no facebook compartilhar no linkedin Batizada de \u2018Recome\u00e7o\u2019, iniciativa \u00e9 voltada para clientes que tinham bom hist\u00f3rico de pagamento com o banco Campanha de renegocia\u00e7\u00e3o de d\u00edvidas notificar\u00e1 clientes via aplicativo \u2013 foto Arquivo \u00a0 O Nubank lan\u00e7ou seu maior programa de renegocia\u00e7\u00e3o\u2026","rel":"","context":"In &quot;Not\u00edcias de Franca-SP&quot;","block_context":{"text":"Not\u00edcias de Franca-SP","link":"https:\/\/noticiasribeiraopreto.com.br\/index.php\/category\/noticias-de-ribeirao-preto-sp-e-regiao-ismael-colosi\/noticias-franca-sp\/"},"img":{"alt_text":"","src":"https:\/\/i0.wp.com\/noticiasribeiraopreto.com.br\/wp-content\/uploads\/2025\/04\/nubank-foto-nubank.jpg?fit=1200%2C569&ssl=1&resize=350%2C200","width":350,"height":200,"srcset":"https:\/\/i0.wp.com\/noticiasribeiraopreto.com.br\/wp-content\/uploads\/2025\/04\/nubank-foto-nubank.jpg?fit=1200%2C569&ssl=1&resize=350%2C200 1x, https:\/\/i0.wp.com\/noticiasribeiraopreto.com.br\/wp-content\/uploads\/2025\/04\/nubank-foto-nubank.jpg?fit=1200%2C569&ssl=1&resize=525%2C300 1.5x, https:\/\/i0.wp.com\/noticiasribeiraopreto.com.br\/wp-content\/uploads\/2025\/04\/nubank-foto-nubank.jpg?fit=1200%2C569&ssl=1&resize=700%2C400 2x, https:\/\/i0.wp.com\/noticiasribeiraopreto.com.br\/wp-content\/uploads\/2025\/04\/nubank-foto-nubank.jpg?fit=1200%2C569&ssl=1&resize=1050%2C600 3x"},"classes":[]}],"jetpack_sharing_enabled":true,"jetpack_shortlink":"https:\/\/wp.me\/peQAOb-jrW","_links":{"self":[{"href":"https:\/\/noticiasribeiraopreto.com.br\/index.php\/wp-json\/wp\/v2\/posts\/74768","targetHints":{"allow":["GET"]}}],"collection":[{"href":"https:\/\/noticiasribeiraopreto.com.br\/index.php\/wp-json\/wp\/v2\/posts"}],"about":[{"href":"https:\/\/noticiasribeiraopreto.com.br\/index.php\/wp-json\/wp\/v2\/types\/post"}],"author":[{"embeddable":true,"href":"https:\/\/noticiasribeiraopreto.com.br\/index.php\/wp-json\/wp\/v2\/users\/1"}],"replies":[{"embeddable":true,"href":"https:\/\/noticiasribeiraopreto.com.br\/index.php\/wp-json\/wp\/v2\/comments?post=74768"}],"version-history":[{"count":0,"href":"https:\/\/noticiasribeiraopreto.com.br\/index.php\/wp-json\/wp\/v2\/posts\/74768\/revisions"}],"wp:featuredmedia":[{"embeddable":true,"href":"https:\/\/noticiasribeiraopreto.com.br\/index.php\/wp-json\/wp\/v2\/media\/74769"}],"wp:attachment":[{"href":"https:\/\/noticiasribeiraopreto.com.br\/index.php\/wp-json\/wp\/v2\/media?parent=74768"}],"wp:term":[{"taxonomy":"category","embeddable":true,"href":"https:\/\/noticiasribeiraopreto.com.br\/index.php\/wp-json\/wp\/v2\/categories?post=74768"},{"taxonomy":"post_tag","embeddable":true,"href":"https:\/\/noticiasribeiraopreto.com.br\/index.php\/wp-json\/wp\/v2\/tags?post=74768"}],"curies":[{"name":"wp","href":"https:\/\/api.w.org\/{rel}","templated":true}]}}