{"id":74780,"date":"2025-07-29T11:07:35","date_gmt":"2025-07-29T14:07:35","guid":{"rendered":"https:\/\/noticiasribeiraopreto.com.br\/index.php\/2025\/07\/29\/pf-e-gaeco-realizam-operacao-contra-crime-organizado\/"},"modified":"2025-07-29T11:07:35","modified_gmt":"2025-07-29T14:07:35","slug":"pf-e-gaeco-realizam-operacao-contra-crime-organizado","status":"publish","type":"post","link":"https:\/\/noticiasribeiraopreto.com.br\/index.php\/2025\/07\/29\/pf-e-gaeco-realizam-operacao-contra-crime-organizado\/","title":{"rendered":"PF e Gaeco realizam opera\u00e7\u00e3o contra crime organizado"},"content":{"rendered":"<div class='code-block code-block-1' style='margin: 8px 0 8px auto; text-align: right; display: block; clear: both;'>\n<p><a href=\"https:\/\/wa.link\/vpicfd\"><img data-recalc-dims=\"1\" class=\"wp-image-4922\" style=\"aspect-ratio: 2.0253164556962027; width: 561px; height: auto;\" src=\"https:\/\/i0.wp.com\/ismaelcolosi.com.br\/wp-content\/uploads\/2023\/11\/grupo-de-empregos-whatsapp-e-facebook-ismael-colosi-vagas.jpg?ssl=1\" alt=\"\" \/><\/a><\/p>\n<!-- \/wp:image -->\n<\/div>\n<p> <br \/>\n<\/p>\n<div id=\"\">\n<h2 class=\"penci-post-subtitle\">Opera\u00e7\u00e3o Navalha foi cumprida em cinco cidades, tr\u00eas das quais na regi\u00e3o<\/h2>\n<p>\n\t\t\t\t\t\t\t\t\t<span class=\"entry-meta-item penci-posted-on\"><i class=\"fa fa-clock-o\"\/><time class=\"entry-date published updated\" datetime=\"2025-07-29T11:03:15-03:00\">29 de julho de 2025 11:03<\/time><\/span><span class=\"entry-meta-item penci-post-countview\"><span class=\"entry-meta-item penci-post-countview penci_post-meta_item\"><i class=\"fa fa-eye\"\/><span class=\"penci-post-countview-number penci-post-countview-p433028\">6<\/span><\/span><\/span>\t\t\t\t\t\t\t\t<\/p>\n<p><!-- .entry-meta --><br \/>\n\t\t\t\t\t\t\t\t<span class=\"penci-social-buttons penci-social-share-footer\"><span class=\"penci-social-share-text\">Compartilhar<\/span><a href=\"#\" class=\"penci-post-like penci_post-meta_item  single-like-button penci-social-item like\" data-post_id=\"433028\" title=\"Like\" data-like=\"Like\" data-unlike=\"Unlike\"><i class=\"fa fa-thumbs-o-up\"\/><span class=\"penci-share-number\">0<\/span><\/a><i class=\"fa fa-facebook\"\/><a class=\"penci-social-item twitter\" target=\"_blank\" rel=\"noopener\" title=\"\" href=\"https:\/\/twitter.com\/intent\/tweet?text=PF%20e%20Gaeco%20realizam%20opera\u00e7\u00e3o%20contra%20crime%20organizado%20-%20https:\/\/www.tribunaribeirao.com.br\/pf-e-gaeco-realizam-operacao-contra-crime-organizado\/\"><i class=\"fa fa-twitter\"\/><\/a><i class=\"fa fa-linkedin\"\/><i class=\"fa fa-whatsapp\"\/><i class=\"fa fa-telegram\"\/><i class=\"fa fa-envelope\"\/><\/span>\t\t\t\t\t\t\t<\/div>\n<div>\n<p>Por: Adalberto Luque<\/p>\n<p>A Pol\u00edcia Federal e o Grupo de Atua\u00e7\u00e3o Especial de Combate ao Crime Organizado (GAECO), com apoio da Pol\u00edcia Militar realizaram, na manh\u00e3 desta ter\u00e7a-feira (29) a Opera\u00e7\u00e3o Navalha. O objetivo foi desarticular uma organiza\u00e7\u00e3o criminosa que atua na lavagem de dinheiro do tr\u00e1fico de drogas.<\/p>\n<p>Os agentes cumpriram dois mandados de pris\u00e3o tempor\u00e1ria e 13 de busca e apreens\u00e3o. Os mandados foram cumpridos nas cidades de Ribeir\u00e3o Preto, Jardin\u00f3polis, Araraquara, Agudos e Bauru.<\/p>\n<figure id=\"attachment_433029\" aria-describedby=\"caption-attachment-433029\" style=\"width: 1154px\" class=\"wp-caption alignnone\"><img data-recalc-dims=\"1\" loading=\"lazy\" decoding=\"async\" class=\"size-full wp-image-433029\" src=\"https:\/\/i0.wp.com\/www.tribunaribeirao.com.br\/wp-content\/uploads\/2025\/07\/29-jul-2025-operacaonavalha1.jpg?resize=1154%2C768&#038;ssl=1\" alt=\"\" width=\"1154\" height=\"768\" srcset=\"https:\/\/www.tribunaribeirao.com.br\/wp-content\/uploads\/2025\/07\/29-jul-2025-operacaonavalha1.jpg 1154w, https:\/\/www.tribunaribeirao.com.br\/wp-content\/uploads\/2025\/07\/29-jul-2025-operacaonavalha1-300x200.jpg 300w, https:\/\/www.tribunaribeirao.com.br\/wp-content\/uploads\/2025\/07\/29-jul-2025-operacaonavalha1-1024x681.jpg 1024w, https:\/\/www.tribunaribeirao.com.br\/wp-content\/uploads\/2025\/07\/29-jul-2025-operacaonavalha1-768x511.jpg 768w, https:\/\/www.tribunaribeirao.com.br\/wp-content\/uploads\/2025\/07\/29-jul-2025-operacaonavalha1-480x320.jpg 480w, https:\/\/www.tribunaribeirao.com.br\/wp-content\/uploads\/2025\/07\/29-jul-2025-operacaonavalha1-280x186.jpg 280w, https:\/\/www.tribunaribeirao.com.br\/wp-content\/uploads\/2025\/07\/29-jul-2025-operacaonavalha1-960x639.jpg 960w, https:\/\/www.tribunaribeirao.com.br\/wp-content\/uploads\/2025\/07\/29-jul-2025-operacaonavalha1-601x400.jpg 601w, https:\/\/www.tribunaribeirao.com.br\/wp-content\/uploads\/2025\/07\/29-jul-2025-operacaonavalha1-585x389.jpg 585w\" sizes=\"auto, (max-width: 1154px) 100vw, 1154px\"\/><figcaption id=\"caption-attachment-433029\" class=\"wp-caption-text\">Durante o cumprimento dos 13 mandados de busca e dois de pris\u00e3o, foram apreendidos cerca de 1 mi em c\u00e9dulas, armas, joias, carros de luxo e a Justi\u00e7a bloqueou R$ 20 mi em bens dos investigados (Foto: PF\/Divulga\u00e7\u00e3o)<\/figcaption><\/figure>\n<p>N\u00e3o foi informado quantas pessoas foram presas durante a opera\u00e7\u00e3o. A opera\u00e7\u00e3o foi coordenada pela Delegacia da PF em Bauru. Al\u00e9m dos mandados de pris\u00e3o e busca e apreens\u00e3o, a Justi\u00e7a determinou o sequestro de im\u00f3veis e bloqueio de bens dos investigados em valores de aproximadamente R$ 20 milh\u00f5es.<\/p>\n<p>Durante a opera\u00e7\u00e3o, foram presos l\u00edderes da organiza\u00e7\u00e3o criminosa e apreendidos cerca de R$ 1 milh\u00e3o em c\u00e9dulas. Al\u00e9m disso, havia valores em moeda estrangeira, armas de fogo, ve\u00edculos de luxo e joias que tamb\u00e9m foram confiscados pelos agentes.<\/p>\n<p>Os locais onde foram cumpridos os mandados em Ribeir\u00e3o Preto e Jardin\u00f3polis n\u00e3o foram revelados. De acordo com a PF, as investiga\u00e7\u00f5es prosseguem com o objetivo de identificar demais membros da organiza\u00e7\u00e3o criminosa que lavava dinheiro para o tr\u00e1fico de drogas.<\/p>\n<p>\u00a0<\/p>\n<p>_____<\/p>\n<p>\u00a0<\/p>\n<p>Jornal Tribuna Ribeir\u00e3o<br \/>Um Jornal com a cara de Ribeir\u00e3o!<\/p>\n<p>Impresso | WEB | Redes sociais<br \/>Tribuna Ribeir\u00e3o \u2013 Fone: (16) 3632-2200 \u2013 Whatsapp: (16) 98161-8743<br \/>Av. Bar\u00e3o do Bananal, 880 \u2013 Jardim Anhanguera, Ribeir\u00e3o Preto<\/p>\n<p>@tribunaribeirao<br \/>@meiaderibeirao<br \/>@dinoderibeirao<br \/>#TribunaRibeir\u00e3o<br \/>#News<br \/>#Not\u00edcia<br \/>#Ribeir\u00e3oPreto #Not\u00edciasDeRibeir\u00e3oPreto<br \/>#ClassificadosTribunaRibeir\u00e3o<br \/>#Jornalismo<br \/>#ClassificadosRibeir\u00e3o<\/p>\n<\/div>\n<p><script async src=\"\/\/platform.twitter.com\/widgets.js\" charset=\"utf-8\"><\/script><br \/>\n<br \/><br \/>\n<br \/><a href=\"https:\/\/www.tribunaribeirao.com.br\/pf-e-gaeco-realizam-operacao-contra-crime-organizado\/\">Source link <\/a><\/p>\n<!-- CONTENT END 1 -->\n","protected":false},"excerpt":{"rendered":"<p>Opera\u00e7\u00e3o Navalha foi cumprida em cinco cidades, tr\u00eas das quais na regi\u00e3o 29 de julho de 2025 11:036 Compartilhar0 Por: Adalberto Luque A Pol\u00edcia Federal&#8230;<\/p>\n","protected":false},"author":1,"featured_media":74781,"comment_status":"open","ping_status":"open","sticky":false,"template":"","format":"standard","meta":{"advanced_seo_description":"","jetpack_seo_html_title":"","jetpack_seo_noindex":false,"jetpack_post_was_ever_published":false,"_jetpack_newsletter_access":"","_jetpack_dont_email_post_to_subs":false,"_jetpack_newsletter_tier_id":0,"_jetpack_memberships_contains_paywalled_content":false,"_jetpack_memberships_contains_paid_content":false,"footnotes":"","jetpack_publicize_message":"","jetpack_publicize_feature_enabled":true,"jetpack_social_post_already_shared":true,"jetpack_social_options":{"image_generator_settings":{"template":"highway","default_image_id":0,"font":"","enabled":false},"version":2}},"categories":[11],"tags":[],"class_list":["post-74780","post","type-post","status-publish","format-standard","has-post-thumbnail","hentry","category-noticias-de-ribeirao-preto-sp-e-regiao-ismael-colosi"],"jetpack_publicize_connections":[],"jetpack_featured_media_url":"https:\/\/i0.wp.com\/noticiasribeiraopreto.com.br\/wp-content\/uploads\/2025\/07\/29-jul-2025-operacaonavalha2.jpg?fit=1013%2C768&ssl=1","jetpack-related-posts":[{"id":79695,"url":"https:\/\/noticiasribeiraopreto.com.br\/index.php\/2025\/11\/06\/operacao-que-prendeu-rei-do-uisque-e-realizada-na-regiao-de-ribeirao-preto\/","url_meta":{"origin":74780,"position":0},"title":"Opera\u00e7\u00e3o que prendeu &#8216;Rei do u\u00edsque&#8217; \u00e9 realizada na regi\u00e3o de Ribeir\u00e3o Preto","author":"noticiasribeiraopreto.com.br","date":"6 de November de 2025","format":false,"excerpt":"A Pol\u00edcia Civil deflagrou nesta quinta-feira (6) a quarta fase da opera\u00e7\u00e3o \u201cParece, mas n\u00e3o \u00e9\u201d, contra o com\u00e9rcio de bebidas alco\u00f3licas falsificadas. A a\u00e7\u00e3o, coordenada pelo 42\u00b0 Distrito Policial da Capital, acontece em Sert\u00e3ozinho e Taquaritinga, na regi\u00e3o de Ribeir\u00e3o Preto, al\u00e9m de S\u00e3o Paulo e os munic\u00edpios paulistas\u2026","rel":"","context":"In &quot;Not\u00edcias de Ribeir\u00e3o Preto-SP e Regi\u00e3o&quot;","block_context":{"text":"Not\u00edcias de Ribeir\u00e3o Preto-SP e Regi\u00e3o","link":"https:\/\/noticiasribeiraopreto.com.br\/index.php\/category\/noticias-de-ribeirao-preto-sp-e-regiao-ismael-colosi\/"},"img":{"alt_text":"","src":"https:\/\/i0.wp.com\/noticiasribeiraopreto.com.br\/wp-content\/uploads\/2025\/11\/despejando-bebida-forte-de-alcool-nos-copos-que-estao-sobre-mesa-de-madeira_2025-11-06_12-06-29.webp.webp?fit=1200%2C801&ssl=1&resize=350%2C200","width":350,"height":200,"srcset":"https:\/\/i0.wp.com\/noticiasribeiraopreto.com.br\/wp-content\/uploads\/2025\/11\/despejando-bebida-forte-de-alcool-nos-copos-que-estao-sobre-mesa-de-madeira_2025-11-06_12-06-29.webp.webp?fit=1200%2C801&ssl=1&resize=350%2C200 1x, https:\/\/i0.wp.com\/noticiasribeiraopreto.com.br\/wp-content\/uploads\/2025\/11\/despejando-bebida-forte-de-alcool-nos-copos-que-estao-sobre-mesa-de-madeira_2025-11-06_12-06-29.webp.webp?fit=1200%2C801&ssl=1&resize=525%2C300 1.5x, https:\/\/i0.wp.com\/noticiasribeiraopreto.com.br\/wp-content\/uploads\/2025\/11\/despejando-bebida-forte-de-alcool-nos-copos-que-estao-sobre-mesa-de-madeira_2025-11-06_12-06-29.webp.webp?fit=1200%2C801&ssl=1&resize=700%2C400 2x, https:\/\/i0.wp.com\/noticiasribeiraopreto.com.br\/wp-content\/uploads\/2025\/11\/despejando-bebida-forte-de-alcool-nos-copos-que-estao-sobre-mesa-de-madeira_2025-11-06_12-06-29.webp.webp?fit=1200%2C801&ssl=1&resize=1050%2C600 3x"},"classes":[]},{"id":84404,"url":"https:\/\/noticiasribeiraopreto.com.br\/index.php\/2026\/04\/09\/operacao-em-ribeirao-preto-e-regiao-mira-quadrilha-suspeita-de-golpes-com-compras\/","url_meta":{"origin":74780,"position":1},"title":"Opera\u00e7\u00e3o em Ribeir\u00e3o Preto e regi\u00e3o mira quadrilha suspeita de golpes com compras","author":"noticiasribeiraopreto.com.br","date":"9 de April de 2026","format":false,"excerpt":"Ler o resumo da not\u00edcia \r Opera\u00e7\u00e3o Arara Caipira foi deflagrada pela Pol\u00edcia Civil nesta quinta-feira (9) em Ribeir\u00e3o Preto e regi\u00e3o.\r A quadrilha \u00e9 suspeita de aplicar golpes usando CNPJ de empresas reais para comprar produtos de fornecedores sem pagar.\r Nove mandatos de busca e apreens\u00e3o est\u00e3o sendo cumpridos\u2026","rel":"","context":"In &quot;Not\u00edcias de Ribeir\u00e3o Preto-SP e Regi\u00e3o&quot;","block_context":{"text":"Not\u00edcias de Ribeir\u00e3o Preto-SP e Regi\u00e3o","link":"https:\/\/noticiasribeiraopreto.com.br\/index.php\/category\/noticias-de-ribeirao-preto-sp-e-regiao-ismael-colosi\/"},"img":{"alt_text":"","src":"https:\/\/i0.wp.com\/noticiasribeiraopreto.com.br\/wp-content\/uploads\/2026\/04\/WhatsApp-Image-2026-01-06-at-09.32.06-3_2026-01-06_16-59-19.webp.webp?fit=1200%2C900&ssl=1&resize=350%2C200","width":350,"height":200,"srcset":"https:\/\/i0.wp.com\/noticiasribeiraopreto.com.br\/wp-content\/uploads\/2026\/04\/WhatsApp-Image-2026-01-06-at-09.32.06-3_2026-01-06_16-59-19.webp.webp?fit=1200%2C900&ssl=1&resize=350%2C200 1x, https:\/\/i0.wp.com\/noticiasribeiraopreto.com.br\/wp-content\/uploads\/2026\/04\/WhatsApp-Image-2026-01-06-at-09.32.06-3_2026-01-06_16-59-19.webp.webp?fit=1200%2C900&ssl=1&resize=525%2C300 1.5x, https:\/\/i0.wp.com\/noticiasribeiraopreto.com.br\/wp-content\/uploads\/2026\/04\/WhatsApp-Image-2026-01-06-at-09.32.06-3_2026-01-06_16-59-19.webp.webp?fit=1200%2C900&ssl=1&resize=700%2C400 2x, https:\/\/i0.wp.com\/noticiasribeiraopreto.com.br\/wp-content\/uploads\/2026\/04\/WhatsApp-Image-2026-01-06-at-09.32.06-3_2026-01-06_16-59-19.webp.webp?fit=1200%2C900&ssl=1&resize=1050%2C600 3x"},"classes":[]},{"id":61062,"url":"https:\/\/noticiasribeiraopreto.com.br\/index.php\/2024\/12\/03\/pf-faz-operacao-na-regiao-de-ribeirao-preto-contra-desvios-na-saude\/","url_meta":{"origin":74780,"position":2},"title":"PF faz opera\u00e7\u00e3o na regi\u00e3o de Ribeir\u00e3o Preto contra desvios na sa\u00fade","author":"noticiasribeiraopreto.com.br","date":"3 de December de 2024","format":false,"excerpt":"A PF (Pol\u00edcia Federal) deflagrou nesta ter\u00e7a-feira (3) a opera\u00e7\u00e3o Quarto Elemento que apura desvios de recursos p\u00fablicos direcionados \u00e0 sa\u00fade. A a\u00e7\u00e3o para o cumprimento de 13 mandados de busca e apreens\u00e3o acontece em dez cidades do estado de S\u00e3o Paulo, incluindo Barretos, a aproximadamente 130 quil\u00f4metros de Ribeir\u00e3o\u2026","rel":"","context":"In &quot;Not\u00edcias de Ribeir\u00e3o Preto-SP e Regi\u00e3o&quot;","block_context":{"text":"Not\u00edcias de Ribeir\u00e3o Preto-SP e Regi\u00e3o","link":"https:\/\/noticiasribeiraopreto.com.br\/index.php\/category\/noticias-de-ribeirao-preto-sp-e-regiao-ismael-colosi\/"},"img":{"alt_text":"","src":"https:\/\/i0.wp.com\/noticiasribeiraopreto.com.br\/wp-content\/uploads\/2024\/12\/POLICIA-FEDERAL_2024-12-03_10-43-26_jpg_2024-12-03_10-43-26.webp.webp?fit=1200%2C752&ssl=1&resize=350%2C200","width":350,"height":200,"srcset":"https:\/\/i0.wp.com\/noticiasribeiraopreto.com.br\/wp-content\/uploads\/2024\/12\/POLICIA-FEDERAL_2024-12-03_10-43-26_jpg_2024-12-03_10-43-26.webp.webp?fit=1200%2C752&ssl=1&resize=350%2C200 1x, https:\/\/i0.wp.com\/noticiasribeiraopreto.com.br\/wp-content\/uploads\/2024\/12\/POLICIA-FEDERAL_2024-12-03_10-43-26_jpg_2024-12-03_10-43-26.webp.webp?fit=1200%2C752&ssl=1&resize=525%2C300 1.5x, https:\/\/i0.wp.com\/noticiasribeiraopreto.com.br\/wp-content\/uploads\/2024\/12\/POLICIA-FEDERAL_2024-12-03_10-43-26_jpg_2024-12-03_10-43-26.webp.webp?fit=1200%2C752&ssl=1&resize=700%2C400 2x, https:\/\/i0.wp.com\/noticiasribeiraopreto.com.br\/wp-content\/uploads\/2024\/12\/POLICIA-FEDERAL_2024-12-03_10-43-26_jpg_2024-12-03_10-43-26.webp.webp?fit=1200%2C752&ssl=1&resize=1050%2C600 3x"},"classes":[]},{"id":84373,"url":"https:\/\/noticiasribeiraopreto.com.br\/index.php\/2026\/04\/08\/operacao-contra-o-pcc-prende-21-em-ribeirao-preto-e-regiao\/","url_meta":{"origin":74780,"position":3},"title":"Opera\u00e7\u00e3o contra o PCC prende 21 em Ribeir\u00e3o Preto e regi\u00e3o","author":"noticiasribeiraopreto.com.br","date":"8 de April de 2026","format":false,"excerpt":"Ler o resumo da not\u00edcia \r Opera\u00e7\u00e3o Lex Inversa prendeu 21 suspeitos de liga\u00e7\u00e3o com o PCC nesta quarta-feira (8) em Ribeir\u00e3o Preto e regi\u00e3o.\r A\u00e7\u00e3o da Pol\u00edcia Civil e Gaeco mirou membros do n\u00facleo de disciplina da fac\u00e7\u00e3o respons\u00e1vel por leis paralelas e tribunais do crime.\r Opera\u00e7\u00e3o ocorreu em\u2026","rel":"","context":"In &quot;Not\u00edcias de Ribeir\u00e3o Preto-SP e Regi\u00e3o&quot;","block_context":{"text":"Not\u00edcias de Ribeir\u00e3o Preto-SP e Regi\u00e3o","link":"https:\/\/noticiasribeiraopreto.com.br\/index.php\/category\/noticias-de-ribeirao-preto-sp-e-regiao-ismael-colosi\/"},"img":{"alt_text":"","src":"https:\/\/i0.wp.com\/noticiasribeiraopreto.com.br\/wp-content\/uploads\/2026\/04\/WhatsApp-Image-2026-04-08-at-10.44.59_2026-04-08_13-54-27.webp.webp?fit=1200%2C900&ssl=1&resize=350%2C200","width":350,"height":200,"srcset":"https:\/\/i0.wp.com\/noticiasribeiraopreto.com.br\/wp-content\/uploads\/2026\/04\/WhatsApp-Image-2026-04-08-at-10.44.59_2026-04-08_13-54-27.webp.webp?fit=1200%2C900&ssl=1&resize=350%2C200 1x, https:\/\/i0.wp.com\/noticiasribeiraopreto.com.br\/wp-content\/uploads\/2026\/04\/WhatsApp-Image-2026-04-08-at-10.44.59_2026-04-08_13-54-27.webp.webp?fit=1200%2C900&ssl=1&resize=525%2C300 1.5x, https:\/\/i0.wp.com\/noticiasribeiraopreto.com.br\/wp-content\/uploads\/2026\/04\/WhatsApp-Image-2026-04-08-at-10.44.59_2026-04-08_13-54-27.webp.webp?fit=1200%2C900&ssl=1&resize=700%2C400 2x, https:\/\/i0.wp.com\/noticiasribeiraopreto.com.br\/wp-content\/uploads\/2026\/04\/WhatsApp-Image-2026-04-08-at-10.44.59_2026-04-08_13-54-27.webp.webp?fit=1200%2C900&ssl=1&resize=1050%2C600 3x"},"classes":[]},{"id":52944,"url":"https:\/\/noticiasribeiraopreto.com.br\/index.php\/2024\/06\/14\/empresario-da-regiao-de-ribeirao-preto-e-alvo-de-operacao-contra-furto-de-acucar-em-trens\/","url_meta":{"origin":74780,"position":4},"title":"Empres\u00e1rio da regi\u00e3o de Ribeir\u00e3o Preto \u00e9 alvo de opera\u00e7\u00e3o contra furto de a\u00e7\u00facar em trens","author":"noticiasribeiraopreto.com.br","date":"14 de June de 2024","format":false,"excerpt":"Um empres\u00e1rio de Guariba, cidade a aproximadamente 60 quil\u00f4metros de Ribeir\u00e3o Preto, \u00e9 um dos alvos da 1\u00aa fase da opera\u00e7\u00e3o Rapadura deflagrada pela Pol\u00edcia Civil nesta sexta-feira (14), contra uma quadrilha investigada por saquear cargas de a\u00e7\u00facar em trens. Segundo a pol\u00edcia, al\u00e9m do empres\u00e1rio, apontado como l\u00edder do\u2026","rel":"","context":"In &quot;Not\u00edcias de Ribeir\u00e3o Preto-SP e Regi\u00e3o&quot;","block_context":{"text":"Not\u00edcias de Ribeir\u00e3o Preto-SP e Regi\u00e3o","link":"https:\/\/noticiasribeiraopreto.com.br\/index.php\/category\/noticias-de-ribeirao-preto-sp-e-regiao-ismael-colosi\/"},"img":{"alt_text":"","src":"https:\/\/i0.wp.com\/noticiasribeiraopreto.com.br\/wp-content\/uploads\/2024\/06\/POLICIA_2024-06-14_10-33-27_jpg_2024-06-14_10-33-27.webp.webp?fit=1200%2C815&ssl=1&resize=350%2C200","width":350,"height":200,"srcset":"https:\/\/i0.wp.com\/noticiasribeiraopreto.com.br\/wp-content\/uploads\/2024\/06\/POLICIA_2024-06-14_10-33-27_jpg_2024-06-14_10-33-27.webp.webp?fit=1200%2C815&ssl=1&resize=350%2C200 1x, https:\/\/i0.wp.com\/noticiasribeiraopreto.com.br\/wp-content\/uploads\/2024\/06\/POLICIA_2024-06-14_10-33-27_jpg_2024-06-14_10-33-27.webp.webp?fit=1200%2C815&ssl=1&resize=525%2C300 1.5x, https:\/\/i0.wp.com\/noticiasribeiraopreto.com.br\/wp-content\/uploads\/2024\/06\/POLICIA_2024-06-14_10-33-27_jpg_2024-06-14_10-33-27.webp.webp?fit=1200%2C815&ssl=1&resize=700%2C400 2x, https:\/\/i0.wp.com\/noticiasribeiraopreto.com.br\/wp-content\/uploads\/2024\/06\/POLICIA_2024-06-14_10-33-27_jpg_2024-06-14_10-33-27.webp.webp?fit=1200%2C815&ssl=1&resize=1050%2C600 3x"},"classes":[]},{"id":84310,"url":"https:\/\/noticiasribeiraopreto.com.br\/index.php\/2026\/04\/07\/mais-de-66-kg-de-drogas-sao-apreendidos-durante-operacao-em-ribeirao-preto-e-regiao\/","url_meta":{"origin":74780,"position":5},"title":"Mais de 66 kg de drogas s\u00e3o apreendidos durante opera\u00e7\u00e3o em Ribeir\u00e3o Preto e regi\u00e3o","author":"noticiasribeiraopreto.com.br","date":"7 de April de 2026","format":false,"excerpt":"Ler o resumo da not\u00edcia Mais de 66 kg de drogas s\u00e3o apreendidos durante opera\u00e7\u00e3o em Ribeir\u00e3o Preto e regi\u00e3o A Pol\u00edcia Civil do Estado de S\u00e3o Paulo deflagrou, na manh\u00e3 desta ter\u00e7a-feira (7), uma opera\u00e7\u00e3o de grande porte contra o crime organizado em Ribeir\u00e3o Preto e cidades da regi\u00e3o.\u2026","rel":"","context":"In &quot;Not\u00edcias de Ribeir\u00e3o Preto-SP e Regi\u00e3o&quot;","block_context":{"text":"Not\u00edcias de Ribeir\u00e3o Preto-SP e Regi\u00e3o","link":"https:\/\/noticiasribeiraopreto.com.br\/index.php\/category\/noticias-de-ribeirao-preto-sp-e-regiao-ismael-colosi\/"},"img":{"alt_text":"","src":"https:\/\/i0.wp.com\/noticiasribeiraopreto.com.br\/wp-content\/uploads\/2026\/04\/palace-2026-04-07T113912.883_2026-04-07_14-39-44.webp.webp?fit=1200%2C675&ssl=1&resize=350%2C200","width":350,"height":200,"srcset":"https:\/\/i0.wp.com\/noticiasribeiraopreto.com.br\/wp-content\/uploads\/2026\/04\/palace-2026-04-07T113912.883_2026-04-07_14-39-44.webp.webp?fit=1200%2C675&ssl=1&resize=350%2C200 1x, https:\/\/i0.wp.com\/noticiasribeiraopreto.com.br\/wp-content\/uploads\/2026\/04\/palace-2026-04-07T113912.883_2026-04-07_14-39-44.webp.webp?fit=1200%2C675&ssl=1&resize=525%2C300 1.5x, https:\/\/i0.wp.com\/noticiasribeiraopreto.com.br\/wp-content\/uploads\/2026\/04\/palace-2026-04-07T113912.883_2026-04-07_14-39-44.webp.webp?fit=1200%2C675&ssl=1&resize=700%2C400 2x, https:\/\/i0.wp.com\/noticiasribeiraopreto.com.br\/wp-content\/uploads\/2026\/04\/palace-2026-04-07T113912.883_2026-04-07_14-39-44.webp.webp?fit=1200%2C675&ssl=1&resize=1050%2C600 3x"},"classes":[]}],"jetpack_sharing_enabled":true,"jetpack_shortlink":"https:\/\/wp.me\/peQAOb-js8","_links":{"self":[{"href":"https:\/\/noticiasribeiraopreto.com.br\/index.php\/wp-json\/wp\/v2\/posts\/74780","targetHints":{"allow":["GET"]}}],"collection":[{"href":"https:\/\/noticiasribeiraopreto.com.br\/index.php\/wp-json\/wp\/v2\/posts"}],"about":[{"href":"https:\/\/noticiasribeiraopreto.com.br\/index.php\/wp-json\/wp\/v2\/types\/post"}],"author":[{"embeddable":true,"href":"https:\/\/noticiasribeiraopreto.com.br\/index.php\/wp-json\/wp\/v2\/users\/1"}],"replies":[{"embeddable":true,"href":"https:\/\/noticiasribeiraopreto.com.br\/index.php\/wp-json\/wp\/v2\/comments?post=74780"}],"version-history":[{"count":0,"href":"https:\/\/noticiasribeiraopreto.com.br\/index.php\/wp-json\/wp\/v2\/posts\/74780\/revisions"}],"wp:featuredmedia":[{"embeddable":true,"href":"https:\/\/noticiasribeiraopreto.com.br\/index.php\/wp-json\/wp\/v2\/media\/74781"}],"wp:attachment":[{"href":"https:\/\/noticiasribeiraopreto.com.br\/index.php\/wp-json\/wp\/v2\/media?parent=74780"}],"wp:term":[{"taxonomy":"category","embeddable":true,"href":"https:\/\/noticiasribeiraopreto.com.br\/index.php\/wp-json\/wp\/v2\/categories?post=74780"},{"taxonomy":"post_tag","embeddable":true,"href":"https:\/\/noticiasribeiraopreto.com.br\/index.php\/wp-json\/wp\/v2\/tags?post=74780"}],"curies":[{"name":"wp","href":"https:\/\/api.w.org\/{rel}","templated":true}]}}