{"id":74782,"date":"2025-07-29T11:27:47","date_gmt":"2025-07-29T14:27:47","guid":{"rendered":"https:\/\/noticiasribeiraopreto.com.br\/index.php\/2025\/07\/29\/vila-tiberio-recebe-caminhada-cultural-gratuita-em-ribeirao-preto-veja-como-participar\/"},"modified":"2025-07-29T11:27:47","modified_gmt":"2025-07-29T14:27:47","slug":"vila-tiberio-recebe-caminhada-cultural-gratuita-em-ribeirao-preto-veja-como-participar","status":"publish","type":"post","link":"https:\/\/noticiasribeiraopreto.com.br\/index.php\/2025\/07\/29\/vila-tiberio-recebe-caminhada-cultural-gratuita-em-ribeirao-preto-veja-como-participar\/","title":{"rendered":"Vila Tib\u00e9rio recebe caminhada cultural gratuita em Ribeir\u00e3o Preto; Veja como participar"},"content":{"rendered":"<div class='code-block code-block-1' style='margin: 8px 0 8px auto; text-align: right; display: block; clear: both;'>\n<p><a href=\"https:\/\/wa.link\/vpicfd\"><img data-recalc-dims=\"1\" class=\"wp-image-4922\" style=\"aspect-ratio: 2.0253164556962027; width: 561px; height: auto;\" src=\"https:\/\/i0.wp.com\/ismaelcolosi.com.br\/wp-content\/uploads\/2023\/11\/grupo-de-empregos-whatsapp-e-facebook-ismael-colosi-vagas.jpg?ssl=1\" alt=\"\" \/><\/a><\/p>\n<!-- \/wp:image -->\n<\/div>\n<p> <br \/>\n<\/p>\n<div>\n<p><strong>A Vila Tib\u00e9rio, tradicional bairro na zona Oeste de Ribeir\u00e3o Preto, recebe no pr\u00f3ximo domingo (3), \u00e0s 9h, uma caminhada cultural gratuita aberta ao p\u00fablico em geral.<\/strong><\/p>\n<p>Para <strong>participar<\/strong>, por\u00e9m, \u00e9 necess\u00e1rio fazer a <strong>inscri\u00e7\u00e3o <\/strong>online (<a href=\"https:\/\/docs.google.com\/forms\/d\/e\/1FAIpQLSfsS8Z38gkYBrtCOMofkvEtC28kAymyG71N2pRSzGBOEZvSIg\/viewform\" data-type=\"link\" data-id=\"https:\/\/docs.google.com\/forms\/d\/e\/1FAIpQLSfsS8Z38gkYBrtCOMofkvEtC28kAymyG71N2pRSzGBOEZvSIg\/viewform\" target=\"_blank\" rel=\"noopener\">clique aqui<\/a>).<\/p>\n<p>A concentra\u00e7\u00e3o ser\u00e1 na Pra\u00e7a Cora\u00e7\u00e3o de Maria, na rua Martinico Prado, 599, em frente \u00e0 Igreja Nossa Senhora do Ros\u00e1rio.<\/p>\n<p>O professor Felipe Souza, respons\u00e1vel pelo evento chamado \u201cAs Mem\u00f3rias da Vila Tib\u00e9rio\u201d, e a produtora cultural Juliana Petrucelli ir\u00e3o acompanhar os participantes entre os pontos de visita\u00e7\u00e3o, como a Escola Sinh\u00e1 Junqueira, o Santu\u00e1rio Nossa Senhora do Ros\u00e1rio, Lar Santana e a F\u00e1brica da Cervejaria Ant\u00e1rtica, entre outros.<\/p>\n<h2 class=\"wp-block-heading\"><strong>Servi\u00e7o<\/strong><\/h2>\n<p><em>Caminhada cultural \u2013 \u201cAs Mem\u00f3rias da Vila Tib\u00e9rio\u201d<\/em><\/p>\n<p><strong>Quando:<\/strong> Domingo, dia 3 de agosto<br \/><strong>Hor\u00e1rio:<\/strong> \u00c0s 9h<br \/><strong>Ponto de encontro:<\/strong> Pra\u00e7a Cora\u00e7\u00e3o de Maria \u2013 Rua Martinico Prado, 599 (em frente \u00e0 Igreja Nossa Senhora do Ros\u00e1rio)<br \/><strong>Inscri\u00e7\u00f5es:<\/strong> <a href=\"https:\/\/docs.google.com\/forms\/d\/e\/1FAIpQLSfsS8Z38gkYBrtCOMofkvEtC28kAymyG71N2pRSzGBOEZvSIg\/viewform\" data-type=\"link\" data-id=\"https:\/\/docs.google.com\/forms\/d\/e\/1FAIpQLSfsS8Z38gkYBrtCOMofkvEtC28kAymyG71N2pRSzGBOEZvSIg\/viewform\" target=\"_blank\" rel=\"noopener\">Clique aqui<\/a><br \/><strong>Informa\u00e7\u00f5es:<\/strong> (16) 99283-1485 (WhatsApp) e <a href=\"https:\/\/www.instagram.com\/ecosdopassado30\/\" data-type=\"link\" data-id=\"https:\/\/www.instagram.com\/ecosdopassado30\/\" target=\"_blank\" rel=\"noopener\">@ecosdopassado30<\/a><br \/>Evento gratuito com contribui\u00e7\u00e3o volunt\u00e1ria<\/p>\n<p>SAIBA MAIS<\/p>\n<p>PF apreende d\u00f3lares e armas em opera\u00e7\u00e3o com alvos em Ribeir\u00e3o Preto e Jardin\u00f3polis<\/p>\n<h3 class=\"wp-block-heading\"><strong>FIQUE ON<\/strong><\/h3>\n<p>Quer ficar por dentro de tudo que acontece em Ribeir\u00e3o Preto e regi\u00e3o? Ent\u00e3o siga os perfis do\u202facidade on\u202fno\u202f<a href=\"https:\/\/www.instagram.com\/acidadeonribeirao\" target=\"_blank\" rel=\"noreferrer noopener\">Instagram<\/a>\u202fe no\u202f<a href=\"https:\/\/www.facebook.com\/acidadeonribeirao\/\" target=\"_blank\" rel=\"noreferrer noopener\">Facebook<\/a>.<\/p>\n<p>Al\u00e9m disso, voc\u00ea pode receber as principais not\u00edcias diretamente no WhatsApp. Para isso, basta\u00a0<a href=\"https:\/\/chat.whatsapp.com\/BjKQZ9oJwlz8VVT50NuePq\" target=\"_blank\" rel=\"noreferrer noopener\">entrar no grupo clicando aqui<\/a>.<\/p>\n<p>Por fim, se quiser fazer uma den\u00fancia ou sugerir uma reportagem sobre Ribeir\u00e3o Preto e regi\u00e3o, envie uma mensagem pelo WhatsApp: (16) 99117-7802.<\/p>\n<p>VEJA TAMB\u00c9M<\/p>\n<p>O que \u00e9 o Mapa da Fome da ONU?<\/p>\n<p><!-- AI CONTENT END 1 -->\n<\/div>\n<p><script async src=\"\/\/www.instagram.com\/embed.js\"><\/script><br \/>\n<br \/><br \/>\n<br \/><a href=\"https:\/\/www.acidadeon.com\/ribeiraopreto\/lazer-e-cultura\/vila-tiberio-recebe-caminhada-cultural-gratuita-em-ribeirao-preto-veja-como-participar\/\">Source link <\/a><\/p>\n<!-- CONTENT END 1 -->\n","protected":false},"excerpt":{"rendered":"<p>A Vila Tib\u00e9rio, tradicional bairro na zona Oeste de Ribeir\u00e3o Preto, recebe no pr\u00f3ximo domingo (3), \u00e0s 9h, uma caminhada cultural gratuita aberta ao p\u00fablico&#8230;<\/p>\n","protected":false},"author":1,"featured_media":74783,"comment_status":"open","ping_status":"open","sticky":false,"template":"","format":"standard","meta":{"advanced_seo_description":"","jetpack_seo_html_title":"","jetpack_seo_noindex":false,"jetpack_post_was_ever_published":false,"_jetpack_newsletter_access":"","_jetpack_dont_email_post_to_subs":false,"_jetpack_newsletter_tier_id":0,"_jetpack_memberships_contains_paywalled_content":false,"_jetpack_memberships_contains_paid_content":false,"footnotes":"","jetpack_publicize_message":"","jetpack_publicize_feature_enabled":true,"jetpack_social_post_already_shared":true,"jetpack_social_options":{"image_generator_settings":{"template":"highway","default_image_id":0,"font":"","enabled":false},"version":2}},"categories":[11],"tags":[],"class_list":["post-74782","post","type-post","status-publish","format-standard","has-post-thumbnail","hentry","category-noticias-de-ribeirao-preto-sp-e-regiao-ismael-colosi"],"jetpack_publicize_connections":[],"jetpack_featured_media_url":"https:\/\/i0.wp.com\/noticiasribeiraopreto.com.br\/wp-content\/uploads\/2025\/07\/caminhada-cultural_2025-07-29_11-40-53.webp.webp?fit=1200%2C823&ssl=1","jetpack-related-posts":[{"id":77359,"url":"https:\/\/noticiasribeiraopreto.com.br\/index.php\/2025\/09\/16\/caminhada-cultural-resgata-historia-e-memoria-de-tradicional-bairro-da-zona-oeste-de-ribeirao\/","url_meta":{"origin":74782,"position":0},"title":"Caminhada cultural resgata hist\u00f3ria e mem\u00f3ria de tradicional bairro da zona Oeste de Ribeir\u00e3o","author":"noticiasribeiraopreto.com.br","date":"16 de September de 2025","format":false,"excerpt":"Ribeir\u00e3o Preto ser\u00e1 palco de uma nova atividade que une hist\u00f3ria, cultura e mem\u00f3ria neste domingo (21). Trata-se da caminhada cultural \u201cAs Mem\u00f3rias da Vila Tib\u00e9rio\u201d, tradicional bairro da zona Oeste do munic\u00edpio. A iniciativa busca promover a imers\u00e3o no passado da cidade por meio de um percurso guiado pela\u2026","rel":"","context":"In &quot;Not\u00edcias de Ribeir\u00e3o Preto-SP e Regi\u00e3o&quot;","block_context":{"text":"Not\u00edcias de Ribeir\u00e3o Preto-SP e Regi\u00e3o","link":"https:\/\/noticiasribeiraopreto.com.br\/index.php\/category\/noticias-de-ribeirao-preto-sp-e-regiao-ismael-colosi\/"},"img":{"alt_text":"","src":"https:\/\/i0.wp.com\/noticiasribeiraopreto.com.br\/wp-content\/uploads\/2025\/09\/Copia-de-Copia-de-Copia-de-TAMANHO-EXATO-PARA-FOTOS-NO-SISTEMA-NOVO-2025-06-09T145425.280_2025-06-09_17-54-54.webp.webp?fit=1200%2C675&ssl=1&resize=350%2C200","width":350,"height":200,"srcset":"https:\/\/i0.wp.com\/noticiasribeiraopreto.com.br\/wp-content\/uploads\/2025\/09\/Copia-de-Copia-de-Copia-de-TAMANHO-EXATO-PARA-FOTOS-NO-SISTEMA-NOVO-2025-06-09T145425.280_2025-06-09_17-54-54.webp.webp?fit=1200%2C675&ssl=1&resize=350%2C200 1x, https:\/\/i0.wp.com\/noticiasribeiraopreto.com.br\/wp-content\/uploads\/2025\/09\/Copia-de-Copia-de-Copia-de-TAMANHO-EXATO-PARA-FOTOS-NO-SISTEMA-NOVO-2025-06-09T145425.280_2025-06-09_17-54-54.webp.webp?fit=1200%2C675&ssl=1&resize=525%2C300 1.5x, https:\/\/i0.wp.com\/noticiasribeiraopreto.com.br\/wp-content\/uploads\/2025\/09\/Copia-de-Copia-de-Copia-de-TAMANHO-EXATO-PARA-FOTOS-NO-SISTEMA-NOVO-2025-06-09T145425.280_2025-06-09_17-54-54.webp.webp?fit=1200%2C675&ssl=1&resize=700%2C400 2x, https:\/\/i0.wp.com\/noticiasribeiraopreto.com.br\/wp-content\/uploads\/2025\/09\/Copia-de-Copia-de-Copia-de-TAMANHO-EXATO-PARA-FOTOS-NO-SISTEMA-NOVO-2025-06-09T145425.280_2025-06-09_17-54-54.webp.webp?fit=1200%2C675&ssl=1&resize=1050%2C600 3x"},"classes":[]},{"id":81441,"url":"https:\/\/noticiasribeiraopreto.com.br\/index.php\/2026\/01\/06\/visita-guiada-gratuita-apresenta-historia-da-vila-tiberio-aos-moradores-de-ribeirao-preto\/","url_meta":{"origin":74782,"position":1},"title":"Visita guiada gratuita apresenta hist\u00f3ria da Vila Tib\u00e9rio aos moradores de Ribeir\u00e3o Preto","author":"noticiasribeiraopreto.com.br","date":"6 de January de 2026","format":false,"excerpt":"No dia 18 de janeiro, Ribeir\u00e3o Preto recebe o Walking Tour Mem\u00f3rias da Vila Tib\u00e9rio, iniciativa que prop\u00f5e uma imers\u00e3o na hist\u00f3ria de um dos bairros mais tradicionais do munic\u00edpio. A atividade contar\u00e1 com apresenta\u00e7\u00e3o do professor Felipe Souza e coordena\u00e7\u00e3o da produtora cultural Juliana Petrucelli. Vila Tib\u00e9rio Considerada um\u2026","rel":"","context":"In &quot;Not\u00edcias de Ribeir\u00e3o Preto-SP e Regi\u00e3o&quot;","block_context":{"text":"Not\u00edcias de Ribeir\u00e3o Preto-SP e Regi\u00e3o","link":"https:\/\/noticiasribeiraopreto.com.br\/index.php\/category\/noticias-de-ribeirao-preto-sp-e-regiao-ismael-colosi\/"},"img":{"alt_text":"","src":"https:\/\/i0.wp.com\/noticiasribeiraopreto.com.br\/wp-content\/uploads\/2025\/07\/caminhada-cultural_2025-07-29_11-40-53.webp.webp?fit=1200%2C823&ssl=1&resize=350%2C200","width":350,"height":200,"srcset":"https:\/\/i0.wp.com\/noticiasribeiraopreto.com.br\/wp-content\/uploads\/2025\/07\/caminhada-cultural_2025-07-29_11-40-53.webp.webp?fit=1200%2C823&ssl=1&resize=350%2C200 1x, https:\/\/i0.wp.com\/noticiasribeiraopreto.com.br\/wp-content\/uploads\/2025\/07\/caminhada-cultural_2025-07-29_11-40-53.webp.webp?fit=1200%2C823&ssl=1&resize=525%2C300 1.5x, https:\/\/i0.wp.com\/noticiasribeiraopreto.com.br\/wp-content\/uploads\/2025\/07\/caminhada-cultural_2025-07-29_11-40-53.webp.webp?fit=1200%2C823&ssl=1&resize=700%2C400 2x, https:\/\/i0.wp.com\/noticiasribeiraopreto.com.br\/wp-content\/uploads\/2025\/07\/caminhada-cultural_2025-07-29_11-40-53.webp.webp?fit=1200%2C823&ssl=1&resize=1050%2C600 3x"},"classes":[]},{"id":79776,"url":"https:\/\/noticiasribeiraopreto.com.br\/index.php\/2025\/11\/07\/ribeirao-preto-recebe-edicao-especial-de-caminhada-com-resgate-de-memorias-da-vila-tiberio\/","url_meta":{"origin":74782,"position":2},"title":"Ribeir\u00e3o Preto recebe edi\u00e7\u00e3o especial de caminhada com resgate de mem\u00f3rias da Vila Tib\u00e9rio","author":"noticiasribeiraopreto.com.br","date":"7 de November de 2025","format":false,"excerpt":"Ribeir\u00e3o Preto recebe no pr\u00f3ximo domingo (9) uma edi\u00e7\u00e3o especial da caminhada urbana para explorar as ruas da tradicional Vila Tib\u00e9rio, por meio da mem\u00f3ria afetiva e do patrim\u00f4nio cultural. A participa\u00e7\u00e3o \u00e9 gratuita, com inscri\u00e7\u00e3o on-line (clique aqui). Esta edi\u00e7\u00e3o ter\u00e1 a apresenta\u00e7\u00e3o da hist\u00f3ria \u201cLulu, a Casa Abandonada\u2026","rel":"","context":"In &quot;Not\u00edcias de Ribeir\u00e3o Preto-SP e Regi\u00e3o&quot;","block_context":{"text":"Not\u00edcias de Ribeir\u00e3o Preto-SP e Regi\u00e3o","link":"https:\/\/noticiasribeiraopreto.com.br\/index.php\/category\/noticias-de-ribeirao-preto-sp-e-regiao-ismael-colosi\/"},"img":{"alt_text":"","src":"https:\/\/i0.wp.com\/noticiasribeiraopreto.com.br\/wp-content\/uploads\/2025\/07\/caminhada-cultural_2025-07-29_11-40-53.webp.webp?fit=1200%2C823&ssl=1&resize=350%2C200","width":350,"height":200,"srcset":"https:\/\/i0.wp.com\/noticiasribeiraopreto.com.br\/wp-content\/uploads\/2025\/07\/caminhada-cultural_2025-07-29_11-40-53.webp.webp?fit=1200%2C823&ssl=1&resize=350%2C200 1x, https:\/\/i0.wp.com\/noticiasribeiraopreto.com.br\/wp-content\/uploads\/2025\/07\/caminhada-cultural_2025-07-29_11-40-53.webp.webp?fit=1200%2C823&ssl=1&resize=525%2C300 1.5x, https:\/\/i0.wp.com\/noticiasribeiraopreto.com.br\/wp-content\/uploads\/2025\/07\/caminhada-cultural_2025-07-29_11-40-53.webp.webp?fit=1200%2C823&ssl=1&resize=700%2C400 2x, https:\/\/i0.wp.com\/noticiasribeiraopreto.com.br\/wp-content\/uploads\/2025\/07\/caminhada-cultural_2025-07-29_11-40-53.webp.webp?fit=1200%2C823&ssl=1&resize=1050%2C600 3x"},"classes":[]},{"id":44844,"url":"https:\/\/noticiasribeiraopreto.com.br\/index.php\/2024\/03\/31\/saiba-quais-igrejas-ainda-possuem-missas-neste-domingo-de-pascoa-em-ribeirao-preto\/","url_meta":{"origin":74782,"position":3},"title":"Saiba quais igrejas ainda possuem missas neste domingo de P\u00e1scoa em Ribeir\u00e3o Preto","author":"noticiasribeiraopreto.com.br","date":"31 de March de 2024","format":false,"excerpt":"Ainda d\u00e1 tempo de participar de alguma das missas em celebra\u00e7\u00e3o \u00e0 ressurrei\u00e7\u00e3o de Jesus Cristo, neste domingo (31), em Ribeir\u00e3o Preto. A programa\u00e7\u00e3o da Semana Santa teve in\u00edcio na \u00faltima ter\u00e7a (26), com a missa das Sete Dores de Nossa Senhora. Na quinta (28), foi dia da Ceia do\u2026","rel":"","context":"In &quot;Not\u00edcias de Ribeir\u00e3o Preto-SP e Regi\u00e3o&quot;","block_context":{"text":"Not\u00edcias de Ribeir\u00e3o Preto-SP e Regi\u00e3o","link":"https:\/\/noticiasribeiraopreto.com.br\/index.php\/category\/noticias-de-ribeirao-preto-sp-e-regiao-ismael-colosi\/"},"img":{"alt_text":"","src":"https:\/\/i0.wp.com\/noticiasribeiraopreto.com.br\/wp-content\/uploads\/2024\/03\/catedral_ribeirao_1024x576_15082020124433.jpg?fit=1024%2C576&ssl=1&resize=350%2C200","width":350,"height":200,"srcset":"https:\/\/i0.wp.com\/noticiasribeiraopreto.com.br\/wp-content\/uploads\/2024\/03\/catedral_ribeirao_1024x576_15082020124433.jpg?fit=1024%2C576&ssl=1&resize=350%2C200 1x, https:\/\/i0.wp.com\/noticiasribeiraopreto.com.br\/wp-content\/uploads\/2024\/03\/catedral_ribeirao_1024x576_15082020124433.jpg?fit=1024%2C576&ssl=1&resize=525%2C300 1.5x, https:\/\/i0.wp.com\/noticiasribeiraopreto.com.br\/wp-content\/uploads\/2024\/03\/catedral_ribeirao_1024x576_15082020124433.jpg?fit=1024%2C576&ssl=1&resize=700%2C400 2x"},"classes":[]},{"id":71733,"url":"https:\/\/noticiasribeiraopreto.com.br\/index.php\/2025\/06\/09\/caminhada-cultural-resgata-historia-e-memoria-de-bairro-tradicional-de-ribeirao-preto\/","url_meta":{"origin":74782,"position":4},"title":"Caminhada cultural resgata hist\u00f3ria e mem\u00f3ria de bairro tradicional de Ribeir\u00e3o Preto","author":"noticiasribeiraopreto.com.br","date":"9 de June de 2025","format":false,"excerpt":"No dia 22 de junho, Ribeir\u00e3o Preto recebe a caminhada cultural \u201cAs Mem\u00f3rias da Vila Tib\u00e9rio\u201d, com a participa\u00e7\u00e3o do professor Felipe Souza e da produtora cultural Juliana Petrucelli. A atividade tem como objetivo destacar a import\u00e2ncia hist\u00f3rica e urbana do bairro Vila Tib\u00e9rio, um dos mais antigos do munic\u00edpio.\u2026","rel":"","context":"In &quot;Not\u00edcias de Ribeir\u00e3o Preto-SP e Regi\u00e3o&quot;","block_context":{"text":"Not\u00edcias de Ribeir\u00e3o Preto-SP e Regi\u00e3o","link":"https:\/\/noticiasribeiraopreto.com.br\/index.php\/category\/noticias-de-ribeirao-preto-sp-e-regiao-ismael-colosi\/"},"img":{"alt_text":"","src":"https:\/\/i0.wp.com\/noticiasribeiraopreto.com.br\/wp-content\/uploads\/2025\/06\/Copia-de-Copia-de-Copia-de-TAMANHO-EXATO-PARA-FOTOS-NO-SISTEMA-NOVO-2025-06-09T145425.280_2025-06-09_17-54-54.webp.webp?fit=1200%2C675&ssl=1&resize=350%2C200","width":350,"height":200,"srcset":"https:\/\/i0.wp.com\/noticiasribeiraopreto.com.br\/wp-content\/uploads\/2025\/06\/Copia-de-Copia-de-Copia-de-TAMANHO-EXATO-PARA-FOTOS-NO-SISTEMA-NOVO-2025-06-09T145425.280_2025-06-09_17-54-54.webp.webp?fit=1200%2C675&ssl=1&resize=350%2C200 1x, https:\/\/i0.wp.com\/noticiasribeiraopreto.com.br\/wp-content\/uploads\/2025\/06\/Copia-de-Copia-de-Copia-de-TAMANHO-EXATO-PARA-FOTOS-NO-SISTEMA-NOVO-2025-06-09T145425.280_2025-06-09_17-54-54.webp.webp?fit=1200%2C675&ssl=1&resize=525%2C300 1.5x, https:\/\/i0.wp.com\/noticiasribeiraopreto.com.br\/wp-content\/uploads\/2025\/06\/Copia-de-Copia-de-Copia-de-TAMANHO-EXATO-PARA-FOTOS-NO-SISTEMA-NOVO-2025-06-09T145425.280_2025-06-09_17-54-54.webp.webp?fit=1200%2C675&ssl=1&resize=700%2C400 2x, https:\/\/i0.wp.com\/noticiasribeiraopreto.com.br\/wp-content\/uploads\/2025\/06\/Copia-de-Copia-de-Copia-de-TAMANHO-EXATO-PARA-FOTOS-NO-SISTEMA-NOVO-2025-06-09T145425.280_2025-06-09_17-54-54.webp.webp?fit=1200%2C675&ssl=1&resize=1050%2C600 3x"},"classes":[]},{"id":78495,"url":"https:\/\/noticiasribeiraopreto.com.br\/index.php\/2025\/10\/11\/tudo-o-que-voce-precisa-saber-sobre-a-romaria-de-nossa-senhora-em-ribeirao-preto\/","url_meta":{"origin":74782,"position":5},"title":"Tudo o que voc\u00ea precisa saber sobre a Romaria de Nossa Senhora em Ribeir\u00e3o Preto","author":"noticiasribeiraopreto.com.br","date":"11 de October de 2025","format":false,"excerpt":"Ribeir\u00e3o Preto realiza neste domingo (12) a 54\u00aa Romaria de Nossa Senhora Aparecida, reunindo fi\u00e9is em uma tradi\u00e7\u00e3o religiosa que acontece anualmente na cidade. A celebra\u00e7\u00e3o homenageia a santa considerada a Padroeira do Brasil. A caminhada A caminhada de\u00a012 quil\u00f4metros\u00a0ter\u00e1 in\u00edcio no estacionamento em frente \u00e0\u00a0C\u00e2mara Municipal, com concentra\u00e7\u00e3o \u00e0s\u2026","rel":"","context":"In &quot;Not\u00edcias de Ribeir\u00e3o Preto-SP e Regi\u00e3o&quot;","block_context":{"text":"Not\u00edcias de Ribeir\u00e3o Preto-SP e Regi\u00e3o","link":"https:\/\/noticiasribeiraopreto.com.br\/index.php\/category\/noticias-de-ribeirao-preto-sp-e-regiao-ismael-colosi\/"},"img":{"alt_text":"","src":"https:\/\/i0.wp.com\/noticiasribeiraopreto.com.br\/wp-content\/uploads\/2025\/10\/Copia-de-Copia-de-Copia-de-TAMANHO-EXATO-PARA-FOTOS-NO-SISTEMA-NOVO-8_2024-10-07_21-43-02_png_2024-10-07_21-43-03.webp.webp?fit=1200%2C675&ssl=1&resize=350%2C200","width":350,"height":200,"srcset":"https:\/\/i0.wp.com\/noticiasribeiraopreto.com.br\/wp-content\/uploads\/2025\/10\/Copia-de-Copia-de-Copia-de-TAMANHO-EXATO-PARA-FOTOS-NO-SISTEMA-NOVO-8_2024-10-07_21-43-02_png_2024-10-07_21-43-03.webp.webp?fit=1200%2C675&ssl=1&resize=350%2C200 1x, https:\/\/i0.wp.com\/noticiasribeiraopreto.com.br\/wp-content\/uploads\/2025\/10\/Copia-de-Copia-de-Copia-de-TAMANHO-EXATO-PARA-FOTOS-NO-SISTEMA-NOVO-8_2024-10-07_21-43-02_png_2024-10-07_21-43-03.webp.webp?fit=1200%2C675&ssl=1&resize=525%2C300 1.5x, https:\/\/i0.wp.com\/noticiasribeiraopreto.com.br\/wp-content\/uploads\/2025\/10\/Copia-de-Copia-de-Copia-de-TAMANHO-EXATO-PARA-FOTOS-NO-SISTEMA-NOVO-8_2024-10-07_21-43-02_png_2024-10-07_21-43-03.webp.webp?fit=1200%2C675&ssl=1&resize=700%2C400 2x, https:\/\/i0.wp.com\/noticiasribeiraopreto.com.br\/wp-content\/uploads\/2025\/10\/Copia-de-Copia-de-Copia-de-TAMANHO-EXATO-PARA-FOTOS-NO-SISTEMA-NOVO-8_2024-10-07_21-43-02_png_2024-10-07_21-43-03.webp.webp?fit=1200%2C675&ssl=1&resize=1050%2C600 3x"},"classes":[]}],"jetpack_sharing_enabled":true,"jetpack_shortlink":"https:\/\/wp.me\/peQAOb-jsa","_links":{"self":[{"href":"https:\/\/noticiasribeiraopreto.com.br\/index.php\/wp-json\/wp\/v2\/posts\/74782","targetHints":{"allow":["GET"]}}],"collection":[{"href":"https:\/\/noticiasribeiraopreto.com.br\/index.php\/wp-json\/wp\/v2\/posts"}],"about":[{"href":"https:\/\/noticiasribeiraopreto.com.br\/index.php\/wp-json\/wp\/v2\/types\/post"}],"author":[{"embeddable":true,"href":"https:\/\/noticiasribeiraopreto.com.br\/index.php\/wp-json\/wp\/v2\/users\/1"}],"replies":[{"embeddable":true,"href":"https:\/\/noticiasribeiraopreto.com.br\/index.php\/wp-json\/wp\/v2\/comments?post=74782"}],"version-history":[{"count":0,"href":"https:\/\/noticiasribeiraopreto.com.br\/index.php\/wp-json\/wp\/v2\/posts\/74782\/revisions"}],"wp:featuredmedia":[{"embeddable":true,"href":"https:\/\/noticiasribeiraopreto.com.br\/index.php\/wp-json\/wp\/v2\/media\/74783"}],"wp:attachment":[{"href":"https:\/\/noticiasribeiraopreto.com.br\/index.php\/wp-json\/wp\/v2\/media?parent=74782"}],"wp:term":[{"taxonomy":"category","embeddable":true,"href":"https:\/\/noticiasribeiraopreto.com.br\/index.php\/wp-json\/wp\/v2\/categories?post=74782"},{"taxonomy":"post_tag","embeddable":true,"href":"https:\/\/noticiasribeiraopreto.com.br\/index.php\/wp-json\/wp\/v2\/tags?post=74782"}],"curies":[{"name":"wp","href":"https:\/\/api.w.org\/{rel}","templated":true}]}}