{"id":74784,"date":"2025-07-29T11:36:30","date_gmt":"2025-07-29T14:36:30","guid":{"rendered":"https:\/\/noticiasribeiraopreto.com.br\/index.php\/2025\/07\/29\/o-que-se-sabe-sobre-projeto-de-ligacao-por-trem-entre-ribeirao-preto-e-franca\/"},"modified":"2025-07-29T11:36:30","modified_gmt":"2025-07-29T14:36:30","slug":"o-que-se-sabe-sobre-projeto-de-ligacao-por-trem-entre-ribeirao-preto-e-franca","status":"publish","type":"post","link":"https:\/\/noticiasribeiraopreto.com.br\/index.php\/2025\/07\/29\/o-que-se-sabe-sobre-projeto-de-ligacao-por-trem-entre-ribeirao-preto-e-franca\/","title":{"rendered":"O que se sabe sobre projeto de liga\u00e7\u00e3o por trem entre Ribeir\u00e3o Preto e Franca"},"content":{"rendered":"<div class='code-block code-block-1' style='margin: 8px 0 8px auto; text-align: right; display: block; clear: both;'>\n<p><a href=\"https:\/\/wa.link\/vpicfd\"><img data-recalc-dims=\"1\" class=\"wp-image-4922\" style=\"aspect-ratio: 2.0253164556962027; width: 561px; height: auto;\" src=\"https:\/\/i0.wp.com\/ismaelcolosi.com.br\/wp-content\/uploads\/2023\/11\/grupo-de-empregos-whatsapp-e-facebook-ismael-colosi-vagas.jpg?ssl=1\" alt=\"\" \/><\/a><\/p>\n<!-- \/wp:image -->\n<\/div>\n<p> <br \/>\n<\/p>\n<div data-td-block-uid=\"tdi_95\">\n<div class=\"tdb-block-inner td-fix-index\">\n<p>A <strong>CPTM (Companhia Paulista de Trens Metropolitanos)<\/strong> informou que o concluiu o relat\u00f3rio t\u00e9cnico do Plano de A\u00e7\u00e3o S\u00e3o Paulo nos Trilhos: trechos Sorocaba-Mar\u00edlia e <strong>Ribeir\u00e3o Preto-Franca<\/strong>.<\/p>\n<p>De acordo com a empresa de capital misto, vinculada ao Governo de S\u00e3o Paulo, \u201co material foi elaborado para que os trechos sejam enquadrados enquanto<mark style=\"background-color:#fcb900\" class=\"has-inline-color has-black-color\"> \u00e1reas de potencial relev\u00e2ncia para elabora\u00e7\u00e3o de estudos de viabilidade de projetos de transporte<\/mark>\u201d.<\/p>\n<p>No entanto, a CPTM ressalta que as informa\u00e7\u00f5es que constam no relat\u00f3rio ainda podem sofrer altera\u00e7\u00f5es. O resultado do relat\u00f3rio n\u00e3o foi divulgado.<\/p>\n<h2 class=\"wp-block-heading\"><strong>O estudo<\/strong><\/h2>\n<p>Segundo relat\u00f3rio que consta no site da CPTM, tornaram-se objetos de estudo da companhia:<\/p>\n<ul class=\"wp-block-list\">\n<li>a expans\u00e3o da escala de servi\u00e7os de transporte sobre trilhos, a estrutura\u00e7\u00e3o de liga\u00e7\u00f5es regionais de passageiros, amplia\u00e7\u00e3o das alternativas de deslocamento e conectividade nas regi\u00f5es metropolitanas e administrativas no Estado de S\u00e3o Paulo, e proposi\u00e7\u00e3o da implanta\u00e7\u00e3o de novos servi\u00e7os intra e intermetropolitanos.<\/li>\n<\/ul>\n<h2 class=\"wp-block-heading\"><strong>SP Nos Trilhos<\/strong><\/h2>\n<p>No ano passado, o governador de S\u00e3o Paulo, <strong>Tarc\u00edsio de Freitas (REP)<\/strong>, anunciou o programa SP Nos Trilhos, e levantou a possibilidade da cria\u00e7\u00e3o de uma liga\u00e7\u00e3o de trem entre Sorocaba, Campinas e Ribeir\u00e3o Preto.<\/p>\n<p>O programa contava com mais de 40 propostas de inova\u00e7\u00e3o em mobilidade com Trens Intercidades (TICs), Ve\u00edculos Leves sobre Trilho (VLTs), trens urbanos e metr\u00f4. Ao todo, os projetos somam investimentos estimados em R$ 194 bilh\u00f5es e mais mil quil\u00f4metros de malha f\u00e9rrea.<\/p>\n<p>SAIBA MAIS<br \/>Massa de ar polar derruba as temperaturas; Veja previs\u00e3o para semana em Ribeir\u00e3o Preto<\/p>\n<h2 class=\"wp-block-heading\"><strong>FIQUE ON<\/strong><\/h2>\n<p>Fique ligado em tudo que acontece em Ribeir\u00e3o Preto e regi\u00e3o. Siga os perfis do\u00a0<strong>acidade on\u00a0<\/strong>no\u00a0<a href=\"https:\/\/www.instagram.com\/acidadeonribeirao\" target=\"_blank\" rel=\"noreferrer noopener\">Instagram<\/a>\u00a0e no\u00a0<a href=\"https:\/\/www.facebook.com\/acidadeonribeirao\/\" target=\"_blank\" rel=\"noreferrer noopener\">Facebook<\/a>.<\/p>\n<p>Receba not\u00edcias do<strong>\u00a0acidade on<\/strong>\u00a0no WhatsApp.\u00a0<a href=\"https:\/\/chat.whatsapp.com\/BjKQZ9oJwlz8VVT50NuePq\" target=\"_blank\" rel=\"noreferrer noopener\">Para entrar no grupo, basta clicar aqui.<\/a><\/p>\n<p>Fa\u00e7a uma den\u00fancia ou sugira uma reportagem sobre Ribeir\u00e3o Preto e regi\u00e3o pelo WhatsApp: 16 99117 7802.<\/p>\n<p>VEJA TAMB\u00c9M<br \/>O que um copo de suco de uva pode fazer pelo seu corpo?\u00a0<\/p>\n<p><!-- AI CONTENT END 1 -->\n<\/div>\n<\/div>\n<p><script async src=\"\/\/www.instagram.com\/embed.js\"><\/script><br \/>\n<br \/><br \/>\n<br \/><a href=\"https:\/\/www.acidadeon.com\/ribeiraopreto\/politica\/o-que-se-sabe-sobre-projeto-de-ligacao-por-trem-entre-ribeirao-preto-e-franca\/\">Source link <\/a><\/p>\n<!-- CONTENT END 1 -->\n","protected":false},"excerpt":{"rendered":"<p>A CPTM (Companhia Paulista de Trens Metropolitanos) informou que o concluiu o relat\u00f3rio t\u00e9cnico do Plano de A\u00e7\u00e3o S\u00e3o Paulo nos Trilhos: trechos Sorocaba-Mar\u00edlia e&#8230;<\/p>\n","protected":false},"author":1,"featured_media":74785,"comment_status":"open","ping_status":"open","sticky":false,"template":"","format":"standard","meta":{"advanced_seo_description":"","jetpack_seo_html_title":"","jetpack_seo_noindex":false,"jetpack_post_was_ever_published":false,"_jetpack_newsletter_access":"","_jetpack_dont_email_post_to_subs":false,"_jetpack_newsletter_tier_id":0,"_jetpack_memberships_contains_paywalled_content":false,"_jetpack_memberships_contains_paid_content":false,"footnotes":"","jetpack_publicize_message":"","jetpack_publicize_feature_enabled":true,"jetpack_social_post_already_shared":true,"jetpack_social_options":{"image_generator_settings":{"template":"highway","default_image_id":0,"font":"","enabled":false},"version":2}},"categories":[11],"tags":[],"class_list":["post-74784","post","type-post","status-publish","format-standard","has-post-thumbnail","hentry","category-noticias-de-ribeirao-preto-sp-e-regiao-ismael-colosi"],"jetpack_publicize_connections":[],"jetpack_featured_media_url":"https:\/\/i0.wp.com\/noticiasribeiraopreto.com.br\/wp-content\/uploads\/2025\/07\/trem-ribeirao-preto-franca_2025-07-29_13-59-11.webp.webp?fit=1200%2C799&ssl=1","jetpack-related-posts":[{"id":59693,"url":"https:\/\/noticiasribeiraopreto.com.br\/index.php\/2024\/10\/28\/o-que-se-sabe-sobre-possibilidade-do-trem-intercidades-em-ribeirao-preto\/","url_meta":{"origin":74784,"position":0},"title":"O que se sabe sobre possibilidade do Trem Intercidades em Ribeir\u00e3o Preto","author":"noticiasribeiraopreto.com.br","date":"28 de October de 2024","format":false,"excerpt":"Na semana passada, o governador de S\u00e3o Paulo, Tarc\u00edsio de Freitas (REP), voltou a falar sobre a possibilidade de estender o TIC (Trem Intercidades) at\u00e9 Ribeir\u00e3o Preto. No \u00faltimo m\u00eas de maio, o governo paulista j\u00e1 havia lan\u00e7ado o programa SP Nos Trilhos, que re\u00fane propostas de inova\u00e7\u00e3o em mobilidade.\u2026","rel":"","context":"In &quot;Not\u00edcias de Ribeir\u00e3o Preto-SP e Regi\u00e3o&quot;","block_context":{"text":"Not\u00edcias de Ribeir\u00e3o Preto-SP e Regi\u00e3o","link":"https:\/\/noticiasribeiraopreto.com.br\/index.php\/category\/noticias-de-ribeirao-preto-sp-e-regiao-ismael-colosi\/"},"img":{"alt_text":"","src":"https:\/\/i0.wp.com\/noticiasribeiraopreto.com.br\/wp-content\/uploads\/2024\/10\/trem_2024-10-28_20-37-59_jpg_2024-10-28_20-37-59.webp.webp?fit=979%2C534&ssl=1&resize=350%2C200","width":350,"height":200,"srcset":"https:\/\/i0.wp.com\/noticiasribeiraopreto.com.br\/wp-content\/uploads\/2024\/10\/trem_2024-10-28_20-37-59_jpg_2024-10-28_20-37-59.webp.webp?fit=979%2C534&ssl=1&resize=350%2C200 1x, https:\/\/i0.wp.com\/noticiasribeiraopreto.com.br\/wp-content\/uploads\/2024\/10\/trem_2024-10-28_20-37-59_jpg_2024-10-28_20-37-59.webp.webp?fit=979%2C534&ssl=1&resize=525%2C300 1.5x, https:\/\/i0.wp.com\/noticiasribeiraopreto.com.br\/wp-content\/uploads\/2024\/10\/trem_2024-10-28_20-37-59_jpg_2024-10-28_20-37-59.webp.webp?fit=979%2C534&ssl=1&resize=700%2C400 2x"},"classes":[]},{"id":39365,"url":"https:\/\/noticiasribeiraopreto.com.br\/index.php\/2024\/02\/25\/governo-paulista-vai-fazer-13-leiloes-este-ano\/","url_meta":{"origin":74784,"position":1},"title":"Governo paulista vai fazer 13 leil\u00f5es este ano","author":"noticiasribeiraopreto.com.br","date":"25 de February de 2024","format":false,"excerpt":"A partir do dia 29 de fevereiro o Governo do Estado de S\u00e3o Paulo inicia uma s\u00e9rie de leil\u00f5es que at\u00e9 o final do ano devem atingir 13 certames. O Trem Intercidades Eixo Norte, que ligar\u00e1 S\u00e3o Paulo a Campinas, ser\u00e1 o primeiro projeto a ser leiloado pelo Estado este\u2026","rel":"","context":"In &quot;Not\u00edcias de Ribeir\u00e3o Preto-SP e Regi\u00e3o&quot;","block_context":{"text":"Not\u00edcias de Ribeir\u00e3o Preto-SP e Regi\u00e3o","link":"https:\/\/noticiasribeiraopreto.com.br\/index.php\/category\/noticias-de-ribeirao-preto-sp-e-regiao-ismael-colosi\/"},"img":{"alt_text":"","src":"https:\/\/i0.wp.com\/noticiasribeiraopreto.com.br\/wp-content\/uploads\/2024\/02\/1-LEILOES-trem-intercidades-creditoreproducao.jpg?fit=696%2C392&ssl=1&resize=350%2C200","width":350,"height":200,"srcset":"https:\/\/i0.wp.com\/noticiasribeiraopreto.com.br\/wp-content\/uploads\/2024\/02\/1-LEILOES-trem-intercidades-creditoreproducao.jpg?fit=696%2C392&ssl=1&resize=350%2C200 1x, https:\/\/i0.wp.com\/noticiasribeiraopreto.com.br\/wp-content\/uploads\/2024\/02\/1-LEILOES-trem-intercidades-creditoreproducao.jpg?fit=696%2C392&ssl=1&resize=525%2C300 1.5x"},"classes":[]},{"id":60133,"url":"https:\/\/noticiasribeiraopreto.com.br\/index.php\/2024\/11\/06\/sp-lanca-programa-de-turismo-ferroviario-com-estacao-historica-de-ribeirao-preto\/","url_meta":{"origin":74784,"position":2},"title":"SP lan\u00e7a programa de turismo ferrovi\u00e1rio com esta\u00e7\u00e3o hist\u00f3rica de Ribeir\u00e3o Preto","author":"noticiasribeiraopreto.com.br","date":"6 de November de 2024","format":false,"excerpt":"O Governo de S\u00e3o Paulo lan\u00e7ou nesta quarta-feira (6) um novo programa de incentivo ao turismo ferrovi\u00e1rio que inclui o projeto de implanta\u00e7\u00e3o de uma malha ferrovi\u00e1ria tur\u00edstica em Ribeir\u00e3o Preto ligando a hist\u00f3rica esta\u00e7\u00e3o Barrac\u00e3o, no Ipiranga, a esta\u00e7\u00e3o Mogiana, em Franca. De acordo com a Secretaria de Turismo\u2026","rel":"","context":"In &quot;Not\u00edcias de Ribeir\u00e3o Preto-SP e Regi\u00e3o&quot;","block_context":{"text":"Not\u00edcias de Ribeir\u00e3o Preto-SP e Regi\u00e3o","link":"https:\/\/noticiasribeiraopreto.com.br\/index.php\/category\/noticias-de-ribeirao-preto-sp-e-regiao-ismael-colosi\/"},"img":{"alt_text":"","src":"https:\/\/i0.wp.com\/noticiasribeiraopreto.com.br\/wp-content\/uploads\/2024\/11\/estacao-barracao_2024-11-06_20-56-37_jpg_2024-11-06_20-56-37.webp.webp?fit=982%2C555&ssl=1&resize=350%2C200","width":350,"height":200,"srcset":"https:\/\/i0.wp.com\/noticiasribeiraopreto.com.br\/wp-content\/uploads\/2024\/11\/estacao-barracao_2024-11-06_20-56-37_jpg_2024-11-06_20-56-37.webp.webp?fit=982%2C555&ssl=1&resize=350%2C200 1x, https:\/\/i0.wp.com\/noticiasribeiraopreto.com.br\/wp-content\/uploads\/2024\/11\/estacao-barracao_2024-11-06_20-56-37_jpg_2024-11-06_20-56-37.webp.webp?fit=982%2C555&ssl=1&resize=525%2C300 1.5x, https:\/\/i0.wp.com\/noticiasribeiraopreto.com.br\/wp-content\/uploads\/2024\/11\/estacao-barracao_2024-11-06_20-56-37_jpg_2024-11-06_20-56-37.webp.webp?fit=982%2C555&ssl=1&resize=700%2C400 2x"},"classes":[]},{"id":11003,"url":"https:\/\/noticiasribeiraopreto.com.br\/index.php\/2023\/12\/05\/sp-vai-ouvir-a-populacao-sobre-trem-turistico-em-ribeirao-preto\/","url_meta":{"origin":74784,"position":3},"title":"SP vai ouvir a popula\u00e7\u00e3o sobre trem tur\u00edstico em Ribeir\u00e3o Preto","author":"noticiasribeiraopreto.com.br","date":"5 de December de 2023","format":false,"excerpt":"A Secretaria de Turismo e Viagens de S\u00e3o Paulo abriu uma audi\u00eancia p\u00fablica virtual para ouvir a popula\u00e7\u00e3o sobre o projeto do trem tur\u00edstico entre Ribeir\u00e3o Preto e Tamba\u00fa. Os interessados podem participar da consulta pela internet (clique aqui). De acordo com a pasta, a consulta tem o objetivo de\u2026","rel":"","context":"In &quot;Not\u00edcias de Ribeir\u00e3o Preto-SP e Regi\u00e3o&quot;","block_context":{"text":"Not\u00edcias de Ribeir\u00e3o Preto-SP e Regi\u00e3o","link":"https:\/\/noticiasribeiraopreto.com.br\/index.php\/category\/noticias-de-ribeirao-preto-sp-e-regiao-ismael-colosi\/"},"img":{"alt_text":"","src":"https:\/\/i0.wp.com\/noticiasribeiraopreto.com.br\/wp-content\/uploads\/2023\/12\/locomotiva-amalia.jpg?fit=1200%2C800&ssl=1&resize=350%2C200","width":350,"height":200,"srcset":"https:\/\/i0.wp.com\/noticiasribeiraopreto.com.br\/wp-content\/uploads\/2023\/12\/locomotiva-amalia.jpg?fit=1200%2C800&ssl=1&resize=350%2C200 1x, https:\/\/i0.wp.com\/noticiasribeiraopreto.com.br\/wp-content\/uploads\/2023\/12\/locomotiva-amalia.jpg?fit=1200%2C800&ssl=1&resize=525%2C300 1.5x, https:\/\/i0.wp.com\/noticiasribeiraopreto.com.br\/wp-content\/uploads\/2023\/12\/locomotiva-amalia.jpg?fit=1200%2C800&ssl=1&resize=700%2C400 2x, https:\/\/i0.wp.com\/noticiasribeiraopreto.com.br\/wp-content\/uploads\/2023\/12\/locomotiva-amalia.jpg?fit=1200%2C800&ssl=1&resize=1050%2C600 3x"},"classes":[]},{"id":16564,"url":"https:\/\/noticiasribeiraopreto.com.br\/index.php\/2023\/12\/15\/sp-aumenta-tarifa-do-metro-e-do-trem-2\/","url_meta":{"origin":74784,"position":4},"title":"SP aumenta tarifa do Metr\u00f4 e do Trem","author":"noticiasribeiraopreto.com.br","date":"15 de December de 2023","format":false,"excerpt":"O governo de S\u00e3o Paulo anunciou o aumento da tarifa de Metr\u00f4 e trens da CPTM (Companhia Paulista de Trens Metropolitanos). Os \u00f4nibus municipais, por\u00e9m, n\u00e3o ter\u00e3o reajuste, segundo a Prefeitura de S\u00e3o Paulo. A diverg\u00eancia na cobran\u00e7a pelo transporte p\u00fablico coletivo ocorre ap\u00f3s mais de uma d\u00e9cada de alinhamento\u2026","rel":"","context":"In &quot;Vagas de Emprego em Ribeir\u00e3o Preto-SP&quot;","block_context":{"text":"Vagas de Emprego em Ribeir\u00e3o Preto-SP","link":"https:\/\/noticiasribeiraopreto.com.br\/index.php\/category\/empregos-classificados-vagas-trabalho\/vagas-de-empregos-em-ribeirao-preto-regiao-brasil\/"},"img":{"alt_text":"","src":"https:\/\/i0.wp.com\/noticiasribeiraopreto.com.br\/wp-content\/uploads\/2023\/12\/metro_-_divulgacao.jpg?fit=1200%2C675&ssl=1&resize=350%2C200","width":350,"height":200,"srcset":"https:\/\/i0.wp.com\/noticiasribeiraopreto.com.br\/wp-content\/uploads\/2023\/12\/metro_-_divulgacao.jpg?fit=1200%2C675&ssl=1&resize=350%2C200 1x, https:\/\/i0.wp.com\/noticiasribeiraopreto.com.br\/wp-content\/uploads\/2023\/12\/metro_-_divulgacao.jpg?fit=1200%2C675&ssl=1&resize=525%2C300 1.5x, https:\/\/i0.wp.com\/noticiasribeiraopreto.com.br\/wp-content\/uploads\/2023\/12\/metro_-_divulgacao.jpg?fit=1200%2C675&ssl=1&resize=700%2C400 2x, https:\/\/i0.wp.com\/noticiasribeiraopreto.com.br\/wp-content\/uploads\/2023\/12\/metro_-_divulgacao.jpg?fit=1200%2C675&ssl=1&resize=1050%2C600 3x"},"classes":[]},{"id":12590,"url":"https:\/\/noticiasribeiraopreto.com.br\/index.php\/2023\/12\/08\/estado-abre-consulta-sobre-trem-turistico\/","url_meta":{"origin":74784,"position":5},"title":"Estado abre consulta sobre trem tur\u00edstico \u00a0","author":"noticiasribeiraopreto.com.br","date":"8 de December de 2023","format":false,"excerpt":"A Secretaria de Turismo e Viagens de S\u00e3o Paulo abriu audi\u00eancia p\u00fablica virtual para ouvir a popula\u00e7\u00e3o sobre a cria\u00e7\u00e3o de dez trens tur\u00edsticos na malha ferrovi\u00e1ria estadual, em trechos como Cruzeiro-Passa Quatro (MG) e Boituva \u2013 Laranjal Paulista, al\u00e9m de Ribeir\u00e3o Preto-Tamba\u00fa. A pesquisa ser\u00e1 realizada at\u00e9 o dia\u2026","rel":"","context":"In &quot;Not\u00edcias de Ribeir\u00e3o Preto-SP e Regi\u00e3o&quot;","block_context":{"text":"Not\u00edcias de Ribeir\u00e3o Preto-SP e Regi\u00e3o","link":"https:\/\/noticiasribeiraopreto.com.br\/index.php\/category\/noticias-de-ribeirao-preto-sp-e-regiao-ismael-colosi\/"},"img":{"alt_text":"","src":"https:\/\/i0.wp.com\/noticiasribeiraopreto.com.br\/wp-content\/uploads\/2023\/12\/trem-scaled.jpg?fit=967%2C645&ssl=1&resize=350%2C200","width":350,"height":200,"srcset":"https:\/\/i0.wp.com\/noticiasribeiraopreto.com.br\/wp-content\/uploads\/2023\/12\/trem-scaled.jpg?fit=967%2C645&ssl=1&resize=350%2C200 1x, https:\/\/i0.wp.com\/noticiasribeiraopreto.com.br\/wp-content\/uploads\/2023\/12\/trem-scaled.jpg?fit=967%2C645&ssl=1&resize=525%2C300 1.5x, https:\/\/i0.wp.com\/noticiasribeiraopreto.com.br\/wp-content\/uploads\/2023\/12\/trem-scaled.jpg?fit=967%2C645&ssl=1&resize=700%2C400 2x"},"classes":[]}],"jetpack_sharing_enabled":true,"jetpack_shortlink":"https:\/\/wp.me\/peQAOb-jsc","_links":{"self":[{"href":"https:\/\/noticiasribeiraopreto.com.br\/index.php\/wp-json\/wp\/v2\/posts\/74784","targetHints":{"allow":["GET"]}}],"collection":[{"href":"https:\/\/noticiasribeiraopreto.com.br\/index.php\/wp-json\/wp\/v2\/posts"}],"about":[{"href":"https:\/\/noticiasribeiraopreto.com.br\/index.php\/wp-json\/wp\/v2\/types\/post"}],"author":[{"embeddable":true,"href":"https:\/\/noticiasribeiraopreto.com.br\/index.php\/wp-json\/wp\/v2\/users\/1"}],"replies":[{"embeddable":true,"href":"https:\/\/noticiasribeiraopreto.com.br\/index.php\/wp-json\/wp\/v2\/comments?post=74784"}],"version-history":[{"count":0,"href":"https:\/\/noticiasribeiraopreto.com.br\/index.php\/wp-json\/wp\/v2\/posts\/74784\/revisions"}],"wp:featuredmedia":[{"embeddable":true,"href":"https:\/\/noticiasribeiraopreto.com.br\/index.php\/wp-json\/wp\/v2\/media\/74785"}],"wp:attachment":[{"href":"https:\/\/noticiasribeiraopreto.com.br\/index.php\/wp-json\/wp\/v2\/media?parent=74784"}],"wp:term":[{"taxonomy":"category","embeddable":true,"href":"https:\/\/noticiasribeiraopreto.com.br\/index.php\/wp-json\/wp\/v2\/categories?post=74784"},{"taxonomy":"post_tag","embeddable":true,"href":"https:\/\/noticiasribeiraopreto.com.br\/index.php\/wp-json\/wp\/v2\/tags?post=74784"}],"curies":[{"name":"wp","href":"https:\/\/api.w.org\/{rel}","templated":true}]}}