{"id":74788,"date":"2025-07-29T11:47:31","date_gmt":"2025-07-29T14:47:31","guid":{"rendered":"https:\/\/noticiasribeiraopreto.com.br\/index.php\/2025\/07\/29\/pf-apreende-dolares-e-armas-em-operacao-com-alvos-em-ribeirao-preto-e-jardinopolis\/"},"modified":"2025-07-29T11:47:31","modified_gmt":"2025-07-29T14:47:31","slug":"pf-apreende-dolares-e-armas-em-operacao-com-alvos-em-ribeirao-preto-e-jardinopolis","status":"publish","type":"post","link":"https:\/\/noticiasribeiraopreto.com.br\/index.php\/2025\/07\/29\/pf-apreende-dolares-e-armas-em-operacao-com-alvos-em-ribeirao-preto-e-jardinopolis\/","title":{"rendered":"PF apreende d\u00f3lares e armas em opera\u00e7\u00e3o com alvos em Ribeir\u00e3o Preto e Jardin\u00f3polis"},"content":{"rendered":"<div class='code-block code-block-1' style='margin: 8px 0 8px auto; text-align: right; display: block; clear: both;'>\n<p><a href=\"https:\/\/wa.link\/vpicfd\"><img data-recalc-dims=\"1\" class=\"wp-image-4922\" style=\"aspect-ratio: 2.0253164556962027; width: 561px; height: auto;\" src=\"https:\/\/i0.wp.com\/ismaelcolosi.com.br\/wp-content\/uploads\/2023\/11\/grupo-de-empregos-whatsapp-e-facebook-ismael-colosi-vagas.jpg?ssl=1\" alt=\"\" \/><\/a><\/p>\n<!-- \/wp:image -->\n<\/div>\n<p> <br \/>\n<\/p>\n<div data-td-block-uid=\"tdi_95\">\n<div class=\"tdb-block-inner td-fix-index\">\n<p><strong>A PF (Pol\u00edcia Federal) e o Gaeco (Grupo de Atua\u00e7\u00e3o Especial de Combate ao Crime Organizado) deflagraram nesta ter\u00e7a-feira (29) a opera\u00e7\u00e3o Navalha contra suspeitos de integrar uma quadrilha de lavagem de dinheiro do tr\u00e1fico de drogas.<\/strong><\/p>\n<p><mark style=\"background-color:#fcb900\" class=\"has-inline-color has-black-color\">Segundo a PF, foram cumpridos dois mandados de pris\u00e3o tempor\u00e1ria e 13 de busca e apreens\u00e3o nas cidades de Bauru, Ribeir\u00e3o Preto, Araraquara, Agudos e Jardin\u00f3polis.<\/mark><\/p>\n<p>A pol\u00edcia disse que prendeu os l\u00edderes de uma organiza\u00e7\u00e3o criminosa e apreendeu aproximadamente um R$ 1 milh\u00e3o em dinheiro, sendo parte em d\u00f3lar, armas de fogo, ve\u00edculos de luxo, joias, documentos, aparelhos de telefone celular e computadores. Os endere\u00e7os, contudo, n\u00e3o foram informados.<\/p>\n<p>A Justi\u00e7a Estadual de Bauru determinou o sequestro de bens no valor de R$ 20 milh\u00f5es, como casas de alto padr\u00e3o e terrenos em condom\u00ednios de luxo em Bauru e Araraquara, al\u00e9m de \u00e1reas rurais em Agudos.<\/p>\n<p>Conforme a PF, a investiga\u00e7\u00e3o prossegue para identificar outros envolvidos.<\/p>\n<p><!-- AI CONTENT END 1 -->\n<\/div>\n<\/div>\n<p><br \/>\n<br \/><a href=\"https:\/\/www.acidadeon.com\/ribeiraopreto\/cotidiano\/pf-apreende-dolares-e-armas-em-operacao-com-alvos-em-ribeirao-preto-e-jardinopolis\/\">Source link <\/a><\/p>\n<!-- CONTENT END 1 -->\n","protected":false},"excerpt":{"rendered":"<p>A PF (Pol\u00edcia Federal) e o Gaeco (Grupo de Atua\u00e7\u00e3o Especial de Combate ao Crime Organizado) deflagraram nesta ter\u00e7a-feira (29) a opera\u00e7\u00e3o Navalha contra suspeitos&#8230;<\/p>\n","protected":false},"author":1,"featured_media":74789,"comment_status":"open","ping_status":"open","sticky":false,"template":"","format":"standard","meta":{"advanced_seo_description":"","jetpack_seo_html_title":"","jetpack_seo_noindex":false,"jetpack_post_was_ever_published":false,"_jetpack_newsletter_access":"","_jetpack_dont_email_post_to_subs":false,"_jetpack_newsletter_tier_id":0,"_jetpack_memberships_contains_paywalled_content":false,"_jetpack_memberships_contains_paid_content":false,"footnotes":"","jetpack_publicize_message":"","jetpack_publicize_feature_enabled":true,"jetpack_social_post_already_shared":true,"jetpack_social_options":{"image_generator_settings":{"template":"highway","default_image_id":0,"font":"","enabled":false},"version":2}},"categories":[11],"tags":[],"class_list":["post-74788","post","type-post","status-publish","format-standard","has-post-thumbnail","hentry","category-noticias-de-ribeirao-preto-sp-e-regiao-ismael-colosi"],"jetpack_publicize_connections":[],"jetpack_featured_media_url":"https:\/\/i0.wp.com\/noticiasribeiraopreto.com.br\/wp-content\/uploads\/2025\/07\/WhatsApp-Image-2025-07-29-at-10.03.45_2025-07-29_13-25-19.webp.webp?fit=1200%2C878&ssl=1","jetpack-related-posts":[{"id":74780,"url":"https:\/\/noticiasribeiraopreto.com.br\/index.php\/2025\/07\/29\/pf-e-gaeco-realizam-operacao-contra-crime-organizado\/","url_meta":{"origin":74788,"position":0},"title":"PF e Gaeco realizam opera\u00e7\u00e3o contra crime organizado","author":"noticiasribeiraopreto.com.br","date":"29 de July de 2025","format":false,"excerpt":"Opera\u00e7\u00e3o Navalha foi cumprida em cinco cidades, tr\u00eas das quais na regi\u00e3o 29 de julho de 2025 11:036 Compartilhar0 Por: Adalberto Luque A Pol\u00edcia Federal e o Grupo de Atua\u00e7\u00e3o Especial de Combate ao Crime Organizado (GAECO), com apoio da Pol\u00edcia Militar realizaram, na manh\u00e3 desta ter\u00e7a-feira (29) a Opera\u00e7\u00e3o\u2026","rel":"","context":"In &quot;Not\u00edcias de Ribeir\u00e3o Preto-SP e Regi\u00e3o&quot;","block_context":{"text":"Not\u00edcias de Ribeir\u00e3o Preto-SP e Regi\u00e3o","link":"https:\/\/noticiasribeiraopreto.com.br\/index.php\/category\/noticias-de-ribeirao-preto-sp-e-regiao-ismael-colosi\/"},"img":{"alt_text":"","src":"https:\/\/i0.wp.com\/noticiasribeiraopreto.com.br\/wp-content\/uploads\/2025\/07\/29-jul-2025-operacaonavalha2.jpg?fit=1013%2C768&ssl=1&resize=350%2C200","width":350,"height":200,"srcset":"https:\/\/i0.wp.com\/noticiasribeiraopreto.com.br\/wp-content\/uploads\/2025\/07\/29-jul-2025-operacaonavalha2.jpg?fit=1013%2C768&ssl=1&resize=350%2C200 1x, https:\/\/i0.wp.com\/noticiasribeiraopreto.com.br\/wp-content\/uploads\/2025\/07\/29-jul-2025-operacaonavalha2.jpg?fit=1013%2C768&ssl=1&resize=525%2C300 1.5x, https:\/\/i0.wp.com\/noticiasribeiraopreto.com.br\/wp-content\/uploads\/2025\/07\/29-jul-2025-operacaonavalha2.jpg?fit=1013%2C768&ssl=1&resize=700%2C400 2x"},"classes":[]},{"id":50400,"url":"https:\/\/noticiasribeiraopreto.com.br\/index.php\/2024\/05\/16\/pf-de-ribeirao-faz-operacao-contra-lavagem-de-dinheiro-do-trafico-de-drogas-e-contrabando\/","url_meta":{"origin":74788,"position":1},"title":"PF de Ribeir\u00e3o faz opera\u00e7\u00e3o contra lavagem de dinheiro do tr\u00e1fico de drogas e contrabando","author":"noticiasribeiraopreto.com.br","date":"16 de May de 2024","format":false,"excerpt":"A PF (Pol\u00edcia Federal) de Ribeir\u00e3o Preto deflagrou nesta quinta-feira (16) a opera\u00e7\u00e3o Pallium contra uma quadrilha suspeita de integrar em um esquema de lavagem de dinheiro do tr\u00e1fico de drogas e de contrabando. Segundo a PF, s\u00e3o cumpridos 20 mandados de busca em dez cidades localizadas nos estados de\u2026","rel":"","context":"In &quot;Not\u00edcias de Ribeir\u00e3o Preto-SP e Regi\u00e3o&quot;","block_context":{"text":"Not\u00edcias de Ribeir\u00e3o Preto-SP e Regi\u00e3o","link":"https:\/\/noticiasribeiraopreto.com.br\/index.php\/category\/noticias-de-ribeirao-preto-sp-e-regiao-ismael-colosi\/"},"img":{"alt_text":"","src":"https:\/\/i0.wp.com\/noticiasribeiraopreto.com.br\/wp-content\/uploads\/2024\/05\/WhatsApp-Image-2024-05-16-at-08.09.44_2024-05-16_12-05-48_jpeg_2024-05-16_12-05-48.webp.webp?fit=1200%2C554&ssl=1&resize=350%2C200","width":350,"height":200,"srcset":"https:\/\/i0.wp.com\/noticiasribeiraopreto.com.br\/wp-content\/uploads\/2024\/05\/WhatsApp-Image-2024-05-16-at-08.09.44_2024-05-16_12-05-48_jpeg_2024-05-16_12-05-48.webp.webp?fit=1200%2C554&ssl=1&resize=350%2C200 1x, https:\/\/i0.wp.com\/noticiasribeiraopreto.com.br\/wp-content\/uploads\/2024\/05\/WhatsApp-Image-2024-05-16-at-08.09.44_2024-05-16_12-05-48_jpeg_2024-05-16_12-05-48.webp.webp?fit=1200%2C554&ssl=1&resize=525%2C300 1.5x, https:\/\/i0.wp.com\/noticiasribeiraopreto.com.br\/wp-content\/uploads\/2024\/05\/WhatsApp-Image-2024-05-16-at-08.09.44_2024-05-16_12-05-48_jpeg_2024-05-16_12-05-48.webp.webp?fit=1200%2C554&ssl=1&resize=700%2C400 2x, https:\/\/i0.wp.com\/noticiasribeiraopreto.com.br\/wp-content\/uploads\/2024\/05\/WhatsApp-Image-2024-05-16-at-08.09.44_2024-05-16_12-05-48_jpeg_2024-05-16_12-05-48.webp.webp?fit=1200%2C554&ssl=1&resize=1050%2C600 3x"},"classes":[]},{"id":78692,"url":"https:\/\/noticiasribeiraopreto.com.br\/index.php\/2025\/10\/16\/operacao-da-pf-com-alvo-na-regiao-de-ribeirao-preto-apreende-ate-ferrari\/","url_meta":{"origin":74788,"position":2},"title":"Opera\u00e7\u00e3o da PF com alvo na regi\u00e3o de Ribeir\u00e3o Preto apreende at\u00e9 Ferrari","author":"noticiasribeiraopreto.com.br","date":"16 de October de 2025","format":false,"excerpt":"A Pol\u00edcia Federal deflagrou nesta quinta (16) uma nova fase da opera\u00e7\u00e3o Mafiusi contra o tr\u00e1fico internacional de drogas, com mandados nos estados de S\u00e3o Paulo e Paran\u00e1, entre os quais em Jardin\u00f3polis, na regi\u00e3o de Ribeir\u00e3o Preto. Segundo as primeiras informa\u00e7\u00f5es, s\u00e3o tr\u00eas mandados de pris\u00e3o preventiva e 12\u2026","rel":"","context":"In &quot;Not\u00edcias de Ribeir\u00e3o Preto-SP e Regi\u00e3o&quot;","block_context":{"text":"Not\u00edcias de Ribeir\u00e3o Preto-SP e Regi\u00e3o","link":"https:\/\/noticiasribeiraopreto.com.br\/index.php\/category\/noticias-de-ribeirao-preto-sp-e-regiao-ismael-colosi\/"},"img":{"alt_text":"","src":"https:\/\/i0.wp.com\/noticiasribeiraopreto.com.br\/wp-content\/uploads\/2025\/10\/WhatsApp-Image-2025-10-16-at-08.40.22_2025-10-16_12-11-05.webp.webp?fit=1200%2C675&ssl=1&resize=350%2C200","width":350,"height":200,"srcset":"https:\/\/i0.wp.com\/noticiasribeiraopreto.com.br\/wp-content\/uploads\/2025\/10\/WhatsApp-Image-2025-10-16-at-08.40.22_2025-10-16_12-11-05.webp.webp?fit=1200%2C675&ssl=1&resize=350%2C200 1x, https:\/\/i0.wp.com\/noticiasribeiraopreto.com.br\/wp-content\/uploads\/2025\/10\/WhatsApp-Image-2025-10-16-at-08.40.22_2025-10-16_12-11-05.webp.webp?fit=1200%2C675&ssl=1&resize=525%2C300 1.5x, https:\/\/i0.wp.com\/noticiasribeiraopreto.com.br\/wp-content\/uploads\/2025\/10\/WhatsApp-Image-2025-10-16-at-08.40.22_2025-10-16_12-11-05.webp.webp?fit=1200%2C675&ssl=1&resize=700%2C400 2x, https:\/\/i0.wp.com\/noticiasribeiraopreto.com.br\/wp-content\/uploads\/2025\/10\/WhatsApp-Image-2025-10-16-at-08.40.22_2025-10-16_12-11-05.webp.webp?fit=1200%2C675&ssl=1&resize=1050%2C600 3x"},"classes":[]},{"id":78987,"url":"https:\/\/noticiasribeiraopreto.com.br\/index.php\/2025\/10\/22\/pf-mira-organizacao-criminosa-transnacional-com-alvos-em-ribeirao-preto-e-franca\/","url_meta":{"origin":74788,"position":3},"title":"PF mira organiza\u00e7\u00e3o criminosa transnacional com alvos em Ribeir\u00e3o Preto e Franca","author":"noticiasribeiraopreto.com.br","date":"22 de October de 2025","format":false,"excerpt":"A PF (Pol\u00edcia Federal) cumpriu mandados em Ribeir\u00e3o Preto e Franca nesta quarta-feira (22), durante a opera\u00e7\u00e3o Veterano deflagrada contra uma organiza\u00e7\u00e3o criminosa transnacional com atua\u00e7\u00e3o no tr\u00e1fico de drogas e armas. Segundo a PF, foram expedidos dez mandados de pris\u00e3o preventiva e 24 de busca e apreens\u00e3o nos estados\u2026","rel":"","context":"In &quot;Not\u00edcias de Ribeir\u00e3o Preto-SP e Regi\u00e3o&quot;","block_context":{"text":"Not\u00edcias de Ribeir\u00e3o Preto-SP e Regi\u00e3o","link":"https:\/\/noticiasribeiraopreto.com.br\/index.php\/category\/noticias-de-ribeirao-preto-sp-e-regiao-ismael-colosi\/"},"img":{"alt_text":"","src":"https:\/\/i0.wp.com\/noticiasribeiraopreto.com.br\/wp-content\/uploads\/2025\/10\/arma_2025-10-22_14-42-58.webp.webp?fit=1200%2C769&ssl=1&resize=350%2C200","width":350,"height":200,"srcset":"https:\/\/i0.wp.com\/noticiasribeiraopreto.com.br\/wp-content\/uploads\/2025\/10\/arma_2025-10-22_14-42-58.webp.webp?fit=1200%2C769&ssl=1&resize=350%2C200 1x, https:\/\/i0.wp.com\/noticiasribeiraopreto.com.br\/wp-content\/uploads\/2025\/10\/arma_2025-10-22_14-42-58.webp.webp?fit=1200%2C769&ssl=1&resize=525%2C300 1.5x, https:\/\/i0.wp.com\/noticiasribeiraopreto.com.br\/wp-content\/uploads\/2025\/10\/arma_2025-10-22_14-42-58.webp.webp?fit=1200%2C769&ssl=1&resize=700%2C400 2x, https:\/\/i0.wp.com\/noticiasribeiraopreto.com.br\/wp-content\/uploads\/2025\/10\/arma_2025-10-22_14-42-58.webp.webp?fit=1200%2C769&ssl=1&resize=1050%2C600 3x"},"classes":[]},{"id":77636,"url":"https:\/\/noticiasribeiraopreto.com.br\/index.php\/2025\/09\/23\/ribeirao-preto-e-alvo-de-megaoperacao-contra-crime-organizado\/","url_meta":{"origin":74788,"position":4},"title":"Ribeir\u00e3o Preto \u00e9 alvo de megaopera\u00e7\u00e3o contra crime organizado","author":"noticiasribeiraopreto.com.br","date":"23 de September de 2025","format":false,"excerpt":"For\u00e7a-tarefa mira procurado da Interpol e integrantes de grupo que trafica drogas e realiza lavagem de dinheiro il\u00edcito 23 de setembro de 2025 09:3423 de setembro de 2025 09:377 Compartilhar2 Por: Adalberto Luque Uma grande opera\u00e7\u00e3o foi realizada, na manh\u00e3 desta ter\u00e7a-feira (23), na cidade de Ribeir\u00e3o Preto. A segunda\u2026","rel":"","context":"In &quot;Not\u00edcias de Ribeir\u00e3o Preto-SP e Regi\u00e3o&quot;","block_context":{"text":"Not\u00edcias de Ribeir\u00e3o Preto-SP e Regi\u00e3o","link":"https:\/\/noticiasribeiraopreto.com.br\/index.php\/category\/noticias-de-ribeirao-preto-sp-e-regiao-ismael-colosi\/"},"img":{"alt_text":"","src":"https:\/\/i0.wp.com\/noticiasribeiraopreto.com.br\/wp-content\/uploads\/2025\/09\/23-set-2025-arcosul4.jpg?fit=822%2C454&ssl=1&resize=350%2C200","width":350,"height":200,"srcset":"https:\/\/i0.wp.com\/noticiasribeiraopreto.com.br\/wp-content\/uploads\/2025\/09\/23-set-2025-arcosul4.jpg?fit=822%2C454&ssl=1&resize=350%2C200 1x, https:\/\/i0.wp.com\/noticiasribeiraopreto.com.br\/wp-content\/uploads\/2025\/09\/23-set-2025-arcosul4.jpg?fit=822%2C454&ssl=1&resize=525%2C300 1.5x, https:\/\/i0.wp.com\/noticiasribeiraopreto.com.br\/wp-content\/uploads\/2025\/09\/23-set-2025-arcosul4.jpg?fit=822%2C454&ssl=1&resize=700%2C400 2x"},"classes":[]},{"id":75346,"url":"https:\/\/noticiasribeiraopreto.com.br\/index.php\/2025\/08\/07\/pf-faz-operacao-contra-desvio-de-r-13-milhoes-da-saude-na-regiao-de-ribeirao-preto\/","url_meta":{"origin":74788,"position":5},"title":"PF faz opera\u00e7\u00e3o contra desvio de R$ 13 milh\u00f5es da sa\u00fade na regi\u00e3o de Ribeir\u00e3o Preto","author":"noticiasribeiraopreto.com.br","date":"7 de August de 2025","format":false,"excerpt":"A PF (Pol\u00edcia Federal) deflagrou nesta quinta-feira (7) a Opera\u00e7\u00e3o Descalabro que investiga esquema de desvio de recursos p\u00fablicos na sa\u00fade em Bebedouro, cidade a 80 quil\u00f4metros de Ribeir\u00e3o Preto. Segundo a pol\u00edcia, foram cumpridos 15 mandados de busca e apreens\u00e3o, al\u00e9m de sequestro de bens e valores dos investigados.\u2026","rel":"","context":"In &quot;Not\u00edcias de Ribeir\u00e3o Preto-SP e Regi\u00e3o&quot;","block_context":{"text":"Not\u00edcias de Ribeir\u00e3o Preto-SP e Regi\u00e3o","link":"https:\/\/noticiasribeiraopreto.com.br\/index.php\/category\/noticias-de-ribeirao-preto-sp-e-regiao-ismael-colosi\/"},"img":{"alt_text":"","src":"https:\/\/i0.wp.com\/noticiasribeiraopreto.com.br\/wp-content\/uploads\/2025\/08\/WhatsApp-Image-2025-08-07-at-09.57.46_2025-08-07_13-00-46.webp.webp?fit=1200%2C892&ssl=1&resize=350%2C200","width":350,"height":200,"srcset":"https:\/\/i0.wp.com\/noticiasribeiraopreto.com.br\/wp-content\/uploads\/2025\/08\/WhatsApp-Image-2025-08-07-at-09.57.46_2025-08-07_13-00-46.webp.webp?fit=1200%2C892&ssl=1&resize=350%2C200 1x, https:\/\/i0.wp.com\/noticiasribeiraopreto.com.br\/wp-content\/uploads\/2025\/08\/WhatsApp-Image-2025-08-07-at-09.57.46_2025-08-07_13-00-46.webp.webp?fit=1200%2C892&ssl=1&resize=525%2C300 1.5x, https:\/\/i0.wp.com\/noticiasribeiraopreto.com.br\/wp-content\/uploads\/2025\/08\/WhatsApp-Image-2025-08-07-at-09.57.46_2025-08-07_13-00-46.webp.webp?fit=1200%2C892&ssl=1&resize=700%2C400 2x, https:\/\/i0.wp.com\/noticiasribeiraopreto.com.br\/wp-content\/uploads\/2025\/08\/WhatsApp-Image-2025-08-07-at-09.57.46_2025-08-07_13-00-46.webp.webp?fit=1200%2C892&ssl=1&resize=1050%2C600 3x"},"classes":[]}],"jetpack_sharing_enabled":true,"jetpack_shortlink":"https:\/\/wp.me\/peQAOb-jsg","_links":{"self":[{"href":"https:\/\/noticiasribeiraopreto.com.br\/index.php\/wp-json\/wp\/v2\/posts\/74788","targetHints":{"allow":["GET"]}}],"collection":[{"href":"https:\/\/noticiasribeiraopreto.com.br\/index.php\/wp-json\/wp\/v2\/posts"}],"about":[{"href":"https:\/\/noticiasribeiraopreto.com.br\/index.php\/wp-json\/wp\/v2\/types\/post"}],"author":[{"embeddable":true,"href":"https:\/\/noticiasribeiraopreto.com.br\/index.php\/wp-json\/wp\/v2\/users\/1"}],"replies":[{"embeddable":true,"href":"https:\/\/noticiasribeiraopreto.com.br\/index.php\/wp-json\/wp\/v2\/comments?post=74788"}],"version-history":[{"count":0,"href":"https:\/\/noticiasribeiraopreto.com.br\/index.php\/wp-json\/wp\/v2\/posts\/74788\/revisions"}],"wp:featuredmedia":[{"embeddable":true,"href":"https:\/\/noticiasribeiraopreto.com.br\/index.php\/wp-json\/wp\/v2\/media\/74789"}],"wp:attachment":[{"href":"https:\/\/noticiasribeiraopreto.com.br\/index.php\/wp-json\/wp\/v2\/media?parent=74788"}],"wp:term":[{"taxonomy":"category","embeddable":true,"href":"https:\/\/noticiasribeiraopreto.com.br\/index.php\/wp-json\/wp\/v2\/categories?post=74788"},{"taxonomy":"post_tag","embeddable":true,"href":"https:\/\/noticiasribeiraopreto.com.br\/index.php\/wp-json\/wp\/v2\/tags?post=74788"}],"curies":[{"name":"wp","href":"https:\/\/api.w.org\/{rel}","templated":true}]}}