{"id":74790,"date":"2025-07-29T11:54:21","date_gmt":"2025-07-29T14:54:21","guid":{"rendered":"https:\/\/noticiasribeiraopreto.com.br\/index.php\/2025\/07\/29\/ribeirao-preto-conta-com-11-mil-vagas-abertas-em-cursos-gratuitos-veja-como-participar\/"},"modified":"2025-07-29T11:54:21","modified_gmt":"2025-07-29T14:54:21","slug":"ribeirao-preto-conta-com-11-mil-vagas-abertas-em-cursos-gratuitos-veja-como-participar","status":"publish","type":"post","link":"https:\/\/noticiasribeiraopreto.com.br\/index.php\/2025\/07\/29\/ribeirao-preto-conta-com-11-mil-vagas-abertas-em-cursos-gratuitos-veja-como-participar\/","title":{"rendered":"Ribeir\u00e3o Preto conta com 1,1 mil vagas abertas em cursos gratuitos; Veja como participar"},"content":{"rendered":"<div class='code-block code-block-1' style='margin: 8px 0 8px auto; text-align: right; display: block; clear: both;'>\n<p><a href=\"https:\/\/wa.link\/vpicfd\"><img data-recalc-dims=\"1\" class=\"wp-image-4922\" style=\"aspect-ratio: 2.0253164556962027; width: 561px; height: auto;\" src=\"https:\/\/i0.wp.com\/ismaelcolosi.com.br\/wp-content\/uploads\/2023\/11\/grupo-de-empregos-whatsapp-e-facebook-ismael-colosi-vagas.jpg?ssl=1\" alt=\"\" \/><\/a><\/p>\n<!-- \/wp:image -->\n<\/div>\n<p> <br \/>\n<\/p>\n<div>\n<p>O <strong>Senac<\/strong> est\u00e1 com 1.170 vagas abertas para cursos gratuitos em<strong> Ribeir\u00e3o Preto<\/strong> no segundo semestre de 2025. As bolsas de estudo contemplam cursos t\u00e9cnicos, livres e de idiomas, com forma\u00e7\u00e3o voltada \u00e0 qualifica\u00e7\u00e3o profissional e ao ingresso no mercado de trabalho. As oportunidades s\u00e3o destinadas a pessoas com renda familiar de at\u00e9 dois sal\u00e1rios m\u00ednimos por pessoa.<\/p>\n<p>Al\u00e9m de Ribeir\u00e3o Preto, h\u00e1 oportunidades em Bebedouro e Franca, totalizando 3.189 vagas abertas.<\/p>\n<h2 class=\"wp-block-heading\"><strong>Veja como se inscrever:<\/strong><\/h2>\n<p>As inscri\u00e7\u00f5es para as oportunidades de bolsas de estudo come\u00e7am 20 dias antes do in\u00edcio de cada curso, s\u00e3o feitas diretamente no site de cada unidade e seguem crit\u00e9rios de renda e ordem de inscri\u00e7\u00e3o. As inscri\u00e7\u00f5es devem ser realizadas no site de cada unidade. Veja abaixo:<\/p>\n<h2 class=\"wp-block-heading\"><strong>Veja as vagas<\/strong><\/h2>\n<h3 class=\"wp-block-heading\"><strong>Ribeir\u00e3o Preto<\/strong><\/h3>\n<p>Em Ribeir\u00e3o Preto, s\u00e3o 1.170 vagas dispon\u00edveis, divididas entre cursos livres, t\u00e9cnicos e de idiomas.<\/p>\n<p>Nos cursos livres, as forma\u00e7\u00f5es incluem Fotografia, Radialista: Analista Musical, Aromaterapia e Analista Fiscal.<\/p>\n<p>J\u00e1 os cursos t\u00e9cnicos abrangem \u00e1reas de conhecimento como gastronomia, contabilidade, design de interiores e administra\u00e7\u00e3o.<\/p>\n<p>Entre os cursos t\u00e9cnicos est\u00e3o: T\u00e9cnico em Podologia, T\u00e9cnico em Est\u00e9tica, T\u00e9cnico em Massoterapia, T\u00e9cnico em Teatro e T\u00e9cnico em Design Gr\u00e1fico.<\/p>\n<p>Tamb\u00e9m h\u00e1 op\u00e7\u00f5es em idiomas, como L\u00edngua Brasileira de Sinais 2 e 3, Oficina de Conversa\u00e7\u00e3o e Ingl\u00eas Avan\u00e7ado.<\/p>\n<p>Em Bebedouro, est\u00e3o dispon\u00edveis 896 vagas para cursos t\u00e9cnicos e livres.<\/p>\n<h3 class=\"wp-block-heading\"><strong>Bebedouro<\/strong><\/h3>\n<p>Entre as op\u00e7\u00f5es est\u00e3o T\u00e9cnico em Inform\u00e1tica, T\u00e9cnico em Enfermagem, T\u00e9cnico em Design Gr\u00e1fico, T\u00e9cnico em Farm\u00e1cia, T\u00e9cnico em Podologia, T\u00e9cnico em Gastronomia, Make e Hair para Festas e Eventos, Modelagem e Costura para Iniciantes, al\u00e9m de Manicure e Pedicure.<\/p>\n<h3 class=\"wp-block-heading\"><strong>Franca<\/strong><\/h3>\n<p>A unidade de Franca oferece 1.123 bolsas de estudo no segundo semestre.<\/p>\n<p>Os cursos dispon\u00edveis incluem T\u00e9cnico em Administra\u00e7\u00e3o, T\u00e9cnico em Guia de Turismo e T\u00e9cnico em Seguran\u00e7a do Trabalho.<\/p>\n<p>Oportunidades tamb\u00e9m para Especializa\u00e7\u00e3o T\u00e9cnica em Meio Ambiente para T\u00e9cnico em Seguran\u00e7a do Trabalho e Especializa\u00e7\u00e3o Profissional T\u00e9cnica em Enfermagem em Urg\u00eancia e Emerg\u00eancia.<\/p>\n<p>J\u00e1 os cursos livres s\u00e3o: Oficina de Teatro, Caracteriza\u00e7\u00e3o C\u00eanica, V-Ray Essencial para SketchUp, Excel Avan\u00e7ado I: Fun\u00e7\u00f5es e Youtuber: Apresenta\u00e7\u00e3o e Produ\u00e7\u00e3o.<\/p>\n<p>SAIBA MAIS<br \/>Massa de ar polar derruba as temperaturas; Veja previs\u00e3o para semana em Ribeir\u00e3o Preto<\/p>\n<h2 class=\"wp-block-heading\"><strong>FIQUE ON<\/strong><\/h2>\n<p>Fique ligado em tudo que acontece em Ribeir\u00e3o Preto e regi\u00e3o. Siga os perfis do <strong>acidade on <\/strong>no <a href=\"https:\/\/www.instagram.com\/acidadeonribeirao\" data-type=\"link\" data-id=\"https:\/\/www.instagram.com\/acidadeonribeirao\" target=\"_blank\" rel=\"noopener\">Instagram<\/a> e no <a href=\"https:\/\/www.facebook.com\/acidadeonribeirao\/\" data-type=\"link\" data-id=\"https:\/\/www.facebook.com\/acidadeonribeirao\/\" target=\"_blank\" rel=\"noopener\">Facebook<\/a>.<\/p>\n<p>Receba not\u00edcias do<strong> acidade on<\/strong> no WhatsApp. <a href=\"https:\/\/chat.whatsapp.com\/BjKQZ9oJwlz8VVT50NuePq\" data-type=\"link\" data-id=\"https:\/\/chat.whatsapp.com\/BjKQZ9oJwlz8VVT50NuePq\" target=\"_blank\" rel=\"noopener\">Para entrar no grupo, basta clicar aqui.<\/a><\/p>\n<p>Fa\u00e7a uma den\u00fancia ou sugira uma reportagem sobre Ribeir\u00e3o Preto e regi\u00e3o pelo WhatsApp: 16 99117 7802.<\/p>\n<p>VEJA TAMB\u00c9M<br \/>O que um copo de suco de uva pode fazer pelo seu corpo?\u00a0<\/p>\n<p><!-- AI CONTENT END 1 -->\n<\/div>\n<p><script async src=\"\/\/www.instagram.com\/embed.js\"><\/script><br \/>\n<br \/><br \/>\n<br \/><a href=\"https:\/\/www.acidadeon.com\/ribeiraopreto\/economia\/ribeirao-preto-conta-com-11-mil-vagas-abertas-em-cursos-gratuitos-veja-como-participar\/\">Source link <\/a><\/p>\n<!-- CONTENT END 1 -->\n","protected":false},"excerpt":{"rendered":"<p>O Senac est\u00e1 com 1.170 vagas abertas para cursos gratuitos em Ribeir\u00e3o Preto no segundo semestre de 2025. As bolsas de estudo contemplam cursos t\u00e9cnicos,&#8230;<\/p>\n","protected":false},"author":1,"featured_media":74791,"comment_status":"open","ping_status":"open","sticky":false,"template":"","format":"standard","meta":{"advanced_seo_description":"","jetpack_seo_html_title":"","jetpack_seo_noindex":false,"jetpack_post_was_ever_published":false,"_jetpack_newsletter_access":"","_jetpack_dont_email_post_to_subs":false,"_jetpack_newsletter_tier_id":0,"_jetpack_memberships_contains_paywalled_content":false,"_jetpack_memberships_contains_paid_content":false,"footnotes":"","jetpack_publicize_message":"","jetpack_publicize_feature_enabled":true,"jetpack_social_post_already_shared":true,"jetpack_social_options":{"image_generator_settings":{"template":"highway","default_image_id":0,"font":"","enabled":false},"version":2}},"categories":[11],"tags":[],"class_list":["post-74790","post","type-post","status-publish","format-standard","has-post-thumbnail","hentry","category-noticias-de-ribeirao-preto-sp-e-regiao-ismael-colosi"],"jetpack_publicize_connections":[],"jetpack_featured_media_url":"https:\/\/i0.wp.com\/noticiasribeiraopreto.com.br\/wp-content\/uploads\/2025\/07\/Senac-Ribeirao-Preto_2025-07-29_12-56-33.webp.webp?fit=1200%2C800&ssl=1","jetpack-related-posts":[{"id":44077,"url":"https:\/\/noticiasribeiraopreto.com.br\/index.php\/2024\/03\/25\/ribeirao-e-regiao-tem-mais-de-mil-bolsas-de-estudos-100-gratuitas-para-cursos-tecnicos-e-livres\/","url_meta":{"origin":74790,"position":0},"title":"Ribeir\u00e3o e regi\u00e3o tem mais de mil bolsas de estudos 100% gratuitas para cursos t\u00e9cnicos e livres","author":"noticiasribeiraopreto.com.br","date":"25 de March de 2024","format":false,"excerpt":"Al\u00e9m das 960 vagas que o Senac est\u00e1 oferecendo em Ribeir\u00e3o Preto, a institui\u00e7\u00e3o tamb\u00e9m est\u00e1 com oportunidades para as unidades de Barretos, Bebedouro, Franca e Jaboticabal, totalizando mais de mil bolsas de estudo gratuitas nas cinco unidades. As oportunidades s\u00e3o v\u00e1lidas para os meses de mar\u00e7o, abril e maio\u2026","rel":"","context":"In &quot;Not\u00edcias de Ribeir\u00e3o Preto-SP e Regi\u00e3o&quot;","block_context":{"text":"Not\u00edcias de Ribeir\u00e3o Preto-SP e Regi\u00e3o","link":"https:\/\/noticiasribeiraopreto.com.br\/index.php\/category\/noticias-de-ribeirao-preto-sp-e-regiao-ismael-colosi\/"},"img":{"alt_text":"","src":"","width":0,"height":0},"classes":[]},{"id":43704,"url":"https:\/\/noticiasribeiraopreto.com.br\/index.php\/2024\/03\/22\/ribeirao-tem-960-bolsas-de-estudo-100-gratuitas-em-cursos-tecnicos-e-livres-veja-oportunidades\/","url_meta":{"origin":74790,"position":1},"title":"Ribeir\u00e3o tem 960 bolsas de estudo 100% gratuitas em cursos t\u00e9cnicos e livres; Veja oportunidades","author":"noticiasribeiraopreto.com.br","date":"22 de March de 2024","format":false,"excerpt":"O Senac de Ribeir\u00e3o Preto est\u00e1 com 960 oportunidades de bolsas de estudo 100% gratuitas para cursos t\u00e9cnicos e livres. As vagas s\u00e3o v\u00e1lidas para os meses de abril e maio e podem ser solicitadas a partir de 20 dias antes do in\u00edcio de cada curso \u2013 para acompanhar as\u2026","rel":"","context":"In &quot;Not\u00edcias de Ribeir\u00e3o Preto-SP e Regi\u00e3o&quot;","block_context":{"text":"Not\u00edcias de Ribeir\u00e3o Preto-SP e Regi\u00e3o","link":"https:\/\/noticiasribeiraopreto.com.br\/index.php\/category\/noticias-de-ribeirao-preto-sp-e-regiao-ismael-colosi\/"},"img":{"alt_text":"","src":"https:\/\/i0.wp.com\/noticiasribeiraopreto.com.br\/wp-content\/uploads\/2024\/03\/senac-ribeirao.jpg?fit=1200%2C674&ssl=1&resize=350%2C200","width":350,"height":200,"srcset":"https:\/\/i0.wp.com\/noticiasribeiraopreto.com.br\/wp-content\/uploads\/2024\/03\/senac-ribeirao.jpg?fit=1200%2C674&ssl=1&resize=350%2C200 1x, https:\/\/i0.wp.com\/noticiasribeiraopreto.com.br\/wp-content\/uploads\/2024\/03\/senac-ribeirao.jpg?fit=1200%2C674&ssl=1&resize=525%2C300 1.5x, https:\/\/i0.wp.com\/noticiasribeiraopreto.com.br\/wp-content\/uploads\/2024\/03\/senac-ribeirao.jpg?fit=1200%2C674&ssl=1&resize=700%2C400 2x, https:\/\/i0.wp.com\/noticiasribeiraopreto.com.br\/wp-content\/uploads\/2024\/03\/senac-ribeirao.jpg?fit=1200%2C674&ssl=1&resize=1050%2C600 3x"},"classes":[]},{"id":73126,"url":"https:\/\/noticiasribeiraopreto.com.br\/index.php\/2025\/06\/25\/multinacional-abre-inscricoes-para-curso-gratuito-de-qualificacao-ha-vagas-em-ribeirao\/","url_meta":{"origin":74790,"position":2},"title":"Multinacional abre inscri\u00e7\u00f5es para curso gratuito de qualifica\u00e7\u00e3o; h\u00e1 vagas em Ribeir\u00e3o","author":"noticiasribeiraopreto.com.br","date":"25 de June de 2025","format":false,"excerpt":"A empresa multinacional 3M, por meio do Instituto 3M, est\u00e1 com inscri\u00e7\u00f5es abertas para um curso gratuito de qualifica\u00e7\u00e3o profissional voltado a jovens de baixa renda. Em Ribeir\u00e3o Preto, est\u00e3o dispon\u00edveis 20 vagas para o curso de assistente de produ\u00e7\u00e3o industrial, com aulas realizadas na unidade local da empresa. Tamb\u00e9m\u2026","rel":"","context":"In &quot;Not\u00edcias de Ribeir\u00e3o Preto-SP e Regi\u00e3o&quot;","block_context":{"text":"Not\u00edcias de Ribeir\u00e3o Preto-SP e Regi\u00e3o","link":"https:\/\/noticiasribeiraopreto.com.br\/index.php\/category\/noticias-de-ribeirao-preto-sp-e-regiao-ismael-colosi\/"},"img":{"alt_text":"","src":"https:\/\/i0.wp.com\/noticiasribeiraopreto.com.br\/wp-content\/uploads\/2025\/06\/female-industrial-employee-teaching-colleague-operate-machine-pointing-control-board-using-tablet_2025-06-25_17-40-50.webp.webp?fit=1200%2C800&ssl=1&resize=350%2C200","width":350,"height":200,"srcset":"https:\/\/i0.wp.com\/noticiasribeiraopreto.com.br\/wp-content\/uploads\/2025\/06\/female-industrial-employee-teaching-colleague-operate-machine-pointing-control-board-using-tablet_2025-06-25_17-40-50.webp.webp?fit=1200%2C800&ssl=1&resize=350%2C200 1x, https:\/\/i0.wp.com\/noticiasribeiraopreto.com.br\/wp-content\/uploads\/2025\/06\/female-industrial-employee-teaching-colleague-operate-machine-pointing-control-board-using-tablet_2025-06-25_17-40-50.webp.webp?fit=1200%2C800&ssl=1&resize=525%2C300 1.5x, https:\/\/i0.wp.com\/noticiasribeiraopreto.com.br\/wp-content\/uploads\/2025\/06\/female-industrial-employee-teaching-colleague-operate-machine-pointing-control-board-using-tablet_2025-06-25_17-40-50.webp.webp?fit=1200%2C800&ssl=1&resize=700%2C400 2x, https:\/\/i0.wp.com\/noticiasribeiraopreto.com.br\/wp-content\/uploads\/2025\/06\/female-industrial-employee-teaching-colleague-operate-machine-pointing-control-board-using-tablet_2025-06-25_17-40-50.webp.webp?fit=1200%2C800&ssl=1&resize=1050%2C600 3x"},"classes":[]},{"id":74945,"url":"https:\/\/noticiasribeiraopreto.com.br\/index.php\/2025\/07\/31\/multinacional-esta-com-inscricoes-abertas-para-curso-gratuito-em-ribeirao-preto\/","url_meta":{"origin":74790,"position":3},"title":"Multinacional est\u00e1 com inscri\u00e7\u00f5es abertas para curso gratuito em Ribeir\u00e3o Preto","author":"noticiasribeiraopreto.com.br","date":"31 de July de 2025","format":false,"excerpt":"O Instituto 3M, ligado a multinacional 3M, prorrogou as inscri\u00e7\u00f5es at\u00e9 17 de agosto para curso gratuito de qualifica\u00e7\u00e3o profissional em Ribeir\u00e3o Preto. S\u00e3o 20 vagas dispon\u00edveis para jovens residentes pr\u00f3ximos \u00e0 unidade da empresa e que tenham renda per capita de at\u00e9 um sal\u00e1rio m\u00ednimo por pessoa.\u00a0\u00a0 A iniciativa\u2026","rel":"","context":"In &quot;Not\u00edcias de Ribeir\u00e3o Preto-SP e Regi\u00e3o&quot;","block_context":{"text":"Not\u00edcias de Ribeir\u00e3o Preto-SP e Regi\u00e3o","link":"https:\/\/noticiasribeiraopreto.com.br\/index.php\/category\/noticias-de-ribeirao-preto-sp-e-regiao-ismael-colosi\/"},"img":{"alt_text":"","src":"https:\/\/i0.wp.com\/noticiasribeiraopreto.com.br\/wp-content\/uploads\/2025\/07\/AnyConv.com__3m_2024-06-25_18-32-59.webp.webp?fit=983%2C616&ssl=1&resize=350%2C200","width":350,"height":200,"srcset":"https:\/\/i0.wp.com\/noticiasribeiraopreto.com.br\/wp-content\/uploads\/2025\/07\/AnyConv.com__3m_2024-06-25_18-32-59.webp.webp?fit=983%2C616&ssl=1&resize=350%2C200 1x, https:\/\/i0.wp.com\/noticiasribeiraopreto.com.br\/wp-content\/uploads\/2025\/07\/AnyConv.com__3m_2024-06-25_18-32-59.webp.webp?fit=983%2C616&ssl=1&resize=525%2C300 1.5x, https:\/\/i0.wp.com\/noticiasribeiraopreto.com.br\/wp-content\/uploads\/2025\/07\/AnyConv.com__3m_2024-06-25_18-32-59.webp.webp?fit=983%2C616&ssl=1&resize=700%2C400 2x"},"classes":[]},{"id":52632,"url":"https:\/\/noticiasribeiraopreto.com.br\/index.php\/2024\/06\/10\/ribeirao-tem-cursos-gratuitos-para-qualificacao-profissional-veja-oportunidades\/","url_meta":{"origin":74790,"position":4},"title":"Ribeir\u00e3o tem cursos gratuitos para qualifica\u00e7\u00e3o profissional; Veja oportunidades","author":"noticiasribeiraopreto.com.br","date":"10 de June de 2024","format":false,"excerpt":"A Escola de Educa\u00e7\u00e3o Profissional B\u00e1sica Dr. Celso Charuri, em Ribeir\u00e3o Preto, est\u00e1 com vagas abertas para v\u00e1rios cursos gratuitos de capacita\u00e7\u00e3o profissional. \u00a0As inscri\u00e7\u00f5es s\u00e3o para pessoas maiores de 16 anos, sem limite de idade m\u00e1xima. Como se inscrever? Os interessados devem procurar a secretaria da unidade escolar, que\u2026","rel":"","context":"In &quot;Not\u00edcias de Ribeir\u00e3o Preto-SP e Regi\u00e3o&quot;","block_context":{"text":"Not\u00edcias de Ribeir\u00e3o Preto-SP e Regi\u00e3o","link":"https:\/\/noticiasribeiraopreto.com.br\/index.php\/category\/noticias-de-ribeirao-preto-sp-e-regiao-ismael-colosi\/"},"img":{"alt_text":"","src":"https:\/\/i0.wp.com\/noticiasribeiraopreto.com.br\/wp-content\/uploads\/2024\/06\/cursoscelsocharuri_-_cursos_inclusao_produtiva_costura_-_foto_guilherme_sircili_2_2024-06-10_22-08-18_jpg_2024-06-10_22-08-18.webp.webp?fit=1200%2C799&ssl=1&resize=350%2C200","width":350,"height":200,"srcset":"https:\/\/i0.wp.com\/noticiasribeiraopreto.com.br\/wp-content\/uploads\/2024\/06\/cursoscelsocharuri_-_cursos_inclusao_produtiva_costura_-_foto_guilherme_sircili_2_2024-06-10_22-08-18_jpg_2024-06-10_22-08-18.webp.webp?fit=1200%2C799&ssl=1&resize=350%2C200 1x, https:\/\/i0.wp.com\/noticiasribeiraopreto.com.br\/wp-content\/uploads\/2024\/06\/cursoscelsocharuri_-_cursos_inclusao_produtiva_costura_-_foto_guilherme_sircili_2_2024-06-10_22-08-18_jpg_2024-06-10_22-08-18.webp.webp?fit=1200%2C799&ssl=1&resize=525%2C300 1.5x, https:\/\/i0.wp.com\/noticiasribeiraopreto.com.br\/wp-content\/uploads\/2024\/06\/cursoscelsocharuri_-_cursos_inclusao_produtiva_costura_-_foto_guilherme_sircili_2_2024-06-10_22-08-18_jpg_2024-06-10_22-08-18.webp.webp?fit=1200%2C799&ssl=1&resize=700%2C400 2x, https:\/\/i0.wp.com\/noticiasribeiraopreto.com.br\/wp-content\/uploads\/2024\/06\/cursoscelsocharuri_-_cursos_inclusao_produtiva_costura_-_foto_guilherme_sircili_2_2024-06-10_22-08-18_jpg_2024-06-10_22-08-18.webp.webp?fit=1200%2C799&ssl=1&resize=1050%2C600 3x"},"classes":[]},{"id":60167,"url":"https:\/\/noticiasribeiraopreto.com.br\/index.php\/2024\/11\/07\/ribeirao-tem-bolsas-de-estudo-100-gratuitas-em-cursos-livres-veja-oportunidades\/","url_meta":{"origin":74790,"position":5},"title":"Ribeir\u00e3o tem bolsas de estudo 100% gratuitas em cursos livres; Veja oportunidades","author":"noticiasribeiraopreto.com.br","date":"7 de November de 2024","format":false,"excerpt":"As unidades do Senac em Ribeir\u00e3o Preto e Bebedouro est\u00e3o com mais de 280 bolsas de estudo 100% gratuitas para cursos livres. As oportunidades est\u00e3o dispon\u00edveis para os meses de novembro e dezembro. De acordo com o gerente do Senac em Ribeir\u00e3o Preto, Leandro D\u2019Arco, os cursos s\u00e3o uma \u00f3tima\u2026","rel":"","context":"In &quot;Not\u00edcias de Ribeir\u00e3o Preto-SP e Regi\u00e3o&quot;","block_context":{"text":"Not\u00edcias de Ribeir\u00e3o Preto-SP e Regi\u00e3o","link":"https:\/\/noticiasribeiraopreto.com.br\/index.php\/category\/noticias-de-ribeirao-preto-sp-e-regiao-ismael-colosi\/"},"img":{"alt_text":"","src":"https:\/\/i0.wp.com\/noticiasribeiraopreto.com.br\/wp-content\/uploads\/2024\/11\/Bolsa-estudos.png?fit=1142%2C649&ssl=1&resize=350%2C200","width":350,"height":200,"srcset":"https:\/\/i0.wp.com\/noticiasribeiraopreto.com.br\/wp-content\/uploads\/2024\/11\/Bolsa-estudos.png?fit=1142%2C649&ssl=1&resize=350%2C200 1x, https:\/\/i0.wp.com\/noticiasribeiraopreto.com.br\/wp-content\/uploads\/2024\/11\/Bolsa-estudos.png?fit=1142%2C649&ssl=1&resize=525%2C300 1.5x, https:\/\/i0.wp.com\/noticiasribeiraopreto.com.br\/wp-content\/uploads\/2024\/11\/Bolsa-estudos.png?fit=1142%2C649&ssl=1&resize=700%2C400 2x, https:\/\/i0.wp.com\/noticiasribeiraopreto.com.br\/wp-content\/uploads\/2024\/11\/Bolsa-estudos.png?fit=1142%2C649&ssl=1&resize=1050%2C600 3x"},"classes":[]}],"jetpack_sharing_enabled":true,"jetpack_shortlink":"https:\/\/wp.me\/peQAOb-jsi","_links":{"self":[{"href":"https:\/\/noticiasribeiraopreto.com.br\/index.php\/wp-json\/wp\/v2\/posts\/74790","targetHints":{"allow":["GET"]}}],"collection":[{"href":"https:\/\/noticiasribeiraopreto.com.br\/index.php\/wp-json\/wp\/v2\/posts"}],"about":[{"href":"https:\/\/noticiasribeiraopreto.com.br\/index.php\/wp-json\/wp\/v2\/types\/post"}],"author":[{"embeddable":true,"href":"https:\/\/noticiasribeiraopreto.com.br\/index.php\/wp-json\/wp\/v2\/users\/1"}],"replies":[{"embeddable":true,"href":"https:\/\/noticiasribeiraopreto.com.br\/index.php\/wp-json\/wp\/v2\/comments?post=74790"}],"version-history":[{"count":0,"href":"https:\/\/noticiasribeiraopreto.com.br\/index.php\/wp-json\/wp\/v2\/posts\/74790\/revisions"}],"wp:featuredmedia":[{"embeddable":true,"href":"https:\/\/noticiasribeiraopreto.com.br\/index.php\/wp-json\/wp\/v2\/media\/74791"}],"wp:attachment":[{"href":"https:\/\/noticiasribeiraopreto.com.br\/index.php\/wp-json\/wp\/v2\/media?parent=74790"}],"wp:term":[{"taxonomy":"category","embeddable":true,"href":"https:\/\/noticiasribeiraopreto.com.br\/index.php\/wp-json\/wp\/v2\/categories?post=74790"},{"taxonomy":"post_tag","embeddable":true,"href":"https:\/\/noticiasribeiraopreto.com.br\/index.php\/wp-json\/wp\/v2\/tags?post=74790"}],"curies":[{"name":"wp","href":"https:\/\/api.w.org\/{rel}","templated":true}]}}