{"id":74792,"date":"2025-07-29T12:01:03","date_gmt":"2025-07-29T15:01:03","guid":{"rendered":"https:\/\/noticiasribeiraopreto.com.br\/index.php\/2025\/07\/29\/motociclista-fica-ferida-apos-batida-entre-moto-e-carro-em-avenida-de-ribeirao-preto\/"},"modified":"2025-07-29T12:01:03","modified_gmt":"2025-07-29T15:01:03","slug":"motociclista-fica-ferida-apos-batida-entre-moto-e-carro-em-avenida-de-ribeirao-preto","status":"publish","type":"post","link":"https:\/\/noticiasribeiraopreto.com.br\/index.php\/2025\/07\/29\/motociclista-fica-ferida-apos-batida-entre-moto-e-carro-em-avenida-de-ribeirao-preto\/","title":{"rendered":"Motociclista fica ferida ap\u00f3s batida entre moto e carro em avenida de Ribeir\u00e3o Preto"},"content":{"rendered":"<div class='code-block code-block-1' style='margin: 8px 0 8px auto; text-align: right; display: block; clear: both;'>\n<p><a href=\"https:\/\/wa.link\/vpicfd\"><img data-recalc-dims=\"1\" class=\"wp-image-4922\" style=\"aspect-ratio: 2.0253164556962027; width: 561px; height: auto;\" src=\"https:\/\/i0.wp.com\/ismaelcolosi.com.br\/wp-content\/uploads\/2023\/11\/grupo-de-empregos-whatsapp-e-facebook-ismael-colosi-vagas.jpg?ssl=1\" alt=\"\" \/><\/a><\/p>\n<!-- \/wp:image -->\n<\/div>\n<p> <br \/>\n<\/p>\n<div data-td-block-uid=\"tdi_95\">\n<div class=\"tdb-block-inner td-fix-index\">\n<p><strong>Uma motociclista de 27 anos ficou ferida na manh\u00e3 desta ter\u00e7a-feira (29), depois de se envolver em uma batida com um carro, em um acesso da Via Francisco Maggioni para a avenida Ant\u00f4nio e Helena Zerrener, em Ribeir\u00e3o Preto.<\/strong><\/p>\n<p>A <strong>v\u00edtima <\/strong>foi <strong>socorrida <\/strong>por uma equipe do <strong>Samu<\/strong> e encaminhada a uma <strong>unidade <\/strong>de <strong>sa\u00fade<\/strong>. O seu <strong>estado <\/strong>de <strong>sa\u00fade<\/strong>, por\u00e9m, n\u00e3o foi informado.<\/p>\n<p>A RP Mobi interditou parcialmente o trecho.<\/p>\n<p>O acesso possui sem\u00e1foro para o motorista que cruza a Francisco Maggioni em dire\u00e7\u00e3o \u00e0 Ant\u00f4nio e Helena Zerrener.<\/p>\n<p>As causas ainda dever\u00e3o ser apuradas.<\/p>\n<figure class=\"wp-block-image\"><img data-recalc-dims=\"1\" fetchpriority=\"high\" decoding=\"async\" width=\"1200\" height=\"742\" src=\"https:\/\/i0.wp.com\/cdn.media-acidadeon.com.br\/ribeiraopreto\/wp-content\/uploads\/sites\/3\/2025\/07\/ACIDENTE-1_2025-07-29_12-35-58.webp?resize=1200%2C742&#038;ssl=1\" alt=\"acidente\" class=\"wp-image-124113\" srcset=\"https:\/\/cdn.media-acidadeon.com.br\/ribeiraopreto\/wp-content\/uploads\/sites\/3\/2025\/07\/ACIDENTE-1_2025-07-29_12-35-58.webp 1200w, https:\/\/cdn.media-acidadeon.com.br\/ribeiraopreto\/wp-content\/uploads\/sites\/3\/2025\/07\/ACIDENTE-1_2025-07-29_12-35-58-300x186.webp 300w, https:\/\/cdn.media-acidadeon.com.br\/ribeiraopreto\/wp-content\/uploads\/sites\/3\/2025\/07\/ACIDENTE-1_2025-07-29_12-35-58-1024x633.webp 1024w, https:\/\/cdn.media-acidadeon.com.br\/ribeiraopreto\/wp-content\/uploads\/sites\/3\/2025\/07\/ACIDENTE-1_2025-07-29_12-35-58-768x475.webp 768w, https:\/\/cdn.media-acidadeon.com.br\/ribeiraopreto\/wp-content\/uploads\/sites\/3\/2025\/07\/ACIDENTE-1_2025-07-29_12-35-58-696x430.webp 696w, https:\/\/cdn.media-acidadeon.com.br\/ribeiraopreto\/wp-content\/uploads\/sites\/3\/2025\/07\/ACIDENTE-1_2025-07-29_12-35-58-1068x660.webp 1068w\" sizes=\"(max-width: 1200px) 100vw, 1200px\"\/><figcaption class=\"wp-element-caption\">Motociclista foi socorrida por equipe do Samu \u2013 Foto: Fabio Marchiselli \/ CBN Ribeir\u00e3o Preto<\/figcaption><\/figure>\n<p>SAIBA MAIS<\/p>\n<p>Motorista envolvido em batida que deixou dois mortos tem pris\u00e3o convertida em preventiva<\/p>\n<h2 class=\"wp-block-heading\"><strong>FIQUE ON<\/strong><\/h2>\n<p>Quer ficar por dentro de tudo que acontece em Ribeir\u00e3o Preto e regi\u00e3o? Ent\u00e3o siga os perfis do\u202facidade on\u202fno\u202f<a href=\"https:\/\/www.instagram.com\/acidadeonribeirao\" target=\"_blank\" rel=\"noreferrer noopener\">Instagram<\/a>\u202fe no\u202f<a href=\"https:\/\/www.facebook.com\/acidadeonribeirao\/\" target=\"_blank\" rel=\"noreferrer noopener\">Facebook<\/a>.<\/p>\n<p>Al\u00e9m disso, voc\u00ea pode receber as principais not\u00edcias diretamente no WhatsApp. Para isso, basta\u00a0<a href=\"https:\/\/chat.whatsapp.com\/BjKQZ9oJwlz8VVT50NuePq\" target=\"_blank\" rel=\"noreferrer noopener\">entrar no grupo clicando aqui<\/a>.<\/p>\n<p>Por fim, se quiser fazer uma den\u00fancia ou sugerir uma reportagem sobre Ribeir\u00e3o Preto e regi\u00e3o, envie uma mensagem pelo WhatsApp: (16) 99117-7802.<\/p>\n<p>VEJA TAMB\u00c9M<\/p>\n<p>O que \u00e9 o Mapa da Fome da ONU?<\/p>\n<p><!-- AI CONTENT END 1 -->\n<\/div>\n<\/div>\n<p><script async src=\"\/\/www.instagram.com\/embed.js\"><\/script><br \/>\n<br \/><br \/>\n<br \/><a href=\"https:\/\/www.acidadeon.com\/ribeiraopreto\/cotidiano\/motociclista-fica-ferida-apos-batida-entre-moto-e-carro-em-avenida-de-ribeirao-preto\/\">Source link <\/a><\/p>\n<!-- CONTENT END 1 -->\n","protected":false},"excerpt":{"rendered":"<p>Uma motociclista de 27 anos ficou ferida na manh\u00e3 desta ter\u00e7a-feira (29), depois de se envolver em uma batida com um carro, em um acesso&#8230;<\/p>\n","protected":false},"author":1,"featured_media":74793,"comment_status":"open","ping_status":"open","sticky":false,"template":"","format":"standard","meta":{"advanced_seo_description":"","jetpack_seo_html_title":"","jetpack_seo_noindex":false,"jetpack_post_was_ever_published":false,"_jetpack_newsletter_access":"","_jetpack_dont_email_post_to_subs":false,"_jetpack_newsletter_tier_id":0,"_jetpack_memberships_contains_paywalled_content":false,"_jetpack_memberships_contains_paid_content":false,"footnotes":"","jetpack_publicize_message":"","jetpack_publicize_feature_enabled":true,"jetpack_social_post_already_shared":true,"jetpack_social_options":{"image_generator_settings":{"template":"highway","default_image_id":0,"font":"","enabled":false},"version":2}},"categories":[11],"tags":[],"class_list":["post-74792","post","type-post","status-publish","format-standard","has-post-thumbnail","hentry","category-noticias-de-ribeirao-preto-sp-e-regiao-ismael-colosi"],"jetpack_publicize_connections":[],"jetpack_featured_media_url":"https:\/\/i0.wp.com\/noticiasribeiraopreto.com.br\/wp-content\/uploads\/2025\/07\/ACIDENTE-2_2025-07-29_12-16-04.webp.webp?fit=1200%2C773&ssl=1","jetpack-related-posts":[{"id":70707,"url":"https:\/\/noticiasribeiraopreto.com.br\/index.php\/2025\/05\/29\/carro-sobe-em-canteiro-apos-batida-na-via-francisco-maggioni-em-ribeirao-preto\/","url_meta":{"origin":74792,"position":0},"title":"Carro sobe em canteiro ap\u00f3s batida na Via Francisco Maggioni em Ribeir\u00e3o Preto","author":"noticiasribeiraopreto.com.br","date":"29 de May de 2025","format":false,"excerpt":"Um carro subiu no canteiro ap\u00f3s uma batida com outro ve\u00edculo na manh\u00e3 desta quinta-feira (29), na liga\u00e7\u00e3o da Via Francisco Maggioni com a rua Municipal , na zona Norte de Ribeir\u00e3o Preto. Assista ao v\u00eddeo abaixo. Segundo informa\u00e7\u00f5es, apesar dos danos, n\u00e3o houve registro de v\u00edtimas. O cruzamento possui\u2026","rel":"","context":"In &quot;Not\u00edcias de Ribeir\u00e3o Preto-SP e Regi\u00e3o&quot;","block_context":{"text":"Not\u00edcias de Ribeir\u00e3o Preto-SP e Regi\u00e3o","link":"https:\/\/noticiasribeiraopreto.com.br\/index.php\/category\/noticias-de-ribeirao-preto-sp-e-regiao-ismael-colosi\/"},"img":{"alt_text":"","src":"https:\/\/i0.wp.com\/noticiasribeiraopreto.com.br\/wp-content\/uploads\/2025\/05\/ACIDENTE_2025-05-29_10-54-05.webp.webp?fit=1200%2C667&ssl=1&resize=350%2C200","width":350,"height":200,"srcset":"https:\/\/i0.wp.com\/noticiasribeiraopreto.com.br\/wp-content\/uploads\/2025\/05\/ACIDENTE_2025-05-29_10-54-05.webp.webp?fit=1200%2C667&ssl=1&resize=350%2C200 1x, https:\/\/i0.wp.com\/noticiasribeiraopreto.com.br\/wp-content\/uploads\/2025\/05\/ACIDENTE_2025-05-29_10-54-05.webp.webp?fit=1200%2C667&ssl=1&resize=525%2C300 1.5x, https:\/\/i0.wp.com\/noticiasribeiraopreto.com.br\/wp-content\/uploads\/2025\/05\/ACIDENTE_2025-05-29_10-54-05.webp.webp?fit=1200%2C667&ssl=1&resize=700%2C400 2x, https:\/\/i0.wp.com\/noticiasribeiraopreto.com.br\/wp-content\/uploads\/2025\/05\/ACIDENTE_2025-05-29_10-54-05.webp.webp?fit=1200%2C667&ssl=1&resize=1050%2C600 3x"},"classes":[]},{"id":63850,"url":"https:\/\/noticiasribeiraopreto.com.br\/index.php\/2025\/02\/24\/motociclista-sofre-fratura-na-perna-apos-batida-com-carro-em-avenida-de-ribeirao-preto\/","url_meta":{"origin":74792,"position":1},"title":"Motociclista sofre fratura na perna ap\u00f3s batida com carro em avenida de Ribeir\u00e3o Preto","author":"noticiasribeiraopreto.com.br","date":"24 de February de 2025","format":false,"excerpt":"Uma motociclista ficou ferida na manh\u00e3 desta segunda-feira (24), ap\u00f3s uma batida de moto e carro, no cruzamento da avenida Marechal Costa e Silva com rua Coimbra, na zona Norte de Ribeir\u00e3o Preto, Segundo informa\u00e7\u00f5es da RP Mobi, a v\u00edtima sofreu fratura de f\u00eamur e foi socorrida. A faixa da\u2026","rel":"","context":"In &quot;Not\u00edcias de Ribeir\u00e3o Preto-SP e Regi\u00e3o&quot;","block_context":{"text":"Not\u00edcias de Ribeir\u00e3o Preto-SP e Regi\u00e3o","link":"https:\/\/noticiasribeiraopreto.com.br\/index.php\/category\/noticias-de-ribeirao-preto-sp-e-regiao-ismael-colosi\/"},"img":{"alt_text":"","src":"https:\/\/i0.wp.com\/noticiasribeiraopreto.com.br\/wp-content\/uploads\/2025\/02\/WhatsApp-Image-2025-02-24-at-08.33.09_2025-02-24_11-54-54_jpeg_2025-02-24_11-54-54.webp.webp?fit=1200%2C675&ssl=1&resize=350%2C200","width":350,"height":200,"srcset":"https:\/\/i0.wp.com\/noticiasribeiraopreto.com.br\/wp-content\/uploads\/2025\/02\/WhatsApp-Image-2025-02-24-at-08.33.09_2025-02-24_11-54-54_jpeg_2025-02-24_11-54-54.webp.webp?fit=1200%2C675&ssl=1&resize=350%2C200 1x, https:\/\/i0.wp.com\/noticiasribeiraopreto.com.br\/wp-content\/uploads\/2025\/02\/WhatsApp-Image-2025-02-24-at-08.33.09_2025-02-24_11-54-54_jpeg_2025-02-24_11-54-54.webp.webp?fit=1200%2C675&ssl=1&resize=525%2C300 1.5x, https:\/\/i0.wp.com\/noticiasribeiraopreto.com.br\/wp-content\/uploads\/2025\/02\/WhatsApp-Image-2025-02-24-at-08.33.09_2025-02-24_11-54-54_jpeg_2025-02-24_11-54-54.webp.webp?fit=1200%2C675&ssl=1&resize=700%2C400 2x, https:\/\/i0.wp.com\/noticiasribeiraopreto.com.br\/wp-content\/uploads\/2025\/02\/WhatsApp-Image-2025-02-24-at-08.33.09_2025-02-24_11-54-54_jpeg_2025-02-24_11-54-54.webp.webp?fit=1200%2C675&ssl=1&resize=1050%2C600 3x"},"classes":[]},{"id":63852,"url":"https:\/\/noticiasribeiraopreto.com.br\/index.php\/2025\/02\/24\/motociclista-morre-em-acidente-na-avenida-francisco-junqueira-em-ribeirao-preto\/","url_meta":{"origin":74792,"position":2},"title":"Motociclista morre em acidente na avenida Francisco Junqueira em Ribeir\u00e3o Preto","author":"noticiasribeiraopreto.com.br","date":"24 de February de 2025","format":false,"excerpt":"Um motociclista de aproximadamente 30 anos morreu na manh\u00e3 desta segunda-feira (24) em um acidente entre moto e caminh\u00e3o, na avenida Francisco Junqueira, em Ribeir\u00e3o Preto. Segundo a RP Mobi, o cruzamento das avenidas Francisco Junqueira e Ant\u00f4nio Diederichsen, na pista Centro-bairro, est\u00e1 totalmente interditado. O trecho \u00e9 na altura\u2026","rel":"","context":"In &quot;Not\u00edcias de Ribeir\u00e3o Preto-SP e Regi\u00e3o&quot;","block_context":{"text":"Not\u00edcias de Ribeir\u00e3o Preto-SP e Regi\u00e3o","link":"https:\/\/noticiasribeiraopreto.com.br\/index.php\/category\/noticias-de-ribeirao-preto-sp-e-regiao-ismael-colosi\/"},"img":{"alt_text":"","src":"https:\/\/i0.wp.com\/noticiasribeiraopreto.com.br\/wp-content\/uploads\/2025\/02\/ACIDENTE-_2025-02-24_12-23-57_jpg_2025-02-24_12-23-57.webp.webp?fit=1200%2C671&ssl=1&resize=350%2C200","width":350,"height":200,"srcset":"https:\/\/i0.wp.com\/noticiasribeiraopreto.com.br\/wp-content\/uploads\/2025\/02\/ACIDENTE-_2025-02-24_12-23-57_jpg_2025-02-24_12-23-57.webp.webp?fit=1200%2C671&ssl=1&resize=350%2C200 1x, https:\/\/i0.wp.com\/noticiasribeiraopreto.com.br\/wp-content\/uploads\/2025\/02\/ACIDENTE-_2025-02-24_12-23-57_jpg_2025-02-24_12-23-57.webp.webp?fit=1200%2C671&ssl=1&resize=525%2C300 1.5x, https:\/\/i0.wp.com\/noticiasribeiraopreto.com.br\/wp-content\/uploads\/2025\/02\/ACIDENTE-_2025-02-24_12-23-57_jpg_2025-02-24_12-23-57.webp.webp?fit=1200%2C671&ssl=1&resize=700%2C400 2x, https:\/\/i0.wp.com\/noticiasribeiraopreto.com.br\/wp-content\/uploads\/2025\/02\/ACIDENTE-_2025-02-24_12-23-57_jpg_2025-02-24_12-23-57.webp.webp?fit=1200%2C671&ssl=1&resize=1050%2C600 3x"},"classes":[]},{"id":16489,"url":"https:\/\/noticiasribeiraopreto.com.br\/index.php\/2023\/12\/15\/trecho-da-avenida-antonio-e-helena-zerrener-tem-interdicao-total\/","url_meta":{"origin":74792,"position":3},"title":"Trecho da avenida Ant\u00f4nio e Helena Zerrener tem interdi\u00e7\u00e3o total","author":"noticiasribeiraopreto.com.br","date":"15 de December de 2023","format":false,"excerpt":"15 de dezembro de 2023 | 17:32 0A RP Mobi alerta aos condutores, nesta sexta-feira, 15 de dezembro, foi necess\u00e1rio o fechamento total no acesso \u00e0 pista Centro\/Bairro da avenida Ant\u00f4nio e Helena Zerrener, a partir do cruzamento com a rua S\u00e3o Salvador, na divisa entre os bairros Vila Tib\u00e9rio\u2026","rel":"","context":"In &quot;Not\u00edcias de Ribeir\u00e3o Preto-SP e Regi\u00e3o&quot;","block_context":{"text":"Not\u00edcias de Ribeir\u00e3o Preto-SP e Regi\u00e3o","link":"https:\/\/noticiasribeiraopreto.com.br\/index.php\/category\/noticias-de-ribeirao-preto-sp-e-regiao-ismael-colosi\/"},"img":{"alt_text":"","src":"https:\/\/i0.wp.com\/noticiasribeiraopreto.com.br\/wp-content\/uploads\/2023\/12\/00-02-mai-2023-zerrener-corrego-02-foto-alfredo-risk-scaled.jpg?fit=1200%2C900&ssl=1&resize=350%2C200","width":350,"height":200,"srcset":"https:\/\/i0.wp.com\/noticiasribeiraopreto.com.br\/wp-content\/uploads\/2023\/12\/00-02-mai-2023-zerrener-corrego-02-foto-alfredo-risk-scaled.jpg?fit=1200%2C900&ssl=1&resize=350%2C200 1x, https:\/\/i0.wp.com\/noticiasribeiraopreto.com.br\/wp-content\/uploads\/2023\/12\/00-02-mai-2023-zerrener-corrego-02-foto-alfredo-risk-scaled.jpg?fit=1200%2C900&ssl=1&resize=525%2C300 1.5x, https:\/\/i0.wp.com\/noticiasribeiraopreto.com.br\/wp-content\/uploads\/2023\/12\/00-02-mai-2023-zerrener-corrego-02-foto-alfredo-risk-scaled.jpg?fit=1200%2C900&ssl=1&resize=700%2C400 2x, https:\/\/i0.wp.com\/noticiasribeiraopreto.com.br\/wp-content\/uploads\/2023\/12\/00-02-mai-2023-zerrener-corrego-02-foto-alfredo-risk-scaled.jpg?fit=1200%2C900&ssl=1&resize=1050%2C600 3x"},"classes":[]},{"id":74853,"url":"https:\/\/noticiasribeiraopreto.com.br\/index.php\/2025\/07\/30\/video-motociclista-fica-ferida-apos-colisao-com-carro-em-rp\/","url_meta":{"origin":74792,"position":4},"title":"V\u00cdDEO &#8211; Motociclista fica ferida ap\u00f3s colis\u00e3o com carro em RP","author":"noticiasribeiraopreto.com.br","date":"30 de July de 2025","format":false,"excerpt":"Acidente ocorreu em cruzamento de avenida movimentada e suspeita \u00e9 que um dos envolvidos n\u00e3o tenha respeitado o sem\u00e1foro 30 de julho de 2025 11:5230 de julho de 2025 11:534 Compartilhar1 Por: Adalberto Luque Uma motociclista ficou ferida, na manh\u00e3 desta quarta-feira (30), ap\u00f3s se envolver em um acidente de\u2026","rel":"","context":"In &quot;Not\u00edcias de Ribeir\u00e3o Preto-SP e Regi\u00e3o&quot;","block_context":{"text":"Not\u00edcias de Ribeir\u00e3o Preto-SP e Regi\u00e3o","link":"https:\/\/noticiasribeiraopreto.com.br\/index.php\/category\/noticias-de-ribeirao-preto-sp-e-regiao-ismael-colosi\/"},"img":{"alt_text":"","src":"https:\/\/i0.wp.com\/noticiasribeiraopreto.com.br\/wp-content\/uploads\/2025\/07\/30-jul-2025-acidente13demaiok2-scaled.jpg?fit=1040%2C780&ssl=1&resize=350%2C200","width":350,"height":200,"srcset":"https:\/\/i0.wp.com\/noticiasribeiraopreto.com.br\/wp-content\/uploads\/2025\/07\/30-jul-2025-acidente13demaiok2-scaled.jpg?fit=1040%2C780&ssl=1&resize=350%2C200 1x, https:\/\/i0.wp.com\/noticiasribeiraopreto.com.br\/wp-content\/uploads\/2025\/07\/30-jul-2025-acidente13demaiok2-scaled.jpg?fit=1040%2C780&ssl=1&resize=525%2C300 1.5x, https:\/\/i0.wp.com\/noticiasribeiraopreto.com.br\/wp-content\/uploads\/2025\/07\/30-jul-2025-acidente13demaiok2-scaled.jpg?fit=1040%2C780&ssl=1&resize=700%2C400 2x"},"classes":[]},{"id":46342,"url":"https:\/\/noticiasribeiraopreto.com.br\/index.php\/2024\/04\/11\/carro-pega-fogo-em-avenida-da-zona-oeste-de-ribeirao-preto-assista-ao-video\/","url_meta":{"origin":74792,"position":5},"title":"Carro pega fogo em avenida da zona Oeste de Ribeir\u00e3o Preto; Assista ao v\u00eddeo","author":"noticiasribeiraopreto.com.br","date":"11 de April de 2024","format":false,"excerpt":"Um carro pegou fogo na manh\u00e3 desta quinta-feira (11), na avenida Ant\u00f4nio e Helena Zerrener, zona Oeste de Ribeir\u00e3o Preto. Segundo o Corpo de Bombeiros, n\u00e3o h\u00e1 feridos no inc\u00eandio, que ocorreu no cruzamento da avenida com a rua Coronel Luiz da Cunha. As causas, contudo, ainda dever\u00e3o ser apuradas.\u2026","rel":"","context":"In &quot;Not\u00edcias de Ribeir\u00e3o Preto-SP e Regi\u00e3o&quot;","block_context":{"text":"Not\u00edcias de Ribeir\u00e3o Preto-SP e Regi\u00e3o","link":"https:\/\/noticiasribeiraopreto.com.br\/index.php\/category\/noticias-de-ribeirao-preto-sp-e-regiao-ismael-colosi\/"},"img":{"alt_text":"","src":"https:\/\/i0.wp.com\/noticiasribeiraopreto.com.br\/wp-content\/uploads\/2024\/04\/FOGO.jpg?fit=1200%2C745&ssl=1&resize=350%2C200","width":350,"height":200,"srcset":"https:\/\/i0.wp.com\/noticiasribeiraopreto.com.br\/wp-content\/uploads\/2024\/04\/FOGO.jpg?fit=1200%2C745&ssl=1&resize=350%2C200 1x, https:\/\/i0.wp.com\/noticiasribeiraopreto.com.br\/wp-content\/uploads\/2024\/04\/FOGO.jpg?fit=1200%2C745&ssl=1&resize=525%2C300 1.5x, https:\/\/i0.wp.com\/noticiasribeiraopreto.com.br\/wp-content\/uploads\/2024\/04\/FOGO.jpg?fit=1200%2C745&ssl=1&resize=700%2C400 2x, https:\/\/i0.wp.com\/noticiasribeiraopreto.com.br\/wp-content\/uploads\/2024\/04\/FOGO.jpg?fit=1200%2C745&ssl=1&resize=1050%2C600 3x"},"classes":[]}],"jetpack_sharing_enabled":true,"jetpack_shortlink":"https:\/\/wp.me\/peQAOb-jsk","_links":{"self":[{"href":"https:\/\/noticiasribeiraopreto.com.br\/index.php\/wp-json\/wp\/v2\/posts\/74792","targetHints":{"allow":["GET"]}}],"collection":[{"href":"https:\/\/noticiasribeiraopreto.com.br\/index.php\/wp-json\/wp\/v2\/posts"}],"about":[{"href":"https:\/\/noticiasribeiraopreto.com.br\/index.php\/wp-json\/wp\/v2\/types\/post"}],"author":[{"embeddable":true,"href":"https:\/\/noticiasribeiraopreto.com.br\/index.php\/wp-json\/wp\/v2\/users\/1"}],"replies":[{"embeddable":true,"href":"https:\/\/noticiasribeiraopreto.com.br\/index.php\/wp-json\/wp\/v2\/comments?post=74792"}],"version-history":[{"count":0,"href":"https:\/\/noticiasribeiraopreto.com.br\/index.php\/wp-json\/wp\/v2\/posts\/74792\/revisions"}],"wp:featuredmedia":[{"embeddable":true,"href":"https:\/\/noticiasribeiraopreto.com.br\/index.php\/wp-json\/wp\/v2\/media\/74793"}],"wp:attachment":[{"href":"https:\/\/noticiasribeiraopreto.com.br\/index.php\/wp-json\/wp\/v2\/media?parent=74792"}],"wp:term":[{"taxonomy":"category","embeddable":true,"href":"https:\/\/noticiasribeiraopreto.com.br\/index.php\/wp-json\/wp\/v2\/categories?post=74792"},{"taxonomy":"post_tag","embeddable":true,"href":"https:\/\/noticiasribeiraopreto.com.br\/index.php\/wp-json\/wp\/v2\/tags?post=74792"}],"curies":[{"name":"wp","href":"https:\/\/api.w.org\/{rel}","templated":true}]}}