{"id":74802,"date":"2025-07-29T14:28:50","date_gmt":"2025-07-29T17:28:50","guid":{"rendered":"https:\/\/noticiasribeiraopreto.com.br\/index.php\/2025\/07\/29\/sesi-ribeirao-preto-inaugura-exposicao-de-arte-contemporanea-gratuita\/"},"modified":"2025-07-29T14:28:50","modified_gmt":"2025-07-29T17:28:50","slug":"sesi-ribeirao-preto-inaugura-exposicao-de-arte-contemporanea-gratuita","status":"publish","type":"post","link":"https:\/\/noticiasribeiraopreto.com.br\/index.php\/2025\/07\/29\/sesi-ribeirao-preto-inaugura-exposicao-de-arte-contemporanea-gratuita\/","title":{"rendered":"Sesi Ribeir\u00e3o Preto inaugura exposi\u00e7\u00e3o de arte contempor\u00e2nea gratuita"},"content":{"rendered":"<div class='code-block code-block-1' style='margin: 8px 0 8px auto; text-align: right; display: block; clear: both;'>\n<p><a href=\"https:\/\/wa.link\/vpicfd\"><img data-recalc-dims=\"1\" class=\"wp-image-4922\" style=\"aspect-ratio: 2.0253164556962027; width: 561px; height: auto;\" src=\"https:\/\/i0.wp.com\/ismaelcolosi.com.br\/wp-content\/uploads\/2023\/11\/grupo-de-empregos-whatsapp-e-facebook-ismael-colosi-vagas.jpg?ssl=1\" alt=\"\" \/><\/a><\/p>\n<!-- \/wp:image -->\n<\/div>\n<p> <br \/>\n<\/p>\n<div>\n<p>O <strong>Centro Cultural Sesi Ribeir\u00e3o Preto<\/strong> recebe a partir de 1\u00ba de agosto a exposi\u00e7\u00e3o <strong>\u201cAR: Acervo Rotativo\u201d<\/strong>. A abertura acontece no mesmo dia, das 19h \u00e0s 20h, e para participar \u00e9 necess\u00e1rio reservar o ingresso gratuito pela plataforma <strong>Meu Sesi<\/strong> (<a href=\"https:\/\/www.sesisp.org.br\/evento\/74a8ab1e-424b-4267-bf26-66b5bbf33f9d\/abertura-da-exposicao-ar-acervo-rotativo\" data-type=\"link\" data-id=\"https:\/\/www.sesisp.org.br\/evento\/74a8ab1e-424b-4267-bf26-66b5bbf33f9d\/abertura-da-exposicao-ar-acervo-rotativo\" target=\"_blank\" rel=\"noopener\">clique aqui<\/a>).<\/p>\n<p>A partir das 19h30, integra a programa\u00e7\u00e3o do evento o show Tramas, interpretado por Leonardo Freitas e Ricardo Perez, apresentando ritmos que fazem parte da narrativa hist\u00f3rica do Brasil como choro, samba, afrossamba, frevo e bai\u00e3o.<\/p>\n<h2 class=\"wp-block-heading\"><strong>A exposi\u00e7\u00e3o<\/strong><\/h2>\n<p>Idealizada em 2018 pelos artistas e curadores Laerte Ramos e Natacha Janus, <mark style=\"background-color:#fcb900\" class=\"has-inline-color has-black-color\">a exposi\u00e7\u00e3o apresenta 400 obras de arte contempor\u00e2nea em pequeno formato \u2013 medindo at\u00e9 5 x 5 cm <\/mark>\u2013 produzidas e doadas por 400 artistas de 16 pa\u00edses. Cada pe\u00e7a revela a singularidade do gesto criativo em meio ao desafio da democratiza\u00e7\u00e3o e do acesso \u00e0 arte.<\/p>\n<p>A proposta \u00e9 criar um espa\u00e7o de reflex\u00e3o sobre as barreiras f\u00edsicas, territoriais e sociais que muitos artistas enfrentam, promovendo o encontro entre diferentes trajet\u00f3rias, estilos e contextos.<\/p>\n<p><mark style=\"background-color:#fcb900\" class=\"has-inline-color has-black-color\">O pequeno formato das obras traz um senso de igualdade<\/mark>, destacando a criatividade e a originalidade de cada artista em um acervo coletivo. Juntos, os autores \u201ccriam um corpo denso, diverso e potente\u201d, afirma o curador Laerte Ramos, presen\u00e7a marcante no evento.<\/p>\n<h2 class=\"wp-block-heading\"><strong>Servi\u00e7o<\/strong><\/h2>\n<p><strong>Exposi\u00e7\u00e3o AR \u2013 Acervo Rotativo<br \/>Quando:<\/strong> de 1\u00ba de agosto a 30 de novembro<br \/><strong>Funcionamento:<\/strong> quarta \u00e0 s\u00e1bado, das 11h \u00e0s 20h\/domingos e feriados, das 11h \u00e0s 17h<br \/><strong>Coquetel de abertura com o curador Laerte Ramos<\/strong><br \/>01\/08\/2025, sexta-feira \u2013 19h00<br \/>Reserva de ingressos pelo Meu Sesi (<a href=\"https:\/\/www.sesisp.org.br\/evento\/74a8ab1e-424b-4267-bf26-66b5bbf33f9d\/abertura-da-exposicao-ar-acervo-rotativo\" data-type=\"link\" data-id=\"https:\/\/www.sesisp.org.br\/evento\/74a8ab1e-424b-4267-bf26-66b5bbf33f9d\/abertura-da-exposicao-ar-acervo-rotativo\" target=\"_blank\" rel=\"noopener\">clique aqui<\/a>)<\/p>\n<p>SAIBA MAIS<br \/>Massa de ar polar derruba as temperaturas; Veja previs\u00e3o para semana em Ribeir\u00e3o Preto<\/p>\n<h2 class=\"wp-block-heading\"><strong>FIQUE ON<\/strong><\/h2>\n<p>Fique ligado em tudo que acontece em Ribeir\u00e3o Preto e regi\u00e3o. Siga os perfis do\u00a0<strong>acidade on\u00a0<\/strong>no\u00a0<a href=\"https:\/\/www.instagram.com\/acidadeonribeirao\" target=\"_blank\" rel=\"noreferrer noopener\">Instagram<\/a>\u00a0e no\u00a0<a href=\"https:\/\/www.facebook.com\/acidadeonribeirao\/\" target=\"_blank\" rel=\"noreferrer noopener\">Facebook<\/a>.<\/p>\n<p>Receba not\u00edcias do<strong>\u00a0acidade on<\/strong>\u00a0no WhatsApp.\u00a0<a href=\"https:\/\/chat.whatsapp.com\/BjKQZ9oJwlz8VVT50NuePq\" target=\"_blank\" rel=\"noreferrer noopener\">Para entrar no grupo, basta clicar aqui.<\/a><\/p>\n<p>Fa\u00e7a uma den\u00fancia ou sugira uma reportagem sobre Ribeir\u00e3o Preto e regi\u00e3o pelo WhatsApp: 16 99117 7802.<\/p>\n<p>VEJA TAMB\u00c9M<br \/>O que um copo de suco de uva pode fazer pelo seu corpo?\u00a0<\/p>\n<p><!-- AI CONTENT END 1 -->\n<\/div>\n<p><script async src=\"\/\/www.instagram.com\/embed.js\"><\/script><br \/>\n<br \/><br \/>\n<br \/><a href=\"https:\/\/www.acidadeon.com\/ribeiraopreto\/lazer-e-cultura\/sesi-ribeirao-preto-inaugura-exposicao-de-arte-contemporanea-gratuita\/\">Source link <\/a><\/p>\n<!-- CONTENT END 1 -->\n","protected":false},"excerpt":{"rendered":"<p>O Centro Cultural Sesi Ribeir\u00e3o Preto recebe a partir de 1\u00ba de agosto a exposi\u00e7\u00e3o \u201cAR: Acervo Rotativo\u201d. A abertura acontece no mesmo dia, das&#8230;<\/p>\n","protected":false},"author":1,"featured_media":74803,"comment_status":"open","ping_status":"open","sticky":false,"template":"","format":"standard","meta":{"advanced_seo_description":"","jetpack_seo_html_title":"","jetpack_seo_noindex":false,"jetpack_post_was_ever_published":false,"_jetpack_newsletter_access":"","_jetpack_dont_email_post_to_subs":false,"_jetpack_newsletter_tier_id":0,"_jetpack_memberships_contains_paywalled_content":false,"_jetpack_memberships_contains_paid_content":false,"footnotes":"","jetpack_publicize_message":"","jetpack_publicize_feature_enabled":true,"jetpack_social_post_already_shared":true,"jetpack_social_options":{"image_generator_settings":{"template":"highway","default_image_id":0,"font":"","enabled":false},"version":2}},"categories":[11],"tags":[],"class_list":["post-74802","post","type-post","status-publish","format-standard","has-post-thumbnail","hentry","category-noticias-de-ribeirao-preto-sp-e-regiao-ismael-colosi"],"jetpack_publicize_connections":[],"jetpack_featured_media_url":"https:\/\/i0.wp.com\/noticiasribeiraopreto.com.br\/wp-content\/uploads\/2025\/07\/exposicao-sesi-ribeirao_2025-07-29_16-46-15.webp.webp?fit=1200%2C900&ssl=1","jetpack-related-posts":[{"id":47299,"url":"https:\/\/noticiasribeiraopreto.com.br\/index.php\/2024\/04\/25\/ribeirao-preto-tem-show-de-viola-caipira-gratuito-confira-a-programacao-do-sesi\/","url_meta":{"origin":74802,"position":0},"title":"Ribeir\u00e3o Preto tem show de viola caipira gratuito; Confira a programa\u00e7\u00e3o do Sesi","author":"noticiasribeiraopreto.com.br","date":"25 de April de 2024","format":false,"excerpt":"Nesta sexta-feira (24), o Sesi Ribeir\u00e3o Preto recebe o show de viola caipira gratuito com o m\u00fasico Cl\u00e1udio Lacerda. Al\u00e9m disso, a programa\u00e7\u00e3o do Sesi no final de semana conta com exposi\u00e7\u00e3o de fotografias e feira para troca de livros. Show Olhos d\u2019\u00e1gua Cl\u00e1udio Lacerda se apresenta \u00e0s 20h com\u2026","rel":"","context":"In &quot;Not\u00edcias de Ribeir\u00e3o Preto-SP e Regi\u00e3o&quot;","block_context":{"text":"Not\u00edcias de Ribeir\u00e3o Preto-SP e Regi\u00e3o","link":"https:\/\/noticiasribeiraopreto.com.br\/index.php\/category\/noticias-de-ribeirao-preto-sp-e-regiao-ismael-colosi\/"},"img":{"alt_text":"","src":"https:\/\/i0.wp.com\/noticiasribeiraopreto.com.br\/wp-content\/uploads\/2024\/04\/Cl-udio-Lacerda-por-Aline-Grego_2024-04-24_13-20-57_jpg-scaled.webp.webp?fit=1200%2C803&ssl=1&resize=350%2C200","width":350,"height":200,"srcset":"https:\/\/i0.wp.com\/noticiasribeiraopreto.com.br\/wp-content\/uploads\/2024\/04\/Cl-udio-Lacerda-por-Aline-Grego_2024-04-24_13-20-57_jpg-scaled.webp.webp?fit=1200%2C803&ssl=1&resize=350%2C200 1x, https:\/\/i0.wp.com\/noticiasribeiraopreto.com.br\/wp-content\/uploads\/2024\/04\/Cl-udio-Lacerda-por-Aline-Grego_2024-04-24_13-20-57_jpg-scaled.webp.webp?fit=1200%2C803&ssl=1&resize=525%2C300 1.5x, https:\/\/i0.wp.com\/noticiasribeiraopreto.com.br\/wp-content\/uploads\/2024\/04\/Cl-udio-Lacerda-por-Aline-Grego_2024-04-24_13-20-57_jpg-scaled.webp.webp?fit=1200%2C803&ssl=1&resize=700%2C400 2x, https:\/\/i0.wp.com\/noticiasribeiraopreto.com.br\/wp-content\/uploads\/2024\/04\/Cl-udio-Lacerda-por-Aline-Grego_2024-04-24_13-20-57_jpg-scaled.webp.webp?fit=1200%2C803&ssl=1&resize=1050%2C600 3x"},"classes":[]},{"id":75277,"url":"https:\/\/noticiasribeiraopreto.com.br\/index.php\/2025\/08\/06\/exposicao-gratuita-reune-25-carros-modificados-em-shopping-de-ribeirao-preto\/","url_meta":{"origin":74802,"position":1},"title":"Exposi\u00e7\u00e3o gratuita re\u00fane 25 carros modificados em shopping de Ribeir\u00e3o Preto","author":"noticiasribeiraopreto.com.br","date":"6 de August de 2025","format":false,"excerpt":"Ribeir\u00e3o Preto recebe uma exposi\u00e7\u00e3o de carros modificados a partir do pr\u00f3ximo s\u00e1bado (9), com 25 ve\u00edculos exclusivos. O evento, que vai at\u00e9 o dia 24 de agosto, ser\u00e1 no Novo Shopping, na zona Leste. A maior concentra\u00e7\u00e3o dos carros ficar\u00e1 no corredor da portaria 5. A exposi\u00e7\u00e3o \u00e9 gratuita\u2026","rel":"","context":"In &quot;Not\u00edcias de Ribeir\u00e3o Preto-SP e Regi\u00e3o&quot;","block_context":{"text":"Not\u00edcias de Ribeir\u00e3o Preto-SP e Regi\u00e3o","link":"https:\/\/noticiasribeiraopreto.com.br\/index.php\/category\/noticias-de-ribeirao-preto-sp-e-regiao-ismael-colosi\/"},"img":{"alt_text":"","src":"https:\/\/i0.wp.com\/noticiasribeiraopreto.com.br\/wp-content\/uploads\/2025\/08\/WhatsApp-Image-2025-08-06-at-10.33.56_2025-08-06_14-20-14.webp.webp?fit=800%2C689&ssl=1&resize=350%2C200","width":350,"height":200,"srcset":"https:\/\/i0.wp.com\/noticiasribeiraopreto.com.br\/wp-content\/uploads\/2025\/08\/WhatsApp-Image-2025-08-06-at-10.33.56_2025-08-06_14-20-14.webp.webp?fit=800%2C689&ssl=1&resize=350%2C200 1x, https:\/\/i0.wp.com\/noticiasribeiraopreto.com.br\/wp-content\/uploads\/2025\/08\/WhatsApp-Image-2025-08-06-at-10.33.56_2025-08-06_14-20-14.webp.webp?fit=800%2C689&ssl=1&resize=525%2C300 1.5x, https:\/\/i0.wp.com\/noticiasribeiraopreto.com.br\/wp-content\/uploads\/2025\/08\/WhatsApp-Image-2025-08-06-at-10.33.56_2025-08-06_14-20-14.webp.webp?fit=800%2C689&ssl=1&resize=700%2C400 2x"},"classes":[]},{"id":57700,"url":"https:\/\/noticiasribeiraopreto.com.br\/index.php\/2024\/09\/07\/sesi-ribeirao-preto-recebe-show-que-mistura-jazz-e-rock-com-a-musica-popular\/","url_meta":{"origin":74802,"position":2},"title":"Sesi Ribeir\u00e3o Preto recebe show que mistura jazz e rock com a m\u00fasica popular","author":"noticiasribeiraopreto.com.br","date":"7 de September de 2024","format":false,"excerpt":"A banda Cataia, que faz uma mistura de jazz e rock com a m\u00fasica popular, apresenta o \u201cProjeto Multicultural \u2013 Show Mesti\u00e7o\u201d neste domingo (8) no Sesi Ribeir\u00e3o Preto, a partir das 19h. A entrada \u00e9 gratuita, mas \u00e9 necess\u00e1rio reservar o ingresso pela internet (clique aqui). O projeto \u00e9\u2026","rel":"","context":"In &quot;Not\u00edcias de Ribeir\u00e3o Preto-SP e Regi\u00e3o&quot;","block_context":{"text":"Not\u00edcias de Ribeir\u00e3o Preto-SP e Regi\u00e3o","link":"https:\/\/noticiasribeiraopreto.com.br\/index.php\/category\/noticias-de-ribeirao-preto-sp-e-regiao-ismael-colosi\/"},"img":{"alt_text":"","src":"https:\/\/i0.wp.com\/noticiasribeiraopreto.com.br\/wp-content\/uploads\/2024\/09\/Banda-Cataia_2024-09-07_20-12-00_jpg_2024-09-07_20-12-00.webp.webp?fit=1200%2C800&ssl=1&resize=350%2C200","width":350,"height":200,"srcset":"https:\/\/i0.wp.com\/noticiasribeiraopreto.com.br\/wp-content\/uploads\/2024\/09\/Banda-Cataia_2024-09-07_20-12-00_jpg_2024-09-07_20-12-00.webp.webp?fit=1200%2C800&ssl=1&resize=350%2C200 1x, https:\/\/i0.wp.com\/noticiasribeiraopreto.com.br\/wp-content\/uploads\/2024\/09\/Banda-Cataia_2024-09-07_20-12-00_jpg_2024-09-07_20-12-00.webp.webp?fit=1200%2C800&ssl=1&resize=525%2C300 1.5x, https:\/\/i0.wp.com\/noticiasribeiraopreto.com.br\/wp-content\/uploads\/2024\/09\/Banda-Cataia_2024-09-07_20-12-00_jpg_2024-09-07_20-12-00.webp.webp?fit=1200%2C800&ssl=1&resize=700%2C400 2x, https:\/\/i0.wp.com\/noticiasribeiraopreto.com.br\/wp-content\/uploads\/2024\/09\/Banda-Cataia_2024-09-07_20-12-00_jpg_2024-09-07_20-12-00.webp.webp?fit=1200%2C800&ssl=1&resize=1050%2C600 3x"},"classes":[]},{"id":57570,"url":"https:\/\/noticiasribeiraopreto.com.br\/index.php\/2024\/09\/04\/shows-e-mostra-cinematografica-veja-a-programacao-gratuita-do-sesi-ribeirao\/","url_meta":{"origin":74802,"position":3},"title":"Shows e mostra cinematogr\u00e1fica: veja a programa\u00e7\u00e3o gratuita do Sesi Ribeir\u00e3o","author":"noticiasribeiraopreto.com.br","date":"4 de September de 2024","format":false,"excerpt":"A programa\u00e7\u00e3o cultural gratuita do Sesi Ribeir\u00e3o Preto come\u00e7a nesta quarta-feira (4) e segue at\u00e9 domingo (8). Embora as atividades sejam gratuitas, ainda \u00e9 necess\u00e1rio reservar os ingressos on-line atrav\u00e9s do sistema Meu Sesi. Confira a programa\u00e7\u00e3o completa do Sesi Ribeir\u00e3o Preto: O Melhor Est\u00e1 Por Vir | Il sol\u2026","rel":"","context":"In &quot;Not\u00edcias de Ribeir\u00e3o Preto-SP e Regi\u00e3o&quot;","block_context":{"text":"Not\u00edcias de Ribeir\u00e3o Preto-SP e Regi\u00e3o","link":"https:\/\/noticiasribeiraopreto.com.br\/index.php\/category\/noticias-de-ribeirao-preto-sp-e-regiao-ismael-colosi\/"},"img":{"alt_text":"","src":"https:\/\/i0.wp.com\/noticiasribeiraopreto.com.br\/wp-content\/uploads\/2024\/09\/55122355-0702-4156-8254-7540069ba906_2024-09-04_14-24-48_png_2024-09-04_14-24-48.webp.webp?fit=1066%2C600&ssl=1&resize=350%2C200","width":350,"height":200,"srcset":"https:\/\/i0.wp.com\/noticiasribeiraopreto.com.br\/wp-content\/uploads\/2024\/09\/55122355-0702-4156-8254-7540069ba906_2024-09-04_14-24-48_png_2024-09-04_14-24-48.webp.webp?fit=1066%2C600&ssl=1&resize=350%2C200 1x, https:\/\/i0.wp.com\/noticiasribeiraopreto.com.br\/wp-content\/uploads\/2024\/09\/55122355-0702-4156-8254-7540069ba906_2024-09-04_14-24-48_png_2024-09-04_14-24-48.webp.webp?fit=1066%2C600&ssl=1&resize=525%2C300 1.5x, https:\/\/i0.wp.com\/noticiasribeiraopreto.com.br\/wp-content\/uploads\/2024\/09\/55122355-0702-4156-8254-7540069ba906_2024-09-04_14-24-48_png_2024-09-04_14-24-48.webp.webp?fit=1066%2C600&ssl=1&resize=700%2C400 2x, https:\/\/i0.wp.com\/noticiasribeiraopreto.com.br\/wp-content\/uploads\/2024\/09\/55122355-0702-4156-8254-7540069ba906_2024-09-04_14-24-48_png_2024-09-04_14-24-48.webp.webp?fit=1066%2C600&ssl=1&resize=1050%2C600 3x"},"classes":[]},{"id":59328,"url":"https:\/\/noticiasribeiraopreto.com.br\/index.php\/2024\/10\/21\/sesi-ribeirao-tem-programacao-com-shows-de-rock-jazz-viola-caipira-forro-e-ritmos-africanos\/","url_meta":{"origin":74802,"position":4},"title":"Sesi Ribeir\u00e3o tem programa\u00e7\u00e3o com shows de rock, jazz, viola caipira, forr\u00f3 e ritmos africanos","author":"noticiasribeiraopreto.com.br","date":"21 de October de 2024","format":false,"excerpt":"O Sesi Ribeir\u00e3o Preto oferece uma programa\u00e7\u00e3o cultural com muita diversidade musical, passando pelos g\u00eaneros de jazz, rock, viola caipira, forr\u00f3 e ritmos africanos. Ao todo s\u00e3o cinco atra\u00e7\u00f5es para todas as idades. A entrada \u00e9 gratuita. Confira a programa\u00e7\u00e3o Nesta quinta-feira (24), \u00e0s 19h30, a banda Pitoresco promete um\u2026","rel":"","context":"In &quot;Not\u00edcias de Ribeir\u00e3o Preto-SP e Regi\u00e3o&quot;","block_context":{"text":"Not\u00edcias de Ribeir\u00e3o Preto-SP e Regi\u00e3o","link":"https:\/\/noticiasribeiraopreto.com.br\/index.php\/category\/noticias-de-ribeirao-preto-sp-e-regiao-ismael-colosi\/"},"img":{"alt_text":"","src":"https:\/\/i0.wp.com\/noticiasribeiraopreto.com.br\/wp-content\/uploads\/2024\/10\/ae451ad3-3ad9-49dc-8d23-6ba32dc0e266_2024-10-21_15-52-48_jpg_2024-10-21_15-52-48.webp.webp?fit=1200%2C800&ssl=1&resize=350%2C200","width":350,"height":200,"srcset":"https:\/\/i0.wp.com\/noticiasribeiraopreto.com.br\/wp-content\/uploads\/2024\/10\/ae451ad3-3ad9-49dc-8d23-6ba32dc0e266_2024-10-21_15-52-48_jpg_2024-10-21_15-52-48.webp.webp?fit=1200%2C800&ssl=1&resize=350%2C200 1x, https:\/\/i0.wp.com\/noticiasribeiraopreto.com.br\/wp-content\/uploads\/2024\/10\/ae451ad3-3ad9-49dc-8d23-6ba32dc0e266_2024-10-21_15-52-48_jpg_2024-10-21_15-52-48.webp.webp?fit=1200%2C800&ssl=1&resize=525%2C300 1.5x, https:\/\/i0.wp.com\/noticiasribeiraopreto.com.br\/wp-content\/uploads\/2024\/10\/ae451ad3-3ad9-49dc-8d23-6ba32dc0e266_2024-10-21_15-52-48_jpg_2024-10-21_15-52-48.webp.webp?fit=1200%2C800&ssl=1&resize=700%2C400 2x, https:\/\/i0.wp.com\/noticiasribeiraopreto.com.br\/wp-content\/uploads\/2024\/10\/ae451ad3-3ad9-49dc-8d23-6ba32dc0e266_2024-10-21_15-52-48_jpg_2024-10-21_15-52-48.webp.webp?fit=1200%2C800&ssl=1&resize=1050%2C600 3x"},"classes":[]},{"id":2675,"url":"https:\/\/noticiasribeiraopreto.com.br\/index.php\/2023\/11\/16\/teatro-de-ribeirao-preto-promove-oficina-gratuita-de-fotografia\/","url_meta":{"origin":74802,"position":5},"title":"Teatro de Ribeir\u00e3o Preto promove oficina gratuita de fotografia \u00a0","author":"noticiasribeiraopreto.com.br","date":"16 de November de 2023","format":false,"excerpt":"O Teatro Sesi, localizado no Jardim Castelo Branco, em Ribeir\u00e3o Preto recebe, nos dias 17 e 24 de novembro, a oficina de fotografia \u2018Light Painting\u2019, \u00e0s 19h. \u00a0 A entrada \u00e9 gratuita e aberta ao p\u00fablico, mas \u00e9 necess\u00e1rio reservar os ingressos on-line (aqui). Para realizar a reserva, o cadastro\u2026","rel":"","context":"In &quot;Not\u00edcias de Ribeir\u00e3o Preto-SP e Regi\u00e3o&quot;","block_context":{"text":"Not\u00edcias de Ribeir\u00e3o Preto-SP e Regi\u00e3o","link":"https:\/\/noticiasribeiraopreto.com.br\/index.php\/category\/noticias-de-ribeirao-preto-sp-e-regiao-ismael-colosi\/"},"img":{"alt_text":"","src":"https:\/\/i0.wp.com\/noticiasribeiraopreto.com.br\/wp-content\/uploads\/2023\/11\/uma-jovem-com-uma-camera-profissional-tira-uma-foto-na-natureza-scaled.jpg?fit=1081%2C1200&ssl=1&resize=350%2C200","width":350,"height":200,"srcset":"https:\/\/i0.wp.com\/noticiasribeiraopreto.com.br\/wp-content\/uploads\/2023\/11\/uma-jovem-com-uma-camera-profissional-tira-uma-foto-na-natureza-scaled.jpg?fit=1081%2C1200&ssl=1&resize=350%2C200 1x, https:\/\/i0.wp.com\/noticiasribeiraopreto.com.br\/wp-content\/uploads\/2023\/11\/uma-jovem-com-uma-camera-profissional-tira-uma-foto-na-natureza-scaled.jpg?fit=1081%2C1200&ssl=1&resize=525%2C300 1.5x, https:\/\/i0.wp.com\/noticiasribeiraopreto.com.br\/wp-content\/uploads\/2023\/11\/uma-jovem-com-uma-camera-profissional-tira-uma-foto-na-natureza-scaled.jpg?fit=1081%2C1200&ssl=1&resize=700%2C400 2x, https:\/\/i0.wp.com\/noticiasribeiraopreto.com.br\/wp-content\/uploads\/2023\/11\/uma-jovem-com-uma-camera-profissional-tira-uma-foto-na-natureza-scaled.jpg?fit=1081%2C1200&ssl=1&resize=1050%2C600 3x"},"classes":[]}],"jetpack_sharing_enabled":true,"jetpack_shortlink":"https:\/\/wp.me\/peQAOb-jsu","_links":{"self":[{"href":"https:\/\/noticiasribeiraopreto.com.br\/index.php\/wp-json\/wp\/v2\/posts\/74802","targetHints":{"allow":["GET"]}}],"collection":[{"href":"https:\/\/noticiasribeiraopreto.com.br\/index.php\/wp-json\/wp\/v2\/posts"}],"about":[{"href":"https:\/\/noticiasribeiraopreto.com.br\/index.php\/wp-json\/wp\/v2\/types\/post"}],"author":[{"embeddable":true,"href":"https:\/\/noticiasribeiraopreto.com.br\/index.php\/wp-json\/wp\/v2\/users\/1"}],"replies":[{"embeddable":true,"href":"https:\/\/noticiasribeiraopreto.com.br\/index.php\/wp-json\/wp\/v2\/comments?post=74802"}],"version-history":[{"count":0,"href":"https:\/\/noticiasribeiraopreto.com.br\/index.php\/wp-json\/wp\/v2\/posts\/74802\/revisions"}],"wp:featuredmedia":[{"embeddable":true,"href":"https:\/\/noticiasribeiraopreto.com.br\/index.php\/wp-json\/wp\/v2\/media\/74803"}],"wp:attachment":[{"href":"https:\/\/noticiasribeiraopreto.com.br\/index.php\/wp-json\/wp\/v2\/media?parent=74802"}],"wp:term":[{"taxonomy":"category","embeddable":true,"href":"https:\/\/noticiasribeiraopreto.com.br\/index.php\/wp-json\/wp\/v2\/categories?post=74802"},{"taxonomy":"post_tag","embeddable":true,"href":"https:\/\/noticiasribeiraopreto.com.br\/index.php\/wp-json\/wp\/v2\/tags?post=74802"}],"curies":[{"name":"wp","href":"https:\/\/api.w.org\/{rel}","templated":true}]}}