{"id":74804,"date":"2025-07-29T14:36:22","date_gmt":"2025-07-29T17:36:22","guid":{"rendered":"https:\/\/noticiasribeiraopreto.com.br\/index.php\/2025\/07\/29\/petrobras-reduz-em-14-preco-do-gas-natural\/"},"modified":"2025-07-29T14:36:22","modified_gmt":"2025-07-29T17:36:22","slug":"petrobras-reduz-em-14-preco-do-gas-natural","status":"publish","type":"post","link":"https:\/\/noticiasribeiraopreto.com.br\/index.php\/2025\/07\/29\/petrobras-reduz-em-14-preco-do-gas-natural\/","title":{"rendered":"Petrobras reduz em 14% pre\u00e7o do g\u00e1s natural"},"content":{"rendered":"<div class='code-block code-block-1' style='margin: 8px 0 8px auto; text-align: right; display: block; clear: both;'>\n<p><a href=\"https:\/\/wa.link\/vpicfd\"><img data-recalc-dims=\"1\" class=\"wp-image-4922\" style=\"aspect-ratio: 2.0253164556962027; width: 561px; height: auto;\" src=\"https:\/\/i0.wp.com\/ismaelcolosi.com.br\/wp-content\/uploads\/2023\/11\/grupo-de-empregos-whatsapp-e-facebook-ismael-colosi-vagas.jpg?ssl=1\" alt=\"\" \/><\/a><\/p>\n<!-- \/wp:image -->\n<\/div>\n<p> <br \/>\n<\/p>\n<div id=\"\">\n<p>\n\t\t\t\t\t\t\t\t\t<span class=\"entry-meta-item penci-posted-on\"><i class=\"fa fa-clock-o\"\/><time class=\"entry-date published\" datetime=\"2025-07-29T14:30:56-03:00\">29 de julho de 2025 14:30<\/time><time class=\"updated\" datetime=\"2025-07-29T10:34:11-03:00\">29 de julho de 2025 10:34<\/time><\/span><span class=\"entry-meta-item penci-post-countview\"><span class=\"entry-meta-item penci-post-countview penci_post-meta_item\"><i class=\"fa fa-eye\"\/><span class=\"penci-post-countview-number penci-post-countview-p433012\">9<\/span><\/span><\/span>\t\t\t\t\t\t\t\t<\/p>\n<p><!-- .entry-meta --><br \/>\n\t\t\t\t\t\t\t\t<span class=\"penci-social-buttons penci-social-share-footer\"><span class=\"penci-social-share-text\">Compartilhar<\/span><a href=\"#\" class=\"penci-post-like penci_post-meta_item  single-like-button penci-social-item like\" data-post_id=\"433012\" title=\"Like\" data-like=\"Like\" data-unlike=\"Unlike\"><i class=\"fa fa-thumbs-o-up\"\/><span class=\"penci-share-number\">0<\/span><\/a><i class=\"fa fa-facebook\"\/><a class=\"penci-social-item twitter\" target=\"_blank\" rel=\"noopener\" title=\"\" href=\"https:\/\/twitter.com\/intent\/tweet?text=Petrobras%20reduz%20em%2014%20pre\u00e7o%20do%20g\u00e1s%20natural%20-%20https:\/\/www.tribunaribeirao.com.br\/petrobras-reduz-em-14-preco-do-gas-natural\/\"><i class=\"fa fa-twitter\"\/><\/a><i class=\"fa fa-linkedin\"\/><i class=\"fa fa-whatsapp\"\/><i class=\"fa fa-telegram\"\/><i class=\"fa fa-envelope\"\/><\/span>\t\t\t\t\t\t\t<\/div>\n<div>\n<p>Os pre\u00e7os de venda da mol\u00e9cula de g\u00e1s ser\u00e3o atualizados e ter\u00e3o queda m\u00e9dia de cerca de 14%, na compara\u00e7\u00e3o com o trimestre anterior. A redu\u00e7\u00e3o, segundo a Petrobras, entra em vigor na pr\u00f3xima sexta-feira, 1\u00ba de agosto, para os contratos acordados pela companhia com as distribuidoras.<\/p>\n<p>A Petrobras informou, em nota, que os contratos com as distribuidoras incluem \u201catualiza\u00e7\u00f5es trimestrais da parcela do pre\u00e7o relacionada \u00e0 mol\u00e9cula do g\u00e1s e vinculam esta varia\u00e7\u00e3o, para cima ou para baixo, \u00e0s oscila\u00e7\u00f5es do petr\u00f3leo Brent e da taxa de c\u00e2mbio R$\/US$\u201d.<\/p>\n<p>Conforme a companhia, no trimestre, que come\u00e7a em agosto de 2025, a refer\u00eancia do petr\u00f3leo Brent caiu 11,0% e o c\u00e2mbio teve aprecia\u00e7\u00e3o de 3,2%, o que significa que a quantia em reais para a convers\u00e3o em um d\u00f3lar caiu 3,2%.<\/p>\n<p>\u201cImportante destacar que as varia\u00e7\u00f5es por distribuidora dependem\u202fdos produtos contratados com a Petrobras, e que considerando os mecanismos criados pela empresa, em 2024, dos pr\u00eamios por performance e de incentivo \u00e0 demanda \u00e9 poss\u00edvel ampliar a redu\u00e7\u00e3o no pre\u00e7o da mol\u00e9cula\u201d, apontou a petroleira.<\/p>\n<p>O pre\u00e7o m\u00e9dio da mol\u00e9cula vendido \u00e0s distribuidoras acumula de dezembro de 2022 at\u00e9 esse efeito de agosto, um recuo de\u202f32%. \u201cConsiderando a aplica\u00e7\u00e3o integral dos pr\u00eamios, a redu\u00e7\u00e3o acumulada m\u00e9dia poderia atingir mais de 33%\u201d, completou a Petrobras.<\/p>\n<p>A companhia chamou aten\u00e7\u00e3o que o pre\u00e7o final do g\u00e1s natural ao consumidor depende n\u00e3o somente do pre\u00e7o de venda da mol\u00e9cula pela companhia, mas entram no c\u00e1lculo tamb\u00e9m o custo do transporte at\u00e9 a distribuidora, o portf\u00f3lio de suprimento de cada distribuidora. \u201cAssim como por suas margens (e, no caso do GNV \u2013 G\u00e1s Natural Veicular, dos postos de revenda) e pelos tributos federais e estaduais\u201d, concluiu.<br \/><strong><br \/><\/strong><br \/>Andr\u00e9 Motta de Souz\/Ag\u00eancia Petrobras<em><br \/>Os pre\u00e7os de venda da mol\u00e9cula de g\u00e1s ser\u00e3o atualizados e ter\u00e3o queda m\u00e9dia de cerca de 14%, na compara\u00e7\u00e3o com o trimestre anterior<\/em><\/p>\n<\/div>\n<p><script async src=\"\/\/platform.twitter.com\/widgets.js\" charset=\"utf-8\"><\/script><br \/>\n<br \/><br \/>\n<br \/><a href=\"https:\/\/www.tribunaribeirao.com.br\/petrobras-reduz-em-14-preco-do-gas-natural\/\">Source link <\/a><\/p>\n<!-- CONTENT END 1 -->\n","protected":false},"excerpt":{"rendered":"<p>29 de julho de 2025 14:3029 de julho de 2025 10:349 Compartilhar0 Os pre\u00e7os de venda da mol\u00e9cula de g\u00e1s ser\u00e3o atualizados e ter\u00e3o queda&#8230;<\/p>\n","protected":false},"author":1,"featured_media":74805,"comment_status":"open","ping_status":"open","sticky":false,"template":"","format":"standard","meta":{"advanced_seo_description":"","jetpack_seo_html_title":"","jetpack_seo_noindex":false,"jetpack_post_was_ever_published":false,"_jetpack_newsletter_access":"","_jetpack_dont_email_post_to_subs":false,"_jetpack_newsletter_tier_id":0,"_jetpack_memberships_contains_paywalled_content":false,"_jetpack_memberships_contains_paid_content":false,"footnotes":"","jetpack_publicize_message":"","jetpack_publicize_feature_enabled":true,"jetpack_social_post_already_shared":true,"jetpack_social_options":{"image_generator_settings":{"template":"highway","default_image_id":0,"font":"","enabled":false},"version":2}},"categories":[11],"tags":[],"class_list":["post-74804","post","type-post","status-publish","format-standard","has-post-thumbnail","hentry","category-noticias-de-ribeirao-preto-sp-e-regiao-ismael-colosi"],"jetpack_publicize_connections":[],"jetpack_featured_media_url":"https:\/\/i0.wp.com\/noticiasribeiraopreto.com.br\/wp-content\/uploads\/2025\/07\/Gas-Andre-Motta-de-Souza-Agencia-Petrobras.jpg?fit=1170%2C700&ssl=1","jetpack-related-posts":[{"id":11615,"url":"https:\/\/noticiasribeiraopreto.com.br\/index.php\/2023\/12\/06\/indicacao-pede-isencao-de-iptu-na-9-de-julho\/","url_meta":{"origin":74804,"position":0},"title":"Indica\u00e7\u00e3o pede isen\u00e7\u00e3o de IPTU na 9 de Julho\u00a0","author":"noticiasribeiraopreto.com.br","date":"6 de December de 2023","format":false,"excerpt":"6 de dezembro de 2023 | 14:006 de dezembro de 2023 | 9:09 0O vereador Lincoln Fernandes (PDT) prop\u00f4s nesta ter\u00e7a-feira, 5 de dezembro,, por meio de indica\u00e7\u00e3o, que a prefeitura de Ribeir\u00e3o Preto isente do pagamento do Imposto Predial e Territorial Urbano (IPTU) todos os im\u00f3veis da avenida Nove\u2026","rel":"","context":"In &quot;Not\u00edcias de Ribeir\u00e3o Preto-SP e Regi\u00e3o&quot;","block_context":{"text":"Not\u00edcias de Ribeir\u00e3o Preto-SP e Regi\u00e3o","link":"https:\/\/noticiasribeiraopreto.com.br\/index.php\/category\/noticias-de-ribeirao-preto-sp-e-regiao-ismael-colosi\/"},"img":{"alt_text":"","src":"https:\/\/i0.wp.com\/noticiasribeiraopreto.com.br\/wp-content\/uploads\/2023\/12\/nove-scaled.jpg?fit=967%2C645&ssl=1&resize=350%2C200","width":350,"height":200,"srcset":"https:\/\/i0.wp.com\/noticiasribeiraopreto.com.br\/wp-content\/uploads\/2023\/12\/nove-scaled.jpg?fit=967%2C645&ssl=1&resize=350%2C200 1x, https:\/\/i0.wp.com\/noticiasribeiraopreto.com.br\/wp-content\/uploads\/2023\/12\/nove-scaled.jpg?fit=967%2C645&ssl=1&resize=525%2C300 1.5x, https:\/\/i0.wp.com\/noticiasribeiraopreto.com.br\/wp-content\/uploads\/2023\/12\/nove-scaled.jpg?fit=967%2C645&ssl=1&resize=700%2C400 2x"},"classes":[]},{"id":74243,"url":"https:\/\/noticiasribeiraopreto.com.br\/index.php\/2025\/07\/18\/hc-ribeirao-preto-abre-concurso-publico-com-14-vagas-veja-como-participar\/","url_meta":{"origin":74804,"position":1},"title":"HC Ribeir\u00e3o Preto abre concurso p\u00fablico com 14 vagas; Veja como participar","author":"noticiasribeiraopreto.com.br","date":"18 de July de 2025","format":false,"excerpt":"O Hospital das Cl\u00ednicas de Ribeir\u00e3o Preto abriu concurso p\u00fablico com 14 vagas de n\u00edvel superior. Os sal\u00e1rios variam entre R$ 2,9 mil e R$ 5,9 mil para jornadas de 20 horas e 30 horas. Confira as oportunidades e como se inscrever. Veja as vagas Edital 38\/2025 1 vaga para\u2026","rel":"","context":"In &quot;Not\u00edcias de Ribeir\u00e3o Preto-SP e Regi\u00e3o&quot;","block_context":{"text":"Not\u00edcias de Ribeir\u00e3o Preto-SP e Regi\u00e3o","link":"https:\/\/noticiasribeiraopreto.com.br\/index.php\/category\/noticias-de-ribeirao-preto-sp-e-regiao-ismael-colosi\/"},"img":{"alt_text":"","src":"https:\/\/i0.wp.com\/noticiasribeiraopreto.com.br\/wp-content\/uploads\/2025\/07\/Copia-de-Copia-de-TAMANHO-EXATO-PARA-FOTOS-NO-SISTEMA-NOVO_2024-07-10_14-29-47_jpg_2024-07-10_14-29-47.webp.webp?fit=1200%2C675&ssl=1&resize=350%2C200","width":350,"height":200,"srcset":"https:\/\/i0.wp.com\/noticiasribeiraopreto.com.br\/wp-content\/uploads\/2025\/07\/Copia-de-Copia-de-TAMANHO-EXATO-PARA-FOTOS-NO-SISTEMA-NOVO_2024-07-10_14-29-47_jpg_2024-07-10_14-29-47.webp.webp?fit=1200%2C675&ssl=1&resize=350%2C200 1x, https:\/\/i0.wp.com\/noticiasribeiraopreto.com.br\/wp-content\/uploads\/2025\/07\/Copia-de-Copia-de-TAMANHO-EXATO-PARA-FOTOS-NO-SISTEMA-NOVO_2024-07-10_14-29-47_jpg_2024-07-10_14-29-47.webp.webp?fit=1200%2C675&ssl=1&resize=525%2C300 1.5x, https:\/\/i0.wp.com\/noticiasribeiraopreto.com.br\/wp-content\/uploads\/2025\/07\/Copia-de-Copia-de-TAMANHO-EXATO-PARA-FOTOS-NO-SISTEMA-NOVO_2024-07-10_14-29-47_jpg_2024-07-10_14-29-47.webp.webp?fit=1200%2C675&ssl=1&resize=700%2C400 2x, https:\/\/i0.wp.com\/noticiasribeiraopreto.com.br\/wp-content\/uploads\/2025\/07\/Copia-de-Copia-de-TAMANHO-EXATO-PARA-FOTOS-NO-SISTEMA-NOVO_2024-07-10_14-29-47_jpg_2024-07-10_14-29-47.webp.webp?fit=1200%2C675&ssl=1&resize=1050%2C600 3x"},"classes":[]},{"id":10910,"url":"https:\/\/noticiasribeiraopreto.com.br\/index.php\/2023\/12\/05\/conmebol-anuncia-estadios-da-copa-america-de-2024\/","url_meta":{"origin":74804,"position":2},"title":"Conmebol anuncia est\u00e1dios da Copa Am\u00e9rica de 2024 \u2013 Folha de Ribeir\u00e3o","author":"noticiasribeiraopreto.com.br","date":"5 de December de 2023","format":false,"excerpt":"A Conmebol (Confedera\u00e7\u00e3o Sul-Americana de Futebol) anunciou nesta segunda-feira (4) a rela\u00e7\u00e3o de est\u00e1dios e cidades-sede da pr\u00f3xima edi\u00e7\u00e3o da Copa Am\u00e9rica, que ser\u00e1 disputada nos Estados Unidos em 2024. A fase de grupos da competi\u00e7\u00e3o, que ter\u00e1 a participa\u00e7\u00e3o de 10 sele\u00e7\u00f5es da Conmebol e de 6 sele\u00e7\u00f5es convidadas\u2026","rel":"","context":"In &quot;Not\u00edcias de Ribeir\u00e3o Preto-SP e Regi\u00e3o&quot;","block_context":{"text":"Not\u00edcias de Ribeir\u00e3o Preto-SP e Regi\u00e3o","link":"https:\/\/noticiasribeiraopreto.com.br\/index.php\/category\/noticias-de-ribeirao-preto-sp-e-regiao-ismael-colosi\/"},"img":{"alt_text":"","src":"","width":0,"height":0},"classes":[]},{"id":54552,"url":"https:\/\/noticiasribeiraopreto.com.br\/index.php\/2024\/07\/12\/ferias-no-museu-casa-de-portinari-promove-programacao-gratuita-confira\/","url_meta":{"origin":74804,"position":3},"title":"F\u00e9rias no Museu: Casa de Portinari promove programa\u00e7\u00e3o gratuita; Confira","author":"noticiasribeiraopreto.com.br","date":"12 de July de 2024","format":false,"excerpt":"O Museu Casa de Portinari promove uma programa\u00e7\u00e3o gratuita para o projeto \u201cF\u00e9rias no Museu\u201d que acontece at\u00e9 o dia 31 de julho. Entre as principais atividades est\u00e3o: oficinas, ateli\u00ea ao vivo, palestra e brincadeiras . Confira a agenda completa: Oficina de fantoche A oficina \u201cMenina de Fita e Palaninho\u201d\u2026","rel":"","context":"In &quot;Not\u00edcias de Ribeir\u00e3o Preto-SP e Regi\u00e3o&quot;","block_context":{"text":"Not\u00edcias de Ribeir\u00e3o Preto-SP e Regi\u00e3o","link":"https:\/\/noticiasribeiraopreto.com.br\/index.php\/category\/noticias-de-ribeirao-preto-sp-e-regiao-ismael-colosi\/"},"img":{"alt_text":"","src":"https:\/\/i0.wp.com\/noticiasribeiraopreto.com.br\/wp-content\/uploads\/2024\/07\/e592a339-3e52-4970-943d-2d20643e9b7b_2024-07-12_14-30-44_jpeg_2024-07-12_14-30-45.webp.webp?fit=1200%2C1200&ssl=1&resize=350%2C200","width":350,"height":200,"srcset":"https:\/\/i0.wp.com\/noticiasribeiraopreto.com.br\/wp-content\/uploads\/2024\/07\/e592a339-3e52-4970-943d-2d20643e9b7b_2024-07-12_14-30-44_jpeg_2024-07-12_14-30-45.webp.webp?fit=1200%2C1200&ssl=1&resize=350%2C200 1x, https:\/\/i0.wp.com\/noticiasribeiraopreto.com.br\/wp-content\/uploads\/2024\/07\/e592a339-3e52-4970-943d-2d20643e9b7b_2024-07-12_14-30-44_jpeg_2024-07-12_14-30-45.webp.webp?fit=1200%2C1200&ssl=1&resize=525%2C300 1.5x, https:\/\/i0.wp.com\/noticiasribeiraopreto.com.br\/wp-content\/uploads\/2024\/07\/e592a339-3e52-4970-943d-2d20643e9b7b_2024-07-12_14-30-44_jpeg_2024-07-12_14-30-45.webp.webp?fit=1200%2C1200&ssl=1&resize=700%2C400 2x, https:\/\/i0.wp.com\/noticiasribeiraopreto.com.br\/wp-content\/uploads\/2024\/07\/e592a339-3e52-4970-943d-2d20643e9b7b_2024-07-12_14-30-44_jpeg_2024-07-12_14-30-45.webp.webp?fit=1200%2C1200&ssl=1&resize=1050%2C600 3x"},"classes":[]},{"id":54571,"url":"https:\/\/noticiasribeiraopreto.com.br\/index.php\/2024\/07\/12\/bolsa-familia-lei-confirmada-hoje-12-07-entra-em-vigor-nos-pagamentos-de-julho-confira-detalhes\/","url_meta":{"origin":74804,"position":4},"title":"Bolsa Fam\u00edlia: Lei Confirmada Hoje (12\/07) Entra em Vigor nos Pagamentos de Julho; Confira detalhes","author":"noticiasribeiraopreto.com.br","date":"12 de July de 2024","format":false,"excerpt":"Atendendo a 20,8 milh\u00f5es de brasileiros, o Bolsa Fam\u00edlia \u00e9 um dos maiores programas sociais do Brasil. Em julho deste ano, os pagamentos come\u00e7ar\u00e3o na pr\u00f3xima quinta-feira (18). No entanto, os benefici\u00e1rios ficaram surpreendidos com a redu\u00e7\u00e3o do montante da ajuda. O desconto ocorre devido \u00e0 interrup\u00e7\u00e3o do aux\u00edlio g\u00e1s\u2026","rel":"","context":"In &quot;Dinheiro e Investimento&quot;","block_context":{"text":"Dinheiro e Investimento","link":"https:\/\/noticiasribeiraopreto.com.br\/index.php\/category\/dinheiro-e-investimento-como-fazer-como-ganhar\/"},"img":{"alt_text":"","src":"https:\/\/i0.wp.com\/noticiasribeiraopreto.com.br\/wp-content\/uploads\/2024\/07\/www.reallygreatsite.com_.webp.webp?fit=1200%2C630&ssl=1&resize=350%2C200","width":350,"height":200,"srcset":"https:\/\/i0.wp.com\/noticiasribeiraopreto.com.br\/wp-content\/uploads\/2024\/07\/www.reallygreatsite.com_.webp.webp?fit=1200%2C630&ssl=1&resize=350%2C200 1x, https:\/\/i0.wp.com\/noticiasribeiraopreto.com.br\/wp-content\/uploads\/2024\/07\/www.reallygreatsite.com_.webp.webp?fit=1200%2C630&ssl=1&resize=525%2C300 1.5x, https:\/\/i0.wp.com\/noticiasribeiraopreto.com.br\/wp-content\/uploads\/2024\/07\/www.reallygreatsite.com_.webp.webp?fit=1200%2C630&ssl=1&resize=700%2C400 2x, https:\/\/i0.wp.com\/noticiasribeiraopreto.com.br\/wp-content\/uploads\/2024\/07\/www.reallygreatsite.com_.webp.webp?fit=1200%2C630&ssl=1&resize=1050%2C600 3x"},"classes":[]},{"id":74026,"url":"https:\/\/noticiasribeiraopreto.com.br\/index.php\/2025\/07\/14\/inscricoes-para-o-fies-comecam-hoje-veja-como-participar\/","url_meta":{"origin":74804,"position":5},"title":"Inscri\u00e7\u00f5es para o Fies come\u00e7am hoje; veja como participar","author":"noticiasribeiraopreto.com.br","date":"14 de July de 2025","format":false,"excerpt":"As inscri\u00e7\u00f5es para o Fundo de Financiamento Estudantil (Fies) do segundo semestre de 2025 come\u00e7am nesta segunda-feira, 14 de julho. Os candidatos devem se inscrever at\u00e9 as 23h59 do dia 18 de julho, por meio da p\u00e1gina oficial do programa \u2013 clique aqui. O Fies oferece financiamento para estudantes que\u2026","rel":"","context":"In &quot;Not\u00edcias de Ribeir\u00e3o Preto-SP e Regi\u00e3o&quot;","block_context":{"text":"Not\u00edcias de Ribeir\u00e3o Preto-SP e Regi\u00e3o","link":"https:\/\/noticiasribeiraopreto.com.br\/index.php\/category\/noticias-de-ribeirao-preto-sp-e-regiao-ismael-colosi\/"},"img":{"alt_text":"","src":"https:\/\/i0.wp.com\/noticiasribeiraopreto.com.br\/wp-content\/uploads\/2025\/07\/Copia-de-Copia-de-TAMANHO-EXATO-PARA-FOTOS-NO-SISTEMA-NOVO-60.jpg?fit=1200%2C675&ssl=1&resize=350%2C200","width":350,"height":200,"srcset":"https:\/\/i0.wp.com\/noticiasribeiraopreto.com.br\/wp-content\/uploads\/2025\/07\/Copia-de-Copia-de-TAMANHO-EXATO-PARA-FOTOS-NO-SISTEMA-NOVO-60.jpg?fit=1200%2C675&ssl=1&resize=350%2C200 1x, https:\/\/i0.wp.com\/noticiasribeiraopreto.com.br\/wp-content\/uploads\/2025\/07\/Copia-de-Copia-de-TAMANHO-EXATO-PARA-FOTOS-NO-SISTEMA-NOVO-60.jpg?fit=1200%2C675&ssl=1&resize=525%2C300 1.5x, https:\/\/i0.wp.com\/noticiasribeiraopreto.com.br\/wp-content\/uploads\/2025\/07\/Copia-de-Copia-de-TAMANHO-EXATO-PARA-FOTOS-NO-SISTEMA-NOVO-60.jpg?fit=1200%2C675&ssl=1&resize=700%2C400 2x, https:\/\/i0.wp.com\/noticiasribeiraopreto.com.br\/wp-content\/uploads\/2025\/07\/Copia-de-Copia-de-TAMANHO-EXATO-PARA-FOTOS-NO-SISTEMA-NOVO-60.jpg?fit=1200%2C675&ssl=1&resize=1050%2C600 3x"},"classes":[]}],"jetpack_sharing_enabled":true,"jetpack_shortlink":"https:\/\/wp.me\/peQAOb-jsw","_links":{"self":[{"href":"https:\/\/noticiasribeiraopreto.com.br\/index.php\/wp-json\/wp\/v2\/posts\/74804","targetHints":{"allow":["GET"]}}],"collection":[{"href":"https:\/\/noticiasribeiraopreto.com.br\/index.php\/wp-json\/wp\/v2\/posts"}],"about":[{"href":"https:\/\/noticiasribeiraopreto.com.br\/index.php\/wp-json\/wp\/v2\/types\/post"}],"author":[{"embeddable":true,"href":"https:\/\/noticiasribeiraopreto.com.br\/index.php\/wp-json\/wp\/v2\/users\/1"}],"replies":[{"embeddable":true,"href":"https:\/\/noticiasribeiraopreto.com.br\/index.php\/wp-json\/wp\/v2\/comments?post=74804"}],"version-history":[{"count":0,"href":"https:\/\/noticiasribeiraopreto.com.br\/index.php\/wp-json\/wp\/v2\/posts\/74804\/revisions"}],"wp:featuredmedia":[{"embeddable":true,"href":"https:\/\/noticiasribeiraopreto.com.br\/index.php\/wp-json\/wp\/v2\/media\/74805"}],"wp:attachment":[{"href":"https:\/\/noticiasribeiraopreto.com.br\/index.php\/wp-json\/wp\/v2\/media?parent=74804"}],"wp:term":[{"taxonomy":"category","embeddable":true,"href":"https:\/\/noticiasribeiraopreto.com.br\/index.php\/wp-json\/wp\/v2\/categories?post=74804"},{"taxonomy":"post_tag","embeddable":true,"href":"https:\/\/noticiasribeiraopreto.com.br\/index.php\/wp-json\/wp\/v2\/tags?post=74804"}],"curies":[{"name":"wp","href":"https:\/\/api.w.org\/{rel}","templated":true}]}}