{"id":74806,"date":"2025-07-29T14:40:30","date_gmt":"2025-07-29T17:40:30","guid":{"rendered":"https:\/\/noticiasribeiraopreto.com.br\/index.php\/2025\/07\/29\/zeca-baleiro-apresenta-show-intimista-em-ribeirao-preto-veja-quando\/"},"modified":"2025-07-29T14:40:30","modified_gmt":"2025-07-29T17:40:30","slug":"zeca-baleiro-apresenta-show-intimista-em-ribeirao-preto-veja-quando","status":"publish","type":"post","link":"https:\/\/noticiasribeiraopreto.com.br\/index.php\/2025\/07\/29\/zeca-baleiro-apresenta-show-intimista-em-ribeirao-preto-veja-quando\/","title":{"rendered":"Zeca Baleiro apresenta show intimista em Ribeir\u00e3o Preto; veja quando"},"content":{"rendered":"<div class='code-block code-block-1' style='margin: 8px 0 8px auto; text-align: right; display: block; clear: both;'>\n<p><a href=\"https:\/\/wa.link\/vpicfd\"><img data-recalc-dims=\"1\" class=\"wp-image-4922\" style=\"aspect-ratio: 2.0253164556962027; width: 561px; height: auto;\" src=\"https:\/\/i0.wp.com\/ismaelcolosi.com.br\/wp-content\/uploads\/2023\/11\/grupo-de-empregos-whatsapp-e-facebook-ismael-colosi-vagas.jpg?ssl=1\" alt=\"\" \/><\/a><\/p>\n<!-- \/wp:image -->\n<\/div>\n<p> <br \/>\n<\/p>\n<div data-td-block-uid=\"tdi_95\">\n<div class=\"tdb-block-inner td-fix-index\">\n<p>O cantor e compositor <strong>Zeca Baleiro se apresenta em Ribeir\u00e3o Preto no dia 9 de agosto<\/strong>, no Multiplan Hall. O show ocorre em formato intimista, com piano, e re\u00fane m\u00fasicas que marcaram sua carreira.<\/p>\n<p>No repert\u00f3rio, est\u00e3o can\u00e7\u00f5es como <strong>\u201cFlor da Pele\u201d<\/strong> e <strong>\u201cTelegrama\u201d<\/strong>, faixas que integraram o \u00e1lbum de estreia <em>Por Onde Andar\u00e1 Stephen Fry?<\/em>, lan\u00e7ado em 1997. <mark style=\"background-color:#fcb900\" class=\"has-inline-color\">O artista contabiliza mais de 20 \u00e1lbuns entre projetos de est\u00fadio<\/mark>, <strong>grava\u00e7\u00f5es ao vivo<\/strong> e <strong>trabalhos especiais<\/strong>.<\/p>\n<p>Zeca Baleiro iniciou sua trajet\u00f3ria nos anos 1990 e j\u00e1 colaborou com <strong>Chico C\u00e9sar<\/strong>, <strong>Odair Jos\u00e9<\/strong>, <strong>Vange Milliet<\/strong>, <strong>Fagner<\/strong>, <strong>Z\u00e9lia Duncan<\/strong> e <strong>Rita Benneditto<\/strong>. Tamb\u00e9m atua como produtor musical, escritor e compositor de trilhas sonoras para cinema e teatro.<\/p>\n<h3 class=\"wp-block-heading\"><strong>Ingressos<\/strong><\/h3>\n<p>Os ingressos est\u00e3o dispon\u00edveis em diferentes categorias.<strong> Confira os valores:<\/strong><\/p>\n<ul class=\"wp-block-list\">\n<li><strong>Mesa Vip Especial<\/strong>:<br \/>R$ 232,50 + R$ 34,88 (taxa)<\/li>\n<li><strong>Mesa Vip Extra<\/strong>:<br \/>R$ 172,50 + R$ 25,87 (taxa)<\/li>\n<li><strong>Mesa Vip A<\/strong>:<br \/>R$ 150,00 + R$ 22,50 (taxa)<\/li>\n<li><strong>Mesa Vip B<\/strong>:<br \/>R$ 110,00 + R$ 16,50 (taxa)<\/li>\n<li><strong>Premium Extra<\/strong>:<br \/>R$ 87,50 + R$ 13,13 (taxa)<\/li>\n<li><strong>Bistr\u00f4<\/strong>:<br \/>R$ 90,00 + R$ 13,50 (taxa)<\/li>\n<\/ul>\n<p>Os ingressos podem ser adquiridos na bilheteria do local ou pela internet \u2013 <a href=\"https:\/\/www.ticketmaster.com.br\/event\/zeca-baleiro-ribeirao-preto\" data-type=\"link\" data-id=\"https:\/\/www.ticketmaster.com.br\/event\/zeca-baleiro-ribeirao-preto\" target=\"_blank\" rel=\"noopener\">clique aqui.<\/a> <\/p>\n<hr class=\"wp-block-separator has-alpha-channel-opacity\"\/>\n<p>SAIBA MAIS<\/p>\n<p>Festival de cerveja artesanal em Ribeir\u00e3o Preto tem entrada gratuita e atra\u00e7\u00f5es musicais<\/p>\n<h2 class=\"wp-block-heading\"><strong>FIQUE ON<\/strong><\/h2>\n<p>Quer ficar por dentro de tudo que acontece em Ribeir\u00e3o Preto e regi\u00e3o? Ent\u00e3o siga os perfis do\u202facidade on\u202fno\u202f<a href=\"https:\/\/www.instagram.com\/acidadeonribeirao\" target=\"_blank\" rel=\"noreferrer noopener\">Instagram<\/a>\u202fe no\u202f<a href=\"https:\/\/www.facebook.com\/acidadeonribeirao\/\" target=\"_blank\" rel=\"noreferrer noopener\">Facebook<\/a>.<\/p>\n<p>Al\u00e9m disso, voc\u00ea pode receber as principais not\u00edcias diretamente no WhatsApp. Para isso, basta\u00a0<a href=\"https:\/\/chat.whatsapp.com\/BjKQZ9oJwlz8VVT50NuePq\" target=\"_blank\" rel=\"noreferrer noopener\">entrar no grupo clicando aqui<\/a>.<\/p>\n<p>Por fim, se quiser fazer uma den\u00fancia ou sugerir uma reportagem sobre Ribeir\u00e3o Preto e regi\u00e3o, envie uma mensagem pelo WhatsApp: (16) 99117-7802.<\/p>\n<p>VEJA TAMB\u00c9M<\/p>\n<p>Qual o hor\u00e1rio em que celulares s\u00e3o mais furtados?<\/p>\n<p><!-- AI CONTENT END 1 -->\n<\/div>\n<\/div>\n<p><script async src=\"\/\/www.instagram.com\/embed.js\"><\/script><br \/>\n<br \/><br \/>\n<br \/><a href=\"https:\/\/www.acidadeon.com\/ribeiraopreto\/lazer-e-cultura\/zeca-baleiro-apresenta-show-intimista-em-ribeirao-preto-veja-quando\/\">Source link <\/a><\/p>\n<!-- CONTENT END 1 -->\n","protected":false},"excerpt":{"rendered":"<p>O cantor e compositor Zeca Baleiro se apresenta em Ribeir\u00e3o Preto no dia 9 de agosto, no Multiplan Hall. O show ocorre em formato intimista,&#8230;<\/p>\n","protected":false},"author":1,"featured_media":74807,"comment_status":"open","ping_status":"open","sticky":false,"template":"","format":"standard","meta":{"advanced_seo_description":"","jetpack_seo_html_title":"","jetpack_seo_noindex":false,"jetpack_post_was_ever_published":false,"_jetpack_newsletter_access":"","_jetpack_dont_email_post_to_subs":false,"_jetpack_newsletter_tier_id":0,"_jetpack_memberships_contains_paywalled_content":false,"_jetpack_memberships_contains_paid_content":false,"footnotes":"","jetpack_publicize_message":"","jetpack_publicize_feature_enabled":true,"jetpack_social_post_already_shared":true,"jetpack_social_options":{"image_generator_settings":{"template":"highway","default_image_id":0,"font":"","enabled":false},"version":2}},"categories":[11],"tags":[],"class_list":["post-74806","post","type-post","status-publish","format-standard","has-post-thumbnail","hentry","category-noticias-de-ribeirao-preto-sp-e-regiao-ismael-colosi"],"jetpack_publicize_connections":[],"jetpack_featured_media_url":"https:\/\/i0.wp.com\/noticiasribeiraopreto.com.br\/wp-content\/uploads\/2025\/07\/01_2025-07-29_16-27-20.webp.webp?fit=1200%2C574&ssl=1","jetpack-related-posts":[{"id":74435,"url":"https:\/\/noticiasribeiraopreto.com.br\/index.php\/2025\/07\/22\/zeca-baleiro-traz-show-piano-a-rp\/","url_meta":{"origin":74806,"position":0},"title":"Zeca Baleiro traz show \u2018Piano\u2019 a RP","author":"noticiasribeiraopreto.com.br","date":"22 de July de 2025","format":false,"excerpt":"O cantor e compositor Zeca Baleiro estar\u00e1 no Multiplan Hall, no Ribeir\u00e3oShopping, em Ribeir\u00e3o Preto, no dia 9 de agosto, s\u00e1bado, \u00e0s 21 horas,\u00a0 com o show \u201cPiano\u201d, um recital pop com can\u00e7\u00f5es de sua discografia e releituras de m\u00fasicas de seu repert\u00f3rio afetivo. O espet\u00e1culo \u00e9 uma homenagem aos\u2026","rel":"","context":"In &quot;Not\u00edcias de Ribeir\u00e3o Preto-SP e Regi\u00e3o&quot;","block_context":{"text":"Not\u00edcias de Ribeir\u00e3o Preto-SP e Regi\u00e3o","link":"https:\/\/noticiasribeiraopreto.com.br\/index.php\/category\/noticias-de-ribeirao-preto-sp-e-regiao-ismael-colosi\/"},"img":{"alt_text":"","src":"https:\/\/i0.wp.com\/noticiasribeiraopreto.com.br\/wp-content\/uploads\/2025\/07\/Baleiro-Bal-Silvia-Zamboni-Divulgacao-01-scaled.jpg?fit=1170%2C780&ssl=1&resize=350%2C200","width":350,"height":200,"srcset":"https:\/\/i0.wp.com\/noticiasribeiraopreto.com.br\/wp-content\/uploads\/2025\/07\/Baleiro-Bal-Silvia-Zamboni-Divulgacao-01-scaled.jpg?fit=1170%2C780&ssl=1&resize=350%2C200 1x, https:\/\/i0.wp.com\/noticiasribeiraopreto.com.br\/wp-content\/uploads\/2025\/07\/Baleiro-Bal-Silvia-Zamboni-Divulgacao-01-scaled.jpg?fit=1170%2C780&ssl=1&resize=525%2C300 1.5x, https:\/\/i0.wp.com\/noticiasribeiraopreto.com.br\/wp-content\/uploads\/2025\/07\/Baleiro-Bal-Silvia-Zamboni-Divulgacao-01-scaled.jpg?fit=1170%2C780&ssl=1&resize=700%2C400 2x, https:\/\/i0.wp.com\/noticiasribeiraopreto.com.br\/wp-content\/uploads\/2025\/07\/Baleiro-Bal-Silvia-Zamboni-Divulgacao-01-scaled.jpg?fit=1170%2C780&ssl=1&resize=1050%2C600 3x"},"classes":[]},{"id":75480,"url":"https:\/\/noticiasribeiraopreto.com.br\/index.php\/2025\/08\/09\/zeca-baleiro-traz-show-piano-a-rp-2\/","url_meta":{"origin":74806,"position":1},"title":"Zeca Baleiro traz show \u2018Piano\u2019 a RP","author":"noticiasribeiraopreto.com.br","date":"9 de August de 2025","format":false,"excerpt":"Entre uma e outra surpresa, o roteiro deve incluir can\u00e7\u00f5es marcantes de sua carreira como \u201cTelegrama\u201d e \u201cFlor da Pele\u201d, al\u00e9m de releituras e m\u00fasicas dos discos mais recentes O cantor e compositor Zeca Baleiro estar\u00e1 no Multiplan Hall, no Ribeir\u00e3oShopping, em Ribeir\u00e3o Preto, neste s\u00e1bado, 9 de agosto, \u00e0s\u2026","rel":"","context":"In &quot;Not\u00edcias de Ribeir\u00e3o Preto-SP e Regi\u00e3o&quot;","block_context":{"text":"Not\u00edcias de Ribeir\u00e3o Preto-SP e Regi\u00e3o","link":"https:\/\/noticiasribeiraopreto.com.br\/index.php\/category\/noticias-de-ribeirao-preto-sp-e-regiao-ismael-colosi\/"},"img":{"alt_text":"","src":"https:\/\/i0.wp.com\/noticiasribeiraopreto.com.br\/wp-content\/uploads\/2025\/08\/baliero-scaled.jpg?fit=1170%2C780&ssl=1&resize=350%2C200","width":350,"height":200,"srcset":"https:\/\/i0.wp.com\/noticiasribeiraopreto.com.br\/wp-content\/uploads\/2025\/08\/baliero-scaled.jpg?fit=1170%2C780&ssl=1&resize=350%2C200 1x, https:\/\/i0.wp.com\/noticiasribeiraopreto.com.br\/wp-content\/uploads\/2025\/08\/baliero-scaled.jpg?fit=1170%2C780&ssl=1&resize=525%2C300 1.5x, https:\/\/i0.wp.com\/noticiasribeiraopreto.com.br\/wp-content\/uploads\/2025\/08\/baliero-scaled.jpg?fit=1170%2C780&ssl=1&resize=700%2C400 2x, https:\/\/i0.wp.com\/noticiasribeiraopreto.com.br\/wp-content\/uploads\/2025\/08\/baliero-scaled.jpg?fit=1170%2C780&ssl=1&resize=1050%2C600 3x"},"classes":[]},{"id":62065,"url":"https:\/\/noticiasribeiraopreto.com.br\/index.php\/2025\/01\/02\/paula-lima-pequeno-cidadao-e-zeca-baleiro-confira-lista-de-shows-em-janeiro-no-sesc-franca\/","url_meta":{"origin":74806,"position":2},"title":"Paula Lima, Pequeno Cidad\u00e3o e Zeca Baleiro: Confira lista de shows em janeiro no Sesc Franca","author":"noticiasribeiraopreto.com.br","date":"2 de January de 2025","format":false,"excerpt":"Durante o m\u00eas de janeiro o Sesc Franca recebe shows de artistas como Paula Lima, Zeca Baleiro e a banda Pequeno Cidad\u00e3o. Confira a agenda de shows do primeiro m\u00eas de 2025 na unidade: Paula Lima O show \u201cEu, Paula Lima \u2013 O Baile\u201d da cantora Paula Lima acontece neste\u2026","rel":"","context":"In &quot;Not\u00edcias de Ribeir\u00e3o Preto-SP e Regi\u00e3o&quot;","block_context":{"text":"Not\u00edcias de Ribeir\u00e3o Preto-SP e Regi\u00e3o","link":"https:\/\/noticiasribeiraopreto.com.br\/index.php\/category\/noticias-de-ribeirao-preto-sp-e-regiao-ismael-colosi\/"},"img":{"alt_text":"","src":"https:\/\/i0.wp.com\/noticiasribeiraopreto.com.br\/wp-content\/uploads\/2025\/01\/Copia-de-Copia-de-Copia-de-TAMANHO-EXATO-PARA-FOTOS-NO-SISTEMA-NOVO-52_2025-01-02_15-14-45_jpg_2025-01-02_15-14-45.webp.webp?fit=1200%2C675&ssl=1&resize=350%2C200","width":350,"height":200,"srcset":"https:\/\/i0.wp.com\/noticiasribeiraopreto.com.br\/wp-content\/uploads\/2025\/01\/Copia-de-Copia-de-Copia-de-TAMANHO-EXATO-PARA-FOTOS-NO-SISTEMA-NOVO-52_2025-01-02_15-14-45_jpg_2025-01-02_15-14-45.webp.webp?fit=1200%2C675&ssl=1&resize=350%2C200 1x, https:\/\/i0.wp.com\/noticiasribeiraopreto.com.br\/wp-content\/uploads\/2025\/01\/Copia-de-Copia-de-Copia-de-TAMANHO-EXATO-PARA-FOTOS-NO-SISTEMA-NOVO-52_2025-01-02_15-14-45_jpg_2025-01-02_15-14-45.webp.webp?fit=1200%2C675&ssl=1&resize=525%2C300 1.5x, https:\/\/i0.wp.com\/noticiasribeiraopreto.com.br\/wp-content\/uploads\/2025\/01\/Copia-de-Copia-de-Copia-de-TAMANHO-EXATO-PARA-FOTOS-NO-SISTEMA-NOVO-52_2025-01-02_15-14-45_jpg_2025-01-02_15-14-45.webp.webp?fit=1200%2C675&ssl=1&resize=700%2C400 2x, https:\/\/i0.wp.com\/noticiasribeiraopreto.com.br\/wp-content\/uploads\/2025\/01\/Copia-de-Copia-de-Copia-de-TAMANHO-EXATO-PARA-FOTOS-NO-SISTEMA-NOVO-52_2025-01-02_15-14-45_jpg_2025-01-02_15-14-45.webp.webp?fit=1200%2C675&ssl=1&resize=1050%2C600 3x"},"classes":[]},{"id":1620,"url":"https:\/\/noticiasribeiraopreto.com.br\/index.php\/2023\/11\/13\/edson-cordeiro-se-apresenta-no-teatro-minaz-em-ribeirao-preto\/","url_meta":{"origin":74806,"position":3},"title":"Edson Cordeiro se apresenta no Teatro Minaz em Ribeir\u00e3o Preto\u00a0","author":"noticiasribeiraopreto.com.br","date":"13 de November de 2023","format":false,"excerpt":"O Teatro Minaz, no Jardim Paulista, em Ribeir\u00e3o Preto, recebe, no dia 17 de novembro, \u00e0s 20h, o cantor Edson Cordeiro com o espet\u00e1culo \u2018Voz e Viol\u00e3o\u2019. Os ingressos podem ser adquiridos on-line. Dono de dois discos de ouro, sua carreira internacional decolou quando se apresentou no Montreux Jazz Festival,\u2026","rel":"","context":"In &quot;Not\u00edcias de Ribeir\u00e3o Preto-SP e Regi\u00e3o&quot;","block_context":{"text":"Not\u00edcias de Ribeir\u00e3o Preto-SP e Regi\u00e3o","link":"https:\/\/noticiasribeiraopreto.com.br\/index.php\/category\/noticias-de-ribeirao-preto-sp-e-regiao-ismael-colosi\/"},"img":{"alt_text":"","src":"https:\/\/i0.wp.com\/noticiasribeiraopreto.com.br\/wp-content\/uploads\/2023\/11\/WhatsApp-Image-2023-11-13-at-09.03.32.jpeg?fit=900%2C915&ssl=1&resize=350%2C200","width":350,"height":200,"srcset":"https:\/\/i0.wp.com\/noticiasribeiraopreto.com.br\/wp-content\/uploads\/2023\/11\/WhatsApp-Image-2023-11-13-at-09.03.32.jpeg?fit=900%2C915&ssl=1&resize=350%2C200 1x, https:\/\/i0.wp.com\/noticiasribeiraopreto.com.br\/wp-content\/uploads\/2023\/11\/WhatsApp-Image-2023-11-13-at-09.03.32.jpeg?fit=900%2C915&ssl=1&resize=525%2C300 1.5x, https:\/\/i0.wp.com\/noticiasribeiraopreto.com.br\/wp-content\/uploads\/2023\/11\/WhatsApp-Image-2023-11-13-at-09.03.32.jpeg?fit=900%2C915&ssl=1&resize=700%2C400 2x"},"classes":[]},{"id":78755,"url":"https:\/\/noticiasribeiraopreto.com.br\/index.php\/2025\/10\/17\/tassia-guarnieri-apresenta-releituras-de-cartola-em-show-intimista-em-ribeirao-preto-veja-quando\/","url_meta":{"origin":74806,"position":4},"title":"T\u00e1ssia Guarnieri apresenta releituras de Cartola em show intimista em Ribeir\u00e3o Preto; veja quando","author":"noticiasribeiraopreto.com.br","date":"17 de October de 2025","format":false,"excerpt":"A cantora T\u00e1ssia Guarnieri se apresenta na pr\u00f3xima sexta-feira (24), \u00e0s 20h30, no Segundo Andar Speakeasy, em Ribeir\u00e3o Preto. O show marca o encerramento da turn\u00ea \u201cCartola\u201d, que passou por cidades do interior e pela capital paulista, e celebra o lan\u00e7amento do \u00e1lbum hom\u00f4nimo. No palco, T\u00e1ssia se junta ao\u2026","rel":"","context":"In &quot;Not\u00edcias de Ribeir\u00e3o Preto-SP e Regi\u00e3o&quot;","block_context":{"text":"Not\u00edcias de Ribeir\u00e3o Preto-SP e Regi\u00e3o","link":"https:\/\/noticiasribeiraopreto.com.br\/index.php\/category\/noticias-de-ribeirao-preto-sp-e-regiao-ismael-colosi\/"},"img":{"alt_text":"","src":"https:\/\/i0.wp.com\/noticiasribeiraopreto.com.br\/wp-content\/uploads\/2025\/10\/Copia-de-Copia-de-Copia-de-TAMANHO-EXATO-PARA-FOTOS-NO-SISTEMA-NOVO-2025-10-17T141150.562_2025-10-17_17-12-19.webp.webp?fit=1200%2C675&ssl=1&resize=350%2C200","width":350,"height":200,"srcset":"https:\/\/i0.wp.com\/noticiasribeiraopreto.com.br\/wp-content\/uploads\/2025\/10\/Copia-de-Copia-de-Copia-de-TAMANHO-EXATO-PARA-FOTOS-NO-SISTEMA-NOVO-2025-10-17T141150.562_2025-10-17_17-12-19.webp.webp?fit=1200%2C675&ssl=1&resize=350%2C200 1x, https:\/\/i0.wp.com\/noticiasribeiraopreto.com.br\/wp-content\/uploads\/2025\/10\/Copia-de-Copia-de-Copia-de-TAMANHO-EXATO-PARA-FOTOS-NO-SISTEMA-NOVO-2025-10-17T141150.562_2025-10-17_17-12-19.webp.webp?fit=1200%2C675&ssl=1&resize=525%2C300 1.5x, https:\/\/i0.wp.com\/noticiasribeiraopreto.com.br\/wp-content\/uploads\/2025\/10\/Copia-de-Copia-de-Copia-de-TAMANHO-EXATO-PARA-FOTOS-NO-SISTEMA-NOVO-2025-10-17T141150.562_2025-10-17_17-12-19.webp.webp?fit=1200%2C675&ssl=1&resize=700%2C400 2x, https:\/\/i0.wp.com\/noticiasribeiraopreto.com.br\/wp-content\/uploads\/2025\/10\/Copia-de-Copia-de-Copia-de-TAMANHO-EXATO-PARA-FOTOS-NO-SISTEMA-NOVO-2025-10-17T141150.562_2025-10-17_17-12-19.webp.webp?fit=1200%2C675&ssl=1&resize=1050%2C600 3x"},"classes":[]},{"id":56218,"url":"https:\/\/noticiasribeiraopreto.com.br\/index.php\/2024\/08\/11\/zeca-pagodinho-se-apresenta-em-ribeirao-preto-no-final-de-semana-ainda-ha-ingressos\/","url_meta":{"origin":74806,"position":5},"title":"Zeca Pagodinho se apresenta em Ribeir\u00e3o Preto no final de semana; Ainda h\u00e1 ingressos","author":"noticiasribeiraopreto.com.br","date":"11 de August de 2024","format":false,"excerpt":"O cantor Zeca Pagodinho desembarca em Ribeir\u00e3o Preto, neste s\u00e1bado (17), com a sua turn\u00ea comemorativa de 40 anos, no centro de eventos Multiplan Hall, no Ribeir\u00e3o Shopping, zona Sul do munic\u00edpio. Os ingressos ainda est\u00e3o dispon\u00edveis e podem ser adquiridos de forma on-line (veja abaixo). \u00a0A apresenta\u00e7\u00e3o promete levar\u2026","rel":"","context":"In &quot;Not\u00edcias de Ribeir\u00e3o Preto-SP e Regi\u00e3o&quot;","block_context":{"text":"Not\u00edcias de Ribeir\u00e3o Preto-SP e Regi\u00e3o","link":"https:\/\/noticiasribeiraopreto.com.br\/index.php\/category\/noticias-de-ribeirao-preto-sp-e-regiao-ismael-colosi\/"},"img":{"alt_text":"","src":"https:\/\/i0.wp.com\/noticiasribeiraopreto.com.br\/wp-content\/uploads\/2024\/03\/AnyConv.com__bar-do-zeca-pagodinho-scaled.webp.webp?fit=1200%2C801&ssl=1&resize=350%2C200","width":350,"height":200,"srcset":"https:\/\/i0.wp.com\/noticiasribeiraopreto.com.br\/wp-content\/uploads\/2024\/03\/AnyConv.com__bar-do-zeca-pagodinho-scaled.webp.webp?fit=1200%2C801&ssl=1&resize=350%2C200 1x, https:\/\/i0.wp.com\/noticiasribeiraopreto.com.br\/wp-content\/uploads\/2024\/03\/AnyConv.com__bar-do-zeca-pagodinho-scaled.webp.webp?fit=1200%2C801&ssl=1&resize=525%2C300 1.5x, https:\/\/i0.wp.com\/noticiasribeiraopreto.com.br\/wp-content\/uploads\/2024\/03\/AnyConv.com__bar-do-zeca-pagodinho-scaled.webp.webp?fit=1200%2C801&ssl=1&resize=700%2C400 2x, https:\/\/i0.wp.com\/noticiasribeiraopreto.com.br\/wp-content\/uploads\/2024\/03\/AnyConv.com__bar-do-zeca-pagodinho-scaled.webp.webp?fit=1200%2C801&ssl=1&resize=1050%2C600 3x"},"classes":[]}],"jetpack_sharing_enabled":true,"jetpack_shortlink":"https:\/\/wp.me\/peQAOb-jsy","_links":{"self":[{"href":"https:\/\/noticiasribeiraopreto.com.br\/index.php\/wp-json\/wp\/v2\/posts\/74806","targetHints":{"allow":["GET"]}}],"collection":[{"href":"https:\/\/noticiasribeiraopreto.com.br\/index.php\/wp-json\/wp\/v2\/posts"}],"about":[{"href":"https:\/\/noticiasribeiraopreto.com.br\/index.php\/wp-json\/wp\/v2\/types\/post"}],"author":[{"embeddable":true,"href":"https:\/\/noticiasribeiraopreto.com.br\/index.php\/wp-json\/wp\/v2\/users\/1"}],"replies":[{"embeddable":true,"href":"https:\/\/noticiasribeiraopreto.com.br\/index.php\/wp-json\/wp\/v2\/comments?post=74806"}],"version-history":[{"count":0,"href":"https:\/\/noticiasribeiraopreto.com.br\/index.php\/wp-json\/wp\/v2\/posts\/74806\/revisions"}],"wp:featuredmedia":[{"embeddable":true,"href":"https:\/\/noticiasribeiraopreto.com.br\/index.php\/wp-json\/wp\/v2\/media\/74807"}],"wp:attachment":[{"href":"https:\/\/noticiasribeiraopreto.com.br\/index.php\/wp-json\/wp\/v2\/media?parent=74806"}],"wp:term":[{"taxonomy":"category","embeddable":true,"href":"https:\/\/noticiasribeiraopreto.com.br\/index.php\/wp-json\/wp\/v2\/categories?post=74806"},{"taxonomy":"post_tag","embeddable":true,"href":"https:\/\/noticiasribeiraopreto.com.br\/index.php\/wp-json\/wp\/v2\/tags?post=74806"}],"curies":[{"name":"wp","href":"https:\/\/api.w.org\/{rel}","templated":true}]}}