{"id":74810,"date":"2025-07-29T14:53:15","date_gmt":"2025-07-29T17:53:15","guid":{"rendered":"https:\/\/noticiasribeiraopreto.com.br\/index.php\/2025\/07\/29\/usp-abre-concurso-publico-com-12-vagas-e-salarios-de-r-6-mil-saiba-como-participar\/"},"modified":"2025-07-29T14:53:15","modified_gmt":"2025-07-29T17:53:15","slug":"usp-abre-concurso-publico-com-12-vagas-e-salarios-de-r-6-mil-saiba-como-participar","status":"publish","type":"post","link":"https:\/\/noticiasribeiraopreto.com.br\/index.php\/2025\/07\/29\/usp-abre-concurso-publico-com-12-vagas-e-salarios-de-r-6-mil-saiba-como-participar\/","title":{"rendered":"USP abre concurso p\u00fablico com 12 vagas e sal\u00e1rios de R$ 6 mil; Saiba como participar"},"content":{"rendered":"<div class='code-block code-block-1' style='margin: 8px 0 8px auto; text-align: right; display: block; clear: both;'>\n<p><a href=\"https:\/\/wa.link\/vpicfd\"><img data-recalc-dims=\"1\" class=\"wp-image-4922\" style=\"aspect-ratio: 2.0253164556962027; width: 561px; height: auto;\" src=\"https:\/\/i0.wp.com\/ismaelcolosi.com.br\/wp-content\/uploads\/2023\/11\/grupo-de-empregos-whatsapp-e-facebook-ismael-colosi-vagas.jpg?ssl=1\" alt=\"\" \/><\/a><\/p>\n<!-- \/wp:image -->\n<\/div>\n<p> <br \/>\n<\/p>\n<p>A <strong><a href=\"https:\/\/www5.usp.br\/\" data-type=\"link\" data-id=\"https:\/\/www5.usp.br\/\" target=\"_blank\" rel=\"noopener\">USP (Universidade de S\u00e3o Paulo) <\/a><\/strong>publicou edital de<strong> concurso p\u00fablico <\/strong>com 12 vagas para o cargo de t\u00e9cnico de laborat\u00f3rio (especialidade: qu\u00edmica). Os sal\u00e1rios s\u00e3o de R$ 6.027,72 e as oportunidades s\u00e3o para quatro campi da USP, incluindo <strong>Ribeir\u00e3o Preto<\/strong>.<\/p>\n<p>As inscri\u00e7\u00f5es devem ser realizadas no<a href=\"https:\/\/www.fuvest.br\/tecnico-laboratorio\/\" data-type=\"link\" data-id=\"https:\/\/www.fuvest.br\/tecnico-laboratorio\/\" target=\"_blank\" rel=\"noopener\"> site da <strong>Fuvest<\/strong> (clique aqui) <\/a>no per\u00edodo entre 12h do dia 11 de agosto e 12h do dia 9 de setembro de 2025. A taxa de inscri\u00e7\u00e3o custa R$ 230.<\/p>\n<h2 class=\"wp-block-heading\"><strong>Vejas as vagas<\/strong><\/h2>\n<ul class=\"wp-block-list\">\n<li>3 vagas para a cidade de Piracicaba;<\/li>\n<\/ul>\n<ul class=\"wp-block-list\">\n<li>2 vagas para a cidade de Ribeir\u00e3o Preto;<\/li>\n<\/ul>\n<ul class=\"wp-block-list\">\n<li>5 vagas para a cidade de S\u00e3o Paulo;<\/li>\n<\/ul>\n<ul class=\"wp-block-list\">\n<li>2 vagas para a cidade de Lorena.<\/li>\n<\/ul>\n<p>A fun\u00e7\u00e3o ser\u00e1 preenchida sob o Regime da CLT, em jornada de trabalho de 40 horas semanais.<\/p>\n<p><a href=\"https:\/\/www.doe.sp.gov.br\/executivo\/universidade-de-sao-paulo\/edital-rh-n-060-2025-abertura-de-concurso-publico-2025072813411313671227667\" data-type=\"link\" data-id=\"https:\/\/www.doe.sp.gov.br\/executivo\/universidade-de-sao-paulo\/edital-rh-n-060-2025-abertura-de-concurso-publico-2025072813411313671227667\" target=\"_blank\" rel=\"noopener\">Clique aqui <\/a>e veja o edital completo.<\/p>\n<p>SAIBA MAIS<br \/>Massa de ar polar derruba as temperaturas; Veja previs\u00e3o para semana em Ribeir\u00e3o Preto<\/p>\n<h2 class=\"wp-block-heading\"><strong>FIQUE ON<\/strong><\/h2>\n<p>Fique ligado em tudo que acontece em Ribeir\u00e3o Preto e regi\u00e3o. Siga os perfis do&nbsp;<strong>acidade on&nbsp;<\/strong>no&nbsp;<a href=\"https:\/\/www.instagram.com\/acidadeonribeirao\" target=\"_blank\" rel=\"noreferrer noopener\">Instagram<\/a>&nbsp;e no&nbsp;<a href=\"https:\/\/www.facebook.com\/acidadeonribeirao\/\" target=\"_blank\" rel=\"noreferrer noopener\">Facebook<\/a>.<\/p>\n<p>Receba not\u00edcias do<strong>&nbsp;acidade on<\/strong>&nbsp;no WhatsApp.&nbsp;<a href=\"https:\/\/chat.whatsapp.com\/BjKQZ9oJwlz8VVT50NuePq\" target=\"_blank\" rel=\"noreferrer noopener\">Para entrar no grupo, basta clicar aqui.<\/a><\/p>\n<p>Fa\u00e7a uma den\u00fancia ou sugira uma reportagem sobre Ribeir\u00e3o Preto e regi\u00e3o pelo WhatsApp: 16 99117 7802.<\/p>\n<p>VEJA TAMB\u00c9M<br \/>O que um copo de suco de uva pode fazer pelo seu corpo?&nbsp;<\/p>\n<p>O post USP abre concurso p\u00fablico com 12 vagas e sal\u00e1rios de R$ 6 mil; Saiba como participar apareceu primeiro em ACidade ON Ribeir\u00e3o Preto.<\/p>\n<p><script async src=\"\/\/www.instagram.com\/embed.js\"><\/script><br \/>\n<br \/><br \/>\n<br \/><a href=\"https:\/\/www.acidadeon.com\/ribeiraopreto\/economia\/usp-abre-concurso-publico-com-12-vagas-e-salarios-de-r-6-mil-saiba-como-participar\/\">Source link <\/a><\/p>\n<!-- CONTENT END 1 -->\n","protected":false},"excerpt":{"rendered":"<p>A USP (Universidade de S\u00e3o Paulo) publicou edital de concurso p\u00fablico com 12 vagas para o cargo de t\u00e9cnico de laborat\u00f3rio (especialidade: qu\u00edmica). Os sal\u00e1rios&#8230;<\/p>\n","protected":false},"author":1,"featured_media":73764,"comment_status":"open","ping_status":"open","sticky":false,"template":"","format":"standard","meta":{"advanced_seo_description":"","jetpack_seo_html_title":"","jetpack_seo_noindex":false,"jetpack_post_was_ever_published":false,"_jetpack_newsletter_access":"","_jetpack_dont_email_post_to_subs":false,"_jetpack_newsletter_tier_id":0,"_jetpack_memberships_contains_paywalled_content":false,"_jetpack_memberships_contains_paid_content":false,"footnotes":"","jetpack_publicize_message":"","jetpack_publicize_feature_enabled":true,"jetpack_social_post_already_shared":true,"jetpack_social_options":{"image_generator_settings":{"template":"highway","default_image_id":0,"font":"","enabled":false},"version":2}},"categories":[11],"tags":[],"class_list":["post-74810","post","type-post","status-publish","format-standard","has-post-thumbnail","hentry","category-noticias-de-ribeirao-preto-sp-e-regiao-ismael-colosi"],"jetpack_publicize_connections":[],"jetpack_featured_media_url":"https:\/\/i0.wp.com\/noticiasribeiraopreto.com.br\/wp-content\/uploads\/2025\/07\/concurso-publico_2025-07-09_13-50-45.webp.webp?fit=1200%2C798&ssl=1","jetpack-related-posts":[{"id":12648,"url":"https:\/\/noticiasribeiraopreto.com.br\/index.php\/2023\/12\/08\/usp-tem-34-vagas-em-concurso-publico-com-salarios-de-r-10-mil\/","url_meta":{"origin":74810,"position":0},"title":"USP tem 34 vagas em concurso p\u00fablico com sal\u00e1rios de R$ 10 mil","author":"noticiasribeiraopreto.com.br","date":"8 de December de 2023","format":false,"excerpt":"A USP (Universidade de S\u00e3o Paulo) publicou 18 editais de concurso p\u00fablico com 34 vagas para diversas especialidades com sal\u00e1rios de R$ 10.231,05. As vagas s\u00e3o para os campi da universidade em S\u00e3o Paulo, Ribeir\u00e3o Preto e Pirassununga. As inscri\u00e7\u00f5es para o concurso p\u00fablico da USP devem ser realizadas no\u2026","rel":"","context":"In &quot;Not\u00edcias de Ribeir\u00e3o Preto-SP e Regi\u00e3o&quot;","block_context":{"text":"Not\u00edcias de Ribeir\u00e3o Preto-SP e Regi\u00e3o","link":"https:\/\/noticiasribeiraopreto.com.br\/index.php\/category\/noticias-de-ribeirao-preto-sp-e-regiao-ismael-colosi\/"},"img":{"alt_text":"","src":"https:\/\/i0.wp.com\/noticiasribeiraopreto.com.br\/wp-content\/uploads\/2023\/12\/1702047750_usp_ribeirao_500x320_26072019111611.jpg?fit=500%2C322&ssl=1&resize=350%2C200","width":350,"height":200},"classes":[]},{"id":32600,"url":"https:\/\/noticiasribeiraopreto.com.br\/index.php\/2024\/01\/25\/usp-tem-concurso-publico-com-34-vagas-e-salarios-de-r-10-mil\/","url_meta":{"origin":74810,"position":1},"title":"USP tem concurso p\u00fablico com 34 vagas e sal\u00e1rios de R$ 10 mil","author":"noticiasribeiraopreto.com.br","date":"25 de January de 2024","format":false,"excerpt":"A USP (Universidade de S\u00e3o Paulo) est\u00e1 com 34 vagas abertas para diversas especialidades e sal\u00e1rios de R$ 10.231,05. As oportunidades s\u00e3o para os campi de Ribeir\u00e3o Preto, S\u00e3o Paulo e Pirassununga. As inscri\u00e7\u00f5es podem ser realizadas at\u00e9 \u00e0s 12h do dia 8 de fevereiro, no site da Fuvest (clique\u2026","rel":"","context":"In &quot;Not\u00edcias de Ribeir\u00e3o Preto-SP e Regi\u00e3o&quot;","block_context":{"text":"Not\u00edcias de Ribeir\u00e3o Preto-SP e Regi\u00e3o","link":"https:\/\/noticiasribeiraopreto.com.br\/index.php\/category\/noticias-de-ribeirao-preto-sp-e-regiao-ismael-colosi\/"},"img":{"alt_text":"","src":"https:\/\/i0.wp.com\/noticiasribeiraopreto.com.br\/wp-content\/uploads\/2024\/01\/usp_ribeirao_1024x576_30032021153451.jpg?fit=1024%2C576&ssl=1&resize=350%2C200","width":350,"height":200,"srcset":"https:\/\/i0.wp.com\/noticiasribeiraopreto.com.br\/wp-content\/uploads\/2024\/01\/usp_ribeirao_1024x576_30032021153451.jpg?fit=1024%2C576&ssl=1&resize=350%2C200 1x, https:\/\/i0.wp.com\/noticiasribeiraopreto.com.br\/wp-content\/uploads\/2024\/01\/usp_ribeirao_1024x576_30032021153451.jpg?fit=1024%2C576&ssl=1&resize=525%2C300 1.5x, https:\/\/i0.wp.com\/noticiasribeiraopreto.com.br\/wp-content\/uploads\/2024\/01\/usp_ribeirao_1024x576_30032021153451.jpg?fit=1024%2C576&ssl=1&resize=700%2C400 2x"},"classes":[]},{"id":63398,"url":"https:\/\/noticiasribeiraopreto.com.br\/index.php\/2025\/02\/12\/veja-todas-as-vagas-abertas-no-concurso-publico-da-usp\/","url_meta":{"origin":74810,"position":2},"title":"Veja todas as vagas abertas no concurso p\u00fablico da USP","author":"noticiasribeiraopreto.com.br","date":"12 de February de 2025","format":false,"excerpt":"A USP (Universidade de S\u00e3o Paulo) publicou nesta quarta-feira (12) edital de concurso p\u00fablico para o cargo de engenheiro, especialista em sistemas el\u00e9tricos, e o sal\u00e1rio para fun\u00e7\u00e3o \u00e9 de R$ 10.742,56. As inscri\u00e7\u00f5es devem ser realizadas no site da Fuvest (clique aqui) no per\u00edodo entre 12h do dia 19\u2026","rel":"","context":"In &quot;Not\u00edcias de Ribeir\u00e3o Preto-SP e Regi\u00e3o&quot;","block_context":{"text":"Not\u00edcias de Ribeir\u00e3o Preto-SP e Regi\u00e3o","link":"https:\/\/noticiasribeiraopreto.com.br\/index.php\/category\/noticias-de-ribeirao-preto-sp-e-regiao-ismael-colosi\/"},"img":{"alt_text":"","src":"https:\/\/i0.wp.com\/noticiasribeiraopreto.com.br\/wp-content\/uploads\/2025\/01\/campus-usp-ribeirao-preto_2025-01-27_15-21-07_jpg_2025-01-27_15-21-07.webp.webp?fit=1200%2C900&ssl=1&resize=350%2C200","width":350,"height":200,"srcset":"https:\/\/i0.wp.com\/noticiasribeiraopreto.com.br\/wp-content\/uploads\/2025\/01\/campus-usp-ribeirao-preto_2025-01-27_15-21-07_jpg_2025-01-27_15-21-07.webp.webp?fit=1200%2C900&ssl=1&resize=350%2C200 1x, https:\/\/i0.wp.com\/noticiasribeiraopreto.com.br\/wp-content\/uploads\/2025\/01\/campus-usp-ribeirao-preto_2025-01-27_15-21-07_jpg_2025-01-27_15-21-07.webp.webp?fit=1200%2C900&ssl=1&resize=525%2C300 1.5x, https:\/\/i0.wp.com\/noticiasribeiraopreto.com.br\/wp-content\/uploads\/2025\/01\/campus-usp-ribeirao-preto_2025-01-27_15-21-07_jpg_2025-01-27_15-21-07.webp.webp?fit=1200%2C900&ssl=1&resize=700%2C400 2x, https:\/\/i0.wp.com\/noticiasribeiraopreto.com.br\/wp-content\/uploads\/2025\/01\/campus-usp-ribeirao-preto_2025-01-27_15-21-07_jpg_2025-01-27_15-21-07.webp.webp?fit=1200%2C900&ssl=1&resize=1050%2C600 3x"},"classes":[]},{"id":74731,"url":"https:\/\/noticiasribeiraopreto.com.br\/index.php\/2025\/07\/28\/usp-abre-concurso-publico-com-vagas-em-ribeirao-preto-veja-como-participar\/","url_meta":{"origin":74810,"position":3},"title":"USP abre concurso p\u00fablico com vagas em Ribeir\u00e3o Preto; Veja como participar","author":"noticiasribeiraopreto.com.br","date":"28 de July de 2025","format":false,"excerpt":"A USP (Universidade de S\u00e3o Paulo) publicou tr\u00eas editais de concurso p\u00fablico no Di\u00e1rio Oficial do Estado desta segunda-feira (28). Ao todo, s\u00e3o tr\u00eas vagas dispon\u00edveis, sendo duas para Ribeir\u00e3o Preto e outra para S\u00e3o Paulo. Os sal\u00e1rios para os tr\u00eas cargos s\u00e3o de R$ 11.334,47. Veja as vagas Ribeir\u00e3o\u2026","rel":"","context":"In &quot;Not\u00edcias de Ribeir\u00e3o Preto-SP e Regi\u00e3o&quot;","block_context":{"text":"Not\u00edcias de Ribeir\u00e3o Preto-SP e Regi\u00e3o","link":"https:\/\/noticiasribeiraopreto.com.br\/index.php\/category\/noticias-de-ribeirao-preto-sp-e-regiao-ismael-colosi\/"},"img":{"alt_text":"","src":"https:\/\/i0.wp.com\/noticiasribeiraopreto.com.br\/wp-content\/uploads\/2025\/07\/21_2025-01-02_15-54-47_jpg_2025-01-02_15-54-47.webp.webp?fit=1200%2C767&ssl=1&resize=350%2C200","width":350,"height":200,"srcset":"https:\/\/i0.wp.com\/noticiasribeiraopreto.com.br\/wp-content\/uploads\/2025\/07\/21_2025-01-02_15-54-47_jpg_2025-01-02_15-54-47.webp.webp?fit=1200%2C767&ssl=1&resize=350%2C200 1x, https:\/\/i0.wp.com\/noticiasribeiraopreto.com.br\/wp-content\/uploads\/2025\/07\/21_2025-01-02_15-54-47_jpg_2025-01-02_15-54-47.webp.webp?fit=1200%2C767&ssl=1&resize=525%2C300 1.5x, https:\/\/i0.wp.com\/noticiasribeiraopreto.com.br\/wp-content\/uploads\/2025\/07\/21_2025-01-02_15-54-47_jpg_2025-01-02_15-54-47.webp.webp?fit=1200%2C767&ssl=1&resize=700%2C400 2x, https:\/\/i0.wp.com\/noticiasribeiraopreto.com.br\/wp-content\/uploads\/2025\/07\/21_2025-01-02_15-54-47_jpg_2025-01-02_15-54-47.webp.webp?fit=1200%2C767&ssl=1&resize=1050%2C600 3x"},"classes":[]},{"id":63690,"url":"https:\/\/noticiasribeiraopreto.com.br\/index.php\/2025\/02\/19\/usp-abre-inscricoes-para-concursos-publicos-com-salarios-de-ate-r-107-mil-veja-vagas\/","url_meta":{"origin":74810,"position":4},"title":"USP abre inscri\u00e7\u00f5es para concursos p\u00fablicos com sal\u00e1rios de at\u00e9 R$ 10,7 mil; Veja vagas","author":"noticiasribeiraopreto.com.br","date":"19 de February de 2025","format":false,"excerpt":"Come\u00e7am nesta quarta-feira (19), \u00e0s 12h, as inscri\u00e7\u00f5es para os 28 concursos p\u00fablicos da USP (Universidade de S\u00e3o Paulo). As oportunidades s\u00e3o de n\u00edvel fundamental, m\u00e9dio e superior, e os sal\u00e1rios variam entre R$ 3,1 mil e R$ 10,7 mil. As vagas dispon\u00edveis s\u00e3o para: analista de comunica\u00e7\u00e3o, analista de\u2026","rel":"","context":"In &quot;Not\u00edcias de Ribeir\u00e3o Preto-SP e Regi\u00e3o&quot;","block_context":{"text":"Not\u00edcias de Ribeir\u00e3o Preto-SP e Regi\u00e3o","link":"https:\/\/noticiasribeiraopreto.com.br\/index.php\/category\/noticias-de-ribeirao-preto-sp-e-regiao-ismael-colosi\/"},"img":{"alt_text":"","src":"https:\/\/i0.wp.com\/noticiasribeiraopreto.com.br\/wp-content\/uploads\/2025\/01\/campus-usp-ribeirao-preto_2025-01-27_15-21-07_jpg_2025-01-27_15-21-07.webp.webp?fit=1200%2C900&ssl=1&resize=350%2C200","width":350,"height":200,"srcset":"https:\/\/i0.wp.com\/noticiasribeiraopreto.com.br\/wp-content\/uploads\/2025\/01\/campus-usp-ribeirao-preto_2025-01-27_15-21-07_jpg_2025-01-27_15-21-07.webp.webp?fit=1200%2C900&ssl=1&resize=350%2C200 1x, https:\/\/i0.wp.com\/noticiasribeiraopreto.com.br\/wp-content\/uploads\/2025\/01\/campus-usp-ribeirao-preto_2025-01-27_15-21-07_jpg_2025-01-27_15-21-07.webp.webp?fit=1200%2C900&ssl=1&resize=525%2C300 1.5x, https:\/\/i0.wp.com\/noticiasribeiraopreto.com.br\/wp-content\/uploads\/2025\/01\/campus-usp-ribeirao-preto_2025-01-27_15-21-07_jpg_2025-01-27_15-21-07.webp.webp?fit=1200%2C900&ssl=1&resize=700%2C400 2x, https:\/\/i0.wp.com\/noticiasribeiraopreto.com.br\/wp-content\/uploads\/2025\/01\/campus-usp-ribeirao-preto_2025-01-27_15-21-07_jpg_2025-01-27_15-21-07.webp.webp?fit=1200%2C900&ssl=1&resize=1050%2C600 3x"},"classes":[]},{"id":1105,"url":"https:\/\/noticiasribeiraopreto.com.br\/index.php\/2023\/11\/10\/veja-cinco-concursos-publicos-no-interior-de-sp-com-salarios-de-ate-r-21-mil\/","url_meta":{"origin":74810,"position":5},"title":"Veja cinco concursos p\u00fablicos no interior de SP com sal\u00e1rios de at\u00e9 R$ 21 mil","author":"noticiasribeiraopreto.com.br","date":"10 de November de 2023","format":false,"excerpt":"Nesta semana, diversos concursos p\u00fablicos foram abertos no interior de S\u00e3o Paulo. O acidade on Ribeir\u00e3o separou cinco concursos com vagas de n\u00edvel fundamental, m\u00e9dio, t\u00e9cnico e superior e sal\u00e1rios de at\u00e9 R$ 21 mil. Veja os concursos p\u00fablicos: Prefeitura de Ribeir\u00e3o Preto A Prefeitura de Ribeir\u00e3o Preto publicou edital\u2026","rel":"","context":"In &quot;Not\u00edcias de Ribeir\u00e3o Preto-SP e Regi\u00e3o&quot;","block_context":{"text":"Not\u00edcias de Ribeir\u00e3o Preto-SP e Regi\u00e3o","link":"https:\/\/noticiasribeiraopreto.com.br\/index.php\/category\/noticias-de-ribeirao-preto-sp-e-regiao-ismael-colosi\/"},"img":{"alt_text":"","src":"https:\/\/i0.wp.com\/noticiasribeiraopreto.com.br\/wp-content\/uploads\/2023\/11\/concurso-publico-9.jpg?fit=1200%2C800&ssl=1&resize=350%2C200","width":350,"height":200,"srcset":"https:\/\/i0.wp.com\/noticiasribeiraopreto.com.br\/wp-content\/uploads\/2023\/11\/concurso-publico-9.jpg?fit=1200%2C800&ssl=1&resize=350%2C200 1x, https:\/\/i0.wp.com\/noticiasribeiraopreto.com.br\/wp-content\/uploads\/2023\/11\/concurso-publico-9.jpg?fit=1200%2C800&ssl=1&resize=525%2C300 1.5x, https:\/\/i0.wp.com\/noticiasribeiraopreto.com.br\/wp-content\/uploads\/2023\/11\/concurso-publico-9.jpg?fit=1200%2C800&ssl=1&resize=700%2C400 2x, https:\/\/i0.wp.com\/noticiasribeiraopreto.com.br\/wp-content\/uploads\/2023\/11\/concurso-publico-9.jpg?fit=1200%2C800&ssl=1&resize=1050%2C600 3x"},"classes":[]}],"jetpack_sharing_enabled":true,"jetpack_shortlink":"https:\/\/wp.me\/peQAOb-jsC","_links":{"self":[{"href":"https:\/\/noticiasribeiraopreto.com.br\/index.php\/wp-json\/wp\/v2\/posts\/74810","targetHints":{"allow":["GET"]}}],"collection":[{"href":"https:\/\/noticiasribeiraopreto.com.br\/index.php\/wp-json\/wp\/v2\/posts"}],"about":[{"href":"https:\/\/noticiasribeiraopreto.com.br\/index.php\/wp-json\/wp\/v2\/types\/post"}],"author":[{"embeddable":true,"href":"https:\/\/noticiasribeiraopreto.com.br\/index.php\/wp-json\/wp\/v2\/users\/1"}],"replies":[{"embeddable":true,"href":"https:\/\/noticiasribeiraopreto.com.br\/index.php\/wp-json\/wp\/v2\/comments?post=74810"}],"version-history":[{"count":0,"href":"https:\/\/noticiasribeiraopreto.com.br\/index.php\/wp-json\/wp\/v2\/posts\/74810\/revisions"}],"wp:featuredmedia":[{"embeddable":true,"href":"https:\/\/noticiasribeiraopreto.com.br\/index.php\/wp-json\/wp\/v2\/media\/73764"}],"wp:attachment":[{"href":"https:\/\/noticiasribeiraopreto.com.br\/index.php\/wp-json\/wp\/v2\/media?parent=74810"}],"wp:term":[{"taxonomy":"category","embeddable":true,"href":"https:\/\/noticiasribeiraopreto.com.br\/index.php\/wp-json\/wp\/v2\/categories?post=74810"},{"taxonomy":"post_tag","embeddable":true,"href":"https:\/\/noticiasribeiraopreto.com.br\/index.php\/wp-json\/wp\/v2\/tags?post=74810"}],"curies":[{"name":"wp","href":"https:\/\/api.w.org\/{rel}","templated":true}]}}