{"id":74811,"date":"2025-07-29T15:00:15","date_gmt":"2025-07-29T18:00:15","guid":{"rendered":"https:\/\/noticiasribeiraopreto.com.br\/index.php\/2025\/07\/29\/troca-de-tiros-ladroes-tentam-roubar-policial-militar-que-chegava-do-trabalho\/"},"modified":"2025-07-29T15:00:15","modified_gmt":"2025-07-29T18:00:15","slug":"troca-de-tiros-ladroes-tentam-roubar-policial-militar-que-chegava-do-trabalho","status":"publish","type":"post","link":"https:\/\/noticiasribeiraopreto.com.br\/index.php\/2025\/07\/29\/troca-de-tiros-ladroes-tentam-roubar-policial-militar-que-chegava-do-trabalho\/","title":{"rendered":"Troca de tiros: Ladr\u00f5es tentam roubar policial militar que chegava do trabalho"},"content":{"rendered":"<div class='code-block code-block-1' style='margin: 8px 0 8px auto; text-align: right; display: block; clear: both;'>\n<p><a href=\"https:\/\/wa.link\/vpicfd\"><img data-recalc-dims=\"1\" class=\"wp-image-4922\" style=\"aspect-ratio: 2.0253164556962027; width: 561px; height: auto;\" src=\"https:\/\/i0.wp.com\/ismaelcolosi.com.br\/wp-content\/uploads\/2023\/11\/grupo-de-empregos-whatsapp-e-facebook-ismael-colosi-vagas.jpg?ssl=1\" alt=\"\" \/><\/a><\/p>\n<!-- \/wp:image -->\n<\/div>\n<p> <br \/>\n<\/p>\n<div data-td-block-uid=\"tdi_95\">\n<div class=\"tdb-block-inner td-fix-index\">\n<p>Uma quadrilha tentou assaltar um policial militar que chegava em casa, ap\u00f3s o trabalho, em <strong>Brodowski<\/strong>, na regi\u00e3o de <strong>Ribeir\u00e3o Preto<\/strong>. O crime aconteceu na madrugada desta ter\u00e7a-feira (29), por volta das 2h30.<\/p>\n<p>Segundo o <strong>BO (boletim de ocorr\u00eancia)<\/strong>, o policial retornava do servi\u00e7o e, ao estacionar o carro em casa, foi surpreendido pelos criminosos, que estava em um Citroen\/Xsara Picasso preto.<\/p>\n<p>Um dos bandidos desceu do ve\u00edculo armado e foi em dire\u00e7\u00e3o ao agente, que reagiu em leg\u00edtima defesa. Ap\u00f3s os disparos, os criminosos fugiram a p\u00e9 e com o carro.<\/p>\n<h2 class=\"wp-block-heading\"><strong>Carro encontrado<\/strong><\/h2>\n<p>O Citroen foi encontrado em um terreno baldio na avenida das Ac\u00e1cias, em Brodowski. No local, foi constatado que o carro apresentava adultera\u00e7\u00f5es na placa e contava com marcas de disparo da arma de fogo.<\/p>\n<p>Um dos criminosos foi preso e outro homem foi detido pela pol\u00edcia na situa\u00e7\u00e3o de averiguado, j\u00e1 que h\u00e1 suspeita que ele tenha participado do crime. O criminoso tentava fugir a p\u00e9 em uma mata. Segundo a PM, ele confessou a participa\u00e7\u00e3o na tentativa de assalto.<\/p>\n<p>SAIBA MAIS<br \/>Massa de ar polar derruba as temperaturas; Veja previs\u00e3o para semana em Ribeir\u00e3o Preto<\/p>\n<h2 class=\"wp-block-heading\"><strong>FIQUE ON<\/strong><\/h2>\n<p>Fique ligado em tudo que acontece em Ribeir\u00e3o Preto e regi\u00e3o. Siga os perfis do\u00a0<strong>acidade on\u00a0<\/strong>no\u00a0<a href=\"https:\/\/www.instagram.com\/acidadeonribeirao\" target=\"_blank\" rel=\"noreferrer noopener\">Instagram<\/a>\u00a0e no\u00a0<a href=\"https:\/\/www.facebook.com\/acidadeonribeirao\/\" target=\"_blank\" rel=\"noreferrer noopener\">Facebook<\/a>.<\/p>\n<p>Receba not\u00edcias do<strong>\u00a0acidade on<\/strong>\u00a0no WhatsApp.\u00a0<a href=\"https:\/\/chat.whatsapp.com\/BjKQZ9oJwlz8VVT50NuePq\" target=\"_blank\" rel=\"noreferrer noopener\">Para entrar no grupo, basta clicar aqui.<\/a><\/p>\n<p>Fa\u00e7a uma den\u00fancia ou sugira uma reportagem sobre Ribeir\u00e3o Preto e regi\u00e3o pelo WhatsApp: 16 99117 7802.<\/p>\n<p>VEJA TAMB\u00c9M<br \/>O que um copo de suco de uva pode fazer pelo seu corpo?\u00a0<\/p>\n<p><!-- AI CONTENT END 1 -->\n<\/div>\n<\/div>\n<p><script async src=\"\/\/www.instagram.com\/embed.js\"><\/script><br \/>\n<br \/><br \/>\n<br \/><a href=\"https:\/\/www.acidadeon.com\/ribeiraopreto\/cotidiano\/troca-de-tiros-ladroes-tentam-roubar-policial-militar-que-chegava-do-trabalho\/\">Source link <\/a><\/p>\n<!-- CONTENT END 1 -->\n","protected":false},"excerpt":{"rendered":"<p>Uma quadrilha tentou assaltar um policial militar que chegava em casa, ap\u00f3s o trabalho, em Brodowski, na regi\u00e3o de Ribeir\u00e3o Preto. O crime aconteceu na&#8230;<\/p>\n","protected":false},"author":1,"featured_media":74812,"comment_status":"open","ping_status":"open","sticky":false,"template":"","format":"standard","meta":{"advanced_seo_description":"","jetpack_seo_html_title":"","jetpack_seo_noindex":false,"jetpack_post_was_ever_published":false,"_jetpack_newsletter_access":"","_jetpack_dont_email_post_to_subs":false,"_jetpack_newsletter_tier_id":0,"_jetpack_memberships_contains_paywalled_content":false,"_jetpack_memberships_contains_paid_content":false,"footnotes":"","jetpack_publicize_message":"","jetpack_publicize_feature_enabled":true,"jetpack_social_post_already_shared":true,"jetpack_social_options":{"image_generator_settings":{"template":"highway","default_image_id":0,"font":"","enabled":false},"version":2}},"categories":[11],"tags":[],"class_list":["post-74811","post","type-post","status-publish","format-standard","has-post-thumbnail","hentry","category-noticias-de-ribeirao-preto-sp-e-regiao-ismael-colosi"],"jetpack_publicize_connections":[],"jetpack_featured_media_url":"https:\/\/i0.wp.com\/noticiasribeiraopreto.com.br\/wp-content\/uploads\/2025\/07\/troca-de-tiros_2025-07-29_15-37-28.webp.webp?fit=1200%2C653&ssl=1","jetpack-related-posts":[{"id":74786,"url":"https:\/\/noticiasribeiraopreto.com.br\/index.php\/2025\/07\/29\/video-pm-reage-e-atira-contra-assaltantes\/","url_meta":{"origin":74811,"position":0},"title":"V\u00cdDEO &#8211; PM reage e atira contra assaltantes","author":"noticiasribeiraopreto.com.br","date":"29 de July de 2025","format":false,"excerpt":"Policial chegava em casa de madrugada quando carro parou e homem desceu para tentar o roubo 29 de julho de 2025 11:3929 de julho de 2025 11:392 Compartilhar0 Por: Adalberto Luque Um homem foi preso, na madrugada desta ter\u00e7a-feira (29), ap\u00f3s tentar assaltar uma resid\u00eancia. O crime ocorreu em Brodowski,\u2026","rel":"","context":"In &quot;Not\u00edcias de Ribeir\u00e3o Preto-SP e Regi\u00e3o&quot;","block_context":{"text":"Not\u00edcias de Ribeir\u00e3o Preto-SP e Regi\u00e3o","link":"https:\/\/noticiasribeiraopreto.com.br\/index.php\/category\/noticias-de-ribeirao-preto-sp-e-regiao-ismael-colosi\/"},"img":{"alt_text":"","src":"https:\/\/i0.wp.com\/noticiasribeiraopreto.com.br\/wp-content\/uploads\/2025\/07\/29-jul-2025-assaltobrodoeski.jpg?fit=822%2C460&ssl=1&resize=350%2C200","width":350,"height":200,"srcset":"https:\/\/i0.wp.com\/noticiasribeiraopreto.com.br\/wp-content\/uploads\/2025\/07\/29-jul-2025-assaltobrodoeski.jpg?fit=822%2C460&ssl=1&resize=350%2C200 1x, https:\/\/i0.wp.com\/noticiasribeiraopreto.com.br\/wp-content\/uploads\/2025\/07\/29-jul-2025-assaltobrodoeski.jpg?fit=822%2C460&ssl=1&resize=525%2C300 1.5x, https:\/\/i0.wp.com\/noticiasribeiraopreto.com.br\/wp-content\/uploads\/2025\/07\/29-jul-2025-assaltobrodoeski.jpg?fit=822%2C460&ssl=1&resize=700%2C400 2x"},"classes":[]},{"id":80348,"url":"https:\/\/noticiasribeiraopreto.com.br\/index.php\/2025\/11\/20\/perseguicao-a-carro-roubado-termina-com-suspeito-morto-na-regiao-de-ribeirao-preto\/","url_meta":{"origin":74811,"position":1},"title":"Persegui\u00e7\u00e3o a carro roubado termina com suspeito morto na regi\u00e3o de Ribeir\u00e3o Preto\u00a0","author":"noticiasribeiraopreto.com.br","date":"20 de November de 2025","format":false,"excerpt":"Um suspeito foi morto em uma a\u00e7\u00e3o da PM (Pol\u00edcia Militar) depois do roubo de carro na madrugada desta quinta-feira (20), na estrada que liga Brodowski a Jardin\u00f3polis, na regi\u00e3o de Ribeir\u00e3o Preto. A PM disse que tamb\u00e9m houve troca de tiros. Segundo a pol\u00edcia, tr\u00eas v\u00edtimas foram abordadas por\u2026","rel":"","context":"In &quot;Not\u00edcias de Ribeir\u00e3o Preto-SP e Regi\u00e3o&quot;","block_context":{"text":"Not\u00edcias de Ribeir\u00e3o Preto-SP e Regi\u00e3o","link":"https:\/\/noticiasribeiraopreto.com.br\/index.php\/category\/noticias-de-ribeirao-preto-sp-e-regiao-ismael-colosi\/"},"img":{"alt_text":"","src":"https:\/\/i0.wp.com\/noticiasribeiraopreto.com.br\/wp-content\/uploads\/2025\/11\/POLICIA_2025-11-20_10-01-28.webp.webp?fit=1200%2C803&ssl=1&resize=350%2C200","width":350,"height":200,"srcset":"https:\/\/i0.wp.com\/noticiasribeiraopreto.com.br\/wp-content\/uploads\/2025\/11\/POLICIA_2025-11-20_10-01-28.webp.webp?fit=1200%2C803&ssl=1&resize=350%2C200 1x, https:\/\/i0.wp.com\/noticiasribeiraopreto.com.br\/wp-content\/uploads\/2025\/11\/POLICIA_2025-11-20_10-01-28.webp.webp?fit=1200%2C803&ssl=1&resize=525%2C300 1.5x, https:\/\/i0.wp.com\/noticiasribeiraopreto.com.br\/wp-content\/uploads\/2025\/11\/POLICIA_2025-11-20_10-01-28.webp.webp?fit=1200%2C803&ssl=1&resize=700%2C400 2x, https:\/\/i0.wp.com\/noticiasribeiraopreto.com.br\/wp-content\/uploads\/2025\/11\/POLICIA_2025-11-20_10-01-28.webp.webp?fit=1200%2C803&ssl=1&resize=1050%2C600 3x"},"classes":[]},{"id":78470,"url":"https:\/\/noticiasribeiraopreto.com.br\/index.php\/2025\/10\/11\/carro-roubado-em-ribeirao-preto-pode-ter-sido-usado-para-incendiar-supermercado-na-regiao\/","url_meta":{"origin":74811,"position":2},"title":"Carro roubado em Ribeir\u00e3o Preto pode ter sido usado para incendiar supermercado na regi\u00e3o","author":"noticiasribeiraopreto.com.br","date":"11 de October de 2025","format":false,"excerpt":"A Pol\u00edcia investiga se o carro utilizado para incendiar um supermercado em Jardin\u00f3polis foi roubado em Ribeir\u00e3o Preto. O inc\u00eandio ocorreu na madrugada desta quinta-feira (9) e destruiu o estabelecimento pertencente \u00e0 fam\u00edlia Salom\u00e3o. De acordo com a investiga\u00e7\u00e3o, o ve\u00edculo foi encontrado completamente queimado ap\u00f3s o fogo e teria\u2026","rel":"","context":"In &quot;Not\u00edcias de Ribeir\u00e3o Preto-SP e Regi\u00e3o&quot;","block_context":{"text":"Not\u00edcias de Ribeir\u00e3o Preto-SP e Regi\u00e3o","link":"https:\/\/noticiasribeiraopreto.com.br\/index.php\/category\/noticias-de-ribeirao-preto-sp-e-regiao-ismael-colosi\/"},"img":{"alt_text":"","src":"https:\/\/i0.wp.com\/noticiasribeiraopreto.com.br\/wp-content\/uploads\/2025\/10\/supermercado-1_2025-10-09_13-07-07.webp.webp?fit=1200%2C644&ssl=1&resize=350%2C200","width":350,"height":200,"srcset":"https:\/\/i0.wp.com\/noticiasribeiraopreto.com.br\/wp-content\/uploads\/2025\/10\/supermercado-1_2025-10-09_13-07-07.webp.webp?fit=1200%2C644&ssl=1&resize=350%2C200 1x, https:\/\/i0.wp.com\/noticiasribeiraopreto.com.br\/wp-content\/uploads\/2025\/10\/supermercado-1_2025-10-09_13-07-07.webp.webp?fit=1200%2C644&ssl=1&resize=525%2C300 1.5x, https:\/\/i0.wp.com\/noticiasribeiraopreto.com.br\/wp-content\/uploads\/2025\/10\/supermercado-1_2025-10-09_13-07-07.webp.webp?fit=1200%2C644&ssl=1&resize=700%2C400 2x, https:\/\/i0.wp.com\/noticiasribeiraopreto.com.br\/wp-content\/uploads\/2025\/10\/supermercado-1_2025-10-09_13-07-07.webp.webp?fit=1200%2C644&ssl=1&resize=1050%2C600 3x"},"classes":[]},{"id":66976,"url":"https:\/\/noticiasribeiraopreto.com.br\/index.php\/2025\/04\/08\/baep-de-ribeirao-preto-e-mobilizado-apos-ataque-a-banco-no-sul-de-minas\/","url_meta":{"origin":74811,"position":3},"title":"Baep de Ribeir\u00e3o Preto \u00e9 mobilizado ap\u00f3s ataque a banco no Sul de Minas","author":"noticiasribeiraopreto.com.br","date":"8 de April de 2025","format":false,"excerpt":"Um ataque a banco na madrugada desta ter\u00e7a-feira (8), em Guaxup\u00e9 (MG), mobilizou o 11\u00ba Baep (Batalh\u00e3o de A\u00e7\u00f5es Especiais de Pol\u00edcia), com sede em Ribeir\u00e3o Preto, na divisa dos estados de S\u00e3o Paulo e Minas Gerais. Assista ao v\u00eddeo abaixo. Criminosos fortemente armados atacaram simultaneamente uma ag\u00eancia da Caixa\u2026","rel":"","context":"In &quot;Not\u00edcias de Ribeir\u00e3o Preto-SP e Regi\u00e3o&quot;","block_context":{"text":"Not\u00edcias de Ribeir\u00e3o Preto-SP e Regi\u00e3o","link":"https:\/\/noticiasribeiraopreto.com.br\/index.php\/category\/noticias-de-ribeirao-preto-sp-e-regiao-ismael-colosi\/"},"img":{"alt_text":"","src":"https:\/\/i0.wp.com\/noticiasribeiraopreto.com.br\/wp-content\/uploads\/2025\/04\/WhatsApp-Image-2025-04-08-at-08.10.33_2025-04-08_11-10-55_jpeg_2025-04-08_11-10-56.webp.webp?fit=1200%2C808&ssl=1&resize=350%2C200","width":350,"height":200,"srcset":"https:\/\/i0.wp.com\/noticiasribeiraopreto.com.br\/wp-content\/uploads\/2025\/04\/WhatsApp-Image-2025-04-08-at-08.10.33_2025-04-08_11-10-55_jpeg_2025-04-08_11-10-56.webp.webp?fit=1200%2C808&ssl=1&resize=350%2C200 1x, https:\/\/i0.wp.com\/noticiasribeiraopreto.com.br\/wp-content\/uploads\/2025\/04\/WhatsApp-Image-2025-04-08-at-08.10.33_2025-04-08_11-10-55_jpeg_2025-04-08_11-10-56.webp.webp?fit=1200%2C808&ssl=1&resize=525%2C300 1.5x, https:\/\/i0.wp.com\/noticiasribeiraopreto.com.br\/wp-content\/uploads\/2025\/04\/WhatsApp-Image-2025-04-08-at-08.10.33_2025-04-08_11-10-55_jpeg_2025-04-08_11-10-56.webp.webp?fit=1200%2C808&ssl=1&resize=700%2C400 2x, https:\/\/i0.wp.com\/noticiasribeiraopreto.com.br\/wp-content\/uploads\/2025\/04\/WhatsApp-Image-2025-04-08-at-08.10.33_2025-04-08_11-10-55_jpeg_2025-04-08_11-10-56.webp.webp?fit=1200%2C808&ssl=1&resize=1050%2C600 3x"},"classes":[]},{"id":63119,"url":"https:\/\/noticiasribeiraopreto.com.br\/index.php\/2025\/02\/03\/policial-penal-e-atacado-por-criminosos-em-ribeirao-preto\/","url_meta":{"origin":74811,"position":4},"title":"Policial penal \u00e9 atacado por criminosos em Ribeir\u00e3o Preto","author":"noticiasribeiraopreto.com.br","date":"3 de February de 2025","format":false,"excerpt":"Um policial penal foi alvo de criminosos na Vila Virg\u00ednia, zona Oeste de Ribeir\u00e3o Preto, na noite do \u00faltimo domingo (2). O homem de 42 anos foi alvo de v\u00e1rios disparos ap\u00f3s ser abordado por bandidos que desceram de um carro. A v\u00edtima est\u00e1 internada em estado grave em um\u2026","rel":"","context":"In &quot;Not\u00edcias de Ribeir\u00e3o Preto-SP e Regi\u00e3o&quot;","block_context":{"text":"Not\u00edcias de Ribeir\u00e3o Preto-SP e Regi\u00e3o","link":"https:\/\/noticiasribeiraopreto.com.br\/index.php\/category\/noticias-de-ribeirao-preto-sp-e-regiao-ismael-colosi\/"},"img":{"alt_text":"","src":"https:\/\/i0.wp.com\/noticiasribeiraopreto.com.br\/wp-content\/uploads\/2025\/02\/violencia-policial-penal_2025-02-03_17-06-00_jpg_2025-02-03_17-06-00.webp.webp?fit=1200%2C718&ssl=1&resize=350%2C200","width":350,"height":200,"srcset":"https:\/\/i0.wp.com\/noticiasribeiraopreto.com.br\/wp-content\/uploads\/2025\/02\/violencia-policial-penal_2025-02-03_17-06-00_jpg_2025-02-03_17-06-00.webp.webp?fit=1200%2C718&ssl=1&resize=350%2C200 1x, https:\/\/i0.wp.com\/noticiasribeiraopreto.com.br\/wp-content\/uploads\/2025\/02\/violencia-policial-penal_2025-02-03_17-06-00_jpg_2025-02-03_17-06-00.webp.webp?fit=1200%2C718&ssl=1&resize=525%2C300 1.5x, https:\/\/i0.wp.com\/noticiasribeiraopreto.com.br\/wp-content\/uploads\/2025\/02\/violencia-policial-penal_2025-02-03_17-06-00_jpg_2025-02-03_17-06-00.webp.webp?fit=1200%2C718&ssl=1&resize=700%2C400 2x, https:\/\/i0.wp.com\/noticiasribeiraopreto.com.br\/wp-content\/uploads\/2025\/02\/violencia-policial-penal_2025-02-03_17-06-00_jpg_2025-02-03_17-06-00.webp.webp?fit=1200%2C718&ssl=1&resize=1050%2C600 3x"},"classes":[]},{"id":46511,"url":"https:\/\/noticiasribeiraopreto.com.br\/index.php\/2024\/04\/12\/homem-e-morto-a-tiros-em-roubo-enquanto-conversava-com-a-ex-mulher-em-ribeirao\/","url_meta":{"origin":74811,"position":5},"title":"Homem \u00e9 morto a tiros em roubo enquanto conversava com a ex-mulher em Ribeir\u00e3o","author":"noticiasribeiraopreto.com.br","date":"12 de April de 2024","format":false,"excerpt":"Um homem de 43 anos foi morto a tiros na noite desta quinta-feira (11), em uma rua no Residencial C\u00e2ndido Portinari, zona Leste de Ribeir\u00e3o Preto, onde conversava com a ex-mulher. O caso foi registrado como latroc\u00ednio, j\u00e1 que o carro da v\u00edtima foi roubado pelo criminoso na a\u00e7\u00e3o. Segundo\u2026","rel":"","context":"In &quot;Not\u00edcias de Ribeir\u00e3o Preto-SP e Regi\u00e3o&quot;","block_context":{"text":"Not\u00edcias de Ribeir\u00e3o Preto-SP e Regi\u00e3o","link":"https:\/\/noticiasribeiraopreto.com.br\/index.php\/category\/noticias-de-ribeirao-preto-sp-e-regiao-ismael-colosi\/"},"img":{"alt_text":"","src":"https:\/\/i0.wp.com\/noticiasribeiraopreto.com.br\/wp-content\/uploads\/2024\/04\/1712922179_policia_qru_1024x576_25052021184749.jpg?fit=1024%2C576&ssl=1&resize=350%2C200","width":350,"height":200,"srcset":"https:\/\/i0.wp.com\/noticiasribeiraopreto.com.br\/wp-content\/uploads\/2024\/04\/1712922179_policia_qru_1024x576_25052021184749.jpg?fit=1024%2C576&ssl=1&resize=350%2C200 1x, https:\/\/i0.wp.com\/noticiasribeiraopreto.com.br\/wp-content\/uploads\/2024\/04\/1712922179_policia_qru_1024x576_25052021184749.jpg?fit=1024%2C576&ssl=1&resize=525%2C300 1.5x, https:\/\/i0.wp.com\/noticiasribeiraopreto.com.br\/wp-content\/uploads\/2024\/04\/1712922179_policia_qru_1024x576_25052021184749.jpg?fit=1024%2C576&ssl=1&resize=700%2C400 2x"},"classes":[]}],"jetpack_sharing_enabled":true,"jetpack_shortlink":"https:\/\/wp.me\/peQAOb-jsD","_links":{"self":[{"href":"https:\/\/noticiasribeiraopreto.com.br\/index.php\/wp-json\/wp\/v2\/posts\/74811","targetHints":{"allow":["GET"]}}],"collection":[{"href":"https:\/\/noticiasribeiraopreto.com.br\/index.php\/wp-json\/wp\/v2\/posts"}],"about":[{"href":"https:\/\/noticiasribeiraopreto.com.br\/index.php\/wp-json\/wp\/v2\/types\/post"}],"author":[{"embeddable":true,"href":"https:\/\/noticiasribeiraopreto.com.br\/index.php\/wp-json\/wp\/v2\/users\/1"}],"replies":[{"embeddable":true,"href":"https:\/\/noticiasribeiraopreto.com.br\/index.php\/wp-json\/wp\/v2\/comments?post=74811"}],"version-history":[{"count":0,"href":"https:\/\/noticiasribeiraopreto.com.br\/index.php\/wp-json\/wp\/v2\/posts\/74811\/revisions"}],"wp:featuredmedia":[{"embeddable":true,"href":"https:\/\/noticiasribeiraopreto.com.br\/index.php\/wp-json\/wp\/v2\/media\/74812"}],"wp:attachment":[{"href":"https:\/\/noticiasribeiraopreto.com.br\/index.php\/wp-json\/wp\/v2\/media?parent=74811"}],"wp:term":[{"taxonomy":"category","embeddable":true,"href":"https:\/\/noticiasribeiraopreto.com.br\/index.php\/wp-json\/wp\/v2\/categories?post=74811"},{"taxonomy":"post_tag","embeddable":true,"href":"https:\/\/noticiasribeiraopreto.com.br\/index.php\/wp-json\/wp\/v2\/tags?post=74811"}],"curies":[{"name":"wp","href":"https:\/\/api.w.org\/{rel}","templated":true}]}}