{"id":74813,"date":"2025-07-29T15:07:55","date_gmt":"2025-07-29T18:07:55","guid":{"rendered":"https:\/\/noticiasribeiraopreto.com.br\/index.php\/2025\/07\/29\/caminhonete-cai-de-viaduto-e-deixa-feridos-em-rodovia-na-regiao-de-ribeirao-preto\/"},"modified":"2025-07-29T15:07:55","modified_gmt":"2025-07-29T18:07:55","slug":"caminhonete-cai-de-viaduto-e-deixa-feridos-em-rodovia-na-regiao-de-ribeirao-preto","status":"publish","type":"post","link":"https:\/\/noticiasribeiraopreto.com.br\/index.php\/2025\/07\/29\/caminhonete-cai-de-viaduto-e-deixa-feridos-em-rodovia-na-regiao-de-ribeirao-preto\/","title":{"rendered":"Caminhonete cai de viaduto e deixa feridos em rodovia na regi\u00e3o de Ribeir\u00e3o Preto"},"content":{"rendered":"<div class='code-block code-block-1' style='margin: 8px 0 8px auto; text-align: right; display: block; clear: both;'>\n<p><a href=\"https:\/\/wa.link\/vpicfd\"><img data-recalc-dims=\"1\" class=\"wp-image-4922\" style=\"aspect-ratio: 2.0253164556962027; width: 561px; height: auto;\" src=\"https:\/\/i0.wp.com\/ismaelcolosi.com.br\/wp-content\/uploads\/2023\/11\/grupo-de-empregos-whatsapp-e-facebook-ismael-colosi-vagas.jpg?ssl=1\" alt=\"\" \/><\/a><\/p>\n<!-- \/wp:image -->\n<\/div>\n<p> <br \/>\n<\/p>\n<div data-td-block-uid=\"tdi_95\">\n<div class=\"tdb-block-inner td-fix-index\">\n<p><strong>Uma caminhonete caiu de um viaduto na manh\u00e3 desta ter\u00e7a-feira (29) e deixou os dois ocupantes feridos, no km 328 da rodovia Att\u00edlio\u00a0Balbo (SP-322), em Sert\u00e3ozinho, na regi\u00e3o de Ribeir\u00e3o Preto.<\/strong> <strong>Assista <\/strong>ao <strong>v\u00eddeo <\/strong>abaixo.<\/p>\n<p>Segundo as primeiras informa\u00e7\u00f5es, as <strong>v\u00edtimas <\/strong>\u2013 o <strong>motorista<\/strong>, de <strong>71 anos<\/strong>, e o <strong>passageiro<\/strong>, de <strong>67 anos<\/strong> \u2013 estariam <strong>retornando <\/strong>de uma <strong>pescaria<\/strong>. <mark style=\"background-color:#fcb900\" class=\"has-inline-color has-black-color\">Ambos foram socorridos e encaminhados a hospitais \u2013 o condutor teria estado moderado de sa\u00fade, j\u00e1 o passageiro estaria mais grave.<\/mark><\/p>\n<p>A concession\u00e1ria Entrevias disse, por meio de nota, que o dispositivo de retorno est\u00e1 interditado para o trabalho das equipes.<\/p>\n<p>As causas ainda dever\u00e3o ser apuradas. (Com CBN Ribeir\u00e3o Preto)<\/p>\n<blockquote class=\"instagram-media\" data-instgrm-permalink=\"https:\/\/www.instagram.com\/reel\/DMskwu3hQg3\/?utm_source=ig_embed&amp;utm_campaign=loading\" data-instgrm-version=\"14\" style=\"background:#FFF;border:0;border-radius:3px;margin: 1px;max-width:540px;min-width:326px;padding:0;width:99.375%;width:-webkit-calc(100% - 2px);width:calc(100% - 2px)\"\/>\n<p>SAIBA MAIS<\/p>\n<p>Motociclista fica ferida ap\u00f3s batida entre moto e carro em avenida de Ribeir\u00e3o Preto<\/p>\n<h2 class=\"wp-block-heading\"><strong>FIQUE ON<\/strong><\/h2>\n<p>Quer ficar por dentro de tudo que acontece em Ribeir\u00e3o Preto e regi\u00e3o? Ent\u00e3o siga os perfis do\u202facidade on\u202fno\u202f<a href=\"https:\/\/www.instagram.com\/acidadeonribeirao\" target=\"_blank\" rel=\"noreferrer noopener\">Instagram<\/a>\u202fe no\u202f<a href=\"https:\/\/www.facebook.com\/acidadeonribeirao\/\" target=\"_blank\" rel=\"noreferrer noopener\">Facebook<\/a>.<\/p>\n<p>Al\u00e9m disso, voc\u00ea pode receber as principais not\u00edcias diretamente no WhatsApp. Para isso, basta\u00a0<a href=\"https:\/\/chat.whatsapp.com\/BjKQZ9oJwlz8VVT50NuePq\" target=\"_blank\" rel=\"noreferrer noopener\">entrar no grupo clicando aqui<\/a>.<\/p>\n<p>Por fim, se quiser fazer uma den\u00fancia ou sugerir uma reportagem sobre Ribeir\u00e3o Preto e regi\u00e3o, envie uma mensagem pelo WhatsApp: (16) 99117-7802.<\/p>\n<p>VEJA TAMB\u00c9M<\/p>\n<p>O que \u00e9 o Mapa da Fome da ONU?<\/p>\n<p><!-- AI CONTENT END 1 -->\n<\/div>\n<\/div>\n<p><script async src=\"\/\/www.instagram.com\/embed.js\"><\/script><br \/>\n<br \/><br \/>\n<br \/><a href=\"https:\/\/www.acidadeon.com\/ribeiraopreto\/cotidiano\/caminhonete-cai-de-viaduto-e-deixa-feridos-em-rodovia-na-regiao-de-ribeirao-preto\/\">Source link <\/a><\/p>\n<!-- CONTENT END 1 -->\n","protected":false},"excerpt":{"rendered":"<p>Uma caminhonete caiu de um viaduto na manh\u00e3 desta ter\u00e7a-feira (29) e deixou os dois ocupantes feridos, no km 328 da rodovia Att\u00edlio\u00a0Balbo (SP-322), em&#8230;<\/p>\n","protected":false},"author":1,"featured_media":74814,"comment_status":"open","ping_status":"open","sticky":false,"template":"","format":"standard","meta":{"advanced_seo_description":"","jetpack_seo_html_title":"","jetpack_seo_noindex":false,"jetpack_post_was_ever_published":false,"_jetpack_newsletter_access":"","_jetpack_dont_email_post_to_subs":false,"_jetpack_newsletter_tier_id":0,"_jetpack_memberships_contains_paywalled_content":false,"_jetpack_memberships_contains_paid_content":false,"footnotes":"","jetpack_publicize_message":"","jetpack_publicize_feature_enabled":true,"jetpack_social_post_already_shared":true,"jetpack_social_options":{"image_generator_settings":{"template":"highway","default_image_id":0,"font":"","enabled":false},"version":2}},"categories":[11],"tags":[],"class_list":["post-74813","post","type-post","status-publish","format-standard","has-post-thumbnail","hentry","category-noticias-de-ribeirao-preto-sp-e-regiao-ismael-colosi"],"jetpack_publicize_connections":[],"jetpack_featured_media_url":"https:\/\/i0.wp.com\/noticiasribeiraopreto.com.br\/wp-content\/uploads\/2025\/07\/WhatsApp-Image-2025-07-29-at-11.11.41_2025-07-29_14-33-35.webp.webp?fit=1200%2C900&ssl=1","jetpack-related-posts":[{"id":51819,"url":"https:\/\/noticiasribeiraopreto.com.br\/index.php\/2024\/05\/30\/acidente-em-rodovia-da-regiao-de-ribeirao-preto-deixa-uma-pessoa-morta-e-cinco-feridos\/","url_meta":{"origin":74813,"position":0},"title":"Acidente em rodovia da regi\u00e3o de Ribeir\u00e3o Preto deixa uma pessoa morta e cinco feridos","author":"noticiasribeiraopreto.com.br","date":"30 de May de 2024","format":false,"excerpt":"Um acidente envolvendo dois caminh\u00f5es e um \u00f4nibus provocou a morte de uma pessoa e outras cinco ficaram feridas, no quil\u00f4metro 83 da rodovia Altino Arantes (SP 351), entre Sales Oliveira e Orl\u00e2ndia, na regi\u00e3o de Ribeir\u00e3o Preto, no fim da tarde desta quinta-feira (30). Segundo as primeiras informa\u00e7\u00f5es da\u2026","rel":"","context":"In &quot;Not\u00edcias de Ribeir\u00e3o Preto-SP e Regi\u00e3o&quot;","block_context":{"text":"Not\u00edcias de Ribeir\u00e3o Preto-SP e Regi\u00e3o","link":"https:\/\/noticiasribeiraopreto.com.br\/index.php\/category\/noticias-de-ribeirao-preto-sp-e-regiao-ismael-colosi\/"},"img":{"alt_text":"","src":"https:\/\/i0.wp.com\/noticiasribeiraopreto.com.br\/wp-content\/uploads\/2024\/05\/3_2024-05-30_22-14-12_jpg_2024-05-30_22-14-12.webp.webp?fit=1200%2C675&ssl=1&resize=350%2C200","width":350,"height":200,"srcset":"https:\/\/i0.wp.com\/noticiasribeiraopreto.com.br\/wp-content\/uploads\/2024\/05\/3_2024-05-30_22-14-12_jpg_2024-05-30_22-14-12.webp.webp?fit=1200%2C675&ssl=1&resize=350%2C200 1x, https:\/\/i0.wp.com\/noticiasribeiraopreto.com.br\/wp-content\/uploads\/2024\/05\/3_2024-05-30_22-14-12_jpg_2024-05-30_22-14-12.webp.webp?fit=1200%2C675&ssl=1&resize=525%2C300 1.5x, https:\/\/i0.wp.com\/noticiasribeiraopreto.com.br\/wp-content\/uploads\/2024\/05\/3_2024-05-30_22-14-12_jpg_2024-05-30_22-14-12.webp.webp?fit=1200%2C675&ssl=1&resize=700%2C400 2x, https:\/\/i0.wp.com\/noticiasribeiraopreto.com.br\/wp-content\/uploads\/2024\/05\/3_2024-05-30_22-14-12_jpg_2024-05-30_22-14-12.webp.webp?fit=1200%2C675&ssl=1&resize=1050%2C600 3x"},"classes":[]},{"id":3007,"url":"https:\/\/noticiasribeiraopreto.com.br\/index.php\/2023\/11\/17\/acidente-envolve-3-veiculos-e-deixa-adolescente-ferido-em-rodovia-de-ribeirao\/","url_meta":{"origin":74813,"position":1},"title":"Acidente envolve 3 ve\u00edculos e deixa adolescente ferido em rodovia de Ribeir\u00e3o","author":"noticiasribeiraopreto.com.br","date":"17 de November de 2023","format":false,"excerpt":"Um adolescente ficou ferido e um acidente com tr\u00eas ve\u00edculos na manh\u00e3 desta sexta-feira (17), no km 44 da rodovia Abr\u00e3o Assed (SP-333), entre Serrana e Ribeir\u00e3o Preto. Segundo as primeiras informa\u00e7\u00f5es da PMR (Pol\u00edcia Militar Rodovi\u00e1ria), o motorista de um carro atingiu a traseira de uma caminhonete, que cruzou\u2026","rel":"","context":"In &quot;Not\u00edcias de Ribeir\u00e3o Preto-SP e Regi\u00e3o&quot;","block_context":{"text":"Not\u00edcias de Ribeir\u00e3o Preto-SP e Regi\u00e3o","link":"https:\/\/noticiasribeiraopreto.com.br\/index.php\/category\/noticias-de-ribeirao-preto-sp-e-regiao-ismael-colosi\/"},"img":{"alt_text":"","src":"https:\/\/i0.wp.com\/noticiasribeiraopreto.com.br\/wp-content\/uploads\/2023\/11\/caution-389408_1920.jpg?fit=1200%2C803&ssl=1&resize=350%2C200","width":350,"height":200,"srcset":"https:\/\/i0.wp.com\/noticiasribeiraopreto.com.br\/wp-content\/uploads\/2023\/11\/caution-389408_1920.jpg?fit=1200%2C803&ssl=1&resize=350%2C200 1x, https:\/\/i0.wp.com\/noticiasribeiraopreto.com.br\/wp-content\/uploads\/2023\/11\/caution-389408_1920.jpg?fit=1200%2C803&ssl=1&resize=525%2C300 1.5x, https:\/\/i0.wp.com\/noticiasribeiraopreto.com.br\/wp-content\/uploads\/2023\/11\/caution-389408_1920.jpg?fit=1200%2C803&ssl=1&resize=700%2C400 2x, https:\/\/i0.wp.com\/noticiasribeiraopreto.com.br\/wp-content\/uploads\/2023\/11\/caution-389408_1920.jpg?fit=1200%2C803&ssl=1&resize=1050%2C600 3x"},"classes":[]},{"id":6113,"url":"https:\/\/noticiasribeiraopreto.com.br\/index.php\/2023\/11\/24\/empresario-de-rp-morre-apos-acidente-em-matao\/","url_meta":{"origin":74813,"position":2},"title":"Empres\u00e1rio de RP morre ap\u00f3s acidente em Mat\u00e3o","author":"noticiasribeiraopreto.com.br","date":"24 de November de 2023","format":false,"excerpt":"Motorista de Ribeir\u00e3o Preto e condutor de furg\u00e3o com produtos de limpeza de Mat\u00e3o morreram no hospital 24 de novembro de 2023 | 16:1324 de novembro de 2023 | 16:18 3Por: Adalberto LuqueUm acidente, ocorrido na manh\u00e3 desta sexta-feira (24), na cidade de Mat\u00e3o, deixou dois mortos e um ferido.\u2026","rel":"","context":"In &quot;Not\u00edcias de Ribeir\u00e3o Preto-SP e Regi\u00e3o&quot;","block_context":{"text":"Not\u00edcias de Ribeir\u00e3o Preto-SP e Regi\u00e3o","link":"https:\/\/noticiasribeiraopreto.com.br\/index.php\/category\/noticias-de-ribeirao-preto-sp-e-regiao-ismael-colosi\/"},"img":{"alt_text":"","src":"https:\/\/i0.wp.com\/noticiasribeiraopreto.com.br\/wp-content\/uploads\/2023\/11\/acidente-pequena.jpg?fit=822%2C548&ssl=1&resize=350%2C200","width":350,"height":200,"srcset":"https:\/\/i0.wp.com\/noticiasribeiraopreto.com.br\/wp-content\/uploads\/2023\/11\/acidente-pequena.jpg?fit=822%2C548&ssl=1&resize=350%2C200 1x, https:\/\/i0.wp.com\/noticiasribeiraopreto.com.br\/wp-content\/uploads\/2023\/11\/acidente-pequena.jpg?fit=822%2C548&ssl=1&resize=525%2C300 1.5x, https:\/\/i0.wp.com\/noticiasribeiraopreto.com.br\/wp-content\/uploads\/2023\/11\/acidente-pequena.jpg?fit=822%2C548&ssl=1&resize=700%2C400 2x"},"classes":[]},{"id":62391,"url":"https:\/\/noticiasribeiraopreto.com.br\/index.php\/2025\/01\/13\/motorista-fica-ferido-apos-carro-capotar-na-rodovia-candido-portinari\/","url_meta":{"origin":74813,"position":3},"title":"Motorista fica ferido ap\u00f3s carro capotar na rodovia C\u00e2ndido Portinari","author":"noticiasribeiraopreto.com.br","date":"13 de January de 2025","format":false,"excerpt":"O motorista de um carro ficou ferido ap\u00f3s o ve\u00edculo capotar na manh\u00e3 desta segunda (13), na rodovia C\u00e2ndido Portinari (SP-334), na altura do Jardim das Paineiras, em Franca, a aproximadamente 80 quil\u00f4metros de Ribeir\u00e3o Preto. Assista ao v\u00eddeo abaixo. O condutor, de 22 anos, disse que uma caminhonete entrou\u2026","rel":"","context":"In &quot;Not\u00edcias de Ribeir\u00e3o Preto-SP e Regi\u00e3o&quot;","block_context":{"text":"Not\u00edcias de Ribeir\u00e3o Preto-SP e Regi\u00e3o","link":"https:\/\/noticiasribeiraopreto.com.br\/index.php\/category\/noticias-de-ribeirao-preto-sp-e-regiao-ismael-colosi\/"},"img":{"alt_text":"","src":"https:\/\/i0.wp.com\/noticiasribeiraopreto.com.br\/wp-content\/uploads\/2025\/01\/CAPOTAMENTO_2025-01-13_13-59-47_jpg_2025-01-13_13-59-48.webp.webp?fit=1200%2C716&ssl=1&resize=350%2C200","width":350,"height":200,"srcset":"https:\/\/i0.wp.com\/noticiasribeiraopreto.com.br\/wp-content\/uploads\/2025\/01\/CAPOTAMENTO_2025-01-13_13-59-47_jpg_2025-01-13_13-59-48.webp.webp?fit=1200%2C716&ssl=1&resize=350%2C200 1x, https:\/\/i0.wp.com\/noticiasribeiraopreto.com.br\/wp-content\/uploads\/2025\/01\/CAPOTAMENTO_2025-01-13_13-59-47_jpg_2025-01-13_13-59-48.webp.webp?fit=1200%2C716&ssl=1&resize=525%2C300 1.5x, https:\/\/i0.wp.com\/noticiasribeiraopreto.com.br\/wp-content\/uploads\/2025\/01\/CAPOTAMENTO_2025-01-13_13-59-47_jpg_2025-01-13_13-59-48.webp.webp?fit=1200%2C716&ssl=1&resize=700%2C400 2x, https:\/\/i0.wp.com\/noticiasribeiraopreto.com.br\/wp-content\/uploads\/2025\/01\/CAPOTAMENTO_2025-01-13_13-59-47_jpg_2025-01-13_13-59-48.webp.webp?fit=1200%2C716&ssl=1&resize=1050%2C600 3x"},"classes":[]},{"id":55141,"url":"https:\/\/noticiasribeiraopreto.com.br\/index.php\/2024\/07\/30\/mae-morre-e-filho-fica-ferido-apos-batida-de-moto-e-caminhonete-na-regiao-de-ribeirao\/","url_meta":{"origin":74813,"position":4},"title":"M\u00e3e morre e filho fica ferido ap\u00f3s batida de moto e caminhonete na regi\u00e3o de Ribeir\u00e3o","author":"noticiasribeiraopreto.com.br","date":"30 de July de 2024","format":false,"excerpt":"Uma mulher de 33 anos morreu e o filho dela, de 11 anos, ficou ferido na tarde desta segunda-feira (29), depois de uma batida entre moto e caminhonete, em Sert\u00e3ozinho, na regi\u00e3o de Ribeir\u00e3o Preto. As v\u00edtimas estavam na motocicleta e o motorista da caminhonete, identificado pela pol\u00edcia como um\u2026","rel":"","context":"In &quot;Not\u00edcias de Ribeir\u00e3o Preto-SP e Regi\u00e3o&quot;","block_context":{"text":"Not\u00edcias de Ribeir\u00e3o Preto-SP e Regi\u00e3o","link":"https:\/\/noticiasribeiraopreto.com.br\/index.php\/category\/noticias-de-ribeirao-preto-sp-e-regiao-ismael-colosi\/"},"img":{"alt_text":"","src":"https:\/\/i0.wp.com\/noticiasribeiraopreto.com.br\/wp-content\/uploads\/2024\/07\/WhatsApp-Image-2024-07-30-at-06.55.57_2024-07-30_09-57-02_jpeg_2024-07-30_09-57-02.webp.webp?fit=1200%2C1135&ssl=1&resize=350%2C200","width":350,"height":200,"srcset":"https:\/\/i0.wp.com\/noticiasribeiraopreto.com.br\/wp-content\/uploads\/2024\/07\/WhatsApp-Image-2024-07-30-at-06.55.57_2024-07-30_09-57-02_jpeg_2024-07-30_09-57-02.webp.webp?fit=1200%2C1135&ssl=1&resize=350%2C200 1x, https:\/\/i0.wp.com\/noticiasribeiraopreto.com.br\/wp-content\/uploads\/2024\/07\/WhatsApp-Image-2024-07-30-at-06.55.57_2024-07-30_09-57-02_jpeg_2024-07-30_09-57-02.webp.webp?fit=1200%2C1135&ssl=1&resize=525%2C300 1.5x, https:\/\/i0.wp.com\/noticiasribeiraopreto.com.br\/wp-content\/uploads\/2024\/07\/WhatsApp-Image-2024-07-30-at-06.55.57_2024-07-30_09-57-02_jpeg_2024-07-30_09-57-02.webp.webp?fit=1200%2C1135&ssl=1&resize=700%2C400 2x, https:\/\/i0.wp.com\/noticiasribeiraopreto.com.br\/wp-content\/uploads\/2024\/07\/WhatsApp-Image-2024-07-30-at-06.55.57_2024-07-30_09-57-02_jpeg_2024-07-30_09-57-02.webp.webp?fit=1200%2C1135&ssl=1&resize=1050%2C600 3x"},"classes":[]},{"id":67623,"url":"https:\/\/noticiasribeiraopreto.com.br\/index.php\/2025\/04\/16\/carro-cai-de-viaduto-em-rodovia-da-regiao-de-ribeirao-preto-veja-video\/","url_meta":{"origin":74813,"position":5},"title":"Carro cai de viaduto em rodovia da regi\u00e3o de Ribeir\u00e3o Preto; veja v\u00eddeo","author":"noticiasribeiraopreto.com.br","date":"16 de April de 2025","format":false,"excerpt":"Na manh\u00e3 desta quarta-feira (16), um carro despencou do viaduto localizado na rodovia At\u00edlio Balbo (SP-322), pr\u00f3ximo \u00e0 entrada de Sert\u00e3ozinho, na regi\u00e3o de Ribeir\u00e3o Preto. Nas imagens, \u00e9 poss\u00edvel ver que o carro caiu entre as duas pistas da rodovia. Ainda n\u00e3o h\u00e1 confirma\u00e7\u00e3o oficial sobre o estado de\u2026","rel":"","context":"In &quot;Not\u00edcias de Ribeir\u00e3o Preto-SP e Regi\u00e3o&quot;","block_context":{"text":"Not\u00edcias de Ribeir\u00e3o Preto-SP e Regi\u00e3o","link":"https:\/\/noticiasribeiraopreto.com.br\/index.php\/category\/noticias-de-ribeirao-preto-sp-e-regiao-ismael-colosi\/"},"img":{"alt_text":"","src":"https:\/\/i0.wp.com\/noticiasribeiraopreto.com.br\/wp-content\/uploads\/2025\/04\/Copia-de-Copia-de-Copia-de-TAMANHO-EXATO-PARA-FOTOS-NO-SISTEMA-NOVO-2025-04-16T144546.241_2025-04-16_17-45-56_png_2025-04-16_17-45-56.webp.webp?fit=1200%2C675&ssl=1&resize=350%2C200","width":350,"height":200,"srcset":"https:\/\/i0.wp.com\/noticiasribeiraopreto.com.br\/wp-content\/uploads\/2025\/04\/Copia-de-Copia-de-Copia-de-TAMANHO-EXATO-PARA-FOTOS-NO-SISTEMA-NOVO-2025-04-16T144546.241_2025-04-16_17-45-56_png_2025-04-16_17-45-56.webp.webp?fit=1200%2C675&ssl=1&resize=350%2C200 1x, https:\/\/i0.wp.com\/noticiasribeiraopreto.com.br\/wp-content\/uploads\/2025\/04\/Copia-de-Copia-de-Copia-de-TAMANHO-EXATO-PARA-FOTOS-NO-SISTEMA-NOVO-2025-04-16T144546.241_2025-04-16_17-45-56_png_2025-04-16_17-45-56.webp.webp?fit=1200%2C675&ssl=1&resize=525%2C300 1.5x, https:\/\/i0.wp.com\/noticiasribeiraopreto.com.br\/wp-content\/uploads\/2025\/04\/Copia-de-Copia-de-Copia-de-TAMANHO-EXATO-PARA-FOTOS-NO-SISTEMA-NOVO-2025-04-16T144546.241_2025-04-16_17-45-56_png_2025-04-16_17-45-56.webp.webp?fit=1200%2C675&ssl=1&resize=700%2C400 2x, https:\/\/i0.wp.com\/noticiasribeiraopreto.com.br\/wp-content\/uploads\/2025\/04\/Copia-de-Copia-de-Copia-de-TAMANHO-EXATO-PARA-FOTOS-NO-SISTEMA-NOVO-2025-04-16T144546.241_2025-04-16_17-45-56_png_2025-04-16_17-45-56.webp.webp?fit=1200%2C675&ssl=1&resize=1050%2C600 3x"},"classes":[]}],"jetpack_sharing_enabled":true,"jetpack_shortlink":"https:\/\/wp.me\/peQAOb-jsF","_links":{"self":[{"href":"https:\/\/noticiasribeiraopreto.com.br\/index.php\/wp-json\/wp\/v2\/posts\/74813","targetHints":{"allow":["GET"]}}],"collection":[{"href":"https:\/\/noticiasribeiraopreto.com.br\/index.php\/wp-json\/wp\/v2\/posts"}],"about":[{"href":"https:\/\/noticiasribeiraopreto.com.br\/index.php\/wp-json\/wp\/v2\/types\/post"}],"author":[{"embeddable":true,"href":"https:\/\/noticiasribeiraopreto.com.br\/index.php\/wp-json\/wp\/v2\/users\/1"}],"replies":[{"embeddable":true,"href":"https:\/\/noticiasribeiraopreto.com.br\/index.php\/wp-json\/wp\/v2\/comments?post=74813"}],"version-history":[{"count":0,"href":"https:\/\/noticiasribeiraopreto.com.br\/index.php\/wp-json\/wp\/v2\/posts\/74813\/revisions"}],"wp:featuredmedia":[{"embeddable":true,"href":"https:\/\/noticiasribeiraopreto.com.br\/index.php\/wp-json\/wp\/v2\/media\/74814"}],"wp:attachment":[{"href":"https:\/\/noticiasribeiraopreto.com.br\/index.php\/wp-json\/wp\/v2\/media?parent=74813"}],"wp:term":[{"taxonomy":"category","embeddable":true,"href":"https:\/\/noticiasribeiraopreto.com.br\/index.php\/wp-json\/wp\/v2\/categories?post=74813"},{"taxonomy":"post_tag","embeddable":true,"href":"https:\/\/noticiasribeiraopreto.com.br\/index.php\/wp-json\/wp\/v2\/tags?post=74813"}],"curies":[{"name":"wp","href":"https:\/\/api.w.org\/{rel}","templated":true}]}}