{"id":7485,"date":"2023-11-27T20:32:00","date_gmt":"2023-11-27T23:32:00","guid":{"rendered":"https:\/\/noticiasribeiraopreto.com.br\/index.php\/2023\/11\/27\/acesso-a-regiao-da-zona-sul-de-ribeirao-tera-teste-de-trafego-nesta-semana-veja-o-trecho\/"},"modified":"2023-11-27T20:32:00","modified_gmt":"2023-11-27T23:32:00","slug":"acesso-a-regiao-da-zona-sul-de-ribeirao-tera-teste-de-trafego-nesta-semana-veja-o-trecho","status":"publish","type":"post","link":"https:\/\/noticiasribeiraopreto.com.br\/index.php\/2023\/11\/27\/acesso-a-regiao-da-zona-sul-de-ribeirao-tera-teste-de-trafego-nesta-semana-veja-o-trecho\/","title":{"rendered":"Acesso \u00e0 regi\u00e3o da zona Sul de Ribeir\u00e3o ter\u00e1 teste de tr\u00e1fego nesta semana; Veja trecho"},"content":{"rendered":"<div class='code-block code-block-1' style='margin: 8px 0 8px auto; text-align: right; display: block; clear: both;'>\n<p><a href=\"https:\/\/wa.link\/vpicfd\"><img data-recalc-dims=\"1\" class=\"wp-image-4922\" style=\"aspect-ratio: 2.0253164556962027; width: 561px; height: auto;\" src=\"https:\/\/i0.wp.com\/ismaelcolosi.com.br\/wp-content\/uploads\/2023\/11\/grupo-de-empregos-whatsapp-e-facebook-ismael-colosi-vagas.jpg?ssl=1\" alt=\"\" \/><\/a><\/p>\n<!-- \/wp:image -->\n<\/div>\n<p> <br \/>\n<\/p>\n<div>\n<p>Os motoristas que acessam e saem do Condom\u00ednio Guapor\u00e9, na avenida Her\u00e1clito Fontoura Sobral Pinto, pr\u00f3ximo ao <strong>Anel Vi\u00e1rio Sul de Ribeir\u00e3o Preto<\/strong>, devem ficar atentos entre <strong>ter\u00e7a (28) e quinta-feira (30)<\/strong>, devido a um projeto piloto para <strong>dar mais fluidez ao tr\u00e1fego local<\/strong>.<\/p>\n<p>A opera\u00e7\u00e3o vi\u00e1ria que recebeu o nome<strong> \u2018Entre Bairros<\/strong>\u2019 vai acontecer nos tr\u00eas dias, <strong><mark style=\"background-color:#fcb900\" class=\"has-inline-color\">das 6h30 \u00e0s 8h30<\/mark><\/strong>, e \u00e9 uma a\u00e7\u00e3o entre a Entrevias Concession\u00e1ria de Rodovia, a Prefeitura de Ribeir\u00e3o Preto e a Pol\u00edcia Militar Rodovi\u00e1ria.<\/p>\n<p>O objetivo desta opera\u00e7\u00e3o \u00e9 observar como o tr\u00e1fego vai fluir, <strong>uma vez que regi\u00e3o cresceu e os bairros possuem apenas uma entrada e sa\u00edda na rodovia<\/strong>. <mark style=\"background-color:#fcb900\" class=\"has-inline-color\">Ap\u00f3s a avalia\u00e7\u00e3o, caso o seja positivo o resultado, medidas definitivas dever\u00e3o ser tomadas.<\/mark><\/p>\n<h4 class=\"wp-block-heading\"><strong>Como o teste ser\u00e1 realizado?<\/strong><\/h4>\n<ul>\n<li><strong>Mudan\u00e7as para o motorista que estiver no Anel Vi\u00e1rio Sul<\/strong><\/li>\n<\/ul>\n<p>O motorista que estiver no Anel Vi\u00e1rio Sul (SP-322), sentido Araraquara, ao acessar a al\u00e7a do dispositivo no km 311, <strong>n\u00e3o conseguir\u00e1 fazer o retorno para acessar o Jardim Bot\u00e2nico<\/strong>, a rotat\u00f3ria estar\u00e1 fechada.<\/p>\n<p>O condutor que acessar a al\u00e7a do dispositivo no km 311, ser\u00e1 direcionado a entrar pela avenida Her\u00e1clito Fontoura Sobral Pinto e <strong>seguir\u00e1 por cerca de 450 metros para ent\u00e3o fazer o retorno e voltar sentido Jardim Bot\u00e2nico<\/strong>.<\/p>\n<ul>\n<li><strong>Mudan\u00e7as para o motorista que sai do Guapor\u00e9<\/strong><\/li>\n<\/ul>\n<p>Outra mudan\u00e7a ser\u00e1 para quem sai do Guapor\u00e9 para o Anel Vi\u00e1rio Sul, sentido Araraquara. A al\u00e7a de sa\u00edda tamb\u00e9m estar\u00e1 fechada.<\/p>\n<p>O condutor ter\u00e1 que seguir sentido Jardim Bot\u00e2nico ou ent\u00e3o retornar na SP-322,<strong> sentido Sert\u00e3ozinho.<\/strong><\/p>\n<blockquote class=\"wp-block-quote\">\n<p>\u201cA opera\u00e7\u00e3o estar\u00e1 devidamente sinalizada sobre os desvios necess\u00e1rios. Al\u00e9m disso, uma equipe t\u00e9cnica estar\u00e1 em monitoramento ao andamento dos servi\u00e7os a fim de garantir a seguran\u00e7a necess\u00e1ria aos condutores e pedestres na regi\u00e3o\u201d, disse a prefeitura.<\/p>\n<\/blockquote>\n<p>A <strong>RP Mobi<\/strong> pede que a aten\u00e7\u00e3o seja redobrada e que a velocidade pelo local seja reduzida a fim de se evitar acidentes.<\/p>\n<p>VEJA TAMB\u00c9M<\/p>\n<p>Promessa antiga: AME de Ribeir\u00e3o Preto come\u00e7a a atender pacientes<\/p>\n<h4 class=\"wp-block-heading\"><strong><mark style=\"background-color:#fcb900\" class=\"has-inline-color\">FIQUE ON<\/mark><\/strong><\/h4>\n<p>Fique ligado em tudo que acontece em Ribeir\u00e3o Preto e regi\u00e3o. Siga os perfis do\u00a0<strong>acidade on<\/strong>\u00a0no\u00a0<a href=\"https:\/\/www.instagram.com\/acidadeonribeirao\" target=\"_blank\" rel=\"noreferrer noopener\">Instagram\u00a0<\/a>e no<a href=\"https:\/\/www.facebook.com\/acidadeonribeirao\" target=\"_blank\" rel=\"noreferrer noopener\">\u00a0Facebook.<\/a><\/p>\n<p>Receba not\u00edcias do\u00a0<strong>acidade on\u00a0<\/strong>no WhatsApp.\u00a0<a href=\"https:\/\/chat.whatsapp.com\/Bnv2w66ZT4VDyZW3oiZ69n\" target=\"_blank\" rel=\"noreferrer noopener\">Para entrar no grupo, basta clicar aqui.<\/a><\/p>\n<p>Fa\u00e7a uma den\u00fancia ou sugira uma reportagem sobre Ribeir\u00e3o Preto e regi\u00e3o pelo WhatsApp:\u00a0<strong>(16) 99117 7802.<\/strong><\/p>\n<p>LEIA MAIS<\/p>\n<p><a href=\"https:\/\/www.tudoep.com\/tudo-noticias\/NOT,0,0,1868273,vape-vai-ser-liberado-anvisa-convoca-nova-reuniao-sobre-cigarros-eletronicos.aspx\" target=\"_blank\" rel=\"noreferrer noopener\">Vape vai ser liberado? Anvisa convoca nova reuni\u00e3o sobre cigarros eletr\u00f4nicos<\/a><\/p>\n<p><!-- AI CONTENT END 1 -->\n<\/div>\n<p><script async src=\"\/\/www.instagram.com\/embed.js\"><\/script><br \/>\n<br \/><br \/>\n<br \/><a href=\"https:\/\/www.acidadeon.com\/ribeiraopreto\/cotidiano\/acesso-a-regiao-da-zona-sul-de-ribeirao-tera-teste-de-trafego-nesta-semana-veja-o-trecho\/\">Source link <\/a><\/p>\n<!-- CONTENT END 1 -->\n","protected":false},"excerpt":{"rendered":"<p>Os motoristas que acessam e saem do Condom\u00ednio Guapor\u00e9, na avenida Her\u00e1clito Fontoura Sobral Pinto, pr\u00f3ximo ao Anel Vi\u00e1rio Sul de Ribeir\u00e3o Preto, devem ficar&#8230;<\/p>\n","protected":false},"author":1,"featured_media":7486,"comment_status":"open","ping_status":"open","sticky":false,"template":"","format":"standard","meta":{"advanced_seo_description":"","jetpack_seo_html_title":"","jetpack_seo_noindex":false,"jetpack_post_was_ever_published":false,"_jetpack_newsletter_access":"","_jetpack_dont_email_post_to_subs":false,"_jetpack_newsletter_tier_id":0,"_jetpack_memberships_contains_paywalled_content":false,"_jetpack_memberships_contains_paid_content":false,"footnotes":"","jetpack_publicize_message":"","jetpack_publicize_feature_enabled":true,"jetpack_social_post_already_shared":true,"jetpack_social_options":{"image_generator_settings":{"template":"highway","default_image_id":0,"font":"","enabled":false},"version":2}},"categories":[11],"tags":[318,207,277,26,126,420,679,932,701,933,48,340],"class_list":["post-7485","post","type-post","status-publish","format-standard","has-post-thumbnail","hentry","category-noticias-de-ribeirao-preto-sp-e-regiao-ismael-colosi","tag-acesso","tag-nesta","tag-regiao","tag-ribeirao","tag-semana","tag-sul","tag-tera","tag-teste","tag-trafego","tag-trecho","tag-veja","tag-zona"],"jetpack_publicize_connections":[],"jetpack_featured_media_url":"https:\/\/i0.wp.com\/noticiasribeiraopreto.com.br\/wp-content\/uploads\/2023\/11\/1701176147_opercacao_entrebairros_.jpg?fit=1117%2C625&ssl=1","jetpack-related-posts":[{"id":7236,"url":"https:\/\/noticiasribeiraopreto.com.br\/index.php\/2023\/11\/27\/acesso-a-regiao-da-zona-sul-de-ribeirao-tera-teste-de-trafego-nesta-semana-veja-o-trecho-e-desvios\/","url_meta":{"origin":7485,"position":0},"title":"Acesso \u00e0 regi\u00e3o da zona Sul de Ribeir\u00e3o ter\u00e1 teste de tr\u00e1fego nesta semana; Veja trecho e desvios","author":"noticiasribeiraopreto.com.br","date":"27 de November de 2023","format":false,"excerpt":"Os motoristas que acessam e saem do Condom\u00ednio Guapor\u00e9, na avenida Her\u00e1clito Fontoura Sobral Pinto, pr\u00f3ximo ao Anel Vi\u00e1rio Sul de Ribeir\u00e3o Preto, devem ficar atentos entre ter\u00e7a (28) e quinta-feira (30), devido a um projeto piloto para dar mais fluidez ao tr\u00e1fego local. A opera\u00e7\u00e3o vi\u00e1ria que recebeu o\u2026","rel":"","context":"In &quot;Not\u00edcias de Ribeir\u00e3o Preto-SP e Regi\u00e3o&quot;","block_context":{"text":"Not\u00edcias de Ribeir\u00e3o Preto-SP e Regi\u00e3o","link":"https:\/\/noticiasribeiraopreto.com.br\/index.php\/category\/noticias-de-ribeirao-preto-sp-e-regiao-ismael-colosi\/"},"img":{"alt_text":"","src":"https:\/\/i0.wp.com\/noticiasribeiraopreto.com.br\/wp-content\/uploads\/2023\/11\/opercacao_entrebairros_.jpg?fit=1117%2C625&ssl=1&resize=350%2C200","width":350,"height":200,"srcset":"https:\/\/i0.wp.com\/noticiasribeiraopreto.com.br\/wp-content\/uploads\/2023\/11\/opercacao_entrebairros_.jpg?fit=1117%2C625&ssl=1&resize=350%2C200 1x, https:\/\/i0.wp.com\/noticiasribeiraopreto.com.br\/wp-content\/uploads\/2023\/11\/opercacao_entrebairros_.jpg?fit=1117%2C625&ssl=1&resize=525%2C300 1.5x, https:\/\/i0.wp.com\/noticiasribeiraopreto.com.br\/wp-content\/uploads\/2023\/11\/opercacao_entrebairros_.jpg?fit=1117%2C625&ssl=1&resize=700%2C400 2x, https:\/\/i0.wp.com\/noticiasribeiraopreto.com.br\/wp-content\/uploads\/2023\/11\/opercacao_entrebairros_.jpg?fit=1117%2C625&ssl=1&resize=1050%2C600 3x"},"classes":[]},{"id":6105,"url":"https:\/\/noticiasribeiraopreto.com.br\/index.php\/2023\/11\/24\/regiao-da-heraclito-fontoura-tera-plano-piloto-para-fluir-trafego\/","url_meta":{"origin":7485,"position":1},"title":"Regi\u00e3o da Her\u00e1clito Fontoura ter\u00e1 plano piloto para fluir tr\u00e1fego","author":"noticiasribeiraopreto.com.br","date":"24 de November de 2023","format":false,"excerpt":"Em hor\u00e1rios de pico, motoristas chegam a levar mais de meia hora para transpor a al\u00e7a de acesso que ligam os condom\u00ednios da regi\u00e3o do Guapor\u00e9 ao Jardim Bot\u00e2nico 24 de novembro de 2023 | 16:41 2A Entrevias Concession\u00e1ria de Rodovias, em parceria com a Prefeitura Municipal e a Pol\u00edcia\u2026","rel":"","context":"In &quot;Not\u00edcias de Ribeir\u00e3o Preto-SP e Regi\u00e3o&quot;","block_context":{"text":"Not\u00edcias de Ribeir\u00e3o Preto-SP e Regi\u00e3o","link":"https:\/\/noticiasribeiraopreto.com.br\/index.php\/category\/noticias-de-ribeirao-preto-sp-e-regiao-ismael-colosi\/"},"img":{"alt_text":"","src":"https:\/\/i0.wp.com\/noticiasribeiraopreto.com.br\/wp-content\/uploads\/2023\/11\/00-24-nov-2023-congestionamento-guapore-foto-entrevias.jpg?fit=510%2C287&ssl=1&resize=350%2C200","width":350,"height":200},"classes":[]},{"id":77947,"url":"https:\/\/noticiasribeiraopreto.com.br\/index.php\/2025\/09\/29\/rodovia-tera-interdicao-para-obra-em-ribeirao-preto-veja-onde-sera\/","url_meta":{"origin":7485,"position":2},"title":"Rodovia ter\u00e1 interdi\u00e7\u00e3o para obra em Ribeir\u00e3o Preto; Veja onde ser\u00e1","author":"noticiasribeiraopreto.com.br","date":"29 de September de 2025","format":false,"excerpt":"A rodovia Jos\u00e9 Fregonezi (SP-328) ser\u00e1 parcialmente interditada para obra no pr\u00f3ximo s\u00e1bado (4), em Bonfim Paulista, distrito na zona Sul de Ribeir\u00e3o Preto. Segundo a concession\u00e1ria Arteris ViaPaulista, a interdi\u00e7\u00e3o ocorrer\u00e1 devido a um reparo no asfalto da al\u00e7a da rotat\u00f3ria localizada no km 306 da rodovia \u2013 dispositivo\u2026","rel":"","context":"In &quot;Not\u00edcias de Ribeir\u00e3o Preto-SP e Regi\u00e3o&quot;","block_context":{"text":"Not\u00edcias de Ribeir\u00e3o Preto-SP e Regi\u00e3o","link":"https:\/\/noticiasribeiraopreto.com.br\/index.php\/category\/noticias-de-ribeirao-preto-sp-e-regiao-ismael-colosi\/"},"img":{"alt_text":"","src":"https:\/\/i0.wp.com\/noticiasribeiraopreto.com.br\/wp-content\/uploads\/2025\/09\/INTERDICAO_2025-09-29_13-01-16.webp.webp?fit=1200%2C699&ssl=1&resize=350%2C200","width":350,"height":200,"srcset":"https:\/\/i0.wp.com\/noticiasribeiraopreto.com.br\/wp-content\/uploads\/2025\/09\/INTERDICAO_2025-09-29_13-01-16.webp.webp?fit=1200%2C699&ssl=1&resize=350%2C200 1x, https:\/\/i0.wp.com\/noticiasribeiraopreto.com.br\/wp-content\/uploads\/2025\/09\/INTERDICAO_2025-09-29_13-01-16.webp.webp?fit=1200%2C699&ssl=1&resize=525%2C300 1.5x, https:\/\/i0.wp.com\/noticiasribeiraopreto.com.br\/wp-content\/uploads\/2025\/09\/INTERDICAO_2025-09-29_13-01-16.webp.webp?fit=1200%2C699&ssl=1&resize=700%2C400 2x, https:\/\/i0.wp.com\/noticiasribeiraopreto.com.br\/wp-content\/uploads\/2025\/09\/INTERDICAO_2025-09-29_13-01-16.webp.webp?fit=1200%2C699&ssl=1&resize=1050%2C600 3x"},"classes":[]},{"id":84487,"url":"https:\/\/noticiasribeiraopreto.com.br\/index.php\/2026\/04\/10\/anhanguera-tera-interdicao-para-obras-aos-fins-de-semana-em-ribeirao-preto\/","url_meta":{"origin":7485,"position":3},"title":"Anhanguera ter\u00e1 interdi\u00e7\u00e3o para obras aos fins de semana em Ribeir\u00e3o Preto","author":"noticiasribeiraopreto.com.br","date":"10 de April de 2026","format":false,"excerpt":"Ler o resumo da not\u00edcia A rodovia Anhanguera (SP-330) ter\u00e1 interdi\u00e7\u00f5es parciais aos fins de semana em Ribeir\u00e3o Preto para obras de recupera\u00e7\u00e3o do pavimento. A concession\u00e1ria Arteris ViaPaulista realizar\u00e1 os trabalhos das 7h \u00e0s 17h, com uma faixa bloqueada e outra liberada em cada sentido. Neste s\u00e1bado (11), interdi\u00e7\u00f5es\u2026","rel":"","context":"In &quot;Not\u00edcias de Ribeir\u00e3o Preto-SP e Regi\u00e3o&quot;","block_context":{"text":"Not\u00edcias de Ribeir\u00e3o Preto-SP e Regi\u00e3o","link":"https:\/\/noticiasribeiraopreto.com.br\/index.php\/category\/noticias-de-ribeirao-preto-sp-e-regiao-ismael-colosi\/"},"img":{"alt_text":"","src":"https:\/\/i0.wp.com\/noticiasribeiraopreto.com.br\/wp-content\/uploads\/2026\/04\/obras_2026-04-10_14-17-41.webp.webp?fit=1200%2C729&ssl=1&resize=350%2C200","width":350,"height":200,"srcset":"https:\/\/i0.wp.com\/noticiasribeiraopreto.com.br\/wp-content\/uploads\/2026\/04\/obras_2026-04-10_14-17-41.webp.webp?fit=1200%2C729&ssl=1&resize=350%2C200 1x, https:\/\/i0.wp.com\/noticiasribeiraopreto.com.br\/wp-content\/uploads\/2026\/04\/obras_2026-04-10_14-17-41.webp.webp?fit=1200%2C729&ssl=1&resize=525%2C300 1.5x, https:\/\/i0.wp.com\/noticiasribeiraopreto.com.br\/wp-content\/uploads\/2026\/04\/obras_2026-04-10_14-17-41.webp.webp?fit=1200%2C729&ssl=1&resize=700%2C400 2x, https:\/\/i0.wp.com\/noticiasribeiraopreto.com.br\/wp-content\/uploads\/2026\/04\/obras_2026-04-10_14-17-41.webp.webp?fit=1200%2C729&ssl=1&resize=1050%2C600 3x"},"classes":[]},{"id":64939,"url":"https:\/\/noticiasribeiraopreto.com.br\/index.php\/2025\/03\/13\/trecho-do-anel-viario-sul-de-ribeirao-sera-interditado-para-implantacao-de-sinalizacao-veja-quando\/","url_meta":{"origin":7485,"position":4},"title":"Trecho do Anel Vi\u00e1rio Sul de Ribeir\u00e3o ser\u00e1 interditado para implanta\u00e7\u00e3o de sinaliza\u00e7\u00e3o; Veja quando","author":"noticiasribeiraopreto.com.br","date":"13 de March de 2025","format":false,"excerpt":"A rodovia Prefeito Ant\u00f4nio Duarte Nogueira (SP-322), Anel Vi\u00e1rio Sul de Ribeir\u00e3o Preto, ser\u00e1 interditada neste s\u00e1bado (15), para a instala\u00e7\u00e3o de dois novos semip\u00f3rticos com placas semaf\u00f3ricas piscantes. Os novos semip\u00f3rticos ser\u00e3o instalados entre os dispositivos de acesso das avenidas Prof. Jo\u00e3o Fi\u00fasa e Her\u00e1clito Fontoura Sobral Pinto, nos\u2026","rel":"","context":"In &quot;Not\u00edcias de Ribeir\u00e3o Preto-SP e Regi\u00e3o&quot;","block_context":{"text":"Not\u00edcias de Ribeir\u00e3o Preto-SP e Regi\u00e3o","link":"https:\/\/noticiasribeiraopreto.com.br\/index.php\/category\/noticias-de-ribeirao-preto-sp-e-regiao-ismael-colosi\/"},"img":{"alt_text":"","src":"https:\/\/i0.wp.com\/noticiasribeiraopreto.com.br\/wp-content\/uploads\/2025\/03\/AnyConv.com__anel-viario-sul_2024-07-03_13-31-20.webp.webp?fit=1200%2C675&ssl=1&resize=350%2C200","width":350,"height":200,"srcset":"https:\/\/i0.wp.com\/noticiasribeiraopreto.com.br\/wp-content\/uploads\/2025\/03\/AnyConv.com__anel-viario-sul_2024-07-03_13-31-20.webp.webp?fit=1200%2C675&ssl=1&resize=350%2C200 1x, https:\/\/i0.wp.com\/noticiasribeiraopreto.com.br\/wp-content\/uploads\/2025\/03\/AnyConv.com__anel-viario-sul_2024-07-03_13-31-20.webp.webp?fit=1200%2C675&ssl=1&resize=525%2C300 1.5x, https:\/\/i0.wp.com\/noticiasribeiraopreto.com.br\/wp-content\/uploads\/2025\/03\/AnyConv.com__anel-viario-sul_2024-07-03_13-31-20.webp.webp?fit=1200%2C675&ssl=1&resize=700%2C400 2x, https:\/\/i0.wp.com\/noticiasribeiraopreto.com.br\/wp-content\/uploads\/2025\/03\/AnyConv.com__anel-viario-sul_2024-07-03_13-31-20.webp.webp?fit=1200%2C675&ssl=1&resize=1050%2C600 3x"},"classes":[]},{"id":67790,"url":"https:\/\/noticiasribeiraopreto.com.br\/index.php\/2025\/04\/18\/prefeitura-de-ribeirao-preto-estuda-mudancas-viarias-na-zona-sul-entenda\/","url_meta":{"origin":7485,"position":5},"title":"Prefeitura de Ribeir\u00e3o Preto estuda mudan\u00e7as vi\u00e1rias na zona Sul; Entenda","author":"noticiasribeiraopreto.com.br","date":"18 de April de 2025","format":false,"excerpt":"A Prefeitura de Ribeir\u00e3o Preto estuda um projeto vi\u00e1rio que prev\u00ea tr\u00eas principais altera\u00e7\u00f5es no sistema de tr\u00e1fego da zona Sul de Ribeir\u00e3o Preto. O objetivo \u00e9 interligar as principais avenidas da regi\u00e3o, facilitar o acesso a Bonfim Paulista e aliviar o tr\u00e2nsito na avenida Braz Olaia Acosta e no\u2026","rel":"","context":"In &quot;Not\u00edcias de Ribeir\u00e3o Preto-SP e Regi\u00e3o&quot;","block_context":{"text":"Not\u00edcias de Ribeir\u00e3o Preto-SP e Regi\u00e3o","link":"https:\/\/noticiasribeiraopreto.com.br\/index.php\/category\/noticias-de-ribeirao-preto-sp-e-regiao-ismael-colosi\/"},"img":{"alt_text":"","src":"https:\/\/i0.wp.com\/noticiasribeiraopreto.com.br\/wp-content\/uploads\/2025\/04\/anel_viario_1200x675_22042022092948.jpg?fit=1200%2C675&ssl=1&resize=350%2C200","width":350,"height":200,"srcset":"https:\/\/i0.wp.com\/noticiasribeiraopreto.com.br\/wp-content\/uploads\/2025\/04\/anel_viario_1200x675_22042022092948.jpg?fit=1200%2C675&ssl=1&resize=350%2C200 1x, https:\/\/i0.wp.com\/noticiasribeiraopreto.com.br\/wp-content\/uploads\/2025\/04\/anel_viario_1200x675_22042022092948.jpg?fit=1200%2C675&ssl=1&resize=525%2C300 1.5x, https:\/\/i0.wp.com\/noticiasribeiraopreto.com.br\/wp-content\/uploads\/2025\/04\/anel_viario_1200x675_22042022092948.jpg?fit=1200%2C675&ssl=1&resize=700%2C400 2x, https:\/\/i0.wp.com\/noticiasribeiraopreto.com.br\/wp-content\/uploads\/2025\/04\/anel_viario_1200x675_22042022092948.jpg?fit=1200%2C675&ssl=1&resize=1050%2C600 3x"},"classes":[]}],"jetpack_sharing_enabled":true,"jetpack_shortlink":"https:\/\/wp.me\/peQAOb-1WJ","_links":{"self":[{"href":"https:\/\/noticiasribeiraopreto.com.br\/index.php\/wp-json\/wp\/v2\/posts\/7485","targetHints":{"allow":["GET"]}}],"collection":[{"href":"https:\/\/noticiasribeiraopreto.com.br\/index.php\/wp-json\/wp\/v2\/posts"}],"about":[{"href":"https:\/\/noticiasribeiraopreto.com.br\/index.php\/wp-json\/wp\/v2\/types\/post"}],"author":[{"embeddable":true,"href":"https:\/\/noticiasribeiraopreto.com.br\/index.php\/wp-json\/wp\/v2\/users\/1"}],"replies":[{"embeddable":true,"href":"https:\/\/noticiasribeiraopreto.com.br\/index.php\/wp-json\/wp\/v2\/comments?post=7485"}],"version-history":[{"count":0,"href":"https:\/\/noticiasribeiraopreto.com.br\/index.php\/wp-json\/wp\/v2\/posts\/7485\/revisions"}],"wp:featuredmedia":[{"embeddable":true,"href":"https:\/\/noticiasribeiraopreto.com.br\/index.php\/wp-json\/wp\/v2\/media\/7486"}],"wp:attachment":[{"href":"https:\/\/noticiasribeiraopreto.com.br\/index.php\/wp-json\/wp\/v2\/media?parent=7485"}],"wp:term":[{"taxonomy":"category","embeddable":true,"href":"https:\/\/noticiasribeiraopreto.com.br\/index.php\/wp-json\/wp\/v2\/categories?post=7485"},{"taxonomy":"post_tag","embeddable":true,"href":"https:\/\/noticiasribeiraopreto.com.br\/index.php\/wp-json\/wp\/v2\/tags?post=7485"}],"curies":[{"name":"wp","href":"https:\/\/api.w.org\/{rel}","templated":true}]}}