{"id":74889,"date":"2025-07-30T18:06:14","date_gmt":"2025-07-30T21:06:14","guid":{"rendered":"https:\/\/noticiasribeiraopreto.com.br\/index.php\/2025\/07\/30\/delegado-aposentado-de-ribeirao-preto-morre-em-acidente-no-interior-de-mg\/"},"modified":"2025-07-30T18:06:14","modified_gmt":"2025-07-30T21:06:14","slug":"delegado-aposentado-de-ribeirao-preto-morre-em-acidente-no-interior-de-mg","status":"publish","type":"post","link":"https:\/\/noticiasribeiraopreto.com.br\/index.php\/2025\/07\/30\/delegado-aposentado-de-ribeirao-preto-morre-em-acidente-no-interior-de-mg\/","title":{"rendered":"Delegado aposentado de Ribeir\u00e3o Preto morre em acidente no interior de MG"},"content":{"rendered":"<div class='code-block code-block-1' style='margin: 8px 0 8px auto; text-align: right; display: block; clear: both;'>\n<p><a href=\"https:\/\/wa.link\/vpicfd\"><img data-recalc-dims=\"1\" class=\"wp-image-4922\" style=\"aspect-ratio: 2.0253164556962027; width: 561px; height: auto;\" src=\"https:\/\/i0.wp.com\/ismaelcolosi.com.br\/wp-content\/uploads\/2023\/11\/grupo-de-empregos-whatsapp-e-facebook-ismael-colosi-vagas.jpg?ssl=1\" alt=\"\" \/><\/a><\/p>\n<!-- \/wp:image -->\n<\/div>\n<p> <br \/>\n<\/p>\n<div data-td-block-uid=\"tdi_95\">\n<div class=\"tdb-block-inner td-fix-index\">\n<p>O <mark style=\"background-color:#fcb900\" class=\"has-inline-color\"><strong>delegado<\/strong> aposentado de Ribeir\u00e3o Preto<\/mark> <strong>Carlos Henrique Ara\u00fajo Garcia<\/strong>, de 61 anos, morreu na manh\u00e3 desta quarta-feira (30) ap\u00f3s um acidente entre um carro e um caminh\u00e3o na MG-050, em Divin\u00f3polis, no interior de Minas Gerais.<\/p>\n<p>De acordo com uma amiga da familia, <strong>Garcia conduzia o carro<\/strong> e estava sozinho. Ele ficou preso \u00e0s ferragens e morreu no local. <strong>Ainda n\u00e3o h\u00e1 informa\u00e7\u00f5es sobre outras v\u00edtimas.<\/strong><\/p>\n<p>A Pol\u00edcia Militar Rodovi\u00e1ria ainda n\u00e3o divulgou as causas do acidente.<\/p>\n<h3 class=\"wp-block-heading\"><strong>Ex-delegado<\/strong><\/h3>\n<p><strong>Carlos Henrique Garcia atuou como delegado em Ribeir\u00e3o Preto e foi demitido do 4\u00ba Distrito Policial em 2015<\/strong>, ap\u00f3s ser condenado, em primeira inst\u00e2ncia, a <strong>oito anos de pris\u00e3o por extors\u00e3o mediante sequestro.<\/strong> A acusa\u00e7\u00e3o se referia a um caso de 2002, quando ele e um investigador teriam exigido dinheiro de um suspeito de estelionato durante dilig\u00eancias do 2\u00ba Distrito Policial.<\/p>\n<p>Segundo o Minist\u00e9rio P\u00fablico, houve amea\u00e7as, pris\u00f5es arbitr\u00e1rias e restri\u00e7\u00e3o de acesso ao advogado da v\u00edtima. Os valores exigidos variavam entre R$ 3 mil e R$ 5 mil.<\/p>\n<p>Em 2016, <strong>Carlos Garcia foi absolvido pelo Tribunal de Justi\u00e7a de S\u00e3o Paulo (TJ-SP)<\/strong>. Em 2019, o TJ condenou o Estado a indeniz\u00e1-lo pela demiss\u00e3o.<\/p>\n<hr class=\"wp-block-separator has-alpha-channel-opacity\"\/>\n<p>SAIBA MAIS<\/p>\n<p>Ribeir\u00e3o Preto recebe feira gratuita com food trucks, chope e m\u00fasica ao vivo<\/p>\n<h2 class=\"wp-block-heading\"><strong>FIQUE ON<\/strong><\/h2>\n<p>Quer ficar por dentro de tudo que acontece em Ribeir\u00e3o Preto e regi\u00e3o? Ent\u00e3o siga os perfis do\u202facidade on\u202fno\u202f<a href=\"https:\/\/www.instagram.com\/acidadeonribeirao\" target=\"_blank\" rel=\"noreferrer noopener\">Instagram<\/a>\u202fe no\u202f<a href=\"https:\/\/www.facebook.com\/acidadeonribeirao\/\" target=\"_blank\" rel=\"noreferrer noopener\">Facebook<\/a>.<\/p>\n<p>Al\u00e9m disso, voc\u00ea pode receber as principais not\u00edcias diretamente no WhatsApp. Para isso, basta\u00a0<a href=\"https:\/\/chat.whatsapp.com\/BjKQZ9oJwlz8VVT50NuePq\" target=\"_blank\" rel=\"noreferrer noopener\">entrar no grupo clicando aqui<\/a>.<\/p>\n<p>Por fim, se quiser fazer uma den\u00fancia ou sugerir uma reportagem sobre Ribeir\u00e3o Preto e regi\u00e3o, envie uma mensagem pelo WhatsApp: (16) 99117-7802.<\/p>\n<p>VEJA TAMB\u00c9M<\/p>\n<p>Qual o hor\u00e1rio em que celulares s\u00e3o mais furtados?<\/p>\n<p><!-- AI CONTENT END 1 -->\n<\/div>\n<\/div>\n<p><script async src=\"\/\/www.instagram.com\/embed.js\"><\/script><br \/>\n<br \/><br \/>\n<br \/><a href=\"https:\/\/www.acidadeon.com\/ribeiraopreto\/cotidiano\/delegado-aposentado-de-ribeirao-preto-morre-em-acidente-no-interior-de-mg\/\">Source link <\/a><\/p>\n<!-- CONTENT END 1 -->\n","protected":false},"excerpt":{"rendered":"<p>O delegado aposentado de Ribeir\u00e3o Preto Carlos Henrique Ara\u00fajo Garcia, de 61 anos, morreu na manh\u00e3 desta quarta-feira (30) ap\u00f3s um acidente entre um carro&#8230;<\/p>\n","protected":false},"author":1,"featured_media":74890,"comment_status":"open","ping_status":"open","sticky":false,"template":"","format":"standard","meta":{"advanced_seo_description":"","jetpack_seo_html_title":"","jetpack_seo_noindex":false,"jetpack_post_was_ever_published":false,"_jetpack_newsletter_access":"","_jetpack_dont_email_post_to_subs":false,"_jetpack_newsletter_tier_id":0,"_jetpack_memberships_contains_paywalled_content":false,"_jetpack_memberships_contains_paid_content":false,"footnotes":"","jetpack_publicize_message":"","jetpack_publicize_feature_enabled":true,"jetpack_social_post_already_shared":true,"jetpack_social_options":{"image_generator_settings":{"template":"highway","default_image_id":0,"font":"","enabled":false},"version":2}},"categories":[11],"tags":[],"class_list":["post-74889","post","type-post","status-publish","format-standard","has-post-thumbnail","hentry","category-noticias-de-ribeirao-preto-sp-e-regiao-ismael-colosi"],"jetpack_publicize_connections":[],"jetpack_featured_media_url":"https:\/\/i0.wp.com\/noticiasribeiraopreto.com.br\/wp-content\/uploads\/2025\/07\/Copia-de-Copia-de-Copia-de-TAMANHO-EXATO-PARA-FOTOS-NO-SISTEMA-NOVO-2025-07-30T161343.560_2025-07-30_19-18-34.webp.webp?fit=1200%2C675&ssl=1","jetpack-related-posts":[{"id":74897,"url":"https:\/\/noticiasribeiraopreto.com.br\/index.php\/2025\/07\/30\/delegado-aposentado-de-rp-morre-em-acidente-em-minas\/","url_meta":{"origin":74889,"position":0},"title":"Delegado aposentado de RP morre em acidente em Minas","author":"noticiasribeiraopreto.com.br","date":"30 de July de 2025","format":false,"excerpt":"30 de julho de 2025 19:372 Compartilhar0 O delegado da Pol\u00edcia Civil aposentado Carlos Henrique Ara\u00fajo Garcia, de 61 anos, que trabalhou por v\u00e1rios anos em Ribeir\u00e3o Preto (SP), morreu na manh\u00e3 desta quarta-feira (30) em um grave acidente na rodovia MG-050, em Divin\u00f3polis, no Centro-Oeste de Minas Gerais. Segundo\u2026","rel":"","context":"In &quot;Not\u00edcias de Ribeir\u00e3o Preto-SP e Regi\u00e3o&quot;","block_context":{"text":"Not\u00edcias de Ribeir\u00e3o Preto-SP e Regi\u00e3o","link":"https:\/\/noticiasribeiraopreto.com.br\/index.php\/category\/noticias-de-ribeirao-preto-sp-e-regiao-ismael-colosi\/"},"img":{"alt_text":"","src":"https:\/\/i0.wp.com\/noticiasribeiraopreto.com.br\/wp-content\/uploads\/2025\/07\/delegado_morte_reproducao-scaled.jpeg?fit=1200%2C675&ssl=1&resize=350%2C200","width":350,"height":200,"srcset":"https:\/\/i0.wp.com\/noticiasribeiraopreto.com.br\/wp-content\/uploads\/2025\/07\/delegado_morte_reproducao-scaled.jpeg?fit=1200%2C675&ssl=1&resize=350%2C200 1x, https:\/\/i0.wp.com\/noticiasribeiraopreto.com.br\/wp-content\/uploads\/2025\/07\/delegado_morte_reproducao-scaled.jpeg?fit=1200%2C675&ssl=1&resize=525%2C300 1.5x, https:\/\/i0.wp.com\/noticiasribeiraopreto.com.br\/wp-content\/uploads\/2025\/07\/delegado_morte_reproducao-scaled.jpeg?fit=1200%2C675&ssl=1&resize=700%2C400 2x, https:\/\/i0.wp.com\/noticiasribeiraopreto.com.br\/wp-content\/uploads\/2025\/07\/delegado_morte_reproducao-scaled.jpeg?fit=1200%2C675&ssl=1&resize=1050%2C600 3x"},"classes":[]},{"id":61833,"url":"https:\/\/noticiasribeiraopreto.com.br\/index.php\/2024\/12\/23\/carro-e-caminhao-pegam-fogo-apos-acidente-no-interior-de-sp-uma-pessoa-morreu\/","url_meta":{"origin":74889,"position":1},"title":"Carro e caminh\u00e3o pegam fogo ap\u00f3s acidente no interior de SP; uma pessoa morreu","author":"noticiasribeiraopreto.com.br","date":"23 de December de 2024","format":false,"excerpt":"Um grave acidente envolvendo um carro e um caminh\u00e3o foi registrado, na tarde desta segunda-feira (23), na pista que liga Nuporanga a S\u00e3o Jos\u00e9 da Bela Vista, no interior de S\u00e3o Paulo. Ap\u00f3s a colis\u00e3o, os dois ve\u00edculos pegaram fogo. De acordo com o Corpo de Bombeiros, at\u00e9 o momento\u2026","rel":"","context":"In &quot;Not\u00edcias de Ribeir\u00e3o Preto-SP e Regi\u00e3o&quot;","block_context":{"text":"Not\u00edcias de Ribeir\u00e3o Preto-SP e Regi\u00e3o","link":"https:\/\/noticiasribeiraopreto.com.br\/index.php\/category\/noticias-de-ribeirao-preto-sp-e-regiao-ismael-colosi\/"},"img":{"alt_text":"","src":"https:\/\/i0.wp.com\/noticiasribeiraopreto.com.br\/wp-content\/uploads\/2024\/12\/Copia-de-Copia-de-Copia-de-TAMANHO-EXATO-PARA-FOTOS-NO-SISTEMA-NOVO-2024-12-23T182727.325_2024-12-23_21-36-39_png_2024-12-23_21-36-39.webp.webp?fit=1200%2C675&ssl=1&resize=350%2C200","width":350,"height":200,"srcset":"https:\/\/i0.wp.com\/noticiasribeiraopreto.com.br\/wp-content\/uploads\/2024\/12\/Copia-de-Copia-de-Copia-de-TAMANHO-EXATO-PARA-FOTOS-NO-SISTEMA-NOVO-2024-12-23T182727.325_2024-12-23_21-36-39_png_2024-12-23_21-36-39.webp.webp?fit=1200%2C675&ssl=1&resize=350%2C200 1x, https:\/\/i0.wp.com\/noticiasribeiraopreto.com.br\/wp-content\/uploads\/2024\/12\/Copia-de-Copia-de-Copia-de-TAMANHO-EXATO-PARA-FOTOS-NO-SISTEMA-NOVO-2024-12-23T182727.325_2024-12-23_21-36-39_png_2024-12-23_21-36-39.webp.webp?fit=1200%2C675&ssl=1&resize=525%2C300 1.5x, https:\/\/i0.wp.com\/noticiasribeiraopreto.com.br\/wp-content\/uploads\/2024\/12\/Copia-de-Copia-de-Copia-de-TAMANHO-EXATO-PARA-FOTOS-NO-SISTEMA-NOVO-2024-12-23T182727.325_2024-12-23_21-36-39_png_2024-12-23_21-36-39.webp.webp?fit=1200%2C675&ssl=1&resize=700%2C400 2x, https:\/\/i0.wp.com\/noticiasribeiraopreto.com.br\/wp-content\/uploads\/2024\/12\/Copia-de-Copia-de-Copia-de-TAMANHO-EXATO-PARA-FOTOS-NO-SISTEMA-NOVO-2024-12-23T182727.325_2024-12-23_21-36-39_png_2024-12-23_21-36-39.webp.webp?fit=1200%2C675&ssl=1&resize=1050%2C600 3x"},"classes":[]},{"id":52640,"url":"https:\/\/noticiasribeiraopreto.com.br\/index.php\/2024\/06\/10\/criminosos-atacam-carro-forte-com-explosivos-e-metralhadora-em-rodovia-no-interior-de-sp\/","url_meta":{"origin":74889,"position":2},"title":"Criminosos atacam carro-forte com explosivos e metralhadora em rodovia no interior de SP","author":"noticiasribeiraopreto.com.br","date":"10 de June de 2024","format":false,"excerpt":"Criminosos tentaram assaltar um carro-forte, na noite desta segunda-feira (10), na rodovia Engenheiro Thales de Lorena Peixoto Junior (SP-318), em um trecho que liga S\u00e3o Carlos a Ribeir\u00e3o Preto. De acordo com a apura\u00e7\u00e3o do portal acidade on S\u00e3o Carlos, a tentativa de assalto aconteceu pr\u00f3ximo ao ped\u00e1gio, no km\u2026","rel":"","context":"In &quot;Not\u00edcias de Ribeir\u00e3o Preto-SP e Regi\u00e3o&quot;","block_context":{"text":"Not\u00edcias de Ribeir\u00e3o Preto-SP e Regi\u00e3o","link":"https:\/\/noticiasribeiraopreto.com.br\/index.php\/category\/noticias-de-ribeirao-preto-sp-e-regiao-ismael-colosi\/"},"img":{"alt_text":"","src":"https:\/\/i0.wp.com\/noticiasribeiraopreto.com.br\/wp-content\/uploads\/2024\/06\/Copia-de-Copia-de-TAMANHO-EXATO-PARA-FOTOS-NO-SISTEMA-NOVO-74_2024-06-11_00-51-29_png_2024-06-11_00-51-29.webp.webp?fit=1200%2C675&ssl=1&resize=350%2C200","width":350,"height":200,"srcset":"https:\/\/i0.wp.com\/noticiasribeiraopreto.com.br\/wp-content\/uploads\/2024\/06\/Copia-de-Copia-de-TAMANHO-EXATO-PARA-FOTOS-NO-SISTEMA-NOVO-74_2024-06-11_00-51-29_png_2024-06-11_00-51-29.webp.webp?fit=1200%2C675&ssl=1&resize=350%2C200 1x, https:\/\/i0.wp.com\/noticiasribeiraopreto.com.br\/wp-content\/uploads\/2024\/06\/Copia-de-Copia-de-TAMANHO-EXATO-PARA-FOTOS-NO-SISTEMA-NOVO-74_2024-06-11_00-51-29_png_2024-06-11_00-51-29.webp.webp?fit=1200%2C675&ssl=1&resize=525%2C300 1.5x, https:\/\/i0.wp.com\/noticiasribeiraopreto.com.br\/wp-content\/uploads\/2024\/06\/Copia-de-Copia-de-TAMANHO-EXATO-PARA-FOTOS-NO-SISTEMA-NOVO-74_2024-06-11_00-51-29_png_2024-06-11_00-51-29.webp.webp?fit=1200%2C675&ssl=1&resize=700%2C400 2x, https:\/\/i0.wp.com\/noticiasribeiraopreto.com.br\/wp-content\/uploads\/2024\/06\/Copia-de-Copia-de-TAMANHO-EXATO-PARA-FOTOS-NO-SISTEMA-NOVO-74_2024-06-11_00-51-29_png_2024-06-11_00-51-29.webp.webp?fit=1200%2C675&ssl=1&resize=1050%2C600 3x"},"classes":[]},{"id":77673,"url":"https:\/\/noticiasribeiraopreto.com.br\/index.php\/2025\/09\/23\/homem-morre-apos-reagir-a-abordagem-do-baep-em-ribeirao-diz-delegado\/","url_meta":{"origin":74889,"position":3},"title":"Homem morre ap\u00f3s reagir a abordagem do BAEP em Ribeir\u00e3o, diz delegado","author":"noticiasribeiraopreto.com.br","date":"23 de September de 2025","format":false,"excerpt":"Um homem de 58 anos morreu ap\u00f3s ser baleado por agentes do BAEP (Batalh\u00e3o de A\u00e7\u00f5es Especiais de Pol\u00edcia), durante uma abordagem no Jardim Heitor Rigon, zona Norte de Ribeir\u00e3o Preto, na tarde desta ter\u00e7a-feira (23). De acordo com as informa\u00e7\u00f5es, o suspeito teria reagido a uma abordagem do BAEP\u2026","rel":"","context":"In &quot;Not\u00edcias de Ribeir\u00e3o Preto-SP e Regi\u00e3o&quot;","block_context":{"text":"Not\u00edcias de Ribeir\u00e3o Preto-SP e Regi\u00e3o","link":"https:\/\/noticiasribeiraopreto.com.br\/index.php\/category\/noticias-de-ribeirao-preto-sp-e-regiao-ismael-colosi\/"},"img":{"alt_text":"","src":"https:\/\/i0.wp.com\/noticiasribeiraopreto.com.br\/wp-content\/uploads\/2025\/09\/Copia-de-Copia-de-Copia-de-TAMANHO-EXATO-PARA-FOTOS-NO-SISTEMA-NOVO-2025-09-23T182916.226_2025-09-23_21-30-45.webp.webp?fit=1200%2C675&ssl=1&resize=350%2C200","width":350,"height":200,"srcset":"https:\/\/i0.wp.com\/noticiasribeiraopreto.com.br\/wp-content\/uploads\/2025\/09\/Copia-de-Copia-de-Copia-de-TAMANHO-EXATO-PARA-FOTOS-NO-SISTEMA-NOVO-2025-09-23T182916.226_2025-09-23_21-30-45.webp.webp?fit=1200%2C675&ssl=1&resize=350%2C200 1x, https:\/\/i0.wp.com\/noticiasribeiraopreto.com.br\/wp-content\/uploads\/2025\/09\/Copia-de-Copia-de-Copia-de-TAMANHO-EXATO-PARA-FOTOS-NO-SISTEMA-NOVO-2025-09-23T182916.226_2025-09-23_21-30-45.webp.webp?fit=1200%2C675&ssl=1&resize=525%2C300 1.5x, https:\/\/i0.wp.com\/noticiasribeiraopreto.com.br\/wp-content\/uploads\/2025\/09\/Copia-de-Copia-de-Copia-de-TAMANHO-EXATO-PARA-FOTOS-NO-SISTEMA-NOVO-2025-09-23T182916.226_2025-09-23_21-30-45.webp.webp?fit=1200%2C675&ssl=1&resize=700%2C400 2x, https:\/\/i0.wp.com\/noticiasribeiraopreto.com.br\/wp-content\/uploads\/2025\/09\/Copia-de-Copia-de-Copia-de-TAMANHO-EXATO-PARA-FOTOS-NO-SISTEMA-NOVO-2025-09-23T182916.226_2025-09-23_21-30-45.webp.webp?fit=1200%2C675&ssl=1&resize=1050%2C600 3x"},"classes":[]},{"id":63027,"url":"https:\/\/noticiasribeiraopreto.com.br\/index.php\/2025\/01\/31\/seguranca-morre-em-acidente-de-moto-enquanto-perseguia-ladroes-em-ribeirao-preto\/","url_meta":{"origin":74889,"position":4},"title":"Seguran\u00e7a morre em acidente de moto enquanto perseguia ladr\u00f5es em Ribeir\u00e3o Preto","author":"noticiasribeiraopreto.com.br","date":"31 de January de 2025","format":false,"excerpt":"Um seguran\u00e7a de 48 anos morreu na noite da \u00faltima quinta-feira (30) na avenida Thomaz Alberto Whately, na Vila Brasil, zona Norte de Ribeir\u00e3o Preto. A v\u00edtima teve o carro roubado e morreu em um acidente de moto enquanto perseguia os ladr\u00f5es. De acordo com apura\u00e7\u00e3o da EPTV, Celso Henrique\u2026","rel":"","context":"In &quot;Not\u00edcias de Ribeir\u00e3o Preto-SP e Regi\u00e3o&quot;","block_context":{"text":"Not\u00edcias de Ribeir\u00e3o Preto-SP e Regi\u00e3o","link":"https:\/\/noticiasribeiraopreto.com.br\/index.php\/category\/noticias-de-ribeirao-preto-sp-e-regiao-ismael-colosi\/"},"img":{"alt_text":"","src":"https:\/\/i0.wp.com\/noticiasribeiraopreto.com.br\/wp-content\/uploads\/2025\/01\/celso-henrique_2025-01-31_15-14-52_jpg_2025-01-31_15-14-52.webp.webp?fit=848%2C563&ssl=1&resize=350%2C200","width":350,"height":200,"srcset":"https:\/\/i0.wp.com\/noticiasribeiraopreto.com.br\/wp-content\/uploads\/2025\/01\/celso-henrique_2025-01-31_15-14-52_jpg_2025-01-31_15-14-52.webp.webp?fit=848%2C563&ssl=1&resize=350%2C200 1x, https:\/\/i0.wp.com\/noticiasribeiraopreto.com.br\/wp-content\/uploads\/2025\/01\/celso-henrique_2025-01-31_15-14-52_jpg_2025-01-31_15-14-52.webp.webp?fit=848%2C563&ssl=1&resize=525%2C300 1.5x, https:\/\/i0.wp.com\/noticiasribeiraopreto.com.br\/wp-content\/uploads\/2025\/01\/celso-henrique_2025-01-31_15-14-52_jpg_2025-01-31_15-14-52.webp.webp?fit=848%2C563&ssl=1&resize=700%2C400 2x"},"classes":[]},{"id":58293,"url":"https:\/\/noticiasribeiraopreto.com.br\/index.php\/2024\/09\/24\/jovem-morre-em-acidente-de-moto-na-regiao-de-ribeirao-preto\/","url_meta":{"origin":74889,"position":5},"title":"Jovem morre em acidente de moto na regi\u00e3o de Ribeir\u00e3o Preto","author":"noticiasribeiraopreto.com.br","date":"24 de September de 2024","format":false,"excerpt":"Um motociclista de 22 anos morreu na noite desta segunda-feira (23), ap\u00f3s se envolver em um acidente na rodovia C\u00e2ndido Portinari (SP-334), em Franca. Segundo informa\u00e7\u00f5es, Paulo Henrique de Souza Santos bateu na traseira de um caminh\u00e3o e caiu na pista. Em seguida, um carro que vinha atr\u00e1s o atropelou.\u2026","rel":"","context":"In &quot;Not\u00edcias de Ribeir\u00e3o Preto-SP e Regi\u00e3o&quot;","block_context":{"text":"Not\u00edcias de Ribeir\u00e3o Preto-SP e Regi\u00e3o","link":"https:\/\/noticiasribeiraopreto.com.br\/index.php\/category\/noticias-de-ribeirao-preto-sp-e-regiao-ismael-colosi\/"},"img":{"alt_text":"","src":"https:\/\/i0.wp.com\/noticiasribeiraopreto.com.br\/wp-content\/uploads\/2024\/09\/vitima_2024-09-24_10-54-04_jpg_2024-09-24_10-54-05.webp.webp?fit=1200%2C874&ssl=1&resize=350%2C200","width":350,"height":200,"srcset":"https:\/\/i0.wp.com\/noticiasribeiraopreto.com.br\/wp-content\/uploads\/2024\/09\/vitima_2024-09-24_10-54-04_jpg_2024-09-24_10-54-05.webp.webp?fit=1200%2C874&ssl=1&resize=350%2C200 1x, https:\/\/i0.wp.com\/noticiasribeiraopreto.com.br\/wp-content\/uploads\/2024\/09\/vitima_2024-09-24_10-54-04_jpg_2024-09-24_10-54-05.webp.webp?fit=1200%2C874&ssl=1&resize=525%2C300 1.5x, https:\/\/i0.wp.com\/noticiasribeiraopreto.com.br\/wp-content\/uploads\/2024\/09\/vitima_2024-09-24_10-54-04_jpg_2024-09-24_10-54-05.webp.webp?fit=1200%2C874&ssl=1&resize=700%2C400 2x, https:\/\/i0.wp.com\/noticiasribeiraopreto.com.br\/wp-content\/uploads\/2024\/09\/vitima_2024-09-24_10-54-04_jpg_2024-09-24_10-54-05.webp.webp?fit=1200%2C874&ssl=1&resize=1050%2C600 3x"},"classes":[]}],"jetpack_sharing_enabled":true,"jetpack_shortlink":"https:\/\/wp.me\/peQAOb-jtT","_links":{"self":[{"href":"https:\/\/noticiasribeiraopreto.com.br\/index.php\/wp-json\/wp\/v2\/posts\/74889","targetHints":{"allow":["GET"]}}],"collection":[{"href":"https:\/\/noticiasribeiraopreto.com.br\/index.php\/wp-json\/wp\/v2\/posts"}],"about":[{"href":"https:\/\/noticiasribeiraopreto.com.br\/index.php\/wp-json\/wp\/v2\/types\/post"}],"author":[{"embeddable":true,"href":"https:\/\/noticiasribeiraopreto.com.br\/index.php\/wp-json\/wp\/v2\/users\/1"}],"replies":[{"embeddable":true,"href":"https:\/\/noticiasribeiraopreto.com.br\/index.php\/wp-json\/wp\/v2\/comments?post=74889"}],"version-history":[{"count":0,"href":"https:\/\/noticiasribeiraopreto.com.br\/index.php\/wp-json\/wp\/v2\/posts\/74889\/revisions"}],"wp:featuredmedia":[{"embeddable":true,"href":"https:\/\/noticiasribeiraopreto.com.br\/index.php\/wp-json\/wp\/v2\/media\/74890"}],"wp:attachment":[{"href":"https:\/\/noticiasribeiraopreto.com.br\/index.php\/wp-json\/wp\/v2\/media?parent=74889"}],"wp:term":[{"taxonomy":"category","embeddable":true,"href":"https:\/\/noticiasribeiraopreto.com.br\/index.php\/wp-json\/wp\/v2\/categories?post=74889"},{"taxonomy":"post_tag","embeddable":true,"href":"https:\/\/noticiasribeiraopreto.com.br\/index.php\/wp-json\/wp\/v2\/tags?post=74889"}],"curies":[{"name":"wp","href":"https:\/\/api.w.org\/{rel}","templated":true}]}}