{"id":74891,"date":"2025-07-30T18:13:12","date_gmt":"2025-07-30T21:13:12","guid":{"rendered":"https:\/\/noticiasribeiraopreto.com.br\/index.php\/2025\/07\/30\/entenda-por-que-o-jardim-japones-esta-fechado-em-ribeirao-preto\/"},"modified":"2025-07-30T18:13:12","modified_gmt":"2025-07-30T21:13:12","slug":"entenda-por-que-o-jardim-japones-esta-fechado-em-ribeirao-preto","status":"publish","type":"post","link":"https:\/\/noticiasribeiraopreto.com.br\/index.php\/2025\/07\/30\/entenda-por-que-o-jardim-japones-esta-fechado-em-ribeirao-preto\/","title":{"rendered":"Entenda por que o Jardim Japon\u00eas est\u00e1 fechado em Ribeir\u00e3o Preto"},"content":{"rendered":"<div class='code-block code-block-1' style='margin: 8px 0 8px auto; text-align: right; display: block; clear: both;'>\n<p><a href=\"https:\/\/wa.link\/vpicfd\"><img data-recalc-dims=\"1\" class=\"wp-image-4922\" style=\"aspect-ratio: 2.0253164556962027; width: 561px; height: auto;\" src=\"https:\/\/i0.wp.com\/ismaelcolosi.com.br\/wp-content\/uploads\/2023\/11\/grupo-de-empregos-whatsapp-e-facebook-ismael-colosi-vagas.jpg?ssl=1\" alt=\"\" \/><\/a><\/p>\n<!-- \/wp:image -->\n<\/div>\n<p> <br \/>\n<\/p>\n<div data-td-block-uid=\"tdi_95\">\n<div class=\"tdb-block-inner td-fix-index\">\n<p>O<strong> Jardim Japon\u00eas<\/strong>, localizado no<strong> Bosque F\u00e1bio Barreto<\/strong>, ficar\u00e1 fechado nesta quarta-feira (30) e na quinta-feira (31). Segundo a <strong>Prefeitura de Ribeir\u00e3o Preto<\/strong>, <mark style=\"background-color:#fcb900\" class=\"has-inline-color has-black-color\">o local est\u00e1 passando por manuten\u00e7\u00e3o<\/mark>.<\/p>\n<p>A medida \u00e9 necess\u00e1ria para a execu\u00e7\u00e3o de servi\u00e7os de conserva\u00e7\u00e3o do espa\u00e7o, visando \u00e0 seguran\u00e7a dos visitantes e \u00e0 preserva\u00e7\u00e3o do ambiente.<\/p>\n<h2 class=\"wp-block-heading\"><strong>Reabertura<\/strong><\/h2>\n<p>A reabertura do Jardim Japon\u00eas est\u00e1 prevista para sexta-feira (1\u00ba de agosto), seguindo o hor\u00e1rio normal de funcionamento do Bosque, das 9h \u00e0s 16h30.<\/p>\n<p>Durante o per\u00edodo de manuten\u00e7\u00e3o, as demais \u00e1reas do zool\u00f3gico permanecer\u00e3o abertas \u00e0 visita\u00e7\u00e3o.<\/p>\n<p>SAIBA MAIS<br \/><strong>Cachorro adotado por padre vira \u2018c\u00e3oroinha\u2019 e \u00e9 atra\u00e7\u00e3o em missas no interior de SP<\/strong><\/p>\n<h2 class=\"wp-block-heading\"><strong>FIQUE ON<\/strong><\/h2>\n<p>Fique ligado em tudo que acontece em Ribeir\u00e3o Preto e regi\u00e3o. Siga os perfis do\u00a0<strong>acidade on\u00a0<\/strong>no<a href=\"https:\/\/www.instagram.com\/acidadeonribeirao\" target=\"_blank\" rel=\"noreferrer noopener\">\u00a0Instagram<\/a>\u00a0e no\u00a0<a href=\"https:\/\/www.facebook.com\/acidadeonribeirao\/\" target=\"_blank\" rel=\"noreferrer noopener\">Facebook<\/a>.<\/p>\n<p>Receba not\u00edcias do\u00a0<strong>acidade on<\/strong>\u00a0no WhatsApp.\u00a0<a href=\"https:\/\/chat.whatsapp.com\/BjKQZ9oJwlz8VVT50NuePq\" target=\"_blank\" rel=\"noreferrer noopener\">Para entrar no grupo, basta clicar aqui.<\/a><\/p>\n<p>Fa\u00e7a uma den\u00fancia ou sugira uma reportagem sobre Ribeir\u00e3o Preto e regi\u00e3o pelo WhatsApp: 16 99117 7802.<\/p>\n<p>VEJA TAMB\u00c9M<br \/>Quando \u00e9 a chuva de meteoros Delta Aqu\u00e1ridas?<\/p>\n<p><!-- AI CONTENT END 1 -->\n<\/div>\n<\/div>\n<p><script async src=\"\/\/www.instagram.com\/embed.js\"><\/script><br \/>\n<br \/><br \/>\n<br \/><a href=\"https:\/\/www.acidadeon.com\/ribeiraopreto\/cotidiano\/entenda-por-que-o-jardim-japones-esta-fechado-em-ribeirao-preto\/\">Source link <\/a><\/p>\n<!-- CONTENT END 1 -->\n","protected":false},"excerpt":{"rendered":"<p>O Jardim Japon\u00eas, localizado no Bosque F\u00e1bio Barreto, ficar\u00e1 fechado nesta quarta-feira (30) e na quinta-feira (31). Segundo a Prefeitura de Ribeir\u00e3o Preto, o local&#8230;<\/p>\n","protected":false},"author":1,"featured_media":74892,"comment_status":"open","ping_status":"open","sticky":false,"template":"","format":"standard","meta":{"advanced_seo_description":"","jetpack_seo_html_title":"","jetpack_seo_noindex":false,"jetpack_post_was_ever_published":false,"_jetpack_newsletter_access":"","_jetpack_dont_email_post_to_subs":false,"_jetpack_newsletter_tier_id":0,"_jetpack_memberships_contains_paywalled_content":false,"_jetpack_memberships_contains_paid_content":false,"footnotes":"","jetpack_publicize_message":"","jetpack_publicize_feature_enabled":true,"jetpack_social_post_already_shared":true,"jetpack_social_options":{"image_generator_settings":{"template":"highway","default_image_id":0,"font":"","enabled":false},"version":2}},"categories":[11],"tags":[],"class_list":["post-74891","post","type-post","status-publish","format-standard","has-post-thumbnail","hentry","category-noticias-de-ribeirao-preto-sp-e-regiao-ismael-colosi"],"jetpack_publicize_connections":[],"jetpack_featured_media_url":"https:\/\/i0.wp.com\/noticiasribeiraopreto.com.br\/wp-content\/uploads\/2025\/07\/jardim-japones_2025-07-30_19-34-47.webp.webp?fit=1200%2C798&ssl=1","jetpack-related-posts":[{"id":53335,"url":"https:\/\/noticiasribeiraopreto.com.br\/index.php\/2024\/06\/19\/jardim-japones-do-bosque-de-ribeirao-preto-e-reaberto-ao-publico-veja-fotos\/","url_meta":{"origin":74891,"position":0},"title":"Jardim Japon\u00eas do bosque de Ribeir\u00e3o Preto \u00e9 reaberto ao p\u00fablico; Veja fotos","author":"noticiasribeiraopreto.com.br","date":"19 de June de 2024","format":false,"excerpt":"O Jardim Japon\u00eas do Bosque Zool\u00f3gico F\u00e1bio Barreto ser\u00e1 reaberto ao p\u00fablico nesta quarta-feira (19), dia em que Ribeir\u00e3o Preto comemora 168 anos. A visita\u00e7\u00e3o ao local pode ser feita das 9h \u00e0s 16h30. Considerado um dos pontos tur\u00edsticos da cidade, o local que estava fechado h\u00e1 mais de dois\u2026","rel":"","context":"In &quot;Not\u00edcias de Ribeir\u00e3o Preto-SP e Regi\u00e3o&quot;","block_context":{"text":"Not\u00edcias de Ribeir\u00e3o Preto-SP e Regi\u00e3o","link":"https:\/\/noticiasribeiraopreto.com.br\/index.php\/category\/noticias-de-ribeirao-preto-sp-e-regiao-ismael-colosi\/"},"img":{"alt_text":"","src":"https:\/\/i0.wp.com\/noticiasribeiraopreto.com.br\/wp-content\/uploads\/2024\/06\/Copia-de-Copia-de-TAMANHO-EXATO-PARA-FOTOS-NO-SISTEMA-NOVO-13_2024-06-18_21-12-45_jpg_2024-06-18_21-12-45.webp.webp?fit=1200%2C675&ssl=1&resize=350%2C200","width":350,"height":200,"srcset":"https:\/\/i0.wp.com\/noticiasribeiraopreto.com.br\/wp-content\/uploads\/2024\/06\/Copia-de-Copia-de-TAMANHO-EXATO-PARA-FOTOS-NO-SISTEMA-NOVO-13_2024-06-18_21-12-45_jpg_2024-06-18_21-12-45.webp.webp?fit=1200%2C675&ssl=1&resize=350%2C200 1x, https:\/\/i0.wp.com\/noticiasribeiraopreto.com.br\/wp-content\/uploads\/2024\/06\/Copia-de-Copia-de-TAMANHO-EXATO-PARA-FOTOS-NO-SISTEMA-NOVO-13_2024-06-18_21-12-45_jpg_2024-06-18_21-12-45.webp.webp?fit=1200%2C675&ssl=1&resize=525%2C300 1.5x, https:\/\/i0.wp.com\/noticiasribeiraopreto.com.br\/wp-content\/uploads\/2024\/06\/Copia-de-Copia-de-TAMANHO-EXATO-PARA-FOTOS-NO-SISTEMA-NOVO-13_2024-06-18_21-12-45_jpg_2024-06-18_21-12-45.webp.webp?fit=1200%2C675&ssl=1&resize=700%2C400 2x, https:\/\/i0.wp.com\/noticiasribeiraopreto.com.br\/wp-content\/uploads\/2024\/06\/Copia-de-Copia-de-TAMANHO-EXATO-PARA-FOTOS-NO-SISTEMA-NOVO-13_2024-06-18_21-12-45_jpg_2024-06-18_21-12-45.webp.webp?fit=1200%2C675&ssl=1&resize=1050%2C600 3x"},"classes":[]},{"id":64978,"url":"https:\/\/noticiasribeiraopreto.com.br\/index.php\/2025\/03\/14\/entenda-por-que-o-parque-raya-esta-fechado-nesta-sexta-feira\/","url_meta":{"origin":74891,"position":1},"title":"Entenda por que o Parque Raya est\u00e1 fechado nesta sexta-feira","author":"noticiasribeiraopreto.com.br","date":"14 de March de 2025","format":false,"excerpt":"O Parque Luiz Carlos Raya, localizado no Jardim Bot\u00e2nico, zona Sul de Ribeir\u00e3o Preto, estar\u00e1 fechado at\u00e9 as 17h desta sexta-feira (14) para realiza\u00e7\u00e3o de servi\u00e7os de manuten\u00e7\u00e3o e zeladoria. De acordo com a Prefeitura de Ribeir\u00e3o Preto, o objetivo da manuten\u00e7\u00e3o \u00e9 garantir a seguran\u00e7a dos visitantes do local.\u2026","rel":"","context":"In &quot;Not\u00edcias de Ribeir\u00e3o Preto-SP e Regi\u00e3o&quot;","block_context":{"text":"Not\u00edcias de Ribeir\u00e3o Preto-SP e Regi\u00e3o","link":"https:\/\/noticiasribeiraopreto.com.br\/index.php\/category\/noticias-de-ribeirao-preto-sp-e-regiao-ismael-colosi\/"},"img":{"alt_text":"","src":"https:\/\/i0.wp.com\/noticiasribeiraopreto.com.br\/wp-content\/uploads\/2025\/03\/parque_raya_1024x576_15082020144954.jpg?fit=1024%2C576&ssl=1&resize=350%2C200","width":350,"height":200,"srcset":"https:\/\/i0.wp.com\/noticiasribeiraopreto.com.br\/wp-content\/uploads\/2025\/03\/parque_raya_1024x576_15082020144954.jpg?fit=1024%2C576&ssl=1&resize=350%2C200 1x, https:\/\/i0.wp.com\/noticiasribeiraopreto.com.br\/wp-content\/uploads\/2025\/03\/parque_raya_1024x576_15082020144954.jpg?fit=1024%2C576&ssl=1&resize=525%2C300 1.5x, https:\/\/i0.wp.com\/noticiasribeiraopreto.com.br\/wp-content\/uploads\/2025\/03\/parque_raya_1024x576_15082020144954.jpg?fit=1024%2C576&ssl=1&resize=700%2C400 2x"},"classes":[]},{"id":64996,"url":"https:\/\/noticiasribeiraopreto.com.br\/index.php\/2025\/03\/14\/entenda-por-que-o-parque-raya-esta-fechado-nesta-sexta-feira-2\/","url_meta":{"origin":74891,"position":2},"title":"Entenda por que o Parque Raya est\u00e1 fechado nesta sexta-feira","author":"noticiasribeiraopreto.com.br","date":"14 de March de 2025","format":false,"excerpt":"O Parque Luiz Carlos Raya, localizado no Jardim Bot\u00e2nico, zona Sul de Ribeir\u00e3o Preto, estar\u00e1 fechado at\u00e9 as 17h desta sexta-feira (14) para realiza\u00e7\u00e3o de servi\u00e7os de manuten\u00e7\u00e3o e zeladoria. De acordo com a Prefeitura de Ribeir\u00e3o Preto, o objetivo da manuten\u00e7\u00e3o \u00e9 garantir a seguran\u00e7a dos visitantes do local.\u2026","rel":"","context":"In &quot;Not\u00edcias de Ribeir\u00e3o Preto-SP e Regi\u00e3o&quot;","block_context":{"text":"Not\u00edcias de Ribeir\u00e3o Preto-SP e Regi\u00e3o","link":"https:\/\/noticiasribeiraopreto.com.br\/index.php\/category\/noticias-de-ribeirao-preto-sp-e-regiao-ismael-colosi\/"},"img":{"alt_text":"","src":"https:\/\/i0.wp.com\/noticiasribeiraopreto.com.br\/wp-content\/uploads\/2025\/03\/parque_raya_1024x576_15082020144954_2025-03-14_14-07-16_jpg_2025-03-14_14-07-16.webp.webp?fit=1024%2C576&ssl=1&resize=350%2C200","width":350,"height":200,"srcset":"https:\/\/i0.wp.com\/noticiasribeiraopreto.com.br\/wp-content\/uploads\/2025\/03\/parque_raya_1024x576_15082020144954_2025-03-14_14-07-16_jpg_2025-03-14_14-07-16.webp.webp?fit=1024%2C576&ssl=1&resize=350%2C200 1x, https:\/\/i0.wp.com\/noticiasribeiraopreto.com.br\/wp-content\/uploads\/2025\/03\/parque_raya_1024x576_15082020144954_2025-03-14_14-07-16_jpg_2025-03-14_14-07-16.webp.webp?fit=1024%2C576&ssl=1&resize=525%2C300 1.5x, https:\/\/i0.wp.com\/noticiasribeiraopreto.com.br\/wp-content\/uploads\/2025\/03\/parque_raya_1024x576_15082020144954_2025-03-14_14-07-16_jpg_2025-03-14_14-07-16.webp.webp?fit=1024%2C576&ssl=1&resize=700%2C400 2x"},"classes":[]},{"id":72280,"url":"https:\/\/noticiasribeiraopreto.com.br\/index.php\/2025\/06\/15\/parque-de-ribeirao-preto-estara-fechado-nesta-segunda\/","url_meta":{"origin":74891,"position":3},"title":"Parque de Ribeir\u00e3o Preto estar\u00e1 fechado nesta segunda","author":"noticiasribeiraopreto.com.br","date":"15 de June de 2025","format":false,"excerpt":"O Parque Luiz Carlos Raya, localizado no Jardim Bot\u00e2nico, zona Sul de Ribeir\u00e3o Preto, ser\u00e1 fechado nesta segunda-feira (16), para a realiza\u00e7\u00e3o de servi\u00e7os de manuten\u00e7\u00e3o. De acordo com a Secretaria de Infraestrutura, o espa\u00e7o ser\u00e1 interditado a partir das 6h. Entre os servi\u00e7os programados est\u00e3o o corte de grama,\u2026","rel":"","context":"In &quot;Not\u00edcias de Ribeir\u00e3o Preto-SP e Regi\u00e3o&quot;","block_context":{"text":"Not\u00edcias de Ribeir\u00e3o Preto-SP e Regi\u00e3o","link":"https:\/\/noticiasribeiraopreto.com.br\/index.php\/category\/noticias-de-ribeirao-preto-sp-e-regiao-ismael-colosi\/"},"img":{"alt_text":"","src":"https:\/\/i0.wp.com\/noticiasribeiraopreto.com.br\/wp-content\/uploads\/2025\/06\/WhatsApp-Image-2023-11-26-at-15.35.58.jpeg?fit=1200%2C675&ssl=1&resize=350%2C200","width":350,"height":200,"srcset":"https:\/\/i0.wp.com\/noticiasribeiraopreto.com.br\/wp-content\/uploads\/2025\/06\/WhatsApp-Image-2023-11-26-at-15.35.58.jpeg?fit=1200%2C675&ssl=1&resize=350%2C200 1x, https:\/\/i0.wp.com\/noticiasribeiraopreto.com.br\/wp-content\/uploads\/2025\/06\/WhatsApp-Image-2023-11-26-at-15.35.58.jpeg?fit=1200%2C675&ssl=1&resize=525%2C300 1.5x, https:\/\/i0.wp.com\/noticiasribeiraopreto.com.br\/wp-content\/uploads\/2025\/06\/WhatsApp-Image-2023-11-26-at-15.35.58.jpeg?fit=1200%2C675&ssl=1&resize=700%2C400 2x, https:\/\/i0.wp.com\/noticiasribeiraopreto.com.br\/wp-content\/uploads\/2025\/06\/WhatsApp-Image-2023-11-26-at-15.35.58.jpeg?fit=1200%2C675&ssl=1&resize=1050%2C600 3x"},"classes":[]},{"id":60206,"url":"https:\/\/noticiasribeiraopreto.com.br\/index.php\/2024\/11\/08\/bosque-de-ribeirao-preto-segue-fechado-por-conta-das-chuvas\/","url_meta":{"origin":74891,"position":4},"title":"Bosque de Ribeir\u00e3o Preto segue fechado por conta das chuvas","author":"noticiasribeiraopreto.com.br","date":"8 de November de 2024","format":false,"excerpt":"O Bosque e Zool\u00f3gico F\u00e1bio Barreto, em Ribeir\u00e3o Preto, segue fechado ao p\u00fablico nesta sexta-feira (8), devido \u00e0s chuvas na cidade. A Secretaria Municipal do Meio Ambiente informou que as chuvas que atingiram o munic\u00edpio nos \u00faltimos tr\u00eas dias geraram um acumulado de 188 mil\u00edmetros. Ainda segundo a Pasta, conforme\u2026","rel":"","context":"In &quot;Not\u00edcias de Ribeir\u00e3o Preto-SP e Regi\u00e3o&quot;","block_context":{"text":"Not\u00edcias de Ribeir\u00e3o Preto-SP e Regi\u00e3o","link":"https:\/\/noticiasribeiraopreto.com.br\/index.php\/category\/noticias-de-ribeirao-preto-sp-e-regiao-ismael-colosi\/"},"img":{"alt_text":"","src":"https:\/\/i0.wp.com\/noticiasribeiraopreto.com.br\/wp-content\/uploads\/2024\/11\/ConfiraohorriodefuncionamentodoBosqueeZoolgicodeRibeiroPreto_Tamanho_2_image.jpg?fit=1200%2C900&ssl=1&resize=350%2C200","width":350,"height":200,"srcset":"https:\/\/i0.wp.com\/noticiasribeiraopreto.com.br\/wp-content\/uploads\/2024\/11\/ConfiraohorriodefuncionamentodoBosqueeZoolgicodeRibeiroPreto_Tamanho_2_image.jpg?fit=1200%2C900&ssl=1&resize=350%2C200 1x, https:\/\/i0.wp.com\/noticiasribeiraopreto.com.br\/wp-content\/uploads\/2024\/11\/ConfiraohorriodefuncionamentodoBosqueeZoolgicodeRibeiroPreto_Tamanho_2_image.jpg?fit=1200%2C900&ssl=1&resize=525%2C300 1.5x, https:\/\/i0.wp.com\/noticiasribeiraopreto.com.br\/wp-content\/uploads\/2024\/11\/ConfiraohorriodefuncionamentodoBosqueeZoolgicodeRibeiroPreto_Tamanho_2_image.jpg?fit=1200%2C900&ssl=1&resize=700%2C400 2x, https:\/\/i0.wp.com\/noticiasribeiraopreto.com.br\/wp-content\/uploads\/2024\/11\/ConfiraohorriodefuncionamentodoBosqueeZoolgicodeRibeiroPreto_Tamanho_2_image.jpg?fit=1200%2C900&ssl=1&resize=1050%2C600 3x"},"classes":[]},{"id":79835,"url":"https:\/\/noticiasribeiraopreto.com.br\/index.php\/2025\/11\/08\/bosque-de-ribeirao-preto-e-fechado-temporariamente-por-causa-das-fortes-chuvas\/","url_meta":{"origin":74891,"position":5},"title":"Bosque de Ribeir\u00e3o Preto \u00e9 fechado temporariamente por causa das fortes chuvas","author":"noticiasribeiraopreto.com.br","date":"8 de November de 2025","format":false,"excerpt":"O Bosque e Zool\u00f3gico Dr. F\u00e1bio Barreto foi temporariamente fechado devido \u00e0s fortes chuvas que atingem Ribeir\u00e3o Preto desde a madrugada deste s\u00e1bado (8). Segundo a Prefeitura de Ribeir\u00e3o Preto, a medida \u00e9 preventiva para garantir a seguran\u00e7a dos visitantes, j\u00e1 que h\u00e1 previs\u00e3o de rajadas de vento de quase\u2026","rel":"","context":"In &quot;Not\u00edcias de Ribeir\u00e3o Preto-SP e Regi\u00e3o&quot;","block_context":{"text":"Not\u00edcias de Ribeir\u00e3o Preto-SP e Regi\u00e3o","link":"https:\/\/noticiasribeiraopreto.com.br\/index.php\/category\/noticias-de-ribeirao-preto-sp-e-regiao-ismael-colosi\/"},"img":{"alt_text":"","src":"https:\/\/i0.wp.com\/noticiasribeiraopreto.com.br\/wp-content\/uploads\/2025\/11\/WhatsApp-Image-2025-11-08-at-14.23.19_2025-11-08_17-24-00.webp.webp?fit=852%2C429&ssl=1&resize=350%2C200","width":350,"height":200,"srcset":"https:\/\/i0.wp.com\/noticiasribeiraopreto.com.br\/wp-content\/uploads\/2025\/11\/WhatsApp-Image-2025-11-08-at-14.23.19_2025-11-08_17-24-00.webp.webp?fit=852%2C429&ssl=1&resize=350%2C200 1x, https:\/\/i0.wp.com\/noticiasribeiraopreto.com.br\/wp-content\/uploads\/2025\/11\/WhatsApp-Image-2025-11-08-at-14.23.19_2025-11-08_17-24-00.webp.webp?fit=852%2C429&ssl=1&resize=525%2C300 1.5x, https:\/\/i0.wp.com\/noticiasribeiraopreto.com.br\/wp-content\/uploads\/2025\/11\/WhatsApp-Image-2025-11-08-at-14.23.19_2025-11-08_17-24-00.webp.webp?fit=852%2C429&ssl=1&resize=700%2C400 2x"},"classes":[]}],"jetpack_sharing_enabled":true,"jetpack_shortlink":"https:\/\/wp.me\/peQAOb-jtV","_links":{"self":[{"href":"https:\/\/noticiasribeiraopreto.com.br\/index.php\/wp-json\/wp\/v2\/posts\/74891","targetHints":{"allow":["GET"]}}],"collection":[{"href":"https:\/\/noticiasribeiraopreto.com.br\/index.php\/wp-json\/wp\/v2\/posts"}],"about":[{"href":"https:\/\/noticiasribeiraopreto.com.br\/index.php\/wp-json\/wp\/v2\/types\/post"}],"author":[{"embeddable":true,"href":"https:\/\/noticiasribeiraopreto.com.br\/index.php\/wp-json\/wp\/v2\/users\/1"}],"replies":[{"embeddable":true,"href":"https:\/\/noticiasribeiraopreto.com.br\/index.php\/wp-json\/wp\/v2\/comments?post=74891"}],"version-history":[{"count":0,"href":"https:\/\/noticiasribeiraopreto.com.br\/index.php\/wp-json\/wp\/v2\/posts\/74891\/revisions"}],"wp:featuredmedia":[{"embeddable":true,"href":"https:\/\/noticiasribeiraopreto.com.br\/index.php\/wp-json\/wp\/v2\/media\/74892"}],"wp:attachment":[{"href":"https:\/\/noticiasribeiraopreto.com.br\/index.php\/wp-json\/wp\/v2\/media?parent=74891"}],"wp:term":[{"taxonomy":"category","embeddable":true,"href":"https:\/\/noticiasribeiraopreto.com.br\/index.php\/wp-json\/wp\/v2\/categories?post=74891"},{"taxonomy":"post_tag","embeddable":true,"href":"https:\/\/noticiasribeiraopreto.com.br\/index.php\/wp-json\/wp\/v2\/tags?post=74891"}],"curies":[{"name":"wp","href":"https:\/\/api.w.org\/{rel}","templated":true}]}}