{"id":74893,"date":"2025-07-30T18:21:37","date_gmt":"2025-07-30T21:21:37","guid":{"rendered":"https:\/\/noticiasribeiraopreto.com.br\/index.php\/2025\/07\/30\/concessionaria-conta-com-vagas-de-emprego-em-ribeirao-preto-e-regiao\/"},"modified":"2025-07-30T18:21:37","modified_gmt":"2025-07-30T21:21:37","slug":"concessionaria-conta-com-vagas-de-emprego-em-ribeirao-preto-e-regiao","status":"publish","type":"post","link":"https:\/\/noticiasribeiraopreto.com.br\/index.php\/2025\/07\/30\/concessionaria-conta-com-vagas-de-emprego-em-ribeirao-preto-e-regiao\/","title":{"rendered":"Concession\u00e1ria conta com vagas de emprego em Ribeir\u00e3o Preto e regi\u00e3o"},"content":{"rendered":"<div class='code-block code-block-1' style='margin: 8px 0 8px auto; text-align: right; display: block; clear: both;'>\n<p><a href=\"https:\/\/wa.link\/vpicfd\"><img data-recalc-dims=\"1\" class=\"wp-image-4922\" style=\"aspect-ratio: 2.0253164556962027; width: 561px; height: auto;\" src=\"https:\/\/i0.wp.com\/ismaelcolosi.com.br\/wp-content\/uploads\/2023\/11\/grupo-de-empregos-whatsapp-e-facebook-ismael-colosi-vagas.jpg?ssl=1\" alt=\"\" \/><\/a><\/p>\n<!-- \/wp:image -->\n<\/div>\n<p> <br \/>\n<\/p>\n<div>\n<p>A <strong>Arteris\/ViaPaulista<\/strong>, concession\u00e1ria que administra rodovias em<strong> Ribeir\u00e3o Preto<\/strong> e regi\u00e3o, realiza nos dias 13 e 14 de agosto, a 3\u00aa edi\u00e7\u00e3o da Feira de Recrutamento Online Exclusiva para Pessoas com Defici\u00eancia (PcDs).<\/p>\n<p>Nesta etapa, ser\u00e3o oferecidas diversas vagas para atua\u00e7\u00e3o operacional e administrativa em trechos de rodovias que interligam 35 munic\u00edpios, passando pelas regi\u00f5es de Ribeir\u00e3o Preto, Franca, Araraquara, Jahu, S\u00e3o Carlos, Riversul e Taquarituba.<\/p>\n<p>O processo \u00e9 100% online e os interessados devem se cadastrar at\u00e9 o dia 11 de agosto no site da empresa, na \u00e1rea trabalhe conosco (<a href=\"https:\/\/fa-ewfq-saasfaprod1.fa.ocs.oraclecloud.com\/hcmUI\/CandidateExperience\/pt-BR\/sites\/CX_1\/job\/10254?keyword=Feira&amp;mode=location\" data-type=\"link\" data-id=\"https:\/\/fa-ewfq-saasfaprod1.fa.ocs.oraclecloud.com\/hcmUI\/CandidateExperience\/pt-BR\/sites\/CX_1\/job\/10254?keyword=Feira&amp;mode=location\" target=\"_blank\" rel=\"noopener\">clique aqui<\/a>).<\/p>\n<p>A feira \u00e9 aberta a candidatos PcDs, independentemente do tipo de defici\u00eancia, que tenham escolaridade m\u00ednima de acordo com a fun\u00e7\u00e3o desejada e residam na regi\u00e3o onde a vaga est\u00e1 dispon\u00edvel. O processo seletivo inclui inicialmente o cadastro no site e envio de curr\u00edculo e, ap\u00f3s, entrevistas por plataformas digitais, sem necessidade de deslocamento.<\/p>\n<h2 class=\"wp-block-heading\"><strong>Benef\u00edcios<\/strong><\/h2>\n<p>Os contratados ter\u00e3o acesso a benef\u00edcios completos, como plano de sa\u00fade e odontol\u00f3gico, previd\u00eancia privada, participa\u00e7\u00e3o nos resultados, vale-refei\u00e7\u00e3o ou alimenta\u00e7\u00e3o, aux\u00edlio-creche, vale-farm\u00e1cia, seguro de vida, licen\u00e7a-maternidade e paternidade estendida, entre outros.<\/p>\n<p>A empresa tamb\u00e9m oferece oportunidade para o crescimento profissional dos colaboradores por meio da Universidade Arteris de Desenvolvimento, com trilhas de capacita\u00e7\u00e3o, programas de forma\u00e7\u00e3o e incentivo \u00e0 evolu\u00e7\u00e3o na carreira.<\/p>\n<p>Para mais informa\u00e7\u00f5es entre em contato pelo telefone (16) 99634-0152.<\/p>\n<p>SAIBA MAIS<br \/><strong>Cachorro adotado por padre vira \u2018c\u00e3oroinha\u2019 e \u00e9 atra\u00e7\u00e3o em missas no interior de SP<\/strong><\/p>\n<h2 class=\"wp-block-heading\"><strong>FIQUE ON<\/strong><\/h2>\n<p>Fique ligado em tudo que acontece em Ribeir\u00e3o Preto e regi\u00e3o. Siga os perfis do\u00a0<strong>acidade on\u00a0<\/strong>no<a href=\"https:\/\/www.instagram.com\/acidadeonribeirao\" target=\"_blank\" rel=\"noreferrer noopener\">\u00a0Instagram<\/a>\u00a0e no\u00a0<a href=\"https:\/\/www.facebook.com\/acidadeonribeirao\/\" target=\"_blank\" rel=\"noreferrer noopener\">Facebook<\/a>.<\/p>\n<p>Receba not\u00edcias do\u00a0<strong>acidade on<\/strong>\u00a0no WhatsApp.\u00a0<a href=\"https:\/\/chat.whatsapp.com\/BjKQZ9oJwlz8VVT50NuePq\" target=\"_blank\" rel=\"noreferrer noopener\">Para entrar no grupo, basta clicar aqui.<\/a><\/p>\n<p>Fa\u00e7a uma den\u00fancia ou sugira uma reportagem sobre Ribeir\u00e3o Preto e regi\u00e3o pelo WhatsApp: 16 99117 7802.<\/p>\n<p>VEJA TAMB\u00c9M<br \/>Quando \u00e9 a chuva de meteoros Delta Aqu\u00e1ridas?<\/p>\n<p><!-- AI CONTENT END 1 -->\n<\/div>\n<p><script async src=\"\/\/www.instagram.com\/embed.js\"><\/script><br \/>\n<br \/><br \/>\n<br \/><a href=\"https:\/\/www.acidadeon.com\/ribeiraopreto\/economia\/concessionaria-conta-com-vagas-de-emprego-em-ribeirao-preto-e-regiao\/\">Source link <\/a><\/p>\n<!-- CONTENT END 1 -->\n","protected":false},"excerpt":{"rendered":"<p>A Arteris\/ViaPaulista, concession\u00e1ria que administra rodovias em Ribeir\u00e3o Preto e regi\u00e3o, realiza nos dias 13 e 14 de agosto, a 3\u00aa edi\u00e7\u00e3o da Feira de&#8230;<\/p>\n","protected":false},"author":1,"featured_media":73694,"comment_status":"open","ping_status":"open","sticky":false,"template":"","format":"standard","meta":{"advanced_seo_description":"","jetpack_seo_html_title":"","jetpack_seo_noindex":false,"jetpack_post_was_ever_published":false,"_jetpack_newsletter_access":"","_jetpack_dont_email_post_to_subs":false,"_jetpack_newsletter_tier_id":0,"_jetpack_memberships_contains_paywalled_content":false,"_jetpack_memberships_contains_paid_content":false,"footnotes":"","jetpack_publicize_message":"","jetpack_publicize_feature_enabled":true,"jetpack_social_post_already_shared":true,"jetpack_social_options":{"image_generator_settings":{"template":"highway","default_image_id":0,"font":"","enabled":false},"version":2}},"categories":[11],"tags":[],"class_list":["post-74893","post","type-post","status-publish","format-standard","has-post-thumbnail","hentry","category-noticias-de-ribeirao-preto-sp-e-regiao-ismael-colosi"],"jetpack_publicize_connections":[],"jetpack_featured_media_url":"https:\/\/i0.wp.com\/noticiasribeiraopreto.com.br\/wp-content\/uploads\/2025\/07\/carteira_de_1024x576_27092020203402_2025-07-07_21-38-43.webp.webp?fit=1024%2C576&ssl=1","jetpack-related-posts":[{"id":53237,"url":"https:\/\/noticiasribeiraopreto.com.br\/index.php\/2024\/06\/18\/concessionaria-de-rodovias-oferece-vagas-de-emprego-em-ribeirao-preto-e-regiao-confira\/","url_meta":{"origin":74893,"position":0},"title":"Concession\u00e1ria de rodovias oferece vagas de emprego em Ribeir\u00e3o Preto e regi\u00e3o; Confira","author":"noticiasribeiraopreto.com.br","date":"18 de June de 2024","format":false,"excerpt":"A empresa Arteris abriu 57 vagas de emprego para o setor de rodovias em sete concession\u00e1rias controladas pela companhia, entre as quais em Ribeir\u00e3o Preto e cidades da regi\u00e3o. Ribeir\u00e3o Preto Compras Diretas (vaga preferencial para mulheres, pessoas negras, Pcds, 50+ e LGBTQIA+) Analista de Gest\u00e3o Operacional Analista de Sistemas\u2026","rel":"","context":"In &quot;Not\u00edcias de Ribeir\u00e3o Preto-SP e Regi\u00e3o&quot;","block_context":{"text":"Not\u00edcias de Ribeir\u00e3o Preto-SP e Regi\u00e3o","link":"https:\/\/noticiasribeiraopreto.com.br\/index.php\/category\/noticias-de-ribeirao-preto-sp-e-regiao-ismael-colosi\/"},"img":{"alt_text":"","src":"https:\/\/i0.wp.com\/noticiasribeiraopreto.com.br\/wp-content\/uploads\/2024\/06\/CONCESSIONARIA_2024-06-17_17-39-27_jpg_2024-06-17_17-39-27.webp.webp?fit=1200%2C905&ssl=1&resize=350%2C200","width":350,"height":200,"srcset":"https:\/\/i0.wp.com\/noticiasribeiraopreto.com.br\/wp-content\/uploads\/2024\/06\/CONCESSIONARIA_2024-06-17_17-39-27_jpg_2024-06-17_17-39-27.webp.webp?fit=1200%2C905&ssl=1&resize=350%2C200 1x, https:\/\/i0.wp.com\/noticiasribeiraopreto.com.br\/wp-content\/uploads\/2024\/06\/CONCESSIONARIA_2024-06-17_17-39-27_jpg_2024-06-17_17-39-27.webp.webp?fit=1200%2C905&ssl=1&resize=525%2C300 1.5x, https:\/\/i0.wp.com\/noticiasribeiraopreto.com.br\/wp-content\/uploads\/2024\/06\/CONCESSIONARIA_2024-06-17_17-39-27_jpg_2024-06-17_17-39-27.webp.webp?fit=1200%2C905&ssl=1&resize=700%2C400 2x, https:\/\/i0.wp.com\/noticiasribeiraopreto.com.br\/wp-content\/uploads\/2024\/06\/CONCESSIONARIA_2024-06-17_17-39-27_jpg_2024-06-17_17-39-27.webp.webp?fit=1200%2C905&ssl=1&resize=1050%2C600 3x"},"classes":[]},{"id":67476,"url":"https:\/\/noticiasribeiraopreto.com.br\/index.php\/2025\/04\/14\/acidente-deixa-uma-pessoa-morta-em-rodovia-da-regiao-de-ribeirao-preto\/","url_meta":{"origin":74893,"position":1},"title":"Acidente deixa uma pessoa morta em rodovia da regi\u00e3o de Ribeir\u00e3o Preto","author":"noticiasribeiraopreto.com.br","date":"14 de April de 2025","format":false,"excerpt":"Na tarde desta segunda-feira (14), um acidente envolvendo uma carreta e um semi-reboque deixa uma pessoa morta na rodovia C\u00e2ndido Portinari, em Jardin\u00f3polis, regi\u00e3o de Ribeir\u00e3o Preto. A Pol\u00edcia Rodovi\u00e1ria est\u00e1 no local junto com equipes da concession\u00e1ria. Em nota, a Arteris ViaPaulista confirmou a morte de um prestador de\u2026","rel":"","context":"In &quot;Not\u00edcias de Ribeir\u00e3o Preto-SP e Regi\u00e3o&quot;","block_context":{"text":"Not\u00edcias de Ribeir\u00e3o Preto-SP e Regi\u00e3o","link":"https:\/\/noticiasribeiraopreto.com.br\/index.php\/category\/noticias-de-ribeirao-preto-sp-e-regiao-ismael-colosi\/"},"img":{"alt_text":"","src":"https:\/\/i0.wp.com\/noticiasribeiraopreto.com.br\/wp-content\/uploads\/2025\/04\/Copia-de-Copia-de-Copia-de-TAMANHO-EXATO-PARA-FOTOS-NO-SISTEMA-NOVO-2025-04-14T165557.979_2025-04-14_19-56-11_png_2025-04-14_19-56-11.webp.webp?fit=1200%2C675&ssl=1&resize=350%2C200","width":350,"height":200,"srcset":"https:\/\/i0.wp.com\/noticiasribeiraopreto.com.br\/wp-content\/uploads\/2025\/04\/Copia-de-Copia-de-Copia-de-TAMANHO-EXATO-PARA-FOTOS-NO-SISTEMA-NOVO-2025-04-14T165557.979_2025-04-14_19-56-11_png_2025-04-14_19-56-11.webp.webp?fit=1200%2C675&ssl=1&resize=350%2C200 1x, https:\/\/i0.wp.com\/noticiasribeiraopreto.com.br\/wp-content\/uploads\/2025\/04\/Copia-de-Copia-de-Copia-de-TAMANHO-EXATO-PARA-FOTOS-NO-SISTEMA-NOVO-2025-04-14T165557.979_2025-04-14_19-56-11_png_2025-04-14_19-56-11.webp.webp?fit=1200%2C675&ssl=1&resize=525%2C300 1.5x, https:\/\/i0.wp.com\/noticiasribeiraopreto.com.br\/wp-content\/uploads\/2025\/04\/Copia-de-Copia-de-Copia-de-TAMANHO-EXATO-PARA-FOTOS-NO-SISTEMA-NOVO-2025-04-14T165557.979_2025-04-14_19-56-11_png_2025-04-14_19-56-11.webp.webp?fit=1200%2C675&ssl=1&resize=700%2C400 2x, https:\/\/i0.wp.com\/noticiasribeiraopreto.com.br\/wp-content\/uploads\/2025\/04\/Copia-de-Copia-de-Copia-de-TAMANHO-EXATO-PARA-FOTOS-NO-SISTEMA-NOVO-2025-04-14T165557.979_2025-04-14_19-56-11_png_2025-04-14_19-56-11.webp.webp?fit=1200%2C675&ssl=1&resize=1050%2C600 3x"},"classes":[]},{"id":61324,"url":"https:\/\/noticiasribeiraopreto.com.br\/index.php\/2024\/12\/09\/feirao-de-emprego-acontece-na-regiao-de-ribeirao-preto-veja-quando\/","url_meta":{"origin":74893,"position":2},"title":"Feir\u00e3o de emprego acontece na regi\u00e3o de Ribeir\u00e3o Preto; veja quando","author":"noticiasribeiraopreto.com.br","date":"9 de December de 2024","format":false,"excerpt":"A Entrevias Concession\u00e1ria de Rodovias realizar\u00e1 um feir\u00e3o de emprego nesta ter\u00e7a-feira (10), em Sert\u00e3ozinho, na regi\u00e3o de Ribeir\u00e3o Preto. O feir\u00e3o, que acontece no Posto de Atendimento ao Trabalhador (PAT), \u00e9 gratuito e aberto a toda a popula\u00e7\u00e3o. O objetivo \u00e9 divulgar o projeto nas principais cidades do trecho\u2026","rel":"","context":"In &quot;Not\u00edcias de Ribeir\u00e3o Preto-SP e Regi\u00e3o&quot;","block_context":{"text":"Not\u00edcias de Ribeir\u00e3o Preto-SP e Regi\u00e3o","link":"https:\/\/noticiasribeiraopreto.com.br\/index.php\/category\/noticias-de-ribeirao-preto-sp-e-regiao-ismael-colosi\/"},"img":{"alt_text":"","src":"https:\/\/i0.wp.com\/noticiasribeiraopreto.com.br\/wp-content\/uploads\/2024\/04\/AnyConv.com__trabalho_carteira_digital_-_foto_guilherme_sircili_3004.webp.webp?fit=1200%2C799&ssl=1&resize=350%2C200","width":350,"height":200,"srcset":"https:\/\/i0.wp.com\/noticiasribeiraopreto.com.br\/wp-content\/uploads\/2024\/04\/AnyConv.com__trabalho_carteira_digital_-_foto_guilherme_sircili_3004.webp.webp?fit=1200%2C799&ssl=1&resize=350%2C200 1x, https:\/\/i0.wp.com\/noticiasribeiraopreto.com.br\/wp-content\/uploads\/2024\/04\/AnyConv.com__trabalho_carteira_digital_-_foto_guilherme_sircili_3004.webp.webp?fit=1200%2C799&ssl=1&resize=525%2C300 1.5x, https:\/\/i0.wp.com\/noticiasribeiraopreto.com.br\/wp-content\/uploads\/2024\/04\/AnyConv.com__trabalho_carteira_digital_-_foto_guilherme_sircili_3004.webp.webp?fit=1200%2C799&ssl=1&resize=700%2C400 2x, https:\/\/i0.wp.com\/noticiasribeiraopreto.com.br\/wp-content\/uploads\/2024\/04\/AnyConv.com__trabalho_carteira_digital_-_foto_guilherme_sircili_3004.webp.webp?fit=1200%2C799&ssl=1&resize=1050%2C600 3x"},"classes":[]},{"id":18716,"url":"https:\/\/noticiasribeiraopreto.com.br\/index.php\/2023\/12\/20\/policiamento-sera-reforcado-durante-operacao-natal\/","url_meta":{"origin":74893,"position":3},"title":"Policiamento ser\u00e1 refor\u00e7ado durante Opera\u00e7\u00e3o Natal","author":"noticiasribeiraopreto.com.br","date":"20 de December de 2023","format":false,"excerpt":"Pol\u00edcia Rodovi\u00e1ria vai contar com todo o efetivo operacional e administrativo para fiscalizar as rodovias da regi\u00e3o 20 de dezembro de 2023 | 16:48 2Por: Adalberto LuqueA Opera\u00e7\u00e3o Natal 2023 come\u00e7a \u00e0 00h00 da sexta-feira (22) e vai at\u00e9 as 23h59 da ter\u00e7a-feira (26), nas rodovias do Estado de S\u00e3o\u2026","rel":"","context":"In &quot;Not\u00edcias de Ribeir\u00e3o Preto-SP e Regi\u00e3o&quot;","block_context":{"text":"Not\u00edcias de Ribeir\u00e3o Preto-SP e Regi\u00e3o","link":"https:\/\/noticiasribeiraopreto.com.br\/index.php\/category\/noticias-de-ribeirao-preto-sp-e-regiao-ismael-colosi\/"},"img":{"alt_text":"","src":"https:\/\/i0.wp.com\/noticiasribeiraopreto.com.br\/wp-content\/uploads\/2023\/12\/00-20-dez-2023-natal-nas-estradas-00-Foto-Divulgacao-scaled.jpg?fit=938%2C645&ssl=1&resize=350%2C200","width":350,"height":200,"srcset":"https:\/\/i0.wp.com\/noticiasribeiraopreto.com.br\/wp-content\/uploads\/2023\/12\/00-20-dez-2023-natal-nas-estradas-00-Foto-Divulgacao-scaled.jpg?fit=938%2C645&ssl=1&resize=350%2C200 1x, https:\/\/i0.wp.com\/noticiasribeiraopreto.com.br\/wp-content\/uploads\/2023\/12\/00-20-dez-2023-natal-nas-estradas-00-Foto-Divulgacao-scaled.jpg?fit=938%2C645&ssl=1&resize=525%2C300 1.5x, https:\/\/i0.wp.com\/noticiasribeiraopreto.com.br\/wp-content\/uploads\/2023\/12\/00-20-dez-2023-natal-nas-estradas-00-Foto-Divulgacao-scaled.jpg?fit=938%2C645&ssl=1&resize=700%2C400 2x"},"classes":[]},{"id":73897,"url":"https:\/\/noticiasribeiraopreto.com.br\/index.php\/2025\/07\/11\/carreta-carregada-com-etanol-tomba-deixa-uma-vitima-e-interdita-rodovia-totalmente\/","url_meta":{"origin":74893,"position":4},"title":"Carreta carregada com etanol tomba, deixa uma v\u00edtima e interdita rodovia totalmente","author":"noticiasribeiraopreto.com.br","date":"11 de July de 2025","format":false,"excerpt":"Uma carreta que transportava etanol tombou no in\u00edcio da tarde desta sexta-feira (11), na rodovia Maur\u00edlio Biagi, em Pontal, na regi\u00e3o de Ribeir\u00e3o Preto. O acidente ocorreu no sentido sul da via, ap\u00f3s o motorista tentar acessar o dispositivo de retorno e perder o controle da dire\u00e7\u00e3o. Com o tombamento,\u2026","rel":"","context":"In &quot;Not\u00edcias de Ribeir\u00e3o Preto-SP e Regi\u00e3o&quot;","block_context":{"text":"Not\u00edcias de Ribeir\u00e3o Preto-SP e Regi\u00e3o","link":"https:\/\/noticiasribeiraopreto.com.br\/index.php\/category\/noticias-de-ribeirao-preto-sp-e-regiao-ismael-colosi\/"},"img":{"alt_text":"","src":"https:\/\/i0.wp.com\/noticiasribeiraopreto.com.br\/wp-content\/uploads\/2025\/07\/Copia-de-Copia-de-Copia-de-TAMANHO-EXATO-PARA-FOTOS-NO-SISTEMA-NOVO-2025-07-11T145809.846_2025-07-11_17-58-21.webp.webp?fit=1200%2C675&ssl=1&resize=350%2C200","width":350,"height":200,"srcset":"https:\/\/i0.wp.com\/noticiasribeiraopreto.com.br\/wp-content\/uploads\/2025\/07\/Copia-de-Copia-de-Copia-de-TAMANHO-EXATO-PARA-FOTOS-NO-SISTEMA-NOVO-2025-07-11T145809.846_2025-07-11_17-58-21.webp.webp?fit=1200%2C675&ssl=1&resize=350%2C200 1x, https:\/\/i0.wp.com\/noticiasribeiraopreto.com.br\/wp-content\/uploads\/2025\/07\/Copia-de-Copia-de-Copia-de-TAMANHO-EXATO-PARA-FOTOS-NO-SISTEMA-NOVO-2025-07-11T145809.846_2025-07-11_17-58-21.webp.webp?fit=1200%2C675&ssl=1&resize=525%2C300 1.5x, https:\/\/i0.wp.com\/noticiasribeiraopreto.com.br\/wp-content\/uploads\/2025\/07\/Copia-de-Copia-de-Copia-de-TAMANHO-EXATO-PARA-FOTOS-NO-SISTEMA-NOVO-2025-07-11T145809.846_2025-07-11_17-58-21.webp.webp?fit=1200%2C675&ssl=1&resize=700%2C400 2x, https:\/\/i0.wp.com\/noticiasribeiraopreto.com.br\/wp-content\/uploads\/2025\/07\/Copia-de-Copia-de-Copia-de-TAMANHO-EXATO-PARA-FOTOS-NO-SISTEMA-NOVO-2025-07-11T145809.846_2025-07-11_17-58-21.webp.webp?fit=1200%2C675&ssl=1&resize=1050%2C600 3x"},"classes":[]},{"id":59988,"url":"https:\/\/noticiasribeiraopreto.com.br\/index.php\/2024\/11\/04\/rodovia-da-regiao-de-ribeirao-tera-interdicao-para-simulado-de-acidente\/","url_meta":{"origin":74893,"position":5},"title":"Rodovia da regi\u00e3o de Ribeir\u00e3o ter\u00e1 interdi\u00e7\u00e3o para simulado de acidente","author":"noticiasribeiraopreto.com.br","date":"4 de November de 2024","format":false,"excerpt":"A rodovia C\u00e2ndido Portinari (SP-334) receber\u00e1 um simulado de acidente com produto perigoso e m\u00faltiplas v\u00edtimas na pr\u00f3xima quarta-feira (6), \u00e0s 10h, entre Restinga e Franca, a aproximadamente 80 quil\u00f4metros de Ribeir\u00e3o Preto. A a\u00e7\u00e3o ser\u00e1 realizada no km 387, na pista sentido Sul, na al\u00e7a de sa\u00edda do dispositivo\u2026","rel":"","context":"In &quot;Not\u00edcias de Ribeir\u00e3o Preto-SP e Regi\u00e3o&quot;","block_context":{"text":"Not\u00edcias de Ribeir\u00e3o Preto-SP e Regi\u00e3o","link":"https:\/\/noticiasribeiraopreto.com.br\/index.php\/category\/noticias-de-ribeirao-preto-sp-e-regiao-ismael-colosi\/"},"img":{"alt_text":"","src":"https:\/\/i0.wp.com\/noticiasribeiraopreto.com.br\/wp-content\/uploads\/2024\/11\/rodovia_candido_1200x675_29012022175643.jpg?fit=1200%2C675&ssl=1&resize=350%2C200","width":350,"height":200,"srcset":"https:\/\/i0.wp.com\/noticiasribeiraopreto.com.br\/wp-content\/uploads\/2024\/11\/rodovia_candido_1200x675_29012022175643.jpg?fit=1200%2C675&ssl=1&resize=350%2C200 1x, https:\/\/i0.wp.com\/noticiasribeiraopreto.com.br\/wp-content\/uploads\/2024\/11\/rodovia_candido_1200x675_29012022175643.jpg?fit=1200%2C675&ssl=1&resize=525%2C300 1.5x, https:\/\/i0.wp.com\/noticiasribeiraopreto.com.br\/wp-content\/uploads\/2024\/11\/rodovia_candido_1200x675_29012022175643.jpg?fit=1200%2C675&ssl=1&resize=700%2C400 2x, https:\/\/i0.wp.com\/noticiasribeiraopreto.com.br\/wp-content\/uploads\/2024\/11\/rodovia_candido_1200x675_29012022175643.jpg?fit=1200%2C675&ssl=1&resize=1050%2C600 3x"},"classes":[]}],"jetpack_sharing_enabled":true,"jetpack_shortlink":"https:\/\/wp.me\/peQAOb-jtX","_links":{"self":[{"href":"https:\/\/noticiasribeiraopreto.com.br\/index.php\/wp-json\/wp\/v2\/posts\/74893","targetHints":{"allow":["GET"]}}],"collection":[{"href":"https:\/\/noticiasribeiraopreto.com.br\/index.php\/wp-json\/wp\/v2\/posts"}],"about":[{"href":"https:\/\/noticiasribeiraopreto.com.br\/index.php\/wp-json\/wp\/v2\/types\/post"}],"author":[{"embeddable":true,"href":"https:\/\/noticiasribeiraopreto.com.br\/index.php\/wp-json\/wp\/v2\/users\/1"}],"replies":[{"embeddable":true,"href":"https:\/\/noticiasribeiraopreto.com.br\/index.php\/wp-json\/wp\/v2\/comments?post=74893"}],"version-history":[{"count":0,"href":"https:\/\/noticiasribeiraopreto.com.br\/index.php\/wp-json\/wp\/v2\/posts\/74893\/revisions"}],"wp:featuredmedia":[{"embeddable":true,"href":"https:\/\/noticiasribeiraopreto.com.br\/index.php\/wp-json\/wp\/v2\/media\/73694"}],"wp:attachment":[{"href":"https:\/\/noticiasribeiraopreto.com.br\/index.php\/wp-json\/wp\/v2\/media?parent=74893"}],"wp:term":[{"taxonomy":"category","embeddable":true,"href":"https:\/\/noticiasribeiraopreto.com.br\/index.php\/wp-json\/wp\/v2\/categories?post=74893"},{"taxonomy":"post_tag","embeddable":true,"href":"https:\/\/noticiasribeiraopreto.com.br\/index.php\/wp-json\/wp\/v2\/tags?post=74893"}],"curies":[{"name":"wp","href":"https:\/\/api.w.org\/{rel}","templated":true}]}}