{"id":74894,"date":"2025-07-30T18:29:02","date_gmt":"2025-07-30T21:29:02","guid":{"rendered":"https:\/\/noticiasribeiraopreto.com.br\/index.php\/2025\/07\/30\/ribeirao-preto-recebe-feira-gratuita-com-food-trucks-chope-e-musica-ao-vivo\/"},"modified":"2025-07-30T18:29:02","modified_gmt":"2025-07-30T21:29:02","slug":"ribeirao-preto-recebe-feira-gratuita-com-food-trucks-chope-e-musica-ao-vivo","status":"publish","type":"post","link":"https:\/\/noticiasribeiraopreto.com.br\/index.php\/2025\/07\/30\/ribeirao-preto-recebe-feira-gratuita-com-food-trucks-chope-e-musica-ao-vivo\/","title":{"rendered":"Ribeir\u00e3o Preto recebe feira gratuita com food trucks, chope e m\u00fasica ao vivo"},"content":{"rendered":"<div class='code-block code-block-1' style='margin: 8px 0 8px auto; text-align: right; display: block; clear: both;'>\n<p><a href=\"https:\/\/wa.link\/vpicfd\"><img data-recalc-dims=\"1\" class=\"wp-image-4922\" style=\"aspect-ratio: 2.0253164556962027; width: 561px; height: auto;\" src=\"https:\/\/i0.wp.com\/ismaelcolosi.com.br\/wp-content\/uploads\/2023\/11\/grupo-de-empregos-whatsapp-e-facebook-ismael-colosi-vagas.jpg?ssl=1\" alt=\"\" \/><\/a><\/p>\n<!-- \/wp:image -->\n<\/div>\n<p> <br \/>\n<\/p>\n<div data-td-block-uid=\"tdi_95\">\n<div class=\"tdb-block-inner td-fix-index\">\n<p>A pra\u00e7a 7 de Setembro, na regi\u00e3o central de Ribeir\u00e3o Preto,<strong> recebe neste domingo (3) mais uma edi\u00e7\u00e3o da Feira do Coletivo.<\/strong> O evento come\u00e7a \u00e0s <strong>15h e segue at\u00e9 21h<\/strong>, com<strong> entrada gratuita.<\/strong><\/p>\n<p>A programa\u00e7\u00e3o inclui m\u00fasica ao vivo, <strong>food trucks<\/strong>, <strong>cervejas <\/strong>e <strong>chopes artesanais<\/strong>, <strong>comidas t\u00edpicas<\/strong>, <strong>expositores<\/strong>, <strong>oficinas<\/strong>, <strong>feira de ado\u00e7\u00e3o de animais <\/strong>e <strong>atividades para crian\u00e7as.<\/strong><\/p>\n<figure class=\"wp-block-gallery has-nested-images columns-default is-cropped wp-block-gallery-1 is-layout-flex wp-block-gallery-is-layout-flex\">\n<figure class=\"wp-block-image size-large\"><img data-recalc-dims=\"1\" fetchpriority=\"high\" decoding=\"async\" width=\"1024\" height=\"682\" data-id=\"124295\" src=\"https:\/\/i0.wp.com\/cdn.media-acidadeon.com.br\/ribeiraopreto\/wp-content\/uploads\/sites\/3\/2025\/07\/IMG-20250729-WA0238_2025-07-30_18-35-42-1024x682.webp?resize=1024%2C682&#038;ssl=1\" alt=\"\" class=\"wp-image-124295\" srcset=\"https:\/\/cdn.media-acidadeon.com.br\/ribeiraopreto\/wp-content\/uploads\/sites\/3\/2025\/07\/IMG-20250729-WA0238_2025-07-30_18-35-42-1024x682.webp 1024w, https:\/\/cdn.media-acidadeon.com.br\/ribeiraopreto\/wp-content\/uploads\/sites\/3\/2025\/07\/IMG-20250729-WA0238_2025-07-30_18-35-42-300x200.webp 300w, https:\/\/cdn.media-acidadeon.com.br\/ribeiraopreto\/wp-content\/uploads\/sites\/3\/2025\/07\/IMG-20250729-WA0238_2025-07-30_18-35-42-768x512.webp 768w, https:\/\/cdn.media-acidadeon.com.br\/ribeiraopreto\/wp-content\/uploads\/sites\/3\/2025\/07\/IMG-20250729-WA0238_2025-07-30_18-35-42-696x464.webp 696w, https:\/\/cdn.media-acidadeon.com.br\/ribeiraopreto\/wp-content\/uploads\/sites\/3\/2025\/07\/IMG-20250729-WA0238_2025-07-30_18-35-42-1068x712.webp 1068w, https:\/\/cdn.media-acidadeon.com.br\/ribeiraopreto\/wp-content\/uploads\/sites\/3\/2025\/07\/IMG-20250729-WA0238_2025-07-30_18-35-42.webp 1181w\" sizes=\"(max-width: 1024px) 100vw, 1024px\"\/><\/figure>\n<figure class=\"wp-block-image size-large\"><img data-recalc-dims=\"1\" loading=\"lazy\" decoding=\"async\" width=\"1024\" height=\"682\" data-id=\"124296\" src=\"https:\/\/i0.wp.com\/cdn.media-acidadeon.com.br\/ribeiraopreto\/wp-content\/uploads\/sites\/3\/2025\/07\/IMG-20250729-WA0239_2025-07-30_18-35-42-1024x682.webp?resize=1024%2C682&#038;ssl=1\" alt=\"\" class=\"wp-image-124296\" srcset=\"https:\/\/cdn.media-acidadeon.com.br\/ribeiraopreto\/wp-content\/uploads\/sites\/3\/2025\/07\/IMG-20250729-WA0239_2025-07-30_18-35-42-1024x682.webp 1024w, https:\/\/cdn.media-acidadeon.com.br\/ribeiraopreto\/wp-content\/uploads\/sites\/3\/2025\/07\/IMG-20250729-WA0239_2025-07-30_18-35-42-300x200.webp 300w, https:\/\/cdn.media-acidadeon.com.br\/ribeiraopreto\/wp-content\/uploads\/sites\/3\/2025\/07\/IMG-20250729-WA0239_2025-07-30_18-35-42-768x512.webp 768w, https:\/\/cdn.media-acidadeon.com.br\/ribeiraopreto\/wp-content\/uploads\/sites\/3\/2025\/07\/IMG-20250729-WA0239_2025-07-30_18-35-42-696x464.webp 696w, https:\/\/cdn.media-acidadeon.com.br\/ribeiraopreto\/wp-content\/uploads\/sites\/3\/2025\/07\/IMG-20250729-WA0239_2025-07-30_18-35-42-1068x712.webp 1068w, https:\/\/cdn.media-acidadeon.com.br\/ribeiraopreto\/wp-content\/uploads\/sites\/3\/2025\/07\/IMG-20250729-WA0239_2025-07-30_18-35-42.webp 1181w\" sizes=\"auto, (max-width: 1024px) 100vw, 1024px\"\/><\/figure>\n<figure class=\"wp-block-image size-large\"><img data-recalc-dims=\"1\" loading=\"lazy\" decoding=\"async\" width=\"1024\" height=\"682\" data-id=\"124297\" src=\"https:\/\/i0.wp.com\/cdn.media-acidadeon.com.br\/ribeiraopreto\/wp-content\/uploads\/sites\/3\/2025\/07\/IMG-20250729-WA0240_2025-07-30_18-35-42-1024x682.webp?resize=1024%2C682&#038;ssl=1\" alt=\"\" class=\"wp-image-124297\" srcset=\"https:\/\/cdn.media-acidadeon.com.br\/ribeiraopreto\/wp-content\/uploads\/sites\/3\/2025\/07\/IMG-20250729-WA0240_2025-07-30_18-35-42-1024x682.webp 1024w, https:\/\/cdn.media-acidadeon.com.br\/ribeiraopreto\/wp-content\/uploads\/sites\/3\/2025\/07\/IMG-20250729-WA0240_2025-07-30_18-35-42-300x200.webp 300w, https:\/\/cdn.media-acidadeon.com.br\/ribeiraopreto\/wp-content\/uploads\/sites\/3\/2025\/07\/IMG-20250729-WA0240_2025-07-30_18-35-42-768x512.webp 768w, https:\/\/cdn.media-acidadeon.com.br\/ribeiraopreto\/wp-content\/uploads\/sites\/3\/2025\/07\/IMG-20250729-WA0240_2025-07-30_18-35-42-696x464.webp 696w, https:\/\/cdn.media-acidadeon.com.br\/ribeiraopreto\/wp-content\/uploads\/sites\/3\/2025\/07\/IMG-20250729-WA0240_2025-07-30_18-35-42-1068x712.webp 1068w, https:\/\/cdn.media-acidadeon.com.br\/ribeiraopreto\/wp-content\/uploads\/sites\/3\/2025\/07\/IMG-20250729-WA0240_2025-07-30_18-35-42.webp 1181w\" sizes=\"auto, (max-width: 1024px) 100vw, 1024px\"\/><\/figure>\n<\/figure>\n<p>Nesta edi\u00e7\u00e3o, a <strong>Feira do Coletivo re\u00fane 40 marcas autorais de diferentes segmentos<\/strong>. O p\u00fablico tamb\u00e9m poder\u00e1 participar de leitura de tar\u00f4, oficinas de manualidades para adultos e a\u00e7\u00f5es voltadas ao bem-estar animal.<\/p>\n<p>As crian\u00e7as contar\u00e3o com pula-pula, brinquedos infl\u00e1veis, pintura facial, recrea\u00e7\u00e3o e oficinas.<\/p>\n<h3 class=\"wp-block-heading\"><strong>Confira a programa\u00e7\u00e3o<\/strong><\/h3>\n<p><strong>Atra\u00e7\u00f5es musicais:<\/strong><\/p>\n<ul class=\"wp-block-list\">\n<li>15h30 Viol\u00e3o e Voz com Danilo Teoro<\/li>\n<li>\u206018h Isabela Scotton e a Banda Ratlook<\/li>\n<\/ul>\n<p><strong>Ado\u00e7\u00e3o de cachorros:<\/strong><\/p>\n<ul class=\"wp-block-list\">\n<li>16h \u00e0s 19h com Juntos Pela Vida Animal<\/li>\n<\/ul>\n<p><strong>Oficina de Pintura:<\/strong><\/p>\n<ul class=\"wp-block-list\">\n<li>16h \u00e0s 18h com BrincArte<\/li>\n<\/ul>\n<p><strong>Recrea\u00e7\u00e3o Infantil:<\/strong><\/p>\n<ul class=\"wp-block-list\">\n<li>16h \u00e0s 19h30 com Tio Cabelinho<\/li>\n<\/ul>\n<p><strong>Pintura Facial, Pula Pula e Brinqued\u00e3o:<\/strong><\/p>\n<ul class=\"wp-block-list\">\n<li>15h \u00e0s 21h com Divertikos<\/li>\n<\/ul>\n<p><strong>Leitura de Tar\u00f4<\/strong><\/p>\n<ul class=\"wp-block-list\">\n<li>15h \u00e0s 21h com\u00a0Bruno\u00a0Robattini<\/li>\n<\/ul>\n<hr class=\"wp-block-separator has-alpha-channel-opacity\"\/>\n<p>SAIBA MAIS<\/p>\n<p>Festival de cerveja artesanal em Ribeir\u00e3o Preto tem entrada gratuita e atra\u00e7\u00f5es musicais<\/p>\n<h2 class=\"wp-block-heading\"><strong>FIQUE ON<\/strong><\/h2>\n<p>Quer ficar por dentro de tudo que acontece em Ribeir\u00e3o Preto e regi\u00e3o? Ent\u00e3o siga os perfis do\u202facidade on\u202fno\u202f<a href=\"https:\/\/www.instagram.com\/acidadeonribeirao\" target=\"_blank\" rel=\"noreferrer noopener\">Instagram<\/a>\u202fe no\u202f<a href=\"https:\/\/www.facebook.com\/acidadeonribeirao\/\" target=\"_blank\" rel=\"noreferrer noopener\">Facebook<\/a>.<\/p>\n<p>Al\u00e9m disso, voc\u00ea pode receber as principais not\u00edcias diretamente no WhatsApp. Para isso, basta\u00a0<a href=\"https:\/\/chat.whatsapp.com\/BjKQZ9oJwlz8VVT50NuePq\" target=\"_blank\" rel=\"noreferrer noopener\">entrar no grupo clicando aqui<\/a>.<\/p>\n<p>Por fim, se quiser fazer uma den\u00fancia ou sugerir uma reportagem sobre Ribeir\u00e3o Preto e regi\u00e3o, envie uma mensagem pelo WhatsApp: (16) 99117-7802.<\/p>\n<p>VEJA TAMB\u00c9M<\/p>\n<p>Qual o hor\u00e1rio em que celulares s\u00e3o mais furtados?<\/p>\n<p><!-- AI CONTENT END 1 -->\n<\/div>\n<\/div>\n<p><script async src=\"\/\/www.instagram.com\/embed.js\"><\/script><br \/>\n<br \/><br \/>\n<br \/><a href=\"https:\/\/www.acidadeon.com\/ribeiraopreto\/lazer-e-cultura\/ribeirao-preto-recebe-feira-gratuita-com-food-trucks-chope-e-musica-ao-vivo\/\">Source link <\/a><\/p>\n<!-- CONTENT END 1 -->\n","protected":false},"excerpt":{"rendered":"<p>A pra\u00e7a 7 de Setembro, na regi\u00e3o central de Ribeir\u00e3o Preto, recebe neste domingo (3) mais uma edi\u00e7\u00e3o da Feira do Coletivo. O evento come\u00e7a&#8230;<\/p>\n","protected":false},"author":1,"featured_media":74895,"comment_status":"open","ping_status":"open","sticky":false,"template":"","format":"standard","meta":{"advanced_seo_description":"","jetpack_seo_html_title":"","jetpack_seo_noindex":false,"jetpack_post_was_ever_published":false,"_jetpack_newsletter_access":"","_jetpack_dont_email_post_to_subs":false,"_jetpack_newsletter_tier_id":0,"_jetpack_memberships_contains_paywalled_content":false,"_jetpack_memberships_contains_paid_content":false,"footnotes":"","jetpack_publicize_message":"","jetpack_publicize_feature_enabled":true,"jetpack_social_post_already_shared":true,"jetpack_social_options":{"image_generator_settings":{"template":"highway","default_image_id":0,"font":"","enabled":false},"version":2}},"categories":[11],"tags":[],"class_list":["post-74894","post","type-post","status-publish","format-standard","has-post-thumbnail","hentry","category-noticias-de-ribeirao-preto-sp-e-regiao-ismael-colosi"],"jetpack_publicize_connections":[],"jetpack_featured_media_url":"https:\/\/i0.wp.com\/noticiasribeiraopreto.com.br\/wp-content\/uploads\/2025\/07\/IMG-20250729-WA0245_2025-07-30_18-41-17.webp.webp?fit=1143%2C761&ssl=1","jetpack-related-posts":[{"id":61443,"url":"https:\/\/noticiasribeiraopreto.com.br\/index.php\/2024\/12\/12\/feira-com-food-truck-chope-e-musica-ao-vivo-acontece-em-ribeirao-veja-quando\/","url_meta":{"origin":74894,"position":0},"title":"Feira com food truck, chope e m\u00fasica ao vivo acontece em Ribeir\u00e3o; Veja quando","author":"noticiasribeiraopreto.com.br","date":"12 de December de 2024","format":false,"excerpt":"Ribeir\u00e3o Preto recebe neste domingo (15), a edi\u00e7\u00e3o de Natal da Feira do Coletivo na pra\u00e7a 7 de Setembro, regi\u00e3o Central do munic\u00edpio, com entrada gratuita. O evento acontece das 15h \u00e0s 21h e conta com m\u00fasica ao vivo, food trucks, cervejas e chopes artesanais, comidas t\u00edpicas, expositores, oficinas, atividades\u2026","rel":"","context":"In &quot;Not\u00edcias de Ribeir\u00e3o Preto-SP e Regi\u00e3o&quot;","block_context":{"text":"Not\u00edcias de Ribeir\u00e3o Preto-SP e Regi\u00e3o","link":"https:\/\/noticiasribeiraopreto.com.br\/index.php\/category\/noticias-de-ribeirao-preto-sp-e-regiao-ismael-colosi\/"},"img":{"alt_text":"","src":"https:\/\/i0.wp.com\/noticiasribeiraopreto.com.br\/wp-content\/uploads\/2024\/12\/WhatsApp-Image-2024-12-09-at-14.19.58_2024-12-12_18-44-18_jpeg_2024-12-12_18-44-19.webp.webp?fit=1181%2C787&ssl=1&resize=350%2C200","width":350,"height":200,"srcset":"https:\/\/i0.wp.com\/noticiasribeiraopreto.com.br\/wp-content\/uploads\/2024\/12\/WhatsApp-Image-2024-12-09-at-14.19.58_2024-12-12_18-44-18_jpeg_2024-12-12_18-44-19.webp.webp?fit=1181%2C787&ssl=1&resize=350%2C200 1x, https:\/\/i0.wp.com\/noticiasribeiraopreto.com.br\/wp-content\/uploads\/2024\/12\/WhatsApp-Image-2024-12-09-at-14.19.58_2024-12-12_18-44-18_jpeg_2024-12-12_18-44-19.webp.webp?fit=1181%2C787&ssl=1&resize=525%2C300 1.5x, https:\/\/i0.wp.com\/noticiasribeiraopreto.com.br\/wp-content\/uploads\/2024\/12\/WhatsApp-Image-2024-12-09-at-14.19.58_2024-12-12_18-44-18_jpeg_2024-12-12_18-44-19.webp.webp?fit=1181%2C787&ssl=1&resize=700%2C400 2x, https:\/\/i0.wp.com\/noticiasribeiraopreto.com.br\/wp-content\/uploads\/2024\/12\/WhatsApp-Image-2024-12-09-at-14.19.58_2024-12-12_18-44-18_jpeg_2024-12-12_18-44-19.webp.webp?fit=1181%2C787&ssl=1&resize=1050%2C600 3x"},"classes":[]},{"id":65132,"url":"https:\/\/noticiasribeiraopreto.com.br\/index.php\/2025\/03\/16\/feira-gratuita-com-chope-musica-e-food-trucks-celebra-o-dia-da-mulher-em-ribeirao\/","url_meta":{"origin":74894,"position":1},"title":"Feira gratuita com chope, m\u00fasica e food trucks celebra o Dia da Mulher em Ribeir\u00e3o","author":"noticiasribeiraopreto.com.br","date":"16 de March de 2025","format":false,"excerpt":"Neste domingo (16), Ribeir\u00e3o Preto recebe uma nova edi\u00e7\u00e3o da\u00a0Feira do Coletivo\u00a0na pra\u00e7a Sete de Setembro, regi\u00e3o Central do munic\u00edpio. Dessa vez, o evento ser\u00e1 uma edi\u00e7\u00e3o especial do Dia da Mulher. A feira, que acontece das\u00a015h \u00e0s 21h, \u00e9\u00a0gratuita\u00a0e\u00a0aberto ao p\u00fablico. M\u00fasica ao vivo,\u00a0food trucks,\u00a0cervejas e chopes artesanais,\u00a0comidas t\u00edpicas,\u00a0expositores,\u00a0oficinas\u2026","rel":"","context":"In &quot;Not\u00edcias de Ribeir\u00e3o Preto-SP e Regi\u00e3o&quot;","block_context":{"text":"Not\u00edcias de Ribeir\u00e3o Preto-SP e Regi\u00e3o","link":"https:\/\/noticiasribeiraopreto.com.br\/index.php\/category\/noticias-de-ribeirao-preto-sp-e-regiao-ismael-colosi\/"},"img":{"alt_text":"","src":"https:\/\/i0.wp.com\/noticiasribeiraopreto.com.br\/wp-content\/uploads\/2024\/12\/WhatsApp-Image-2024-12-09-at-14.19.58_2024-12-12_18-44-18_jpeg_2024-12-12_18-44-19.webp.webp?fit=1181%2C787&ssl=1&resize=350%2C200","width":350,"height":200,"srcset":"https:\/\/i0.wp.com\/noticiasribeiraopreto.com.br\/wp-content\/uploads\/2024\/12\/WhatsApp-Image-2024-12-09-at-14.19.58_2024-12-12_18-44-18_jpeg_2024-12-12_18-44-19.webp.webp?fit=1181%2C787&ssl=1&resize=350%2C200 1x, https:\/\/i0.wp.com\/noticiasribeiraopreto.com.br\/wp-content\/uploads\/2024\/12\/WhatsApp-Image-2024-12-09-at-14.19.58_2024-12-12_18-44-18_jpeg_2024-12-12_18-44-19.webp.webp?fit=1181%2C787&ssl=1&resize=525%2C300 1.5x, https:\/\/i0.wp.com\/noticiasribeiraopreto.com.br\/wp-content\/uploads\/2024\/12\/WhatsApp-Image-2024-12-09-at-14.19.58_2024-12-12_18-44-18_jpeg_2024-12-12_18-44-19.webp.webp?fit=1181%2C787&ssl=1&resize=700%2C400 2x, https:\/\/i0.wp.com\/noticiasribeiraopreto.com.br\/wp-content\/uploads\/2024\/12\/WhatsApp-Image-2024-12-09-at-14.19.58_2024-12-12_18-44-18_jpeg_2024-12-12_18-44-19.webp.webp?fit=1181%2C787&ssl=1&resize=1050%2C600 3x"},"classes":[]},{"id":63393,"url":"https:\/\/noticiasribeiraopreto.com.br\/index.php\/2025\/02\/12\/feira-gratuita-com-food-truck-chope-e-musica-ao-vivo-acontece-em-ribeirao-saiba-quando\/","url_meta":{"origin":74894,"position":2},"title":"Feira gratuita com food truck, chope e m\u00fasica ao vivo acontece em Ribeir\u00e3o; Saiba quando","author":"noticiasribeiraopreto.com.br","date":"12 de February de 2025","format":false,"excerpt":"Acontece neste final de semana, a primeira edi\u00e7\u00e3o do ano da Feira do Coletivo na pra\u00e7a 7 de Setembro, regi\u00e3o Central do munic\u00edpio, com entrada gratuita. O evento ser\u00e1 realizado no domingo (16), das 15h \u00e0s 21h, e ter\u00e1 m\u00fasica ao vivo, food trucks, cervejas e chopes artesanais, comidas t\u00edpicas,\u2026","rel":"","context":"In &quot;Not\u00edcias de Ribeir\u00e3o Preto-SP e Regi\u00e3o&quot;","block_context":{"text":"Not\u00edcias de Ribeir\u00e3o Preto-SP e Regi\u00e3o","link":"https:\/\/noticiasribeiraopreto.com.br\/index.php\/category\/noticias-de-ribeirao-preto-sp-e-regiao-ismael-colosi\/"},"img":{"alt_text":"","src":"https:\/\/i0.wp.com\/noticiasribeiraopreto.com.br\/wp-content\/uploads\/2025\/02\/Leo-Gallo_Coletivo.jpeg?fit=1143%2C761&ssl=1&resize=350%2C200","width":350,"height":200,"srcset":"https:\/\/i0.wp.com\/noticiasribeiraopreto.com.br\/wp-content\/uploads\/2025\/02\/Leo-Gallo_Coletivo.jpeg?fit=1143%2C761&ssl=1&resize=350%2C200 1x, https:\/\/i0.wp.com\/noticiasribeiraopreto.com.br\/wp-content\/uploads\/2025\/02\/Leo-Gallo_Coletivo.jpeg?fit=1143%2C761&ssl=1&resize=525%2C300 1.5x, https:\/\/i0.wp.com\/noticiasribeiraopreto.com.br\/wp-content\/uploads\/2025\/02\/Leo-Gallo_Coletivo.jpeg?fit=1143%2C761&ssl=1&resize=700%2C400 2x, https:\/\/i0.wp.com\/noticiasribeiraopreto.com.br\/wp-content\/uploads\/2025\/02\/Leo-Gallo_Coletivo.jpeg?fit=1143%2C761&ssl=1&resize=1050%2C600 3x"},"classes":[]},{"id":46408,"url":"https:\/\/noticiasribeiraopreto.com.br\/index.php\/2024\/04\/11\/ribeirao-preto-tem-feira-com-cerveja-artesanal-food-trucks-e-musica-ao-vivo-no-final-de-semana\/","url_meta":{"origin":74894,"position":3},"title":"Ribeir\u00e3o Preto tem feira com cerveja artesanal, food trucks e m\u00fasica ao vivo no final de semana","author":"noticiasribeiraopreto.com.br","date":"11 de April de 2024","format":false,"excerpt":"Ribeir\u00e3o Preto recebe mais uma edi\u00e7\u00e3o da Feira do Coletivo, neste domingo (14), na pra\u00e7a 7 de Setembro, no Centro da cidade. O evento \u00e9 gratuito e aberto ao p\u00fablico. A feira vai acontecer das 15h \u00e0s 21h e conta com cervejas e chopes artesanais, food trucks, expositores, oficinas, feira\u2026","rel":"","context":"In &quot;Not\u00edcias de Ribeir\u00e3o Preto-SP e Regi\u00e3o&quot;","block_context":{"text":"Not\u00edcias de Ribeir\u00e3o Preto-SP e Regi\u00e3o","link":"https:\/\/noticiasribeiraopreto.com.br\/index.php\/category\/noticias-de-ribeirao-preto-sp-e-regiao-ismael-colosi\/"},"img":{"alt_text":"","src":"https:\/\/i0.wp.com\/noticiasribeiraopreto.com.br\/wp-content\/uploads\/2024\/04\/AnyConv.com__WhatsApp-Image-2024-04-09-at-18.23.00-e1712858091814.webp.webp?fit=1050%2C700&ssl=1&resize=350%2C200","width":350,"height":200,"srcset":"https:\/\/i0.wp.com\/noticiasribeiraopreto.com.br\/wp-content\/uploads\/2024\/04\/AnyConv.com__WhatsApp-Image-2024-04-09-at-18.23.00-e1712858091814.webp.webp?fit=1050%2C700&ssl=1&resize=350%2C200 1x, https:\/\/i0.wp.com\/noticiasribeiraopreto.com.br\/wp-content\/uploads\/2024\/04\/AnyConv.com__WhatsApp-Image-2024-04-09-at-18.23.00-e1712858091814.webp.webp?fit=1050%2C700&ssl=1&resize=525%2C300 1.5x, https:\/\/i0.wp.com\/noticiasribeiraopreto.com.br\/wp-content\/uploads\/2024\/04\/AnyConv.com__WhatsApp-Image-2024-04-09-at-18.23.00-e1712858091814.webp.webp?fit=1050%2C700&ssl=1&resize=700%2C400 2x, https:\/\/i0.wp.com\/noticiasribeiraopreto.com.br\/wp-content\/uploads\/2024\/04\/AnyConv.com__WhatsApp-Image-2024-04-09-at-18.23.00-e1712858091814.webp.webp?fit=1050%2C700&ssl=1&resize=1050%2C600 3x"},"classes":[]},{"id":60241,"url":"https:\/\/noticiasribeiraopreto.com.br\/index.php\/2024\/11\/08\/ribeirao-tem-feira-com-cerveja-artesanal-food-trucks-e-musica-ao-vivo-veja-quando\/","url_meta":{"origin":74894,"position":4},"title":"Ribeir\u00e3o tem feira com cerveja artesanal, food trucks e m\u00fasica ao vivo; Veja quando","author":"noticiasribeiraopreto.com.br","date":"8 de November de 2024","format":false,"excerpt":"Ribeir\u00e3o Preto recebe neste domingo (10), uma nova edi\u00e7\u00e3o da Feira do Coletivo na pra\u00e7a Sete de Setembro, regi\u00e3o Central do munic\u00edpio. O evento \u00e9 gratuito e aberto ao p\u00fablico. A feira acontece das 15h \u00e0s 21h e conta com m\u00fasica ao vivo, food trucks, cervejas e chopes artesanais, comidas\u2026","rel":"","context":"In &quot;Not\u00edcias de Ribeir\u00e3o Preto-SP e Regi\u00e3o&quot;","block_context":{"text":"Not\u00edcias de Ribeir\u00e3o Preto-SP e Regi\u00e3o","link":"https:\/\/noticiasribeiraopreto.com.br\/index.php\/category\/noticias-de-ribeirao-preto-sp-e-regiao-ismael-colosi\/"},"img":{"alt_text":"","src":"https:\/\/i0.wp.com\/noticiasribeiraopreto.com.br\/wp-content\/uploads\/2024\/11\/Leo-Gallo_Coletivo.jpeg?fit=1143%2C761&ssl=1&resize=350%2C200","width":350,"height":200,"srcset":"https:\/\/i0.wp.com\/noticiasribeiraopreto.com.br\/wp-content\/uploads\/2024\/11\/Leo-Gallo_Coletivo.jpeg?fit=1143%2C761&ssl=1&resize=350%2C200 1x, https:\/\/i0.wp.com\/noticiasribeiraopreto.com.br\/wp-content\/uploads\/2024\/11\/Leo-Gallo_Coletivo.jpeg?fit=1143%2C761&ssl=1&resize=525%2C300 1.5x, https:\/\/i0.wp.com\/noticiasribeiraopreto.com.br\/wp-content\/uploads\/2024\/11\/Leo-Gallo_Coletivo.jpeg?fit=1143%2C761&ssl=1&resize=700%2C400 2x, https:\/\/i0.wp.com\/noticiasribeiraopreto.com.br\/wp-content\/uploads\/2024\/11\/Leo-Gallo_Coletivo.jpeg?fit=1143%2C761&ssl=1&resize=1050%2C600 3x"},"classes":[]},{"id":46721,"url":"https:\/\/noticiasribeiraopreto.com.br\/index.php\/2024\/04\/13\/feira-com-musica-ao-vivo-cerveja-e-food-trucks-acontece-neste-domingo-em-ribeirao-preto\/","url_meta":{"origin":74894,"position":5},"title":"Feira com m\u00fasica ao vivo, cerveja e food trucks acontece neste domingo em Ribeir\u00e3o Preto","author":"noticiasribeiraopreto.com.br","date":"13 de April de 2024","format":false,"excerpt":"Neste domingo (14) acontece mais uma edi\u00e7\u00e3o da Feira do Coletivo na pra\u00e7a 7 de Setembro, no\u00a0Centro\u00a0de Ribeir\u00e3o Preto. O evento \u00e9 gratuito e aberto ao p\u00fablico. O evento acontece das 15h \u00e0s 21h e conta com cervejas e chopes artesanais, food trucks, expositores, oficinas, feira de ado\u00e7\u00e3o de animais\u2026","rel":"","context":"In &quot;Not\u00edcias de Ribeir\u00e3o Preto-SP e Regi\u00e3o&quot;","block_context":{"text":"Not\u00edcias de Ribeir\u00e3o Preto-SP e Regi\u00e3o","link":"https:\/\/noticiasribeiraopreto.com.br\/index.php\/category\/noticias-de-ribeirao-preto-sp-e-regiao-ismael-colosi\/"},"img":{"alt_text":"","src":"https:\/\/i0.wp.com\/noticiasribeiraopreto.com.br\/wp-content\/uploads\/2024\/04\/WhatsApp-Image-2024-04-09-at-18.23.00-1.webp.webp?fit=1200%2C863&ssl=1&resize=350%2C200","width":350,"height":200,"srcset":"https:\/\/i0.wp.com\/noticiasribeiraopreto.com.br\/wp-content\/uploads\/2024\/04\/WhatsApp-Image-2024-04-09-at-18.23.00-1.webp.webp?fit=1200%2C863&ssl=1&resize=350%2C200 1x, https:\/\/i0.wp.com\/noticiasribeiraopreto.com.br\/wp-content\/uploads\/2024\/04\/WhatsApp-Image-2024-04-09-at-18.23.00-1.webp.webp?fit=1200%2C863&ssl=1&resize=525%2C300 1.5x, https:\/\/i0.wp.com\/noticiasribeiraopreto.com.br\/wp-content\/uploads\/2024\/04\/WhatsApp-Image-2024-04-09-at-18.23.00-1.webp.webp?fit=1200%2C863&ssl=1&resize=700%2C400 2x, https:\/\/i0.wp.com\/noticiasribeiraopreto.com.br\/wp-content\/uploads\/2024\/04\/WhatsApp-Image-2024-04-09-at-18.23.00-1.webp.webp?fit=1200%2C863&ssl=1&resize=1050%2C600 3x"},"classes":[]}],"jetpack_sharing_enabled":true,"jetpack_shortlink":"https:\/\/wp.me\/peQAOb-jtY","_links":{"self":[{"href":"https:\/\/noticiasribeiraopreto.com.br\/index.php\/wp-json\/wp\/v2\/posts\/74894","targetHints":{"allow":["GET"]}}],"collection":[{"href":"https:\/\/noticiasribeiraopreto.com.br\/index.php\/wp-json\/wp\/v2\/posts"}],"about":[{"href":"https:\/\/noticiasribeiraopreto.com.br\/index.php\/wp-json\/wp\/v2\/types\/post"}],"author":[{"embeddable":true,"href":"https:\/\/noticiasribeiraopreto.com.br\/index.php\/wp-json\/wp\/v2\/users\/1"}],"replies":[{"embeddable":true,"href":"https:\/\/noticiasribeiraopreto.com.br\/index.php\/wp-json\/wp\/v2\/comments?post=74894"}],"version-history":[{"count":0,"href":"https:\/\/noticiasribeiraopreto.com.br\/index.php\/wp-json\/wp\/v2\/posts\/74894\/revisions"}],"wp:featuredmedia":[{"embeddable":true,"href":"https:\/\/noticiasribeiraopreto.com.br\/index.php\/wp-json\/wp\/v2\/media\/74895"}],"wp:attachment":[{"href":"https:\/\/noticiasribeiraopreto.com.br\/index.php\/wp-json\/wp\/v2\/media?parent=74894"}],"wp:term":[{"taxonomy":"category","embeddable":true,"href":"https:\/\/noticiasribeiraopreto.com.br\/index.php\/wp-json\/wp\/v2\/categories?post=74894"},{"taxonomy":"post_tag","embeddable":true,"href":"https:\/\/noticiasribeiraopreto.com.br\/index.php\/wp-json\/wp\/v2\/tags?post=74894"}],"curies":[{"name":"wp","href":"https:\/\/api.w.org\/{rel}","templated":true}]}}