{"id":74896,"date":"2025-07-30T18:35:31","date_gmt":"2025-07-30T21:35:31","guid":{"rendered":"https:\/\/noticiasribeiraopreto.com.br\/index.php\/2025\/07\/30\/teatro-municipal-de-ribeirao-preto-recebe-comedia-com-bianca-rinaldi\/"},"modified":"2025-07-30T18:35:31","modified_gmt":"2025-07-30T21:35:31","slug":"teatro-municipal-de-ribeirao-preto-recebe-comedia-com-bianca-rinaldi","status":"publish","type":"post","link":"https:\/\/noticiasribeiraopreto.com.br\/index.php\/2025\/07\/30\/teatro-municipal-de-ribeirao-preto-recebe-comedia-com-bianca-rinaldi\/","title":{"rendered":"Teatro Municipal de Ribeir\u00e3o Preto recebe com\u00e9dia com Bianca Rinaldi"},"content":{"rendered":"<div class='code-block code-block-1' style='margin: 8px 0 8px auto; text-align: right; display: block; clear: both;'>\n<p><a href=\"https:\/\/wa.link\/vpicfd\"><img data-recalc-dims=\"1\" class=\"wp-image-4922\" style=\"aspect-ratio: 2.0253164556962027; width: 561px; height: auto;\" src=\"https:\/\/i0.wp.com\/ismaelcolosi.com.br\/wp-content\/uploads\/2023\/11\/grupo-de-empregos-whatsapp-e-facebook-ismael-colosi-vagas.jpg?ssl=1\" alt=\"\" \/><\/a><\/p>\n<!-- \/wp:image -->\n<\/div>\n<p> <br \/>\n<\/p>\n<div data-td-block-uid=\"tdi_95\">\n<div class=\"tdb-block-inner td-fix-index\">\n<p>O <strong>Teatro Municipal de Ribeir\u00e3o Preto <\/strong>recebe no dia 24 de agosto, \u00e0s 19h, a com\u00e9dia<strong> \u201cCasa, Comida e Alma Lavada\u201d<\/strong>, com <strong>Bianca Rinaldi <\/strong>e <strong>Rodrigo Phavanello<\/strong>. <\/p>\n<p>Os ingressos j\u00e1 est\u00e3o \u00e0 venda e custam a partir de R$ 60 (<a href=\"https:\/\/megabilheteria.com\/evento?id=20250729125230\" data-type=\"link\" data-id=\"https:\/\/megabilheteria.com\/evento?id=20250729125230\" target=\"_blank\" rel=\"noopener\">clique aqui<\/a>).<\/p>\n<h2 class=\"wp-block-heading\"><strong>Sinopse<\/strong><\/h2>\n<p>De Am\u00e9rico Nouman Jr e Ricardo Tibau, a pe\u00e7a tem dire\u00e7\u00e3o de Rog\u00e9rio Fabiano. A com\u00e9dia mergulha no relacionamento do casal T\u00e2nia Mara e Lu\u00eds Alberto ao longo de vinte anos de casamento.<\/p>\n<p>A pe\u00e7a oferece uma perspectiva \u00fanica, alternando entre os pontos de vista feminino e masculino sobre situa\u00e7\u00f5es cotidianas, enquanto satiriza os defeitos e manias de cada um. Dividida em epis\u00f3dios, a hist\u00f3ria come\u00e7a nos tempos de namoro, quando T\u00e2nia Mara fala romanticamente ao telefone com sua amiga sobre o seu namorado.<\/p>\n<p>\u00c0 medida que avan\u00e7a para o casamento, a empolga\u00e7\u00e3o diminui e as conversas revelam uma vis\u00e3o menos entusiasmada sobre o marido. Eventualmente, pequenas peculiaridades como o h\u00e1bito de Lu\u00eds Alberto de usar meias pretas para dormir se tornam motivo de desd\u00e9m por parte de T\u00e2nia Mara.<\/p>\n<p>Com di\u00e1logos separados direcionados \u00e0 plateia, o casal exp\u00f5e os altos e baixos do casamento, convidando o p\u00fablico a se identificar com suas experi\u00eancias. O cl\u00edmax da pe\u00e7a \u00e9 alcan\u00e7ado quando T\u00e2nia Mara e Lu\u00eds Alberto reconhecem os aspectos positivos de sua jornada juntos, revelando a beleza e a import\u00e2ncia de compartilhar a vida com algu\u00e9m por tanto tempo.<\/p>\n<p>SAIBA MAIS<br \/><strong>Cachorro adotado por padre vira \u2018c\u00e3oroinha\u2019 e \u00e9 atra\u00e7\u00e3o em missas no interior de SP<\/strong><\/p>\n<h2 class=\"wp-block-heading\"><strong>FIQUE ON<\/strong><\/h2>\n<p>Fique ligado em tudo que acontece em Ribeir\u00e3o Preto e regi\u00e3o. Siga os perfis do\u00a0<strong>acidade on\u00a0<\/strong>no<a href=\"https:\/\/www.instagram.com\/acidadeonribeirao\" target=\"_blank\" rel=\"noreferrer noopener\">\u00a0Instagram<\/a>\u00a0e no\u00a0<a href=\"https:\/\/www.facebook.com\/acidadeonribeirao\/\" target=\"_blank\" rel=\"noreferrer noopener\">Facebook<\/a>.<\/p>\n<p>Receba not\u00edcias do\u00a0<strong>acidade on<\/strong>\u00a0no WhatsApp.\u00a0<a href=\"https:\/\/chat.whatsapp.com\/BjKQZ9oJwlz8VVT50NuePq\" target=\"_blank\" rel=\"noreferrer noopener\">Para entrar no grupo, basta clicar aqui.<\/a><\/p>\n<p>Fa\u00e7a uma den\u00fancia ou sugira uma reportagem sobre Ribeir\u00e3o Preto e regi\u00e3o pelo WhatsApp: 16 99117 7802.<\/p>\n<p>VEJA TAMB\u00c9M<br \/>Quando \u00e9 a chuva de meteoros Delta Aqu\u00e1ridas?<\/p>\n<p><!-- AI CONTENT END 1 -->\n<\/div>\n<\/div>\n<p><script async src=\"\/\/www.instagram.com\/embed.js\"><\/script><br \/>\n<br \/><br \/>\n<br \/><a href=\"https:\/\/www.acidadeon.com\/ribeiraopreto\/lazer-e-cultura\/teatro-municipal-de-ribeirao-preto-recebe-comedia-com-bianca-rinaldi\/\">Source link <\/a><\/p>\n<!-- CONTENT END 1 -->\n","protected":false},"excerpt":{"rendered":"<p>O Teatro Municipal de Ribeir\u00e3o Preto recebe no dia 24 de agosto, \u00e0s 19h, a com\u00e9dia \u201cCasa, Comida e Alma Lavada\u201d, com Bianca Rinaldi e&#8230;<\/p>\n","protected":false},"author":1,"featured_media":74879,"comment_status":"open","ping_status":"open","sticky":false,"template":"","format":"standard","meta":{"advanced_seo_description":"","jetpack_seo_html_title":"","jetpack_seo_noindex":false,"jetpack_post_was_ever_published":false,"_jetpack_newsletter_access":"","_jetpack_dont_email_post_to_subs":false,"_jetpack_newsletter_tier_id":0,"_jetpack_memberships_contains_paywalled_content":false,"_jetpack_memberships_contains_paid_content":false,"footnotes":"","jetpack_publicize_message":"","jetpack_publicize_feature_enabled":true,"jetpack_social_post_already_shared":true,"jetpack_social_options":{"image_generator_settings":{"template":"highway","default_image_id":0,"font":"","enabled":false},"version":2}},"categories":[11],"tags":[],"class_list":["post-74896","post","type-post","status-publish","format-standard","has-post-thumbnail","hentry","category-noticias-de-ribeirao-preto-sp-e-regiao-ismael-colosi"],"jetpack_publicize_connections":[],"jetpack_featured_media_url":"https:\/\/i0.wp.com\/noticiasribeiraopreto.com.br\/wp-content\/uploads\/2025\/07\/bianca-rinaldi_2025-07-30_17-43-20.webp.webp?fit=1200%2C813&ssl=1","jetpack-related-posts":[{"id":74878,"url":"https:\/\/noticiasribeiraopreto.com.br\/index.php\/2025\/07\/30\/teatro-municipal-de-ribeirao-preto-recebe-a-comedia-com-bianca-rinaldi\/","url_meta":{"origin":74896,"position":0},"title":"Teatro Municipal de Ribeir\u00e3o Preto recebe a com\u00e9dia com Bianca Rinaldi","author":"noticiasribeiraopreto.com.br","date":"30 de July de 2025","format":false,"excerpt":"O Teatro Municipal de Ribeir\u00e3o Preto recebe no dia 24 de agosto, \u00e0s 19h, a com\u00e9dia \u201cCasa, Comida e Alma Lavada\u201d, com Bianca Rinaldi e Rodrigo Phavanello. Os ingressos j\u00e1 est\u00e3o \u00e0 venda e custam a partir de R$ 60 (clique aqui). Sinopse De Am\u00e9rico Nouman Jr e Ricardo Tibau,\u2026","rel":"","context":"In &quot;Not\u00edcias de Ribeir\u00e3o Preto-SP e Regi\u00e3o&quot;","block_context":{"text":"Not\u00edcias de Ribeir\u00e3o Preto-SP e Regi\u00e3o","link":"https:\/\/noticiasribeiraopreto.com.br\/index.php\/category\/noticias-de-ribeirao-preto-sp-e-regiao-ismael-colosi\/"},"img":{"alt_text":"","src":"https:\/\/i0.wp.com\/noticiasribeiraopreto.com.br\/wp-content\/uploads\/2025\/07\/bianca-rinaldi_2025-07-30_17-43-20.webp.webp?fit=1200%2C813&ssl=1&resize=350%2C200","width":350,"height":200,"srcset":"https:\/\/i0.wp.com\/noticiasribeiraopreto.com.br\/wp-content\/uploads\/2025\/07\/bianca-rinaldi_2025-07-30_17-43-20.webp.webp?fit=1200%2C813&ssl=1&resize=350%2C200 1x, https:\/\/i0.wp.com\/noticiasribeiraopreto.com.br\/wp-content\/uploads\/2025\/07\/bianca-rinaldi_2025-07-30_17-43-20.webp.webp?fit=1200%2C813&ssl=1&resize=525%2C300 1.5x, https:\/\/i0.wp.com\/noticiasribeiraopreto.com.br\/wp-content\/uploads\/2025\/07\/bianca-rinaldi_2025-07-30_17-43-20.webp.webp?fit=1200%2C813&ssl=1&resize=700%2C400 2x, https:\/\/i0.wp.com\/noticiasribeiraopreto.com.br\/wp-content\/uploads\/2025\/07\/bianca-rinaldi_2025-07-30_17-43-20.webp.webp?fit=1200%2C813&ssl=1&resize=1050%2C600 3x"},"classes":[]},{"id":75065,"url":"https:\/\/noticiasribeiraopreto.com.br\/index.php\/2025\/08\/02\/comedia-estrelada-por-bianca-rinaldi-e-rodrigo-phavanello-chega-a-ribeirao-preto\/","url_meta":{"origin":74896,"position":1},"title":"Com\u00e9dia estrelada por Bianca Rinaldi e Rodrigo Phavanello chega a Ribeir\u00e3o Preto","author":"noticiasribeiraopreto.com.br","date":"2 de August de 2025","format":false,"excerpt":"Os atores Rodrigo Phavanello e Bianca Rinaldi apresentam a com\u00e9dia teatral \u201cCasa, Comida e Alma Lavada\u201d no Teatro Municipal de Ribeir\u00e3o Preto, no dia 24 de agosto, \u00e0s 19h. Os atores interpretam o casal T\u00e2nia Mara e Lu\u00eds Alberto e oferecem ao publico uma perspectiva \u00fanica, alternando entre os pontos\u2026","rel":"","context":"In &quot;Not\u00edcias de Ribeir\u00e3o Preto-SP e Regi\u00e3o&quot;","block_context":{"text":"Not\u00edcias de Ribeir\u00e3o Preto-SP e Regi\u00e3o","link":"https:\/\/noticiasribeiraopreto.com.br\/index.php\/category\/noticias-de-ribeirao-preto-sp-e-regiao-ismael-colosi\/"},"img":{"alt_text":"","src":"https:\/\/i0.wp.com\/noticiasribeiraopreto.com.br\/wp-content\/uploads\/2025\/08\/7_2025-08-02_16-02-41.webp.webp?fit=1200%2C800&ssl=1&resize=350%2C200","width":350,"height":200,"srcset":"https:\/\/i0.wp.com\/noticiasribeiraopreto.com.br\/wp-content\/uploads\/2025\/08\/7_2025-08-02_16-02-41.webp.webp?fit=1200%2C800&ssl=1&resize=350%2C200 1x, https:\/\/i0.wp.com\/noticiasribeiraopreto.com.br\/wp-content\/uploads\/2025\/08\/7_2025-08-02_16-02-41.webp.webp?fit=1200%2C800&ssl=1&resize=525%2C300 1.5x, https:\/\/i0.wp.com\/noticiasribeiraopreto.com.br\/wp-content\/uploads\/2025\/08\/7_2025-08-02_16-02-41.webp.webp?fit=1200%2C800&ssl=1&resize=700%2C400 2x, https:\/\/i0.wp.com\/noticiasribeiraopreto.com.br\/wp-content\/uploads\/2025\/08\/7_2025-08-02_16-02-41.webp.webp?fit=1200%2C800&ssl=1&resize=1050%2C600 3x"},"classes":[]},{"id":74922,"url":"https:\/\/noticiasribeiraopreto.com.br\/index.php\/2025\/07\/31\/teatro-de-arena-de-ribeirao-preto-recebe-show-da-banda-jovem-dionisio-veja-quando\/","url_meta":{"origin":74896,"position":2},"title":"Teatro de Arena de Ribeir\u00e3o Preto recebe show da banda Jovem Dion\u00edsio; veja quando","author":"noticiasribeiraopreto.com.br","date":"31 de July de 2025","format":false,"excerpt":"O Teatro de Arena de Ribeir\u00e3o Preto recebe no dia 31 de agosto, \u00e0s 18h, a banda curitibana Jovem Dion\u00edsio. A venda dos ingressos come\u00e7am no dia 19 de agosto. O show promovido pelo Sesc Ribeir\u00e3o contar\u00e1 com o repert\u00f3rio do novo disco da banda \u201cOntem eu tinha Certeza (Hoje\u2026","rel":"","context":"In &quot;Not\u00edcias de Ribeir\u00e3o Preto-SP e Regi\u00e3o&quot;","block_context":{"text":"Not\u00edcias de Ribeir\u00e3o Preto-SP e Regi\u00e3o","link":"https:\/\/noticiasribeiraopreto.com.br\/index.php\/category\/noticias-de-ribeirao-preto-sp-e-regiao-ismael-colosi\/"},"img":{"alt_text":"","src":"https:\/\/i0.wp.com\/noticiasribeiraopreto.com.br\/wp-content\/uploads\/2025\/07\/jovem-dionisio-foto-1068x770-1_2025-07-31_13-42-49.webp.webp?fit=1068%2C770&ssl=1&resize=350%2C200","width":350,"height":200,"srcset":"https:\/\/i0.wp.com\/noticiasribeiraopreto.com.br\/wp-content\/uploads\/2025\/07\/jovem-dionisio-foto-1068x770-1_2025-07-31_13-42-49.webp.webp?fit=1068%2C770&ssl=1&resize=350%2C200 1x, https:\/\/i0.wp.com\/noticiasribeiraopreto.com.br\/wp-content\/uploads\/2025\/07\/jovem-dionisio-foto-1068x770-1_2025-07-31_13-42-49.webp.webp?fit=1068%2C770&ssl=1&resize=525%2C300 1.5x, https:\/\/i0.wp.com\/noticiasribeiraopreto.com.br\/wp-content\/uploads\/2025\/07\/jovem-dionisio-foto-1068x770-1_2025-07-31_13-42-49.webp.webp?fit=1068%2C770&ssl=1&resize=700%2C400 2x, https:\/\/i0.wp.com\/noticiasribeiraopreto.com.br\/wp-content\/uploads\/2025\/07\/jovem-dionisio-foto-1068x770-1_2025-07-31_13-42-49.webp.webp?fit=1068%2C770&ssl=1&resize=1050%2C600 3x"},"classes":[]},{"id":74955,"url":"https:\/\/noticiasribeiraopreto.com.br\/index.php\/2025\/07\/31\/teatro-de-arena-de-ribeirao-preto-recebe-show-da-banda-jovem-dionisio-veja-quando-2\/","url_meta":{"origin":74896,"position":3},"title":"Teatro de Arena de Ribeir\u00e3o Preto recebe show da banda Jovem Dion\u00edsio; veja quando","author":"noticiasribeiraopreto.com.br","date":"31 de July de 2025","format":false,"excerpt":"O Teatro de Arena de Ribeir\u00e3o Preto recebe no dia 31 de agosto, \u00e0s 18h, a banda curitibana Jovem Dion\u00edsio. A venda dos ingressos come\u00e7am no dia 19 de agosto. O show promovido pelo Sesc Ribeir\u00e3o contar\u00e1 com o repert\u00f3rio do novo disco da banda \u201cOntem eu tinha Certeza (Hoje\u2026","rel":"","context":"In &quot;Not\u00edcias de Ribeir\u00e3o Preto-SP e Regi\u00e3o&quot;","block_context":{"text":"Not\u00edcias de Ribeir\u00e3o Preto-SP e Regi\u00e3o","link":"https:\/\/noticiasribeiraopreto.com.br\/index.php\/category\/noticias-de-ribeirao-preto-sp-e-regiao-ismael-colosi\/"},"img":{"alt_text":"","src":"https:\/\/i0.wp.com\/noticiasribeiraopreto.com.br\/wp-content\/uploads\/2025\/07\/jovem-dionisio-banda_2025-07-31_15-17-50.webp.webp?fit=1200%2C758&ssl=1&resize=350%2C200","width":350,"height":200,"srcset":"https:\/\/i0.wp.com\/noticiasribeiraopreto.com.br\/wp-content\/uploads\/2025\/07\/jovem-dionisio-banda_2025-07-31_15-17-50.webp.webp?fit=1200%2C758&ssl=1&resize=350%2C200 1x, https:\/\/i0.wp.com\/noticiasribeiraopreto.com.br\/wp-content\/uploads\/2025\/07\/jovem-dionisio-banda_2025-07-31_15-17-50.webp.webp?fit=1200%2C758&ssl=1&resize=525%2C300 1.5x, https:\/\/i0.wp.com\/noticiasribeiraopreto.com.br\/wp-content\/uploads\/2025\/07\/jovem-dionisio-banda_2025-07-31_15-17-50.webp.webp?fit=1200%2C758&ssl=1&resize=700%2C400 2x, https:\/\/i0.wp.com\/noticiasribeiraopreto.com.br\/wp-content\/uploads\/2025\/07\/jovem-dionisio-banda_2025-07-31_15-17-50.webp.webp?fit=1200%2C758&ssl=1&resize=1050%2C600 3x"},"classes":[]},{"id":76237,"url":"https:\/\/noticiasribeiraopreto.com.br\/index.php\/2025\/08\/25\/teatro-municipal-de-ribeirao-recebe-comedia-cha-de-caridade\/","url_meta":{"origin":74896,"position":4},"title":"Teatro Municipal de Ribeir\u00e3o recebe com\u00e9dia &#8216;Ch\u00e1 de Caridade&#8217;","author":"noticiasribeiraopreto.com.br","date":"25 de August de 2025","format":false,"excerpt":"O Teatro Municipal de Ribeir\u00e3o Preto recebe o espet\u00e1culo \u201cCh\u00e1 de Caridade\u201d, uma com\u00e9dia afiada sobre a alta sociedade. A apresenta\u00e7\u00e3o acontece no dia 10 de outubro e os ingressos j\u00e1 podem ser adquiridos on-line \u2013 veja como abaixo. A trama se passa em um evento beneficente organizado por senhoras\u2026","rel":"","context":"In &quot;Not\u00edcias de Ribeir\u00e3o Preto-SP e Regi\u00e3o&quot;","block_context":{"text":"Not\u00edcias de Ribeir\u00e3o Preto-SP e Regi\u00e3o","link":"https:\/\/noticiasribeiraopreto.com.br\/index.php\/category\/noticias-de-ribeirao-preto-sp-e-regiao-ismael-colosi\/"},"img":{"alt_text":"","src":"https:\/\/i0.wp.com\/noticiasribeiraopreto.com.br\/wp-content\/uploads\/2025\/08\/cha-de-caridade-2_2025-08-25_12-09-30.webp.webp?fit=1011%2C833&ssl=1&resize=350%2C200","width":350,"height":200,"srcset":"https:\/\/i0.wp.com\/noticiasribeiraopreto.com.br\/wp-content\/uploads\/2025\/08\/cha-de-caridade-2_2025-08-25_12-09-30.webp.webp?fit=1011%2C833&ssl=1&resize=350%2C200 1x, https:\/\/i0.wp.com\/noticiasribeiraopreto.com.br\/wp-content\/uploads\/2025\/08\/cha-de-caridade-2_2025-08-25_12-09-30.webp.webp?fit=1011%2C833&ssl=1&resize=525%2C300 1.5x, https:\/\/i0.wp.com\/noticiasribeiraopreto.com.br\/wp-content\/uploads\/2025\/08\/cha-de-caridade-2_2025-08-25_12-09-30.webp.webp?fit=1011%2C833&ssl=1&resize=700%2C400 2x"},"classes":[]},{"id":50052,"url":"https:\/\/noticiasribeiraopreto.com.br\/index.php\/2024\/05\/14\/comedia-priscilla-a-rainha-do-sertao-chega-ao-teatro-municipal-de-ribeirao-preto\/","url_meta":{"origin":74896,"position":5},"title":"Com\u00e9dia &#8216;Priscilla, a Rainha do Sert\u00e3o&#8217; chega ao Teatro Municipal de Ribeir\u00e3o Preto","author":"noticiasribeiraopreto.com.br","date":"14 de May de 2024","format":false,"excerpt":"Neste s\u00e1bado (18), o Teatro Municipal de Ribeir\u00e3o Preto recebe a com\u00e9dia \u201cPriscilla, a Rainha do Sert\u00e3o\u201d. Os ingressos podem ser adquiridos online. O espet\u00e1culo mostra quando as drag queens, Chanel Glamour, Teresa, Lylenol e Sheila Monroe embarcam em uma aventura para reencontrar o filho de uma delas no interior\u2026","rel":"","context":"In &quot;Not\u00edcias de Ribeir\u00e3o Preto-SP e Regi\u00e3o&quot;","block_context":{"text":"Not\u00edcias de Ribeir\u00e3o Preto-SP e Regi\u00e3o","link":"https:\/\/noticiasribeiraopreto.com.br\/index.php\/category\/noticias-de-ribeirao-preto-sp-e-regiao-ismael-colosi\/"},"img":{"alt_text":"","src":"https:\/\/i0.wp.com\/noticiasribeiraopreto.com.br\/wp-content\/uploads\/2024\/05\/Copia-de-Copia-de-TAMANHO-EXATO-PARA-FOTOS-NO-SISTEMA-NOVO_2024-05-14_13-51-05_jpg_2024-05-14_13-51-06.webp.webp?fit=1200%2C675&ssl=1&resize=350%2C200","width":350,"height":200,"srcset":"https:\/\/i0.wp.com\/noticiasribeiraopreto.com.br\/wp-content\/uploads\/2024\/05\/Copia-de-Copia-de-TAMANHO-EXATO-PARA-FOTOS-NO-SISTEMA-NOVO_2024-05-14_13-51-05_jpg_2024-05-14_13-51-06.webp.webp?fit=1200%2C675&ssl=1&resize=350%2C200 1x, https:\/\/i0.wp.com\/noticiasribeiraopreto.com.br\/wp-content\/uploads\/2024\/05\/Copia-de-Copia-de-TAMANHO-EXATO-PARA-FOTOS-NO-SISTEMA-NOVO_2024-05-14_13-51-05_jpg_2024-05-14_13-51-06.webp.webp?fit=1200%2C675&ssl=1&resize=525%2C300 1.5x, https:\/\/i0.wp.com\/noticiasribeiraopreto.com.br\/wp-content\/uploads\/2024\/05\/Copia-de-Copia-de-TAMANHO-EXATO-PARA-FOTOS-NO-SISTEMA-NOVO_2024-05-14_13-51-05_jpg_2024-05-14_13-51-06.webp.webp?fit=1200%2C675&ssl=1&resize=700%2C400 2x, https:\/\/i0.wp.com\/noticiasribeiraopreto.com.br\/wp-content\/uploads\/2024\/05\/Copia-de-Copia-de-TAMANHO-EXATO-PARA-FOTOS-NO-SISTEMA-NOVO_2024-05-14_13-51-05_jpg_2024-05-14_13-51-06.webp.webp?fit=1200%2C675&ssl=1&resize=1050%2C600 3x"},"classes":[]}],"jetpack_sharing_enabled":true,"jetpack_shortlink":"https:\/\/wp.me\/peQAOb-ju0","_links":{"self":[{"href":"https:\/\/noticiasribeiraopreto.com.br\/index.php\/wp-json\/wp\/v2\/posts\/74896","targetHints":{"allow":["GET"]}}],"collection":[{"href":"https:\/\/noticiasribeiraopreto.com.br\/index.php\/wp-json\/wp\/v2\/posts"}],"about":[{"href":"https:\/\/noticiasribeiraopreto.com.br\/index.php\/wp-json\/wp\/v2\/types\/post"}],"author":[{"embeddable":true,"href":"https:\/\/noticiasribeiraopreto.com.br\/index.php\/wp-json\/wp\/v2\/users\/1"}],"replies":[{"embeddable":true,"href":"https:\/\/noticiasribeiraopreto.com.br\/index.php\/wp-json\/wp\/v2\/comments?post=74896"}],"version-history":[{"count":0,"href":"https:\/\/noticiasribeiraopreto.com.br\/index.php\/wp-json\/wp\/v2\/posts\/74896\/revisions"}],"wp:featuredmedia":[{"embeddable":true,"href":"https:\/\/noticiasribeiraopreto.com.br\/index.php\/wp-json\/wp\/v2\/media\/74879"}],"wp:attachment":[{"href":"https:\/\/noticiasribeiraopreto.com.br\/index.php\/wp-json\/wp\/v2\/media?parent=74896"}],"wp:term":[{"taxonomy":"category","embeddable":true,"href":"https:\/\/noticiasribeiraopreto.com.br\/index.php\/wp-json\/wp\/v2\/categories?post=74896"},{"taxonomy":"post_tag","embeddable":true,"href":"https:\/\/noticiasribeiraopreto.com.br\/index.php\/wp-json\/wp\/v2\/tags?post=74896"}],"curies":[{"name":"wp","href":"https:\/\/api.w.org\/{rel}","templated":true}]}}